{"id":4339,"date":"2025-06-30T13:13:00","date_gmt":"2025-06-30T19:13:00","guid":{"rendered":"https:\/\/azturismo.net\/?p=4339"},"modified":"2025-06-29T23:25:41","modified_gmt":"2025-06-30T05:25:41","slug":"catedral-de-saltillo-brilla-con-nueva-iluminacion-led","status":"publish","type":"post","link":"https:\/\/azturismo.net\/?p=4339","title":{"rendered":"Catedral de Saltillo brilla con nueva iluminaci\u00f3n LED"},"content":{"rendered":"\n<p>Por Staff AzTurismo <\/p>\n\n\n\n<p>La Catedral de Santiago Ap\u00f3stol, una de las m\u00e1s emblem\u00e1ticas del norte del pa\u00eds, renace con una nueva iluminaci\u00f3n arquitect\u00f3nica basada en tecnolog\u00eda LED, que realza su belleza barroca y neocl\u00e1sica sin alterar su valor hist\u00f3rico. <\/p>\n\n\n\n<p>Esta intervenci\u00f3n forma parte del programa \u201cM\u00e9xico brilla\u201d de Iberdrola M\u00e9xico y fue posible gracias al esfuerzo conjunto del INAH, el Gobierno de Coahuila, el Ayuntamiento de Saltillo y la Di\u00f3cesis local.<\/p>\n\n\n<div class=\"wp-block-image\">\n<figure class=\"alignright size-full\"><img data-recalc-dims=\"1\" loading=\"lazy\" decoding=\"async\" width=\"608\" height=\"811\" data-attachment-id=\"4344\" data-permalink=\"https:\/\/azturismo.net\/?attachment_id=4344\" data-orig-file=\"https:\/\/i0.wp.com\/azturismo.net\/wp-content\/uploads\/2025\/06\/PSX_20250629_230045.jpg?fit=608%2C811&amp;ssl=1\" data-orig-size=\"608,811\" data-comments-opened=\"1\" data-image-meta=\"{&quot;aperture&quot;:&quot;0&quot;,&quot;credit&quot;:&quot;&quot;,&quot;camera&quot;:&quot;&quot;,&quot;caption&quot;:&quot;&quot;,&quot;created_timestamp&quot;:&quot;0&quot;,&quot;copyright&quot;:&quot;&quot;,&quot;focal_length&quot;:&quot;0&quot;,&quot;iso&quot;:&quot;0&quot;,&quot;shutter_speed&quot;:&quot;0&quot;,&quot;title&quot;:&quot;&quot;,&quot;orientation&quot;:&quot;0&quot;}\" data-image-title=\"PSX_20250629_230045\" data-image-description=\"\" data-image-caption=\"\" data-large-file=\"https:\/\/i0.wp.com\/azturismo.net\/wp-content\/uploads\/2025\/06\/PSX_20250629_230045.jpg?fit=608%2C811&amp;ssl=1\" src=\"https:\/\/i0.wp.com\/azturismo.net\/wp-content\/uploads\/2025\/06\/PSX_20250629_230045.jpg?resize=608%2C811&#038;ssl=1\" alt=\"\" class=\"wp-image-4344\" srcset=\"https:\/\/i0.wp.com\/azturismo.net\/wp-content\/uploads\/2025\/06\/PSX_20250629_230045.jpg?w=608&amp;ssl=1 608w, https:\/\/i0.wp.com\/azturismo.net\/wp-content\/uploads\/2025\/06\/PSX_20250629_230045.jpg?resize=225%2C300&amp;ssl=1 225w, https:\/\/i0.wp.com\/azturismo.net\/wp-content\/uploads\/2025\/06\/PSX_20250629_230045.jpg?resize=150%2C200&amp;ssl=1 150w, https:\/\/i0.wp.com\/azturismo.net\/wp-content\/uploads\/2025\/06\/PSX_20250629_230045.jpg?resize=300%2C400&amp;ssl=1 300w\" sizes=\"auto, (max-width: 608px) 100vw, 608px\" \/><\/figure><\/div>\n\n\n<p>La instalaci\u00f3n del sistema lum\u00ednico, actualmente en fase de pruebas, tendr\u00e1 su <strong>estreno oficial el pr\u00f3ximo 21 de agosto de 2025 a las 20:00 horas<\/strong>, en el marco de las festividades dedicadas al Santo Cristo, una de las im\u00e1genes m\u00e1s veneradas por la comunidad.<\/p>\n\n\n\n<h2 class=\"wp-block-heading\">Tecnolog\u00eda sustentable que respeta el patrimonio<\/h2>\n\n\n\n<p>La nueva iluminaci\u00f3n emplea m\u00e1s de 60 luminarias LED de tono c\u00e1lido, con filtros que permiten una proyecci\u00f3n sutil y uniforme sobre el edificio hist\u00f3rico. Este sistema reduce el consumo el\u00e9ctrico en un 55% y cuenta con una garant\u00eda de 15 a\u00f1os, lo que representa una soluci\u00f3n sostenible ante los altos costos de energ\u00eda que motivaron la suspensi\u00f3n del sistema anterior.<\/p>\n\n\n\n<p>El <strong>Centro INAH Coahuila<\/strong>, a trav\u00e9s de sus especialistas en monumentos hist\u00f3ricos, supervis\u00f3 que la instalaci\u00f3n respetara las directrices de la <strong>Carta de Taxco (2009)<\/strong>, que establece normas para la conservaci\u00f3n e intervenci\u00f3n responsable en patrimonio arquitect\u00f3nico. La instalaci\u00f3n evit\u00f3 perforaciones o da\u00f1os a la estructura original, aprovechando puntos de anclaje existentes y elementos perimetrales.<\/p>\n\n\n<div class=\"wp-block-image\">\n<figure class=\"aligncenter size-full is-resized\" style=\"max-width:1456px\"><img data-recalc-dims=\"1\" loading=\"lazy\" decoding=\"async\" width=\"600\" height=\"800\" data-attachment-id=\"4346\" data-permalink=\"https:\/\/azturismo.net\/?attachment_id=4346\" data-orig-file=\"https:\/\/i0.wp.com\/azturismo.net\/wp-content\/uploads\/2025\/06\/PSX_20250629_225903.jpg?fit=600%2C800&amp;ssl=1\" data-orig-size=\"600,800\" data-comments-opened=\"1\" data-image-meta=\"{&quot;aperture&quot;:&quot;0&quot;,&quot;credit&quot;:&quot;&quot;,&quot;camera&quot;:&quot;&quot;,&quot;caption&quot;:&quot;&quot;,&quot;created_timestamp&quot;:&quot;0&quot;,&quot;copyright&quot;:&quot;&quot;,&quot;focal_length&quot;:&quot;0&quot;,&quot;iso&quot;:&quot;0&quot;,&quot;shutter_speed&quot;:&quot;0&quot;,&quot;title&quot;:&quot;&quot;,&quot;orientation&quot;:&quot;0&quot;}\" data-image-title=\"PSX_20250629_225903\" data-image-description=\"\" data-image-caption=\"\" data-large-file=\"https:\/\/i0.wp.com\/azturismo.net\/wp-content\/uploads\/2025\/06\/PSX_20250629_225903.jpg?fit=600%2C800&amp;ssl=1\" src=\"https:\/\/i0.wp.com\/azturismo.net\/wp-content\/uploads\/2025\/06\/PSX_20250629_225903.jpg?resize=600%2C800&#038;ssl=1\" alt=\"\" class=\"wp-image-4346\" style=\"width:247px;height:auto\" srcset=\"https:\/\/i0.wp.com\/azturismo.net\/wp-content\/uploads\/2025\/06\/PSX_20250629_225903.jpg?w=600&amp;ssl=1 600w, https:\/\/i0.wp.com\/azturismo.net\/wp-content\/uploads\/2025\/06\/PSX_20250629_225903.jpg?resize=225%2C300&amp;ssl=1 225w, https:\/\/i0.wp.com\/azturismo.net\/wp-content\/uploads\/2025\/06\/PSX_20250629_225903.jpg?resize=150%2C200&amp;ssl=1 150w, https:\/\/i0.wp.com\/azturismo.net\/wp-content\/uploads\/2025\/06\/PSX_20250629_225903.jpg?resize=300%2C400&amp;ssl=1 300w\" sizes=\"auto, (max-width: 600px) 100vw, 600px\" \/><\/figure><\/div>\n\n\n<blockquote class=\"wp-block-quote is-layout-flow wp-block-quote-is-layout-flow\">\n<p>\u201cParece como si el edificio flotara sobre su mismo espacio\u201d, se\u00f1al\u00f3 Francisco Aguilar Moreno, director del Centro INAH Coahuila, al describir el efecto visual logrado durante las pruebas nocturnas.<\/p>\n<\/blockquote>\n\n\n\n<h2 class=\"wp-block-heading\">Un monumento que resplandece en el norte del pa\u00eds<\/h2>\n\n\n\n<p>Con <strong>77 metros de altura<\/strong>, la Catedral de Santiago Ap\u00f3stol es la <strong>segunda m\u00e1s alta de M\u00e9xico<\/strong> y una joya arquitect\u00f3nica construida entre 1745 y 1897. Su imponente fachada de cantera, columnas salom\u00f3nicas y retablos interiores, son ahora m\u00e1s visibles y apreciables durante la noche, gracias a este nuevo sistema de iluminaci\u00f3n exterior que respeta su entorno hist\u00f3rico y su valor simb\u00f3lico para la comunidad.<\/p>\n\n\n\n<p>Este proyecto se convierte en un referente de c\u00f3mo la tecnolog\u00eda y la preservaci\u00f3n del patrimonio pueden convivir arm\u00f3nicamente para enriquecer el turismo cultural y embellecer los centros hist\u00f3ricos del pa\u00eds.<\/p>\n\n\n\n<p><\/p>\n","protected":false},"excerpt":{"rendered":"<p>Por Staff AzTurismo La Catedral de Santiago Ap\u00f3stol, una de las m\u00e1s emblem\u00e1ticas del norte del pa\u00eds, renace con una nueva iluminaci\u00f3n arquitect\u00f3nica basada en tecnolog\u00eda LED, que realza su belleza barroca y neocl\u00e1sica sin alterar su valor hist\u00f3rico. Esta intervenci\u00f3n forma parte del programa \u201cM\u00e9xico brilla\u201d de Iberdrola M\u00e9xico y fue posible gracias al [&hellip;]<\/p>\n","protected":false},"author":1,"featured_media":4340,"comment_status":"open","ping_status":"open","sticky":false,"template":"","format":"standard","meta":{"jetpack_post_was_ever_published":false,"_jetpack_newsletter_access":"","_jetpack_dont_email_post_to_subs":false,"_jetpack_newsletter_tier_id":0,"_jetpack_memberships_contains_paywalled_content":false,"_jetpack_memberships_contains_paid_content":false,"footnotes":"","jetpack_publicize_message":"","jetpack_publicize_feature_enabled":true,"jetpack_social_post_already_shared":true,"jetpack_social_options":{"image_generator_settings":{"template":"highway","default_image_id":0,"font":"","enabled":false},"version":2}},"categories":[25],"tags":[99,1845,1847,1846,39,77],"class_list":{"0":"post-4339","1":"post","2":"type-post","3":"status-publish","4":"format-standard","5":"has-post-thumbnail","7":"category-notitar","8":"tag-azturismo","9":"tag-catedral-de-santiago-apostol","10":"tag-coahuila","11":"tag-saltillo","12":"tag-turismo","13":"tag-turismo-religioso"},"yoast_head":"<!-- This site is optimized with the Yoast SEO plugin v27.5 - https:\/\/yoast.com\/product\/yoast-seo-wordpress\/ -->\n<title>Catedral de Saltillo brilla con nueva iluminaci\u00f3n LED - Azturismo Noticias<\/title>\n<meta name=\"description\" content=\"La Catedral de Santiago Ap\u00f3stol, una de las m\u00e1s emblem\u00e1ticas del norte del pa\u00eds, renace con una nueva iluminaci\u00f3n arquitect\u00f3nica basada en tecnolog\u00eda LED, que realza su belleza barroca y neocl\u00e1sica sin alterar su valor hist\u00f3rico.\" \/>\n<meta name=\"robots\" content=\"index, follow, max-snippet:-1, max-image-preview:large, max-video-preview:-1\" \/>\n<link rel=\"canonical\" href=\"https:\/\/azturismo.net\/?p=4339\" \/>\n<meta property=\"og:locale\" content=\"es_MX\" \/>\n<meta property=\"og:type\" content=\"article\" \/>\n<meta property=\"og:title\" content=\"Catedral de Saltillo brilla con nueva iluminaci\u00f3n LED - Azturismo Noticias\" \/>\n<meta property=\"og:description\" content=\"La Catedral de Santiago Ap\u00f3stol, una de las m\u00e1s emblem\u00e1ticas del norte del pa\u00eds, renace con una nueva iluminaci\u00f3n arquitect\u00f3nica basada en tecnolog\u00eda LED, que realza su belleza barroca y neocl\u00e1sica sin alterar su valor hist\u00f3rico.\" \/>\n<meta property=\"og:url\" content=\"https:\/\/azturismo.net\/?p=4339\" \/>\n<meta property=\"og:site_name\" content=\"Azturismo Noticias\" \/>\n<meta property=\"article:publisher\" content=\"https:\/\/www.facebook.com\/AzturismoNoticias\" \/>\n<meta property=\"article:published_time\" content=\"2025-06-30T19:13:00+00:00\" \/>\n<meta property=\"og:image\" content=\"https:\/\/i0.wp.com\/azturismo.net\/wp-content\/uploads\/2025\/06\/PSX_20250629_230137.jpg?fit=600%2C750&ssl=1\" \/>\n\t<meta property=\"og:image:width\" content=\"600\" \/>\n\t<meta property=\"og:image:height\" content=\"750\" \/>\n\t<meta property=\"og:image:type\" content=\"image\/jpeg\" \/>\n<meta name=\"author\" content=\"Azturismo\" \/>\n<meta name=\"twitter:card\" content=\"summary_large_image\" \/>\n<meta name=\"twitter:creator\" content=\"@AzTurismo\" \/>\n<meta name=\"twitter:site\" content=\"@AzTurismo\" \/>\n<meta name=\"twitter:label1\" content=\"Escrito por\" \/>\n\t<meta name=\"twitter:data1\" content=\"Azturismo\" \/>\n\t<meta name=\"twitter:label2\" content=\"Tiempo de lectura\" \/>\n\t<meta name=\"twitter:data2\" content=\"3 minutos\" \/>\n<script type=\"application\/ld+json\" class=\"yoast-schema-graph\">{\"@context\":\"https:\\\/\\\/schema.org\",\"@graph\":[{\"@type\":\"Article\",\"@id\":\"https:\\\/\\\/azturismo.net\\\/?p=4339#article\",\"isPartOf\":{\"@id\":\"https:\\\/\\\/azturismo.net\\\/?p=4339\"},\"author\":{\"name\":\"Azturismo\",\"@id\":\"https:\\\/\\\/azturismo.net\\\/#\\\/schema\\\/person\\\/4b56d87f51c4d1b518c650739ad3bbc1\"},\"headline\":\"Catedral de Saltillo brilla con nueva iluminaci\u00f3n LED\",\"datePublished\":\"2025-06-30T19:13:00+00:00\",\"mainEntityOfPage\":{\"@id\":\"https:\\\/\\\/azturismo.net\\\/?p=4339\"},\"wordCount\":425,\"commentCount\":0,\"publisher\":{\"@id\":\"https:\\\/\\\/azturismo.net\\\/#organization\"},\"image\":{\"@id\":\"https:\\\/\\\/azturismo.net\\\/?p=4339#primaryimage\"},\"thumbnailUrl\":\"https:\\\/\\\/i0.wp.com\\\/azturismo.net\\\/wp-content\\\/uploads\\\/2025\\\/06\\\/PSX_20250629_230137.jpg?fit=600%2C750&ssl=1\",\"keywords\":[\"azturismo\",\"Catedral de Santiago Ap\u00f3stol\",\"Coahuila\",\"Saltillo\",\"Turismo\",\"turismo religioso\"],\"articleSection\":[\"NOTITUR\"],\"inLanguage\":\"es\",\"potentialAction\":[{\"@type\":\"CommentAction\",\"name\":\"Comment\",\"target\":[\"https:\\\/\\\/azturismo.net\\\/?p=4339#respond\"]}]},{\"@type\":\"WebPage\",\"@id\":\"https:\\\/\\\/azturismo.net\\\/?p=4339\",\"url\":\"https:\\\/\\\/azturismo.net\\\/?p=4339\",\"name\":\"Catedral de Saltillo brilla con nueva iluminaci\u00f3n LED - Azturismo Noticias\",\"isPartOf\":{\"@id\":\"https:\\\/\\\/azturismo.net\\\/#website\"},\"primaryImageOfPage\":{\"@id\":\"https:\\\/\\\/azturismo.net\\\/?p=4339#primaryimage\"},\"image\":{\"@id\":\"https:\\\/\\\/azturismo.net\\\/?p=4339#primaryimage\"},\"thumbnailUrl\":\"https:\\\/\\\/i0.wp.com\\\/azturismo.net\\\/wp-content\\\/uploads\\\/2025\\\/06\\\/PSX_20250629_230137.jpg?fit=600%2C750&ssl=1\",\"datePublished\":\"2025-06-30T19:13:00+00:00\",\"description\":\"La Catedral de Santiago Ap\u00f3stol, una de las m\u00e1s emblem\u00e1ticas del norte del pa\u00eds, renace con una nueva iluminaci\u00f3n arquitect\u00f3nica basada en tecnolog\u00eda LED, que realza su belleza barroca y neocl\u00e1sica sin alterar su valor hist\u00f3rico.\",\"breadcrumb\":{\"@id\":\"https:\\\/\\\/azturismo.net\\\/?p=4339#breadcrumb\"},\"inLanguage\":\"es\",\"potentialAction\":[{\"@type\":\"ReadAction\",\"target\":[\"https:\\\/\\\/azturismo.net\\\/?p=4339\"]}]},{\"@type\":\"ImageObject\",\"inLanguage\":\"es\",\"@id\":\"https:\\\/\\\/azturismo.net\\\/?p=4339#primaryimage\",\"url\":\"https:\\\/\\\/i0.wp.com\\\/azturismo.net\\\/wp-content\\\/uploads\\\/2025\\\/06\\\/PSX_20250629_230137.jpg?fit=600%2C750&ssl=1\",\"contentUrl\":\"https:\\\/\\\/i0.wp.com\\\/azturismo.net\\\/wp-content\\\/uploads\\\/2025\\\/06\\\/PSX_20250629_230137.jpg?fit=600%2C750&ssl=1\",\"width\":600,\"height\":750},{\"@type\":\"BreadcrumbList\",\"@id\":\"https:\\\/\\\/azturismo.net\\\/?p=4339#breadcrumb\",\"itemListElement\":[{\"@type\":\"ListItem\",\"position\":1,\"name\":\"Home\",\"item\":\"https:\\\/\\\/azturismo.net\\\/\"},{\"@type\":\"ListItem\",\"position\":2,\"name\":\"Catedral de Saltillo brilla con nueva iluminaci\u00f3n LED\"}]},{\"@type\":\"WebSite\",\"@id\":\"https:\\\/\\\/azturismo.net\\\/#website\",\"url\":\"https:\\\/\\\/azturismo.net\\\/\",\"name\":\"Azturismo\",\"description\":\"Azturismo Noticias\",\"publisher\":{\"@id\":\"https:\\\/\\\/azturismo.net\\\/#organization\"},\"potentialAction\":[{\"@type\":\"SearchAction\",\"target\":{\"@type\":\"EntryPoint\",\"urlTemplate\":\"https:\\\/\\\/azturismo.net\\\/?s={search_term_string}\"},\"query-input\":{\"@type\":\"PropertyValueSpecification\",\"valueRequired\":true,\"valueName\":\"search_term_string\"}}],\"inLanguage\":\"es\"},{\"@type\":\"Organization\",\"@id\":\"https:\\\/\\\/azturismo.net\\\/#organization\",\"name\":\"Azturismo\",\"url\":\"https:\\\/\\\/azturismo.net\\\/\",\"logo\":{\"@type\":\"ImageObject\",\"inLanguage\":\"es\",\"@id\":\"https:\\\/\\\/azturismo.net\\\/#\\\/schema\\\/logo\\\/image\\\/\",\"url\":\"https:\\\/\\\/i0.wp.com\\\/azturismo.net\\\/wp-content\\\/uploads\\\/2024\\\/03\\\/logo-el-bueno-.png?fit=294%2C69&ssl=1\",\"contentUrl\":\"https:\\\/\\\/i0.wp.com\\\/azturismo.net\\\/wp-content\\\/uploads\\\/2024\\\/03\\\/logo-el-bueno-.png?fit=294%2C69&ssl=1\",\"width\":294,\"height\":69,\"caption\":\"Azturismo\"},\"image\":{\"@id\":\"https:\\\/\\\/azturismo.net\\\/#\\\/schema\\\/logo\\\/image\\\/\"},\"sameAs\":[\"https:\\\/\\\/www.facebook.com\\\/AzturismoNoticias\",\"https:\\\/\\\/x.com\\\/AzTurismo\",\"https:\\\/\\\/www.instagram.com\\\/azturismo_noticias\\\/?fbclid=IwAR2xMiuoHbs6eLeIHKP8P5sSGa-xFrw7FfejscXO7kDghWa7wKLjGczKOwE\",\"https:\\\/\\\/www.tiktok.com\\\/@azturismo\"]},{\"@type\":\"Person\",\"@id\":\"https:\\\/\\\/azturismo.net\\\/#\\\/schema\\\/person\\\/4b56d87f51c4d1b518c650739ad3bbc1\",\"name\":\"Azturismo\",\"image\":{\"@type\":\"ImageObject\",\"inLanguage\":\"es\",\"@id\":\"https:\\\/\\\/azturismo.net\\\/wp-content\\\/litespeed\\\/avatar\\\/dfe28a31cdd68b788da48a316e50db10.jpg?ver=1777707566\",\"url\":\"https:\\\/\\\/azturismo.net\\\/wp-content\\\/litespeed\\\/avatar\\\/dfe28a31cdd68b788da48a316e50db10.jpg?ver=1777707566\",\"contentUrl\":\"https:\\\/\\\/azturismo.net\\\/wp-content\\\/litespeed\\\/avatar\\\/dfe28a31cdd68b788da48a316e50db10.jpg?ver=1777707566\",\"caption\":\"Azturismo\"},\"sameAs\":[\"https:\\\/\\\/azturismo.net\"],\"url\":\"https:\\\/\\\/azturismo.net\\\/?author=1\"}]}<\/script>\n<!-- \/ Yoast SEO plugin. -->","yoast_head_json":{"title":"Catedral de Saltillo brilla con nueva iluminaci\u00f3n LED - Azturismo Noticias","description":"La Catedral de Santiago Ap\u00f3stol, una de las m\u00e1s emblem\u00e1ticas del norte del pa\u00eds, renace con una nueva iluminaci\u00f3n arquitect\u00f3nica basada en tecnolog\u00eda LED, que realza su belleza barroca y neocl\u00e1sica sin alterar su valor hist\u00f3rico.","robots":{"index":"index","follow":"follow","max-snippet":"max-snippet:-1","max-image-preview":"max-image-preview:large","max-video-preview":"max-video-preview:-1"},"canonical":"https:\/\/azturismo.net\/?p=4339","og_locale":"es_MX","og_type":"article","og_title":"Catedral de Saltillo brilla con nueva iluminaci\u00f3n LED - Azturismo Noticias","og_description":"La Catedral de Santiago Ap\u00f3stol, una de las m\u00e1s emblem\u00e1ticas del norte del pa\u00eds, renace con una nueva iluminaci\u00f3n arquitect\u00f3nica basada en tecnolog\u00eda LED, que realza su belleza barroca y neocl\u00e1sica sin alterar su valor hist\u00f3rico.","og_url":"https:\/\/azturismo.net\/?p=4339","og_site_name":"Azturismo Noticias","article_publisher":"https:\/\/www.facebook.com\/AzturismoNoticias","article_published_time":"2025-06-30T19:13:00+00:00","og_image":[{"width":600,"height":750,"url":"https:\/\/i0.wp.com\/azturismo.net\/wp-content\/uploads\/2025\/06\/PSX_20250629_230137.jpg?fit=600%2C750&ssl=1","type":"image\/jpeg"}],"author":"Azturismo","twitter_card":"summary_large_image","twitter_creator":"@AzTurismo","twitter_site":"@AzTurismo","twitter_misc":{"Escrito por":"Azturismo","Tiempo de lectura":"3 minutos"},"schema":{"@context":"https:\/\/schema.org","@graph":[{"@type":"Article","@id":"https:\/\/azturismo.net\/?p=4339#article","isPartOf":{"@id":"https:\/\/azturismo.net\/?p=4339"},"author":{"name":"Azturismo","@id":"https:\/\/azturismo.net\/#\/schema\/person\/4b56d87f51c4d1b518c650739ad3bbc1"},"headline":"Catedral de Saltillo brilla con nueva iluminaci\u00f3n LED","datePublished":"2025-06-30T19:13:00+00:00","mainEntityOfPage":{"@id":"https:\/\/azturismo.net\/?p=4339"},"wordCount":425,"commentCount":0,"publisher":{"@id":"https:\/\/azturismo.net\/#organization"},"image":{"@id":"https:\/\/azturismo.net\/?p=4339#primaryimage"},"thumbnailUrl":"https:\/\/i0.wp.com\/azturismo.net\/wp-content\/uploads\/2025\/06\/PSX_20250629_230137.jpg?fit=600%2C750&ssl=1","keywords":["azturismo","Catedral de Santiago Ap\u00f3stol","Coahuila","Saltillo","Turismo","turismo religioso"],"articleSection":["NOTITUR"],"inLanguage":"es","potentialAction":[{"@type":"CommentAction","name":"Comment","target":["https:\/\/azturismo.net\/?p=4339#respond"]}]},{"@type":"WebPage","@id":"https:\/\/azturismo.net\/?p=4339","url":"https:\/\/azturismo.net\/?p=4339","name":"Catedral de Saltillo brilla con nueva iluminaci\u00f3n LED - Azturismo Noticias","isPartOf":{"@id":"https:\/\/azturismo.net\/#website"},"primaryImageOfPage":{"@id":"https:\/\/azturismo.net\/?p=4339#primaryimage"},"image":{"@id":"https:\/\/azturismo.net\/?p=4339#primaryimage"},"thumbnailUrl":"https:\/\/i0.wp.com\/azturismo.net\/wp-content\/uploads\/2025\/06\/PSX_20250629_230137.jpg?fit=600%2C750&ssl=1","datePublished":"2025-06-30T19:13:00+00:00","description":"La Catedral de Santiago Ap\u00f3stol, una de las m\u00e1s emblem\u00e1ticas del norte del pa\u00eds, renace con una nueva iluminaci\u00f3n arquitect\u00f3nica basada en tecnolog\u00eda LED, que realza su belleza barroca y neocl\u00e1sica sin alterar su valor hist\u00f3rico.","breadcrumb":{"@id":"https:\/\/azturismo.net\/?p=4339#breadcrumb"},"inLanguage":"es","potentialAction":[{"@type":"ReadAction","target":["https:\/\/azturismo.net\/?p=4339"]}]},{"@type":"ImageObject","inLanguage":"es","@id":"https:\/\/azturismo.net\/?p=4339#primaryimage","url":"https:\/\/i0.wp.com\/azturismo.net\/wp-content\/uploads\/2025\/06\/PSX_20250629_230137.jpg?fit=600%2C750&ssl=1","contentUrl":"https:\/\/i0.wp.com\/azturismo.net\/wp-content\/uploads\/2025\/06\/PSX_20250629_230137.jpg?fit=600%2C750&ssl=1","width":600,"height":750},{"@type":"BreadcrumbList","@id":"https:\/\/azturismo.net\/?p=4339#breadcrumb","itemListElement":[{"@type":"ListItem","position":1,"name":"Home","item":"https:\/\/azturismo.net\/"},{"@type":"ListItem","position":2,"name":"Catedral de Saltillo brilla con nueva iluminaci\u00f3n LED"}]},{"@type":"WebSite","@id":"https:\/\/azturismo.net\/#website","url":"https:\/\/azturismo.net\/","name":"Azturismo","description":"Azturismo Noticias","publisher":{"@id":"https:\/\/azturismo.net\/#organization"},"potentialAction":[{"@type":"SearchAction","target":{"@type":"EntryPoint","urlTemplate":"https:\/\/azturismo.net\/?s={search_term_string}"},"query-input":{"@type":"PropertyValueSpecification","valueRequired":true,"valueName":"search_term_string"}}],"inLanguage":"es"},{"@type":"Organization","@id":"https:\/\/azturismo.net\/#organization","name":"Azturismo","url":"https:\/\/azturismo.net\/","logo":{"@type":"ImageObject","inLanguage":"es","@id":"https:\/\/azturismo.net\/#\/schema\/logo\/image\/","url":"https:\/\/i0.wp.com\/azturismo.net\/wp-content\/uploads\/2024\/03\/logo-el-bueno-.png?fit=294%2C69&ssl=1","contentUrl":"https:\/\/i0.wp.com\/azturismo.net\/wp-content\/uploads\/2024\/03\/logo-el-bueno-.png?fit=294%2C69&ssl=1","width":294,"height":69,"caption":"Azturismo"},"image":{"@id":"https:\/\/azturismo.net\/#\/schema\/logo\/image\/"},"sameAs":["https:\/\/www.facebook.com\/AzturismoNoticias","https:\/\/x.com\/AzTurismo","https:\/\/www.instagram.com\/azturismo_noticias\/?fbclid=IwAR2xMiuoHbs6eLeIHKP8P5sSGa-xFrw7FfejscXO7kDghWa7wKLjGczKOwE","https:\/\/www.tiktok.com\/@azturismo"]},{"@type":"Person","@id":"https:\/\/azturismo.net\/#\/schema\/person\/4b56d87f51c4d1b518c650739ad3bbc1","name":"Azturismo","image":{"@type":"ImageObject","inLanguage":"es","@id":"https:\/\/azturismo.net\/wp-content\/litespeed\/avatar\/dfe28a31cdd68b788da48a316e50db10.jpg?ver=1777707566","url":"https:\/\/azturismo.net\/wp-content\/litespeed\/avatar\/dfe28a31cdd68b788da48a316e50db10.jpg?ver=1777707566","contentUrl":"https:\/\/azturismo.net\/wp-content\/litespeed\/avatar\/dfe28a31cdd68b788da48a316e50db10.jpg?ver=1777707566","caption":"Azturismo"},"sameAs":["https:\/\/azturismo.net"],"url":"https:\/\/azturismo.net\/?author=1"}]}},"jetpack_publicize_connections":[],"jetpack_featured_media_url":"https:\/\/i0.wp.com\/azturismo.net\/wp-content\/uploads\/2025\/06\/PSX_20250629_230137.jpg?fit=600%2C750&ssl=1","jetpack_sharing_enabled":true,"jetpack-related-posts":[{"id":3149,"url":"https:\/\/azturismo.net\/?p=3149","url_meta":{"origin":4339,"position":0},"title":"Avanza Plan Ferroviario de M\u00e9xico","author":"Azturismo","date":"febrero 25, 2025","format":false,"excerpt":"Por Staff AzTurismo El Gobierno de M\u00e9xico sigue avanzando en la modernizaci\u00f3n del transporte ferroviario con la construcci\u00f3n de nuevas rutas de trenes de pasajeros. El titular de la Agencia Reguladora del Transporte Ferroviario (ARTF), Andr\u00e9s Lajous Loaeza, anunci\u00f3 que la ruta AIFA-Pachuca ser\u00e1 el primer proyecto en arrancar obras\u2026","rel":"","context":"En &quot;Destacadas&quot;","block_context":{"text":"Destacadas","link":"https:\/\/azturismo.net\/?cat=30"},"img":{"alt_text":"","src":"https:\/\/i0.wp.com\/azturismo.net\/wp-content\/uploads\/2025\/02\/PSX_20250225_122436.jpg?fit=600%2C395&ssl=1&resize=350%2C200","width":350,"height":200,"srcset":"https:\/\/i0.wp.com\/azturismo.net\/wp-content\/uploads\/2025\/02\/PSX_20250225_122436.jpg?fit=600%2C395&ssl=1&resize=350%2C200 1x, https:\/\/i0.wp.com\/azturismo.net\/wp-content\/uploads\/2025\/02\/PSX_20250225_122436.jpg?fit=600%2C395&ssl=1&resize=525%2C300 1.5x"},"classes":[]},{"id":3182,"url":"https:\/\/azturismo.net\/?p=3182","url_meta":{"origin":4339,"position":1},"title":"Carnaval de Mazatl\u00e1n, \u00a1un espect\u00e1culo inigualable y seguridad garantizada!","author":"Azturismo","date":"febrero 27, 2025","format":false,"excerpt":"Por Staff AzTurismo Mazatl\u00e1n, Sinaloa - El Carnaval de Mazatl\u00e1n 2025 promete ser uno de los m\u00e1s espectaculares y exitosos de los \u00faltimos a\u00f1os, gracias a su impresionante elenco art\u00edstico internacional y una agenda repleta de eventos que cautivar\u00e1n a miles de visitantes de todo M\u00e9xico. El Carnaval, que se\u2026","rel":"","context":"En &quot;Destacadas&quot;","block_context":{"text":"Destacadas","link":"https:\/\/azturismo.net\/?cat=30"},"img":{"alt_text":"","src":"https:\/\/i0.wp.com\/azturismo.net\/wp-content\/uploads\/2025\/02\/carnaval-2.jpg?fit=600%2C337&ssl=1&resize=350%2C200","width":350,"height":200,"srcset":"https:\/\/i0.wp.com\/azturismo.net\/wp-content\/uploads\/2025\/02\/carnaval-2.jpg?fit=600%2C337&ssl=1&resize=350%2C200 1x, https:\/\/i0.wp.com\/azturismo.net\/wp-content\/uploads\/2025\/02\/carnaval-2.jpg?fit=600%2C337&ssl=1&resize=525%2C300 1.5x"},"classes":[]},{"id":3736,"url":"https:\/\/azturismo.net\/?p=3736","url_meta":{"origin":4339,"position":2},"title":"Concretan en Tianguis Tur\u00edstico 35 nuevas rutas a\u00e9reas","author":"Azturismo","date":"mayo 2, 2025","format":false,"excerpt":"El Tianguis Tur\u00edstico M\u00e9xico 2025, fue el escenario para concretar la incorporaci\u00f3n de 35 nuevas rutas a\u00e9reas que potenciar\u00e1n el turismo receptivo y facilitar\u00e1n la movilidad de viajeros desde y hacia m\u00faltiples destinos. La secretaria de Turismo del Gobierno de M\u00e9xico, Josefina Rodr\u00edguez Zamora, manifest\u00f3 que \"la conectividad a\u00e9rea es\u2026","rel":"","context":"En &quot;Destacadas&quot;","block_context":{"text":"Destacadas","link":"https:\/\/azturismo.net\/?cat=30"},"img":{"alt_text":"","src":"https:\/\/i0.wp.com\/azturismo.net\/wp-content\/uploads\/2025\/05\/sectur-aeromexico-tianguis02.jpg?fit=600%2C399&ssl=1&resize=350%2C200","width":350,"height":200,"srcset":"https:\/\/i0.wp.com\/azturismo.net\/wp-content\/uploads\/2025\/05\/sectur-aeromexico-tianguis02.jpg?fit=600%2C399&ssl=1&resize=350%2C200 1x, https:\/\/i0.wp.com\/azturismo.net\/wp-content\/uploads\/2025\/05\/sectur-aeromexico-tianguis02.jpg?fit=600%2C399&ssl=1&resize=525%2C300 1.5x"},"classes":[]},{"id":3163,"url":"https:\/\/azturismo.net\/?p=3163","url_meta":{"origin":4339,"position":3},"title":"\u00bfSabes cu\u00e1les son las 5 propiedades religiosas m\u00e1s caras en M\u00e9xico?","author":"Azturismo","date":"febrero 26, 2025","format":false,"excerpt":"Por Staff AzTurismo M\u00e9xico, un pa\u00eds profundamente influenciado por su herencia religiosa, cuenta con un vasto patrimonio inmobiliario de uso religioso. De acuerdo con datos del Sistema de Inventario del Patrimonio Inmobiliario Federal y Paraestatal del INDAABIN, hasta 2023 existen 67,587 inmuebles de uso religioso, lo que representa el 61%\u2026","rel":"","context":"En &quot;Destacadas&quot;","block_context":{"text":"Destacadas","link":"https:\/\/azturismo.net\/?cat=30"},"img":{"alt_text":"","src":"https:\/\/i0.wp.com\/azturismo.net\/wp-content\/uploads\/2025\/02\/1.jpeg?fit=600%2C400&ssl=1&resize=350%2C200","width":350,"height":200,"srcset":"https:\/\/i0.wp.com\/azturismo.net\/wp-content\/uploads\/2025\/02\/1.jpeg?fit=600%2C400&ssl=1&resize=350%2C200 1x, https:\/\/i0.wp.com\/azturismo.net\/wp-content\/uploads\/2025\/02\/1.jpeg?fit=600%2C400&ssl=1&resize=525%2C300 1.5x"},"classes":[]},{"id":3620,"url":"https:\/\/azturismo.net\/?p=3620","url_meta":{"origin":4339,"position":4},"title":"Semana Santa en Morelos: tradici\u00f3n, naturaleza y gastronom\u00eda en el coraz\u00f3n de M\u00e9xico","author":"Azturismo","date":"abril 14, 2025","format":false,"excerpt":"Por Staff AzTurismo Morelos, la primavera de M\u00e9xico, te invita a vivir una Semana Santa inolvidable, llena de espiritualidad, cultura, paisajes naturales y sabores \u00fanicos. A trav\u00e9s de la Secretar\u00eda de Turismo, el Gobierno del Estado extiende una cordial invitaci\u00f3n a turistas locales, nacionales e internacionales para disfrutar de este\u2026","rel":"","context":"En &quot;Destacadas&quot;","block_context":{"text":"Destacadas","link":"https:\/\/azturismo.net\/?cat=30"},"img":{"alt_text":"","src":"https:\/\/i0.wp.com\/azturismo.net\/wp-content\/uploads\/2025\/04\/PSX_20250414_143132.jpg?fit=600%2C400&ssl=1&resize=350%2C200","width":350,"height":200,"srcset":"https:\/\/i0.wp.com\/azturismo.net\/wp-content\/uploads\/2025\/04\/PSX_20250414_143132.jpg?fit=600%2C400&ssl=1&resize=350%2C200 1x, https:\/\/i0.wp.com\/azturismo.net\/wp-content\/uploads\/2025\/04\/PSX_20250414_143132.jpg?fit=600%2C400&ssl=1&resize=525%2C300 1.5x"},"classes":[]},{"id":6669,"url":"https:\/\/azturismo.net\/?p=6669","url_meta":{"origin":4339,"position":5},"title":"Chihuahua y TAR M\u00e9xico conectan con nuevas rutas a\u00e9reas a Torre\u00f3n, Mazatl\u00e1n y La Paz","author":"Azturismo","date":"diciembre 1, 2025","format":false,"excerpt":"Por Staff AzTurismo En un movimiento estrat\u00e9gico para potenciar la conectividad a\u00e9rea en el norte de M\u00e9xico, el gobierno del estado de Chihuahua, a trav\u00e9s de su Secretar\u00eda de Turismo, y TAR M\u00e9xico anunciaron de manera oficial el lanzamiento de tres nuevas rutas a\u00e9reas y un significativo incremento en la\u2026","rel":"","context":"En &quot;Destacadas&quot;","block_context":{"text":"Destacadas","link":"https:\/\/azturismo.net\/?cat=30"},"img":{"alt_text":"","src":"https:\/\/i0.wp.com\/azturismo.net\/wp-content\/uploads\/2025\/12\/TAR-Chihuahua.png?fit=600%2C364&ssl=1&resize=350%2C200","width":350,"height":200,"srcset":"https:\/\/i0.wp.com\/azturismo.net\/wp-content\/uploads\/2025\/12\/TAR-Chihuahua.png?fit=600%2C364&ssl=1&resize=350%2C200 1x, https:\/\/i0.wp.com\/azturismo.net\/wp-content\/uploads\/2025\/12\/TAR-Chihuahua.png?fit=600%2C364&ssl=1&resize=525%2C300 1.5x"},"classes":[]}],"jetpack_shortlink":"https:\/\/wp.me\/pfqZGx-17Z","amp_enabled":true,"_links":{"self":[{"href":"https:\/\/azturismo.net\/index.php?rest_route=\/wp\/v2\/posts\/4339","targetHints":{"allow":["GET"]}}],"collection":[{"href":"https:\/\/azturismo.net\/index.php?rest_route=\/wp\/v2\/posts"}],"about":[{"href":"https:\/\/azturismo.net\/index.php?rest_route=\/wp\/v2\/types\/post"}],"author":[{"embeddable":true,"href":"https:\/\/azturismo.net\/index.php?rest_route=\/wp\/v2\/users\/1"}],"replies":[{"embeddable":true,"href":"https:\/\/azturismo.net\/index.php?rest_route=%2Fwp%2Fv2%2Fcomments&post=4339"}],"version-history":[{"count":4,"href":"https:\/\/azturismo.net\/index.php?rest_route=\/wp\/v2\/posts\/4339\/revisions"}],"predecessor-version":[{"id":4348,"href":"https:\/\/azturismo.net\/index.php?rest_route=\/wp\/v2\/posts\/4339\/revisions\/4348"}],"wp:featuredmedia":[{"embeddable":true,"href":"https:\/\/azturismo.net\/index.php?rest_route=\/wp\/v2\/media\/4340"}],"wp:attachment":[{"href":"https:\/\/azturismo.net\/index.php?rest_route=%2Fwp%2Fv2%2Fmedia&parent=4339"}],"wp:term":[{"taxonomy":"category","embeddable":true,"href":"https:\/\/azturismo.net\/index.php?rest_route=%2Fwp%2Fv2%2Fcategories&post=4339"},{"taxonomy":"post_tag","embeddable":true,"href":"https:\/\/azturismo.net\/index.php?rest_route=%2Fwp%2Fv2%2Ftags&post=4339"}],"curies":[{"name":"wp","href":"https:\/\/api.w.org\/{rel}","templated":true}]}}