{"id":4332,"date":"2025-06-30T10:10:00","date_gmt":"2025-06-30T16:10:00","guid":{"rendered":"https:\/\/azturismo.net\/?p=4332"},"modified":"2025-06-29T22:55:02","modified_gmt":"2025-06-30T04:55:02","slug":"cierre-temporal-de-zonas-arqueologicas-del-sur-de-quintana-roo","status":"publish","type":"post","link":"https:\/\/azturismo.net\/?p=4332","title":{"rendered":"Cierre temporal de zonas arqueol\u00f3gicas del sur de Quintana Roo"},"content":{"rendered":"\n<p style=\"margin-bottom:-65px\">Por Staff AzTurismo <br><br>El Instituto Nacional de Antropolog\u00eda e Historia (INAH) informa que a partir de este s\u00e1bado 28 de junio de 2025 y hasta nuevo aviso, como medida de protecci\u00f3n civil, permanecer\u00e1n cerradas al p\u00fablico las zonas arqueol\u00f3gicas de Ichkabal, Oxtankah, Kohunlich y Dzibanch\u00e9-Kinichn\u00e1.<\/p>\n\n\n\n<p><br>Se invita a la poblaci\u00f3n y al turismo a seguir las redes sociales y plataformas oficiales del Centro INAH Quintana Roo, donde se informar\u00e1 la reapertura de cada uno de los mencionados sitios patrimoniales, cuando las condiciones sean adecuadas para el acceso y la visita p\u00fablica.<\/p>\n\n\n\n<p><a href=\"https:\/\/www.inah.gob.mx\/\" target=\"_blank\" rel=\"noreferrer noopener\">inah.gob.mx<\/a><\/p>\n","protected":false},"excerpt":{"rendered":"<p>Por Staff AzTurismo El Instituto Nacional de Antropolog\u00eda e Historia (INAH) informa que a partir de este s\u00e1bado 28 de junio de 2025 y hasta nuevo aviso, como medida de protecci\u00f3n civil, permanecer\u00e1n cerradas al p\u00fablico las zonas arqueol\u00f3gicas de Ichkabal, Oxtankah, Kohunlich y Dzibanch\u00e9-Kinichn\u00e1. Se invita a la poblaci\u00f3n y al turismo a seguir [&hellip;]<\/p>\n","protected":false},"author":1,"featured_media":4334,"comment_status":"open","ping_status":"open","sticky":false,"template":"","format":"standard","meta":{"jetpack_post_was_ever_published":false,"_jetpack_newsletter_access":"","_jetpack_dont_email_post_to_subs":false,"_jetpack_newsletter_tier_id":0,"_jetpack_memberships_contains_paywalled_content":false,"_jetpack_memberships_contains_paid_content":false,"footnotes":"","jetpack_publicize_message":"","jetpack_publicize_feature_enabled":true,"jetpack_social_post_already_shared":true,"jetpack_social_options":{"image_generator_settings":{"template":"highway","default_image_id":0,"font":"","enabled":false},"version":2}},"categories":[25],"tags":[99,1842,192,1844,1843,620,38,311],"class_list":{"0":"post-4332","1":"post","2":"type-post","3":"status-publish","4":"format-standard","5":"has-post-thumbnail","7":"category-notitar","8":"tag-azturismo","9":"tag-ichkabal","10":"tag-inah","11":"tag-kohunlich-y-dzibanche-kinichna","12":"tag-oxtankah","13":"tag-quintana-roo","14":"tag-viajes","15":"tag-zonas-arqueologicas"},"yoast_head":"<!-- This site is optimized with the Yoast SEO plugin v27.5 - https:\/\/yoast.com\/product\/yoast-seo-wordpress\/ -->\n<title>Cierre temporal de zonas arqueol\u00f3gicas del sur de Quintana Roo - Azturismo Noticias<\/title>\n<meta name=\"description\" content=\"El Instituto Nacional de Antropolog\u00eda e Historia (INAH) informa que a partir de este s\u00e1bado 28 de junio de 2025 y hasta nuevo aviso, como medida de protecci\u00f3n civil, permanecer\u00e1n cerradas al p\u00fablico las zonas arqueol\u00f3gicas de Ichkabal, Oxtankah, Kohunlich y Dzibanch\u00e9-Kinichn\u00e1.\" \/>\n<meta name=\"robots\" content=\"index, follow, max-snippet:-1, max-image-preview:large, max-video-preview:-1\" \/>\n<link rel=\"canonical\" href=\"https:\/\/azturismo.net\/?p=4332\" \/>\n<meta property=\"og:locale\" content=\"es_MX\" \/>\n<meta property=\"og:type\" content=\"article\" \/>\n<meta property=\"og:title\" content=\"Cierre temporal de zonas arqueol\u00f3gicas del sur de Quintana Roo - Azturismo Noticias\" \/>\n<meta property=\"og:description\" content=\"El Instituto Nacional de Antropolog\u00eda e Historia (INAH) informa que a partir de este s\u00e1bado 28 de junio de 2025 y hasta nuevo aviso, como medida de protecci\u00f3n civil, permanecer\u00e1n cerradas al p\u00fablico las zonas arqueol\u00f3gicas de Ichkabal, Oxtankah, Kohunlich y Dzibanch\u00e9-Kinichn\u00e1.\" \/>\n<meta property=\"og:url\" content=\"https:\/\/azturismo.net\/?p=4332\" \/>\n<meta property=\"og:site_name\" content=\"Azturismo Noticias\" \/>\n<meta property=\"article:publisher\" content=\"https:\/\/www.facebook.com\/AzturismoNoticias\" \/>\n<meta property=\"article:published_time\" content=\"2025-06-30T16:10:00+00:00\" \/>\n<meta property=\"og:image\" content=\"https:\/\/i0.wp.com\/azturismo.net\/wp-content\/uploads\/2025\/06\/PSX_20250629_224409.jpg?fit=600%2C450&ssl=1\" \/>\n\t<meta property=\"og:image:width\" content=\"600\" \/>\n\t<meta property=\"og:image:height\" content=\"450\" \/>\n\t<meta property=\"og:image:type\" content=\"image\/jpeg\" \/>\n<meta name=\"author\" content=\"Azturismo\" \/>\n<meta name=\"twitter:card\" content=\"summary_large_image\" \/>\n<meta name=\"twitter:creator\" content=\"@AzTurismo\" \/>\n<meta name=\"twitter:site\" content=\"@AzTurismo\" \/>\n<meta name=\"twitter:label1\" content=\"Escrito por\" \/>\n\t<meta name=\"twitter:data1\" content=\"Azturismo\" \/>\n\t<meta name=\"twitter:label2\" content=\"Tiempo de lectura\" \/>\n\t<meta name=\"twitter:data2\" content=\"1 minuto\" \/>\n<script type=\"application\/ld+json\" class=\"yoast-schema-graph\">{\"@context\":\"https:\\\/\\\/schema.org\",\"@graph\":[{\"@type\":\"Article\",\"@id\":\"https:\\\/\\\/azturismo.net\\\/?p=4332#article\",\"isPartOf\":{\"@id\":\"https:\\\/\\\/azturismo.net\\\/?p=4332\"},\"author\":{\"name\":\"Azturismo\",\"@id\":\"https:\\\/\\\/azturismo.net\\\/#\\\/schema\\\/person\\\/4b56d87f51c4d1b518c650739ad3bbc1\"},\"headline\":\"Cierre temporal de zonas arqueol\u00f3gicas del sur de Quintana Roo\",\"datePublished\":\"2025-06-30T16:10:00+00:00\",\"mainEntityOfPage\":{\"@id\":\"https:\\\/\\\/azturismo.net\\\/?p=4332\"},\"wordCount\":112,\"commentCount\":0,\"publisher\":{\"@id\":\"https:\\\/\\\/azturismo.net\\\/#organization\"},\"image\":{\"@id\":\"https:\\\/\\\/azturismo.net\\\/?p=4332#primaryimage\"},\"thumbnailUrl\":\"https:\\\/\\\/i0.wp.com\\\/azturismo.net\\\/wp-content\\\/uploads\\\/2025\\\/06\\\/PSX_20250629_224409.jpg?fit=600%2C450&ssl=1\",\"keywords\":[\"azturismo\",\"Ichkabal\",\"INAH\",\"Kohunlich y Dzibanch\u00e9-Kinichn\u00e1\",\"Oxtankah\",\"Quintana Roo\",\"Viajes\",\"zonas arqueol\u00f3gicas\"],\"articleSection\":[\"NOTITUR\"],\"inLanguage\":\"es\",\"potentialAction\":[{\"@type\":\"CommentAction\",\"name\":\"Comment\",\"target\":[\"https:\\\/\\\/azturismo.net\\\/?p=4332#respond\"]}]},{\"@type\":\"WebPage\",\"@id\":\"https:\\\/\\\/azturismo.net\\\/?p=4332\",\"url\":\"https:\\\/\\\/azturismo.net\\\/?p=4332\",\"name\":\"Cierre temporal de zonas arqueol\u00f3gicas del sur de Quintana Roo - Azturismo Noticias\",\"isPartOf\":{\"@id\":\"https:\\\/\\\/azturismo.net\\\/#website\"},\"primaryImageOfPage\":{\"@id\":\"https:\\\/\\\/azturismo.net\\\/?p=4332#primaryimage\"},\"image\":{\"@id\":\"https:\\\/\\\/azturismo.net\\\/?p=4332#primaryimage\"},\"thumbnailUrl\":\"https:\\\/\\\/i0.wp.com\\\/azturismo.net\\\/wp-content\\\/uploads\\\/2025\\\/06\\\/PSX_20250629_224409.jpg?fit=600%2C450&ssl=1\",\"datePublished\":\"2025-06-30T16:10:00+00:00\",\"description\":\"El Instituto Nacional de Antropolog\u00eda e Historia (INAH) informa que a partir de este s\u00e1bado 28 de junio de 2025 y hasta nuevo aviso, como medida de protecci\u00f3n civil, permanecer\u00e1n cerradas al p\u00fablico las zonas arqueol\u00f3gicas de Ichkabal, Oxtankah, Kohunlich y Dzibanch\u00e9-Kinichn\u00e1.\",\"breadcrumb\":{\"@id\":\"https:\\\/\\\/azturismo.net\\\/?p=4332#breadcrumb\"},\"inLanguage\":\"es\",\"potentialAction\":[{\"@type\":\"ReadAction\",\"target\":[\"https:\\\/\\\/azturismo.net\\\/?p=4332\"]}]},{\"@type\":\"ImageObject\",\"inLanguage\":\"es\",\"@id\":\"https:\\\/\\\/azturismo.net\\\/?p=4332#primaryimage\",\"url\":\"https:\\\/\\\/i0.wp.com\\\/azturismo.net\\\/wp-content\\\/uploads\\\/2025\\\/06\\\/PSX_20250629_224409.jpg?fit=600%2C450&ssl=1\",\"contentUrl\":\"https:\\\/\\\/i0.wp.com\\\/azturismo.net\\\/wp-content\\\/uploads\\\/2025\\\/06\\\/PSX_20250629_224409.jpg?fit=600%2C450&ssl=1\",\"width\":600,\"height\":450},{\"@type\":\"BreadcrumbList\",\"@id\":\"https:\\\/\\\/azturismo.net\\\/?p=4332#breadcrumb\",\"itemListElement\":[{\"@type\":\"ListItem\",\"position\":1,\"name\":\"Home\",\"item\":\"https:\\\/\\\/azturismo.net\\\/\"},{\"@type\":\"ListItem\",\"position\":2,\"name\":\"Cierre temporal de zonas arqueol\u00f3gicas del sur de Quintana Roo\"}]},{\"@type\":\"WebSite\",\"@id\":\"https:\\\/\\\/azturismo.net\\\/#website\",\"url\":\"https:\\\/\\\/azturismo.net\\\/\",\"name\":\"Azturismo\",\"description\":\"Azturismo Noticias\",\"publisher\":{\"@id\":\"https:\\\/\\\/azturismo.net\\\/#organization\"},\"potentialAction\":[{\"@type\":\"SearchAction\",\"target\":{\"@type\":\"EntryPoint\",\"urlTemplate\":\"https:\\\/\\\/azturismo.net\\\/?s={search_term_string}\"},\"query-input\":{\"@type\":\"PropertyValueSpecification\",\"valueRequired\":true,\"valueName\":\"search_term_string\"}}],\"inLanguage\":\"es\"},{\"@type\":\"Organization\",\"@id\":\"https:\\\/\\\/azturismo.net\\\/#organization\",\"name\":\"Azturismo\",\"url\":\"https:\\\/\\\/azturismo.net\\\/\",\"logo\":{\"@type\":\"ImageObject\",\"inLanguage\":\"es\",\"@id\":\"https:\\\/\\\/azturismo.net\\\/#\\\/schema\\\/logo\\\/image\\\/\",\"url\":\"https:\\\/\\\/i0.wp.com\\\/azturismo.net\\\/wp-content\\\/uploads\\\/2024\\\/03\\\/logo-el-bueno-.png?fit=294%2C69&ssl=1\",\"contentUrl\":\"https:\\\/\\\/i0.wp.com\\\/azturismo.net\\\/wp-content\\\/uploads\\\/2024\\\/03\\\/logo-el-bueno-.png?fit=294%2C69&ssl=1\",\"width\":294,\"height\":69,\"caption\":\"Azturismo\"},\"image\":{\"@id\":\"https:\\\/\\\/azturismo.net\\\/#\\\/schema\\\/logo\\\/image\\\/\"},\"sameAs\":[\"https:\\\/\\\/www.facebook.com\\\/AzturismoNoticias\",\"https:\\\/\\\/x.com\\\/AzTurismo\",\"https:\\\/\\\/www.instagram.com\\\/azturismo_noticias\\\/?fbclid=IwAR2xMiuoHbs6eLeIHKP8P5sSGa-xFrw7FfejscXO7kDghWa7wKLjGczKOwE\",\"https:\\\/\\\/www.tiktok.com\\\/@azturismo\"]},{\"@type\":\"Person\",\"@id\":\"https:\\\/\\\/azturismo.net\\\/#\\\/schema\\\/person\\\/4b56d87f51c4d1b518c650739ad3bbc1\",\"name\":\"Azturismo\",\"image\":{\"@type\":\"ImageObject\",\"inLanguage\":\"es\",\"@id\":\"https:\\\/\\\/azturismo.net\\\/wp-content\\\/litespeed\\\/avatar\\\/dfe28a31cdd68b788da48a316e50db10.jpg?ver=1777707566\",\"url\":\"https:\\\/\\\/azturismo.net\\\/wp-content\\\/litespeed\\\/avatar\\\/dfe28a31cdd68b788da48a316e50db10.jpg?ver=1777707566\",\"contentUrl\":\"https:\\\/\\\/azturismo.net\\\/wp-content\\\/litespeed\\\/avatar\\\/dfe28a31cdd68b788da48a316e50db10.jpg?ver=1777707566\",\"caption\":\"Azturismo\"},\"sameAs\":[\"https:\\\/\\\/azturismo.net\"],\"url\":\"https:\\\/\\\/azturismo.net\\\/?author=1\"}]}<\/script>\n<!-- \/ Yoast SEO plugin. -->","yoast_head_json":{"title":"Cierre temporal de zonas arqueol\u00f3gicas del sur de Quintana Roo - Azturismo Noticias","description":"El Instituto Nacional de Antropolog\u00eda e Historia (INAH) informa que a partir de este s\u00e1bado 28 de junio de 2025 y hasta nuevo aviso, como medida de protecci\u00f3n civil, permanecer\u00e1n cerradas al p\u00fablico las zonas arqueol\u00f3gicas de Ichkabal, Oxtankah, Kohunlich y Dzibanch\u00e9-Kinichn\u00e1.","robots":{"index":"index","follow":"follow","max-snippet":"max-snippet:-1","max-image-preview":"max-image-preview:large","max-video-preview":"max-video-preview:-1"},"canonical":"https:\/\/azturismo.net\/?p=4332","og_locale":"es_MX","og_type":"article","og_title":"Cierre temporal de zonas arqueol\u00f3gicas del sur de Quintana Roo - Azturismo Noticias","og_description":"El Instituto Nacional de Antropolog\u00eda e Historia (INAH) informa que a partir de este s\u00e1bado 28 de junio de 2025 y hasta nuevo aviso, como medida de protecci\u00f3n civil, permanecer\u00e1n cerradas al p\u00fablico las zonas arqueol\u00f3gicas de Ichkabal, Oxtankah, Kohunlich y Dzibanch\u00e9-Kinichn\u00e1.","og_url":"https:\/\/azturismo.net\/?p=4332","og_site_name":"Azturismo Noticias","article_publisher":"https:\/\/www.facebook.com\/AzturismoNoticias","article_published_time":"2025-06-30T16:10:00+00:00","og_image":[{"width":600,"height":450,"url":"https:\/\/i0.wp.com\/azturismo.net\/wp-content\/uploads\/2025\/06\/PSX_20250629_224409.jpg?fit=600%2C450&ssl=1","type":"image\/jpeg"}],"author":"Azturismo","twitter_card":"summary_large_image","twitter_creator":"@AzTurismo","twitter_site":"@AzTurismo","twitter_misc":{"Escrito por":"Azturismo","Tiempo de lectura":"1 minuto"},"schema":{"@context":"https:\/\/schema.org","@graph":[{"@type":"Article","@id":"https:\/\/azturismo.net\/?p=4332#article","isPartOf":{"@id":"https:\/\/azturismo.net\/?p=4332"},"author":{"name":"Azturismo","@id":"https:\/\/azturismo.net\/#\/schema\/person\/4b56d87f51c4d1b518c650739ad3bbc1"},"headline":"Cierre temporal de zonas arqueol\u00f3gicas del sur de Quintana Roo","datePublished":"2025-06-30T16:10:00+00:00","mainEntityOfPage":{"@id":"https:\/\/azturismo.net\/?p=4332"},"wordCount":112,"commentCount":0,"publisher":{"@id":"https:\/\/azturismo.net\/#organization"},"image":{"@id":"https:\/\/azturismo.net\/?p=4332#primaryimage"},"thumbnailUrl":"https:\/\/i0.wp.com\/azturismo.net\/wp-content\/uploads\/2025\/06\/PSX_20250629_224409.jpg?fit=600%2C450&ssl=1","keywords":["azturismo","Ichkabal","INAH","Kohunlich y Dzibanch\u00e9-Kinichn\u00e1","Oxtankah","Quintana Roo","Viajes","zonas arqueol\u00f3gicas"],"articleSection":["NOTITUR"],"inLanguage":"es","potentialAction":[{"@type":"CommentAction","name":"Comment","target":["https:\/\/azturismo.net\/?p=4332#respond"]}]},{"@type":"WebPage","@id":"https:\/\/azturismo.net\/?p=4332","url":"https:\/\/azturismo.net\/?p=4332","name":"Cierre temporal de zonas arqueol\u00f3gicas del sur de Quintana Roo - Azturismo Noticias","isPartOf":{"@id":"https:\/\/azturismo.net\/#website"},"primaryImageOfPage":{"@id":"https:\/\/azturismo.net\/?p=4332#primaryimage"},"image":{"@id":"https:\/\/azturismo.net\/?p=4332#primaryimage"},"thumbnailUrl":"https:\/\/i0.wp.com\/azturismo.net\/wp-content\/uploads\/2025\/06\/PSX_20250629_224409.jpg?fit=600%2C450&ssl=1","datePublished":"2025-06-30T16:10:00+00:00","description":"El Instituto Nacional de Antropolog\u00eda e Historia (INAH) informa que a partir de este s\u00e1bado 28 de junio de 2025 y hasta nuevo aviso, como medida de protecci\u00f3n civil, permanecer\u00e1n cerradas al p\u00fablico las zonas arqueol\u00f3gicas de Ichkabal, Oxtankah, Kohunlich y Dzibanch\u00e9-Kinichn\u00e1.","breadcrumb":{"@id":"https:\/\/azturismo.net\/?p=4332#breadcrumb"},"inLanguage":"es","potentialAction":[{"@type":"ReadAction","target":["https:\/\/azturismo.net\/?p=4332"]}]},{"@type":"ImageObject","inLanguage":"es","@id":"https:\/\/azturismo.net\/?p=4332#primaryimage","url":"https:\/\/i0.wp.com\/azturismo.net\/wp-content\/uploads\/2025\/06\/PSX_20250629_224409.jpg?fit=600%2C450&ssl=1","contentUrl":"https:\/\/i0.wp.com\/azturismo.net\/wp-content\/uploads\/2025\/06\/PSX_20250629_224409.jpg?fit=600%2C450&ssl=1","width":600,"height":450},{"@type":"BreadcrumbList","@id":"https:\/\/azturismo.net\/?p=4332#breadcrumb","itemListElement":[{"@type":"ListItem","position":1,"name":"Home","item":"https:\/\/azturismo.net\/"},{"@type":"ListItem","position":2,"name":"Cierre temporal de zonas arqueol\u00f3gicas del sur de Quintana Roo"}]},{"@type":"WebSite","@id":"https:\/\/azturismo.net\/#website","url":"https:\/\/azturismo.net\/","name":"Azturismo","description":"Azturismo Noticias","publisher":{"@id":"https:\/\/azturismo.net\/#organization"},"potentialAction":[{"@type":"SearchAction","target":{"@type":"EntryPoint","urlTemplate":"https:\/\/azturismo.net\/?s={search_term_string}"},"query-input":{"@type":"PropertyValueSpecification","valueRequired":true,"valueName":"search_term_string"}}],"inLanguage":"es"},{"@type":"Organization","@id":"https:\/\/azturismo.net\/#organization","name":"Azturismo","url":"https:\/\/azturismo.net\/","logo":{"@type":"ImageObject","inLanguage":"es","@id":"https:\/\/azturismo.net\/#\/schema\/logo\/image\/","url":"https:\/\/i0.wp.com\/azturismo.net\/wp-content\/uploads\/2024\/03\/logo-el-bueno-.png?fit=294%2C69&ssl=1","contentUrl":"https:\/\/i0.wp.com\/azturismo.net\/wp-content\/uploads\/2024\/03\/logo-el-bueno-.png?fit=294%2C69&ssl=1","width":294,"height":69,"caption":"Azturismo"},"image":{"@id":"https:\/\/azturismo.net\/#\/schema\/logo\/image\/"},"sameAs":["https:\/\/www.facebook.com\/AzturismoNoticias","https:\/\/x.com\/AzTurismo","https:\/\/www.instagram.com\/azturismo_noticias\/?fbclid=IwAR2xMiuoHbs6eLeIHKP8P5sSGa-xFrw7FfejscXO7kDghWa7wKLjGczKOwE","https:\/\/www.tiktok.com\/@azturismo"]},{"@type":"Person","@id":"https:\/\/azturismo.net\/#\/schema\/person\/4b56d87f51c4d1b518c650739ad3bbc1","name":"Azturismo","image":{"@type":"ImageObject","inLanguage":"es","@id":"https:\/\/azturismo.net\/wp-content\/litespeed\/avatar\/dfe28a31cdd68b788da48a316e50db10.jpg?ver=1777707566","url":"https:\/\/azturismo.net\/wp-content\/litespeed\/avatar\/dfe28a31cdd68b788da48a316e50db10.jpg?ver=1777707566","contentUrl":"https:\/\/azturismo.net\/wp-content\/litespeed\/avatar\/dfe28a31cdd68b788da48a316e50db10.jpg?ver=1777707566","caption":"Azturismo"},"sameAs":["https:\/\/azturismo.net"],"url":"https:\/\/azturismo.net\/?author=1"}]}},"jetpack_publicize_connections":[],"jetpack_featured_media_url":"https:\/\/i0.wp.com\/azturismo.net\/wp-content\/uploads\/2025\/06\/PSX_20250629_224409.jpg?fit=600%2C450&ssl=1","jetpack_sharing_enabled":true,"jetpack-related-posts":[{"id":3525,"url":"https:\/\/azturismo.net\/?p=3525","url_meta":{"origin":4332,"position":0},"title":"Laura Rojo asume la direcci\u00f3n del Museo Maya de Canc\u00fan","author":"Azturismo","date":"marzo 31, 2025","format":false,"excerpt":"Por Staff AzTurismo El Museo Maya de Canc\u00fan (MMC) tiene nueva directora. La fot\u00f3grafa y muse\u00f3grafa Laura Rojo F\u00e4rber ha sido nombrada titular de este recinto por acuerdo del Instituto Nacional de Antropolog\u00eda e Historia (INAH), bajo la direcci\u00f3n de Diego Prieto Hern\u00e1ndez. El anuncio se realiz\u00f3 el 27 de\u2026","rel":"","context":"En &quot;NOTITUR&quot;","block_context":{"text":"NOTITUR","link":"https:\/\/azturismo.net\/?cat=25"},"img":{"alt_text":"","src":"https:\/\/i0.wp.com\/azturismo.net\/wp-content\/uploads\/2025\/03\/Margarito-Molina-Juan-Manuel-Garibay-Laura-Rojo-y-Carlos-Esperon.-Foto-Centro-INAH-Quintana-Roo.jpeg?fit=600%2C495&ssl=1&resize=350%2C200","width":350,"height":200,"srcset":"https:\/\/i0.wp.com\/azturismo.net\/wp-content\/uploads\/2025\/03\/Margarito-Molina-Juan-Manuel-Garibay-Laura-Rojo-y-Carlos-Esperon.-Foto-Centro-INAH-Quintana-Roo.jpeg?fit=600%2C495&ssl=1&resize=350%2C200 1x, https:\/\/i0.wp.com\/azturismo.net\/wp-content\/uploads\/2025\/03\/Margarito-Molina-Juan-Manuel-Garibay-Laura-Rojo-y-Carlos-Esperon.-Foto-Centro-INAH-Quintana-Roo.jpeg?fit=600%2C495&ssl=1&resize=525%2C300 1.5x"},"classes":[]},{"id":6753,"url":"https:\/\/azturismo.net\/?p=6753","url_meta":{"origin":4332,"position":1},"title":"\u00a1Reabre el enigm\u00e1tico Nohoch Mul en Cob\u00e1!","author":"Azturismo","date":"diciembre 11, 2025","format":false,"excerpt":"Por Staff AzTurismo \ud83c\udf89Despu\u00e9s de seis a\u00f1os de cierre, el emblem\u00e1tico basamento Nohoch Mul \u2013gran mont\u00edculo, en maya yucateco\u2013 , la estructura prehisp\u00e1nica m\u00e1s elevada del norte del \u00e1rea maya, volvi\u00f3 a abrir al p\u00fablico con una nueva escalinata de madera y una Unidad de Servicios renovada, como parte del\u2026","rel":"","context":"En &quot;Destacadas&quot;","block_context":{"text":"Destacadas","link":"https:\/\/azturismo.net\/?cat=30"},"img":{"alt_text":"","src":"https:\/\/i0.wp.com\/azturismo.net\/wp-content\/uploads\/2025\/12\/Con-una-inversion-cercana-a-los-cinco-millones-de-pesos-la-Secretaria-de-Cultura-del-Gobierno-de-Mexico-y-el-INAH-fortalecen-la-proteccion-del-patrimonio.-Foto-Secretaria-de-Cultura.jpeg?fit=600%2C400&ssl=1&resize=350%2C200","width":350,"height":200,"srcset":"https:\/\/i0.wp.com\/azturismo.net\/wp-content\/uploads\/2025\/12\/Con-una-inversion-cercana-a-los-cinco-millones-de-pesos-la-Secretaria-de-Cultura-del-Gobierno-de-Mexico-y-el-INAH-fortalecen-la-proteccion-del-patrimonio.-Foto-Secretaria-de-Cultura.jpeg?fit=600%2C400&ssl=1&resize=350%2C200 1x, https:\/\/i0.wp.com\/azturismo.net\/wp-content\/uploads\/2025\/12\/Con-una-inversion-cercana-a-los-cinco-millones-de-pesos-la-Secretaria-de-Cultura-del-Gobierno-de-Mexico-y-el-INAH-fortalecen-la-proteccion-del-patrimonio.-Foto-Secretaria-de-Cultura.jpeg?fit=600%2C400&ssl=1&resize=525%2C300 1.5x"},"classes":[]},{"id":3990,"url":"https:\/\/azturismo.net\/?p=3990","url_meta":{"origin":4332,"position":2},"title":"La Meliponicultura Maya florece en Quintana Roo","author":"Azturismo","date":"junio 4, 2025","format":false,"excerpt":"Por Staff AzTurismo La dulce tradici\u00f3n de la meliponicultura prehisp\u00e1nica sigue viva en Quintana Roo, un legado maya que el Instituto Nacional de Antropolog\u00eda e Historia (INAH) y especialistas locales se esmeran en preservar. Recientemente, en el Museo Hist\u00f3rico de Felipe Carrillo Puerto, parte de la red INAH, se destac\u00f3\u2026","rel":"","context":"En &quot;Destacadas&quot;","block_context":{"text":"Destacadas","link":"https:\/\/azturismo.net\/?cat=30"},"img":{"alt_text":"","src":"https:\/\/i0.wp.com\/azturismo.net\/wp-content\/uploads\/2025\/06\/Fotos-cortesia-CINAH-Quintana-Roo.jpeg?fit=600%2C328&ssl=1&resize=350%2C200","width":350,"height":200,"srcset":"https:\/\/i0.wp.com\/azturismo.net\/wp-content\/uploads\/2025\/06\/Fotos-cortesia-CINAH-Quintana-Roo.jpeg?fit=600%2C328&ssl=1&resize=350%2C200 1x, https:\/\/i0.wp.com\/azturismo.net\/wp-content\/uploads\/2025\/06\/Fotos-cortesia-CINAH-Quintana-Roo.jpeg?fit=600%2C328&ssl=1&resize=525%2C300 1.5x"},"classes":[]},{"id":4828,"url":"https:\/\/azturismo.net\/?p=4828","url_meta":{"origin":4332,"position":3},"title":"Chetumal y Mahahual, dos joyas del Caribe Mexicano para despertar tu esp\u00edritu aventurero","author":"Azturismo","date":"agosto 13, 2025","format":false,"excerpt":"Por Montserrat Rivera En el vibrante coraz\u00f3n del Caribe Mexicano, donde la historia, la cultura y la naturaleza se encuentran, Chetumal y Mahahual se posicionan como dos destinos imperdibles para quienes buscan vivir experiencias \u00fanicas. Con su encanto cultural, playas paradis\u00edacas y actividades para toda la familia, estas joyas de\u2026","rel":"","context":"En &quot;Destacadas&quot;","block_context":{"text":"Destacadas","link":"https:\/\/azturismo.net\/?cat=30"},"img":{"alt_text":"","src":"https:\/\/i0.wp.com\/azturismo.net\/wp-content\/uploads\/2025\/08\/Chetumal-Boulevard-Bahia.jpg?fit=600%2C337&ssl=1&resize=350%2C200","width":350,"height":200,"srcset":"https:\/\/i0.wp.com\/azturismo.net\/wp-content\/uploads\/2025\/08\/Chetumal-Boulevard-Bahia.jpg?fit=600%2C337&ssl=1&resize=350%2C200 1x, https:\/\/i0.wp.com\/azturismo.net\/wp-content\/uploads\/2025\/08\/Chetumal-Boulevard-Bahia.jpg?fit=600%2C337&ssl=1&resize=525%2C300 1.5x"},"classes":[]},{"id":4740,"url":"https:\/\/azturismo.net\/?p=4740","url_meta":{"origin":4332,"position":4},"title":"\u00a1Si vas a Tulum conoce el colmillo del depredador m\u00e1s feroz de la prehistoria!","author":"Azturismo","date":"agosto 7, 2025","format":false,"excerpt":"Por Staff AzTurismo \u00bfSab\u00edas que el depredador m\u00e1s feroz de la prehistoria nadaba donde hoy est\u00e1n los cenotes de la Riviera Maya? Un descubrimiento que est\u00e1 cambiando para siempre la forma en que vemos Quintana Roo y se puede apreciar en el Museo Regional de la Costa Oriental en Tulum,\u2026","rel":"","context":"En &quot;Destacadas&quot;","block_context":{"text":"Destacadas","link":"https:\/\/azturismo.net\/?cat=30"},"img":{"alt_text":"","src":"https:\/\/i0.wp.com\/azturismo.net\/wp-content\/uploads\/2025\/08\/Cenote-Maravilla.-Foto-Pedro-Almada.-Proyecto-GAM.png?fit=600%2C392&ssl=1&resize=350%2C200","width":350,"height":200,"srcset":"https:\/\/i0.wp.com\/azturismo.net\/wp-content\/uploads\/2025\/08\/Cenote-Maravilla.-Foto-Pedro-Almada.-Proyecto-GAM.png?fit=600%2C392&ssl=1&resize=350%2C200 1x, https:\/\/i0.wp.com\/azturismo.net\/wp-content\/uploads\/2025\/08\/Cenote-Maravilla.-Foto-Pedro-Almada.-Proyecto-GAM.png?fit=600%2C392&ssl=1&resize=525%2C300 1.5x"},"classes":[]},{"id":6395,"url":"https:\/\/azturismo.net\/?p=6395","url_meta":{"origin":4332,"position":5},"title":"INAH y gobierno de Puebla sellan acuerdo hist\u00f3rico por el patrimonio biocultural","author":"Azturismo","date":"noviembre 12, 2025","format":false,"excerpt":"Por Staff AzTurismo \ud83c\udfdb\ufe0f En un suceso sin precedentes, el Instituto Nacional de Antropolog\u00eda e Historia (INAH) y la Secretar\u00eda de Medio Ambiente, Desarrollo Sustentable y Ordenamiento Territorial (SMADSOT) del estado de Puebla han unido fuerzas mediante la firma de un convenio hist\u00f3rico. Este acuerdo, enfocado en la salvaguardia del\u2026","rel":"","context":"En &quot;NACIONALES&quot;","block_context":{"text":"NACIONALES","link":"https:\/\/azturismo.net\/?cat=29"},"img":{"alt_text":"","src":"https:\/\/i0.wp.com\/azturismo.net\/wp-content\/uploads\/2025\/11\/Contempla-las-urbes-prehispanicas-de-Cantona-Cholula-Yohualichan-Tepexi-el-Viejo-Tehuacan-el-Viejo-y-Los-Cerritos-de-San-Cristobal-Tepatlaxco-entre-otras.-Foto-Karen-Badillo.jpeg?fit=600%2C450&ssl=1&resize=350%2C200","width":350,"height":200,"srcset":"https:\/\/i0.wp.com\/azturismo.net\/wp-content\/uploads\/2025\/11\/Contempla-las-urbes-prehispanicas-de-Cantona-Cholula-Yohualichan-Tepexi-el-Viejo-Tehuacan-el-Viejo-y-Los-Cerritos-de-San-Cristobal-Tepatlaxco-entre-otras.-Foto-Karen-Badillo.jpeg?fit=600%2C450&ssl=1&resize=350%2C200 1x, https:\/\/i0.wp.com\/azturismo.net\/wp-content\/uploads\/2025\/11\/Contempla-las-urbes-prehispanicas-de-Cantona-Cholula-Yohualichan-Tepexi-el-Viejo-Tehuacan-el-Viejo-y-Los-Cerritos-de-San-Cristobal-Tepatlaxco-entre-otras.-Foto-Karen-Badillo.jpeg?fit=600%2C450&ssl=1&resize=525%2C300 1.5x"},"classes":[]}],"jetpack_shortlink":"https:\/\/wp.me\/pfqZGx-17S","amp_enabled":true,"_links":{"self":[{"href":"https:\/\/azturismo.net\/index.php?rest_route=\/wp\/v2\/posts\/4332","targetHints":{"allow":["GET"]}}],"collection":[{"href":"https:\/\/azturismo.net\/index.php?rest_route=\/wp\/v2\/posts"}],"about":[{"href":"https:\/\/azturismo.net\/index.php?rest_route=\/wp\/v2\/types\/post"}],"author":[{"embeddable":true,"href":"https:\/\/azturismo.net\/index.php?rest_route=\/wp\/v2\/users\/1"}],"replies":[{"embeddable":true,"href":"https:\/\/azturismo.net\/index.php?rest_route=%2Fwp%2Fv2%2Fcomments&post=4332"}],"version-history":[{"count":3,"href":"https:\/\/azturismo.net\/index.php?rest_route=\/wp\/v2\/posts\/4332\/revisions"}],"predecessor-version":[{"id":4338,"href":"https:\/\/azturismo.net\/index.php?rest_route=\/wp\/v2\/posts\/4332\/revisions\/4338"}],"wp:featuredmedia":[{"embeddable":true,"href":"https:\/\/azturismo.net\/index.php?rest_route=\/wp\/v2\/media\/4334"}],"wp:attachment":[{"href":"https:\/\/azturismo.net\/index.php?rest_route=%2Fwp%2Fv2%2Fmedia&parent=4332"}],"wp:term":[{"taxonomy":"category","embeddable":true,"href":"https:\/\/azturismo.net\/index.php?rest_route=%2Fwp%2Fv2%2Fcategories&post=4332"},{"taxonomy":"post_tag","embeddable":true,"href":"https:\/\/azturismo.net\/index.php?rest_route=%2Fwp%2Fv2%2Ftags&post=4332"}],"curies":[{"name":"wp","href":"https:\/\/api.w.org\/{rel}","templated":true}]}}