{"id":4265,"date":"2025-06-28T08:08:00","date_gmt":"2025-06-28T14:08:00","guid":{"rendered":"https:\/\/azturismo.net\/?p=4265"},"modified":"2025-06-27T22:42:47","modified_gmt":"2025-06-28T04:42:47","slug":"el-cielo-de-la-cdmx-se-ilumina-con-el-arco-iris-globalizador","status":"publish","type":"post","link":"https:\/\/azturismo.net\/?p=4265","title":{"rendered":"El cielo de la CDMX se ilumina con el Arco Iris Globalizador"},"content":{"rendered":"\n<p>Por Oscar V\u00e1zquez C.<\/p>\n\n\n\n<p>Como parte de los festejos del Mes del Orgullo, la Ciudad de M\u00e9xico inaugur\u00f3 el \u201cArco Iris Globalizador\u201d, una instalaci\u00f3n lum\u00ednica de siete colores que conecta simb\u00f3licamente el Monumento a la Revoluci\u00f3n con el Z\u00f3calo capitalino, iluminando los cielos de la capital en apoyo a la diversidad, la libertad y la inclusi\u00f3n.<\/p>\n\n\n\n<p>Durante la ceremonia de activaci\u00f3n de este haz de luz multicolor, la secretaria de Turismo de la Ciudad de M\u00e9xico, <strong>Alejandra Frausto<\/strong>, explic\u00f3 que la instalaci\u00f3n cuenta con un potente alcance de hasta 10 kil\u00f3metros y estar\u00e1 encendida desde el jueves hasta el domingo, en un horario de <strong>19:30 a 24:00 horas<\/strong>.<\/p>\n\n\n\n<p>\u201cEsta es una fiesta que ya ha tenido lugar en ciudades como Alemania y Par\u00eds, y ahora llega a M\u00e9xico como un acto simb\u00f3lico durante los d\u00edas del orgullo. El arte p\u00fablico y lum\u00ednico es poderoso, sutil y sorprendente. Nos recuerda que la transformaci\u00f3n de una ciudad tambi\u00e9n ocurre desde el espacio p\u00fablico\u201d, destac\u00f3 Frausto.<\/p>\n\n\n\n<p>La funcionaria subray\u00f3 que el objetivo fue evitar cualquier interferencia con las operaciones del Aeropuerto Internacional, por lo que el haz de luz ha sido cuidadosamente trazado desde la <strong>Plaza de la Rep\u00fablica hasta el Z\u00f3calo<\/strong>.<\/p>\n\n\n\n<h2 class=\"wp-block-heading\">CDMX: ejemplo de libertad y respeto<\/h2>\n\n\n\n<p>Alejandra Frausto comparti\u00f3 que durante una reciente reuni\u00f3n con representantes de 13 pa\u00edses, se destac\u00f3 a la Ciudad de M\u00e9xico como una de las metr\u00f3polis donde se experimenta una <strong>libertad plena<\/strong>. \u201cAqu\u00ed todos pueden vestir como quieran, trasladarse a donde gusten y ser quienes realmente son. Esa libertad se percibe en cada rinc\u00f3n\u201d, asegur\u00f3.<\/p>\n\n\n\n<h2 class=\"wp-block-heading\">Servicios legales durante la Marcha del Orgullo<\/h2>\n\n\n\n<p>Adem\u00e1s, la Secretar\u00eda de Turismo anunci\u00f3 que durante la Marcha del Orgullo \u2014que se llevar\u00e1 a cabo el s\u00e1bado\u2014 la <strong>Consejer\u00eda Jur\u00eddica de la CDMX ofrecer\u00e1 servicios legales especiales<\/strong>, como la posibilidad de <strong>realizar bodas civiles<\/strong> y <strong>tr\u00e1mites de cambio de identidad de g\u00e9nero<\/strong>, directamente en el evento.<\/p>\n\n\n\n<p>\u201cEs la primera vez que el Registro Civil participa activamente durante la marcha con estos servicios legales, y ya hay una lista de personas interesadas en casarse ese d\u00eda. Tambi\u00e9n se extender\u00e1n estos servicios a algunas alcald\u00edas durante la semana\u201d, puntualiz\u00f3 la secretaria.<\/p>\n\n\n\n<p>La iniciativa refuerza el compromiso de la capital con la <strong>igualdad de derechos y el respeto a la diversidad sexual<\/strong>, posicionando a la CDMX como un destino tur\u00edstico incluyente, seguro y moderno.<\/p>\n","protected":false},"excerpt":{"rendered":"<p>Por Oscar V\u00e1zquez C. Como parte de los festejos del Mes del Orgullo, la Ciudad de M\u00e9xico inaugur\u00f3 el \u201cArco Iris Globalizador\u201d, una instalaci\u00f3n lum\u00ednica de siete colores que conecta simb\u00f3licamente el Monumento a la Revoluci\u00f3n con el Z\u00f3calo capitalino, iluminando los cielos de la capital en apoyo a la diversidad, la libertad y la [&hellip;]<\/p>\n","protected":false},"author":1,"featured_media":4266,"comment_status":"open","ping_status":"open","sticky":false,"template":"","format":"standard","meta":{"jetpack_post_was_ever_published":false,"_jetpack_newsletter_access":"","_jetpack_dont_email_post_to_subs":false,"_jetpack_newsletter_tier_id":0,"_jetpack_memberships_contains_paywalled_content":false,"_jetpack_memberships_contains_paid_content":false,"footnotes":"","jetpack_publicize_message":"","jetpack_publicize_feature_enabled":true,"jetpack_social_post_already_shared":true,"jetpack_social_options":{"image_generator_settings":{"template":"highway","default_image_id":0,"font":"","enabled":false},"version":2}},"categories":[30,31,33],"tags":[659,1818,99,82,1817,979],"class_list":{"0":"post-4265","1":"post","2":"type-post","3":"status-publish","4":"format-standard","5":"has-post-thumbnail","7":"category-e","8":"category-especiales","9":"category-especiales-segundarias","10":"tag-alejandra-frausto-guerrero","11":"tag-arco-iris-globalizador","12":"tag-azturismo","13":"tag-cdmx","14":"tag-mes-del-orgullo","15":"tag-sectur-cdmx"},"yoast_head":"<!-- This site is optimized with the Yoast SEO plugin v27.5 - https:\/\/yoast.com\/product\/yoast-seo-wordpress\/ -->\n<title>El cielo de la CDMX se ilumina con el Arco Iris Globalizador - Azturismo Noticias<\/title>\n<meta name=\"description\" content=\"Como parte de los festejos del Mes del Orgullo, la Ciudad de M\u00e9xico inaugur\u00f3 el \u201cArco Iris Globalizador\u201d, una instalaci\u00f3n lum\u00ednica de siete colores que conecta simb\u00f3licamente el Monumento a la Revoluci\u00f3n con el Z\u00f3calo capitalino, iluminando los cielos de la capital en apoyo a la diversidad, la libertad y la inclusi\u00f3n.\" \/>\n<meta name=\"robots\" content=\"index, follow, max-snippet:-1, max-image-preview:large, max-video-preview:-1\" \/>\n<link rel=\"canonical\" href=\"https:\/\/azturismo.net\/?p=4265\" \/>\n<meta property=\"og:locale\" content=\"es_MX\" \/>\n<meta property=\"og:type\" content=\"article\" \/>\n<meta property=\"og:title\" content=\"El cielo de la CDMX se ilumina con el Arco Iris Globalizador - Azturismo Noticias\" \/>\n<meta property=\"og:description\" content=\"Como parte de los festejos del Mes del Orgullo, la Ciudad de M\u00e9xico inaugur\u00f3 el \u201cArco Iris Globalizador\u201d, una instalaci\u00f3n lum\u00ednica de siete colores que conecta simb\u00f3licamente el Monumento a la Revoluci\u00f3n con el Z\u00f3calo capitalino, iluminando los cielos de la capital en apoyo a la diversidad, la libertad y la inclusi\u00f3n.\" \/>\n<meta property=\"og:url\" content=\"https:\/\/azturismo.net\/?p=4265\" \/>\n<meta property=\"og:site_name\" content=\"Azturismo Noticias\" \/>\n<meta property=\"article:publisher\" content=\"https:\/\/www.facebook.com\/AzturismoNoticias\" \/>\n<meta property=\"article:published_time\" content=\"2025-06-28T14:08:00+00:00\" \/>\n<meta property=\"og:image\" content=\"https:\/\/i0.wp.com\/azturismo.net\/wp-content\/uploads\/2025\/06\/PSX_20250627_221348.jpg?fit=600%2C338&ssl=1\" \/>\n\t<meta property=\"og:image:width\" content=\"600\" \/>\n\t<meta property=\"og:image:height\" content=\"338\" \/>\n\t<meta property=\"og:image:type\" content=\"image\/jpeg\" \/>\n<meta name=\"author\" content=\"Azturismo\" \/>\n<meta name=\"twitter:card\" content=\"summary_large_image\" \/>\n<meta name=\"twitter:creator\" content=\"@AzTurismo\" \/>\n<meta name=\"twitter:site\" content=\"@AzTurismo\" \/>\n<meta name=\"twitter:label1\" content=\"Escrito por\" \/>\n\t<meta name=\"twitter:data1\" content=\"Azturismo\" \/>\n\t<meta name=\"twitter:label2\" content=\"Tiempo de lectura\" \/>\n\t<meta name=\"twitter:data2\" content=\"2 minutos\" \/>\n<script type=\"application\/ld+json\" class=\"yoast-schema-graph\">{\"@context\":\"https:\\\/\\\/schema.org\",\"@graph\":[{\"@type\":\"Article\",\"@id\":\"https:\\\/\\\/azturismo.net\\\/?p=4265#article\",\"isPartOf\":{\"@id\":\"https:\\\/\\\/azturismo.net\\\/?p=4265\"},\"author\":{\"name\":\"Azturismo\",\"@id\":\"https:\\\/\\\/azturismo.net\\\/#\\\/schema\\\/person\\\/4b56d87f51c4d1b518c650739ad3bbc1\"},\"headline\":\"El cielo de la CDMX se ilumina con el Arco Iris Globalizador\",\"datePublished\":\"2025-06-28T14:08:00+00:00\",\"mainEntityOfPage\":{\"@id\":\"https:\\\/\\\/azturismo.net\\\/?p=4265\"},\"wordCount\":437,\"commentCount\":0,\"publisher\":{\"@id\":\"https:\\\/\\\/azturismo.net\\\/#organization\"},\"image\":{\"@id\":\"https:\\\/\\\/azturismo.net\\\/?p=4265#primaryimage\"},\"thumbnailUrl\":\"https:\\\/\\\/i0.wp.com\\\/azturismo.net\\\/wp-content\\\/uploads\\\/2025\\\/06\\\/PSX_20250627_221348.jpg?fit=600%2C338&ssl=1\",\"keywords\":[\"Alejandra Frausto Guerrero\",\"Arco iris globalizador\",\"azturismo\",\"cdmx\",\"Mes del orgullo\",\"Sectur CDMX\"],\"articleSection\":[\"Destacadas\",\"ESPECIALES 1\",\"ESPECIALES 2\"],\"inLanguage\":\"es\",\"potentialAction\":[{\"@type\":\"CommentAction\",\"name\":\"Comment\",\"target\":[\"https:\\\/\\\/azturismo.net\\\/?p=4265#respond\"]}]},{\"@type\":\"WebPage\",\"@id\":\"https:\\\/\\\/azturismo.net\\\/?p=4265\",\"url\":\"https:\\\/\\\/azturismo.net\\\/?p=4265\",\"name\":\"El cielo de la CDMX se ilumina con el Arco Iris Globalizador - Azturismo Noticias\",\"isPartOf\":{\"@id\":\"https:\\\/\\\/azturismo.net\\\/#website\"},\"primaryImageOfPage\":{\"@id\":\"https:\\\/\\\/azturismo.net\\\/?p=4265#primaryimage\"},\"image\":{\"@id\":\"https:\\\/\\\/azturismo.net\\\/?p=4265#primaryimage\"},\"thumbnailUrl\":\"https:\\\/\\\/i0.wp.com\\\/azturismo.net\\\/wp-content\\\/uploads\\\/2025\\\/06\\\/PSX_20250627_221348.jpg?fit=600%2C338&ssl=1\",\"datePublished\":\"2025-06-28T14:08:00+00:00\",\"description\":\"Como parte de los festejos del Mes del Orgullo, la Ciudad de M\u00e9xico inaugur\u00f3 el \u201cArco Iris Globalizador\u201d, una instalaci\u00f3n lum\u00ednica de siete colores que conecta simb\u00f3licamente el Monumento a la Revoluci\u00f3n con el Z\u00f3calo capitalino, iluminando los cielos de la capital en apoyo a la diversidad, la libertad y la inclusi\u00f3n.\",\"breadcrumb\":{\"@id\":\"https:\\\/\\\/azturismo.net\\\/?p=4265#breadcrumb\"},\"inLanguage\":\"es\",\"potentialAction\":[{\"@type\":\"ReadAction\",\"target\":[\"https:\\\/\\\/azturismo.net\\\/?p=4265\"]}]},{\"@type\":\"ImageObject\",\"inLanguage\":\"es\",\"@id\":\"https:\\\/\\\/azturismo.net\\\/?p=4265#primaryimage\",\"url\":\"https:\\\/\\\/i0.wp.com\\\/azturismo.net\\\/wp-content\\\/uploads\\\/2025\\\/06\\\/PSX_20250627_221348.jpg?fit=600%2C338&ssl=1\",\"contentUrl\":\"https:\\\/\\\/i0.wp.com\\\/azturismo.net\\\/wp-content\\\/uploads\\\/2025\\\/06\\\/PSX_20250627_221348.jpg?fit=600%2C338&ssl=1\",\"width\":600,\"height\":338},{\"@type\":\"BreadcrumbList\",\"@id\":\"https:\\\/\\\/azturismo.net\\\/?p=4265#breadcrumb\",\"itemListElement\":[{\"@type\":\"ListItem\",\"position\":1,\"name\":\"Home\",\"item\":\"https:\\\/\\\/azturismo.net\\\/\"},{\"@type\":\"ListItem\",\"position\":2,\"name\":\"El cielo de la CDMX se ilumina con el Arco Iris Globalizador\"}]},{\"@type\":\"WebSite\",\"@id\":\"https:\\\/\\\/azturismo.net\\\/#website\",\"url\":\"https:\\\/\\\/azturismo.net\\\/\",\"name\":\"Azturismo\",\"description\":\"Azturismo Noticias\",\"publisher\":{\"@id\":\"https:\\\/\\\/azturismo.net\\\/#organization\"},\"potentialAction\":[{\"@type\":\"SearchAction\",\"target\":{\"@type\":\"EntryPoint\",\"urlTemplate\":\"https:\\\/\\\/azturismo.net\\\/?s={search_term_string}\"},\"query-input\":{\"@type\":\"PropertyValueSpecification\",\"valueRequired\":true,\"valueName\":\"search_term_string\"}}],\"inLanguage\":\"es\"},{\"@type\":\"Organization\",\"@id\":\"https:\\\/\\\/azturismo.net\\\/#organization\",\"name\":\"Azturismo\",\"url\":\"https:\\\/\\\/azturismo.net\\\/\",\"logo\":{\"@type\":\"ImageObject\",\"inLanguage\":\"es\",\"@id\":\"https:\\\/\\\/azturismo.net\\\/#\\\/schema\\\/logo\\\/image\\\/\",\"url\":\"https:\\\/\\\/i0.wp.com\\\/azturismo.net\\\/wp-content\\\/uploads\\\/2024\\\/03\\\/logo-el-bueno-.png?fit=294%2C69&ssl=1\",\"contentUrl\":\"https:\\\/\\\/i0.wp.com\\\/azturismo.net\\\/wp-content\\\/uploads\\\/2024\\\/03\\\/logo-el-bueno-.png?fit=294%2C69&ssl=1\",\"width\":294,\"height\":69,\"caption\":\"Azturismo\"},\"image\":{\"@id\":\"https:\\\/\\\/azturismo.net\\\/#\\\/schema\\\/logo\\\/image\\\/\"},\"sameAs\":[\"https:\\\/\\\/www.facebook.com\\\/AzturismoNoticias\",\"https:\\\/\\\/x.com\\\/AzTurismo\",\"https:\\\/\\\/www.instagram.com\\\/azturismo_noticias\\\/?fbclid=IwAR2xMiuoHbs6eLeIHKP8P5sSGa-xFrw7FfejscXO7kDghWa7wKLjGczKOwE\",\"https:\\\/\\\/www.tiktok.com\\\/@azturismo\"]},{\"@type\":\"Person\",\"@id\":\"https:\\\/\\\/azturismo.net\\\/#\\\/schema\\\/person\\\/4b56d87f51c4d1b518c650739ad3bbc1\",\"name\":\"Azturismo\",\"image\":{\"@type\":\"ImageObject\",\"inLanguage\":\"es\",\"@id\":\"https:\\\/\\\/azturismo.net\\\/wp-content\\\/litespeed\\\/avatar\\\/dfe28a31cdd68b788da48a316e50db10.jpg?ver=1777707566\",\"url\":\"https:\\\/\\\/azturismo.net\\\/wp-content\\\/litespeed\\\/avatar\\\/dfe28a31cdd68b788da48a316e50db10.jpg?ver=1777707566\",\"contentUrl\":\"https:\\\/\\\/azturismo.net\\\/wp-content\\\/litespeed\\\/avatar\\\/dfe28a31cdd68b788da48a316e50db10.jpg?ver=1777707566\",\"caption\":\"Azturismo\"},\"sameAs\":[\"https:\\\/\\\/azturismo.net\"],\"url\":\"https:\\\/\\\/azturismo.net\\\/?author=1\"}]}<\/script>\n<!-- \/ Yoast SEO plugin. -->","yoast_head_json":{"title":"El cielo de la CDMX se ilumina con el Arco Iris Globalizador - Azturismo Noticias","description":"Como parte de los festejos del Mes del Orgullo, la Ciudad de M\u00e9xico inaugur\u00f3 el \u201cArco Iris Globalizador\u201d, una instalaci\u00f3n lum\u00ednica de siete colores que conecta simb\u00f3licamente el Monumento a la Revoluci\u00f3n con el Z\u00f3calo capitalino, iluminando los cielos de la capital en apoyo a la diversidad, la libertad y la inclusi\u00f3n.","robots":{"index":"index","follow":"follow","max-snippet":"max-snippet:-1","max-image-preview":"max-image-preview:large","max-video-preview":"max-video-preview:-1"},"canonical":"https:\/\/azturismo.net\/?p=4265","og_locale":"es_MX","og_type":"article","og_title":"El cielo de la CDMX se ilumina con el Arco Iris Globalizador - Azturismo Noticias","og_description":"Como parte de los festejos del Mes del Orgullo, la Ciudad de M\u00e9xico inaugur\u00f3 el \u201cArco Iris Globalizador\u201d, una instalaci\u00f3n lum\u00ednica de siete colores que conecta simb\u00f3licamente el Monumento a la Revoluci\u00f3n con el Z\u00f3calo capitalino, iluminando los cielos de la capital en apoyo a la diversidad, la libertad y la inclusi\u00f3n.","og_url":"https:\/\/azturismo.net\/?p=4265","og_site_name":"Azturismo Noticias","article_publisher":"https:\/\/www.facebook.com\/AzturismoNoticias","article_published_time":"2025-06-28T14:08:00+00:00","og_image":[{"width":600,"height":338,"url":"https:\/\/i0.wp.com\/azturismo.net\/wp-content\/uploads\/2025\/06\/PSX_20250627_221348.jpg?fit=600%2C338&ssl=1","type":"image\/jpeg"}],"author":"Azturismo","twitter_card":"summary_large_image","twitter_creator":"@AzTurismo","twitter_site":"@AzTurismo","twitter_misc":{"Escrito por":"Azturismo","Tiempo de lectura":"2 minutos"},"schema":{"@context":"https:\/\/schema.org","@graph":[{"@type":"Article","@id":"https:\/\/azturismo.net\/?p=4265#article","isPartOf":{"@id":"https:\/\/azturismo.net\/?p=4265"},"author":{"name":"Azturismo","@id":"https:\/\/azturismo.net\/#\/schema\/person\/4b56d87f51c4d1b518c650739ad3bbc1"},"headline":"El cielo de la CDMX se ilumina con el Arco Iris Globalizador","datePublished":"2025-06-28T14:08:00+00:00","mainEntityOfPage":{"@id":"https:\/\/azturismo.net\/?p=4265"},"wordCount":437,"commentCount":0,"publisher":{"@id":"https:\/\/azturismo.net\/#organization"},"image":{"@id":"https:\/\/azturismo.net\/?p=4265#primaryimage"},"thumbnailUrl":"https:\/\/i0.wp.com\/azturismo.net\/wp-content\/uploads\/2025\/06\/PSX_20250627_221348.jpg?fit=600%2C338&ssl=1","keywords":["Alejandra Frausto Guerrero","Arco iris globalizador","azturismo","cdmx","Mes del orgullo","Sectur CDMX"],"articleSection":["Destacadas","ESPECIALES 1","ESPECIALES 2"],"inLanguage":"es","potentialAction":[{"@type":"CommentAction","name":"Comment","target":["https:\/\/azturismo.net\/?p=4265#respond"]}]},{"@type":"WebPage","@id":"https:\/\/azturismo.net\/?p=4265","url":"https:\/\/azturismo.net\/?p=4265","name":"El cielo de la CDMX se ilumina con el Arco Iris Globalizador - Azturismo Noticias","isPartOf":{"@id":"https:\/\/azturismo.net\/#website"},"primaryImageOfPage":{"@id":"https:\/\/azturismo.net\/?p=4265#primaryimage"},"image":{"@id":"https:\/\/azturismo.net\/?p=4265#primaryimage"},"thumbnailUrl":"https:\/\/i0.wp.com\/azturismo.net\/wp-content\/uploads\/2025\/06\/PSX_20250627_221348.jpg?fit=600%2C338&ssl=1","datePublished":"2025-06-28T14:08:00+00:00","description":"Como parte de los festejos del Mes del Orgullo, la Ciudad de M\u00e9xico inaugur\u00f3 el \u201cArco Iris Globalizador\u201d, una instalaci\u00f3n lum\u00ednica de siete colores que conecta simb\u00f3licamente el Monumento a la Revoluci\u00f3n con el Z\u00f3calo capitalino, iluminando los cielos de la capital en apoyo a la diversidad, la libertad y la inclusi\u00f3n.","breadcrumb":{"@id":"https:\/\/azturismo.net\/?p=4265#breadcrumb"},"inLanguage":"es","potentialAction":[{"@type":"ReadAction","target":["https:\/\/azturismo.net\/?p=4265"]}]},{"@type":"ImageObject","inLanguage":"es","@id":"https:\/\/azturismo.net\/?p=4265#primaryimage","url":"https:\/\/i0.wp.com\/azturismo.net\/wp-content\/uploads\/2025\/06\/PSX_20250627_221348.jpg?fit=600%2C338&ssl=1","contentUrl":"https:\/\/i0.wp.com\/azturismo.net\/wp-content\/uploads\/2025\/06\/PSX_20250627_221348.jpg?fit=600%2C338&ssl=1","width":600,"height":338},{"@type":"BreadcrumbList","@id":"https:\/\/azturismo.net\/?p=4265#breadcrumb","itemListElement":[{"@type":"ListItem","position":1,"name":"Home","item":"https:\/\/azturismo.net\/"},{"@type":"ListItem","position":2,"name":"El cielo de la CDMX se ilumina con el Arco Iris Globalizador"}]},{"@type":"WebSite","@id":"https:\/\/azturismo.net\/#website","url":"https:\/\/azturismo.net\/","name":"Azturismo","description":"Azturismo Noticias","publisher":{"@id":"https:\/\/azturismo.net\/#organization"},"potentialAction":[{"@type":"SearchAction","target":{"@type":"EntryPoint","urlTemplate":"https:\/\/azturismo.net\/?s={search_term_string}"},"query-input":{"@type":"PropertyValueSpecification","valueRequired":true,"valueName":"search_term_string"}}],"inLanguage":"es"},{"@type":"Organization","@id":"https:\/\/azturismo.net\/#organization","name":"Azturismo","url":"https:\/\/azturismo.net\/","logo":{"@type":"ImageObject","inLanguage":"es","@id":"https:\/\/azturismo.net\/#\/schema\/logo\/image\/","url":"https:\/\/i0.wp.com\/azturismo.net\/wp-content\/uploads\/2024\/03\/logo-el-bueno-.png?fit=294%2C69&ssl=1","contentUrl":"https:\/\/i0.wp.com\/azturismo.net\/wp-content\/uploads\/2024\/03\/logo-el-bueno-.png?fit=294%2C69&ssl=1","width":294,"height":69,"caption":"Azturismo"},"image":{"@id":"https:\/\/azturismo.net\/#\/schema\/logo\/image\/"},"sameAs":["https:\/\/www.facebook.com\/AzturismoNoticias","https:\/\/x.com\/AzTurismo","https:\/\/www.instagram.com\/azturismo_noticias\/?fbclid=IwAR2xMiuoHbs6eLeIHKP8P5sSGa-xFrw7FfejscXO7kDghWa7wKLjGczKOwE","https:\/\/www.tiktok.com\/@azturismo"]},{"@type":"Person","@id":"https:\/\/azturismo.net\/#\/schema\/person\/4b56d87f51c4d1b518c650739ad3bbc1","name":"Azturismo","image":{"@type":"ImageObject","inLanguage":"es","@id":"https:\/\/azturismo.net\/wp-content\/litespeed\/avatar\/dfe28a31cdd68b788da48a316e50db10.jpg?ver=1777707566","url":"https:\/\/azturismo.net\/wp-content\/litespeed\/avatar\/dfe28a31cdd68b788da48a316e50db10.jpg?ver=1777707566","contentUrl":"https:\/\/azturismo.net\/wp-content\/litespeed\/avatar\/dfe28a31cdd68b788da48a316e50db10.jpg?ver=1777707566","caption":"Azturismo"},"sameAs":["https:\/\/azturismo.net"],"url":"https:\/\/azturismo.net\/?author=1"}]}},"jetpack_publicize_connections":[],"jetpack_featured_media_url":"https:\/\/i0.wp.com\/azturismo.net\/wp-content\/uploads\/2025\/06\/PSX_20250627_221348.jpg?fit=600%2C338&ssl=1","jetpack_sharing_enabled":true,"jetpack-related-posts":[{"id":6270,"url":"https:\/\/azturismo.net\/?p=6270","url_meta":{"origin":4265,"position":0},"title":"Avanza turismo de la CDMX: Alejandra Frausto","author":"Azturismo","date":"noviembre 4, 2025","format":false,"excerpt":"Durante su comparecencia ante el Congreso de la Ciudad de M\u00e9xico, la Secretaria de Turismo, Alejandra Frausto Guerrero, destac\u00f3 que el turismo capitalino \u201cno son solo cifras, sino una historia viva de derechos, inclusi\u00f3n y orgullo\u201d. La funcionaria resalt\u00f3 los avances del programa Colibr\u00ed Viajero, que este a\u00f1o benefici\u00f3 a\u2026","rel":"","context":"En &quot;Destacadas&quot;","block_context":{"text":"Destacadas","link":"https:\/\/azturismo.net\/?cat=30"},"img":{"alt_text":"","src":"https:\/\/i0.wp.com\/azturismo.net\/wp-content\/uploads\/2025\/11\/IMG-20251103-WA0110.jpg?fit=640%2C410&ssl=1&resize=350%2C200","width":350,"height":200,"srcset":"https:\/\/i0.wp.com\/azturismo.net\/wp-content\/uploads\/2025\/11\/IMG-20251103-WA0110.jpg?fit=640%2C410&ssl=1&resize=350%2C200 1x, https:\/\/i0.wp.com\/azturismo.net\/wp-content\/uploads\/2025\/11\/IMG-20251103-WA0110.jpg?fit=640%2C410&ssl=1&resize=525%2C300 1.5x"},"classes":[]},{"id":6171,"url":"https:\/\/azturismo.net\/?p=6171","url_meta":{"origin":4265,"position":1},"title":"La CDMX brilla con el festival \u201cSolo la Luz\u201d","author":"Azturismo","date":"octubre 22, 2025","format":false,"excerpt":"Por Oscar V\u00e1zquez C. \ud83d\udca1 El arte vuelve a iluminar las noches capitalinas. Con el inicio del Festival Internacional de Luz M\u00e9xico \u201cSolo la Luz\u201d, el Paseo de la Reforma se transforma en un corredor art\u00edstico donde la creatividad, la tecnolog\u00eda y la emoci\u00f3n se unen para celebrar el arte\u2026","rel":"","context":"En &quot;Destacadas&quot;","block_context":{"text":"Destacadas","link":"https:\/\/azturismo.net\/?cat=30"},"img":{"alt_text":"","src":"https:\/\/i0.wp.com\/azturismo.net\/wp-content\/uploads\/2025\/10\/Festiva-SoloLaLuz-CDMX6.jpeg?fit=600%2C400&ssl=1&resize=350%2C200","width":350,"height":200,"srcset":"https:\/\/i0.wp.com\/azturismo.net\/wp-content\/uploads\/2025\/10\/Festiva-SoloLaLuz-CDMX6.jpeg?fit=600%2C400&ssl=1&resize=350%2C200 1x, https:\/\/i0.wp.com\/azturismo.net\/wp-content\/uploads\/2025\/10\/Festiva-SoloLaLuz-CDMX6.jpeg?fit=600%2C400&ssl=1&resize=525%2C300 1.5x"},"classes":[]},{"id":4225,"url":"https:\/\/azturismo.net\/?p=4225","url_meta":{"origin":4265,"position":2},"title":"CDMX impulsa el liderazgo femenino en turismo con la reuni\u00f3n global RIMEL","author":"Azturismo","date":"junio 20, 2025","format":false,"excerpt":"Por Oscar V\u00e1zquez C. En un acto que refuerza el papel de la mujer en el sector tur\u00edstico, la Secretar\u00eda de Turismo de la Ciudad de M\u00e9xico inaugur\u00f3 la Segunda Reuni\u00f3n Global de la Red Internacional de Mujeres Empresarias L\u00edderes (RIMEL), un encuentro que reuni\u00f3 a destacadas dirigentes de distintas\u2026","rel":"","context":"En &quot;Destacadas&quot;","block_context":{"text":"Destacadas","link":"https:\/\/azturismo.net\/?cat=30"},"img":{"alt_text":"","src":"https:\/\/i0.wp.com\/azturismo.net\/wp-content\/uploads\/2025\/06\/PSX_20250619_222836.jpg?fit=600%2C400&ssl=1&resize=350%2C200","width":350,"height":200,"srcset":"https:\/\/i0.wp.com\/azturismo.net\/wp-content\/uploads\/2025\/06\/PSX_20250619_222836.jpg?fit=600%2C400&ssl=1&resize=350%2C200 1x, https:\/\/i0.wp.com\/azturismo.net\/wp-content\/uploads\/2025\/06\/PSX_20250619_222836.jpg?fit=600%2C400&ssl=1&resize=525%2C300 1.5x"},"classes":[]},{"id":4269,"url":"https:\/\/azturismo.net\/?p=4269","url_meta":{"origin":4265,"position":3},"title":"CDMX y Tec de Monterrey firman alianza para impulsar el turismo rumbo al Mundial 2026","author":"Azturismo","date":"junio 28, 2025","format":false,"excerpt":"Por. Staff AzTurismo Con el objetivo de fortalecer la promoci\u00f3n tur\u00edstica de la capital mexicana de cara a la Copa Mundial de la FIFA 2026\u2122, la Secretar\u00eda de Turismo de la Ciudad de M\u00e9xico firm\u00f3 un Convenio Marco de Colaboraci\u00f3n con el Tecnol\u00f3gico de Monterrey, campus Ciudad de M\u00e9xico. La\u2026","rel":"","context":"En &quot;NOTITUR&quot;","block_context":{"text":"NOTITUR","link":"https:\/\/azturismo.net\/?cat=25"},"img":{"alt_text":"","src":"https:\/\/i0.wp.com\/azturismo.net\/wp-content\/uploads\/2025\/06\/PSX_20250627_224914.jpg?fit=600%2C450&ssl=1&resize=350%2C200","width":350,"height":200,"srcset":"https:\/\/i0.wp.com\/azturismo.net\/wp-content\/uploads\/2025\/06\/PSX_20250627_224914.jpg?fit=600%2C450&ssl=1&resize=350%2C200 1x, https:\/\/i0.wp.com\/azturismo.net\/wp-content\/uploads\/2025\/06\/PSX_20250627_224914.jpg?fit=600%2C450&ssl=1&resize=525%2C300 1.5x"},"classes":[]},{"id":4158,"url":"https:\/\/azturismo.net\/?p=4158","url_meta":{"origin":4265,"position":4},"title":"Instalan en CDMX Subcomit\u00e9 de Turismo rumbo a la Copa Mundial FIFA 2026","author":"Azturismo","date":"junio 17, 2025","format":false,"excerpt":"Por Staff AzTurismo Con miras a la organizaci\u00f3n de la Copa Mundial de la FIFA 2026, la C\u00e1mara Nacional de Comercio, Servicios y Turismo de la Ciudad de M\u00e9xico (CANACO CDMX) instal\u00f3 formalmente el Subcomit\u00e9 de Turismo, el cual reunir\u00e1 a autoridades gubernamentales, representantes del comit\u00e9 organizador y l\u00edderes del\u2026","rel":"","context":"En &quot;Destacadas&quot;","block_context":{"text":"Destacadas","link":"https:\/\/azturismo.net\/?cat=30"},"img":{"alt_text":"","src":"https:\/\/i0.wp.com\/azturismo.net\/wp-content\/uploads\/2025\/06\/PSX_20250617_112443.jpg?fit=600%2C450&ssl=1&resize=350%2C200","width":350,"height":200,"srcset":"https:\/\/i0.wp.com\/azturismo.net\/wp-content\/uploads\/2025\/06\/PSX_20250617_112443.jpg?fit=600%2C450&ssl=1&resize=350%2C200 1x, https:\/\/i0.wp.com\/azturismo.net\/wp-content\/uploads\/2025\/06\/PSX_20250617_112443.jpg?fit=600%2C450&ssl=1&resize=525%2C300 1.5x"},"classes":[]},{"id":5430,"url":"https:\/\/azturismo.net\/?p=5430","url_meta":{"origin":4265,"position":5},"title":"Estrena CDMX dos trenes tur\u00edsticos: \u201cFrida\u201d y \u201cDiego\u201d","author":"Azturismo","date":"septiembre 17, 2025","format":false,"excerpt":"Por Oscar V\u00e1zquez C. El Tranv\u00eda Tur\u00edstico de la Ciudad de M\u00e9xico celebr\u00f3 su 25 aniversario con una transformaci\u00f3n hist\u00f3rica: la puesta en marcha de sus dos primeras unidades el\u00e9ctricas, bautizadas como \u201cFrida\u201d y \u201cDiego\u201d, en honor a los \u00edconos art\u00edsticos de Coyoac\u00e1n. La ceremonia estuvo encabezada por la secretaria\u2026","rel":"","context":"En &quot;Destacadas&quot;","block_context":{"text":"Destacadas","link":"https:\/\/azturismo.net\/?cat=30"},"img":{"alt_text":"","src":"https:\/\/i0.wp.com\/azturismo.net\/wp-content\/uploads\/2025\/09\/PSX_20250916_221758.jpg?fit=600%2C401&ssl=1&resize=350%2C200","width":350,"height":200,"srcset":"https:\/\/i0.wp.com\/azturismo.net\/wp-content\/uploads\/2025\/09\/PSX_20250916_221758.jpg?fit=600%2C401&ssl=1&resize=350%2C200 1x, https:\/\/i0.wp.com\/azturismo.net\/wp-content\/uploads\/2025\/09\/PSX_20250916_221758.jpg?fit=600%2C401&ssl=1&resize=525%2C300 1.5x"},"classes":[]}],"jetpack_shortlink":"https:\/\/wp.me\/pfqZGx-16N","amp_enabled":true,"_links":{"self":[{"href":"https:\/\/azturismo.net\/index.php?rest_route=\/wp\/v2\/posts\/4265","targetHints":{"allow":["GET"]}}],"collection":[{"href":"https:\/\/azturismo.net\/index.php?rest_route=\/wp\/v2\/posts"}],"about":[{"href":"https:\/\/azturismo.net\/index.php?rest_route=\/wp\/v2\/types\/post"}],"author":[{"embeddable":true,"href":"https:\/\/azturismo.net\/index.php?rest_route=\/wp\/v2\/users\/1"}],"replies":[{"embeddable":true,"href":"https:\/\/azturismo.net\/index.php?rest_route=%2Fwp%2Fv2%2Fcomments&post=4265"}],"version-history":[{"count":2,"href":"https:\/\/azturismo.net\/index.php?rest_route=\/wp\/v2\/posts\/4265\/revisions"}],"predecessor-version":[{"id":4268,"href":"https:\/\/azturismo.net\/index.php?rest_route=\/wp\/v2\/posts\/4265\/revisions\/4268"}],"wp:featuredmedia":[{"embeddable":true,"href":"https:\/\/azturismo.net\/index.php?rest_route=\/wp\/v2\/media\/4266"}],"wp:attachment":[{"href":"https:\/\/azturismo.net\/index.php?rest_route=%2Fwp%2Fv2%2Fmedia&parent=4265"}],"wp:term":[{"taxonomy":"category","embeddable":true,"href":"https:\/\/azturismo.net\/index.php?rest_route=%2Fwp%2Fv2%2Fcategories&post=4265"},{"taxonomy":"post_tag","embeddable":true,"href":"https:\/\/azturismo.net\/index.php?rest_route=%2Fwp%2Fv2%2Ftags&post=4265"}],"curies":[{"name":"wp","href":"https:\/\/api.w.org\/{rel}","templated":true}]}}