{"id":4189,"date":"2025-06-17T20:54:10","date_gmt":"2025-06-18T02:54:10","guid":{"rendered":"https:\/\/azturismo.net\/?p=4189"},"modified":"2025-06-17T20:54:13","modified_gmt":"2025-06-18T02:54:13","slug":"cdmx-y-cali-firman-convenio-turistico-rumbo-mundial-2026","status":"publish","type":"post","link":"https:\/\/azturismo.net\/?p=4189","title":{"rendered":"CDMX y Cali firman convenio tur\u00edstico rumbo Mundial 2026"},"content":{"rendered":"\n<p>Por Oscar V\u00e1zquez C <\/p>\n\n\n\n<p><strong>La secretaria de Turismo de CDMX, Alejandra Frausto, anunci\u00f3 que todas las aficiones ser\u00e1n bienvenidas sin discriminaci\u00f3n durante el Campeonato Mundial de Futbol del pr\u00f3ximo a\u00f1o<\/strong><\/p>\n\n\n\n<p>La Ciudad de M\u00e9xico y Cali, Colombia, sellaron este martes un convenio de colaboraci\u00f3n tur\u00edstica que incluye el lanzamiento de una nueva ruta a\u00e9rea directa entre ambas ciudades, en el marco de los preparativos para recibir a miles de aficionados durante el Mundial de Futbol 2026.<\/p>\n\n\n\n<h2 class=\"wp-block-heading\">Nueva conectividad a\u00e9rea M\u00e9xico-Colombia<\/h2>\n\n\n\n<p>El acuerdo, firmado en el Alc\u00e1zar del Castillo de Chapultepec, contempla vuelos diarios operados por Aerom\u00e9xico con una duraci\u00f3n aproximada de cuatro horas. El primer vuelo est\u00e1 programado para este jueves a las 13:00 horas desde el Aeropuerto Internacional de la Ciudad de M\u00e9xico (AICM).<\/p>\n\n\n\n<p>&#8220;Hoy estamos celebrando dos naciones hermanas, dos pueblos hermanos, con una visi\u00f3n progresista, la posibilidad de generar una hermandad, en la que nos unamos en vez de dividirnos&#8221;, declar\u00f3 la secretaria de Turismo capitalina, Alejandra Frausto Guerrero, durante la ceremonia.<\/p>\n\n\n<div class=\"wp-block-image\">\n<figure class=\"aligncenter size-full\"><img data-recalc-dims=\"1\" loading=\"lazy\" decoding=\"async\" width=\"600\" height=\"400\" data-attachment-id=\"4192\" data-permalink=\"https:\/\/azturismo.net\/?attachment_id=4192\" data-orig-file=\"https:\/\/i0.wp.com\/azturismo.net\/wp-content\/uploads\/2025\/06\/PSX_20250617_201249.jpg?fit=600%2C400&amp;ssl=1\" data-orig-size=\"600,400\" data-comments-opened=\"1\" data-image-meta=\"{&quot;aperture&quot;:&quot;0&quot;,&quot;credit&quot;:&quot;&quot;,&quot;camera&quot;:&quot;&quot;,&quot;caption&quot;:&quot;&quot;,&quot;created_timestamp&quot;:&quot;0&quot;,&quot;copyright&quot;:&quot;&quot;,&quot;focal_length&quot;:&quot;0&quot;,&quot;iso&quot;:&quot;0&quot;,&quot;shutter_speed&quot;:&quot;0&quot;,&quot;title&quot;:&quot;&quot;,&quot;orientation&quot;:&quot;0&quot;}\" data-image-title=\"PSX_20250617_201249\" data-image-description=\"\" data-image-caption=\"\" data-large-file=\"https:\/\/i0.wp.com\/azturismo.net\/wp-content\/uploads\/2025\/06\/PSX_20250617_201249.jpg?fit=600%2C400&amp;ssl=1\" src=\"https:\/\/i0.wp.com\/azturismo.net\/wp-content\/uploads\/2025\/06\/PSX_20250617_201249.jpg?resize=600%2C400&#038;ssl=1\" alt=\"\" class=\"wp-image-4192\" srcset=\"https:\/\/i0.wp.com\/azturismo.net\/wp-content\/uploads\/2025\/06\/PSX_20250617_201249.jpg?w=600&amp;ssl=1 600w, https:\/\/i0.wp.com\/azturismo.net\/wp-content\/uploads\/2025\/06\/PSX_20250617_201249.jpg?resize=300%2C200&amp;ssl=1 300w, https:\/\/i0.wp.com\/azturismo.net\/wp-content\/uploads\/2025\/06\/PSX_20250617_201249.jpg?resize=150%2C100&amp;ssl=1 150w\" sizes=\"auto, (max-width: 600px) 100vw, 600px\" \/><\/figure><\/div>\n\n\n<h2 class=\"wp-block-heading\">CDMX: Ciudad incluyente para el Mundial 2026<\/h2>\n\n\n\n<p>Con miras al Campeonato Mundial de Futbol que se inaugurar\u00e1 por tercera vez en la historia del Estadio Azteca, Frausto Guerrero enfatiz\u00f3 el compromiso de la capital mexicana con la inclusi\u00f3n y la no discriminaci\u00f3n.<\/p>\n\n\n\n<p>&#8220;Somos una ciudad que recibe a todas las nacionalidades, a todas las culturas, a todas las creencias y cultos, a todas las expresiones. A todas y todos por igual sin discriminaci\u00f3n, sin racismo, sin xenofobia de ning\u00fan tipo, sin turismo fobia&#8221;, asegur\u00f3 la funcionaria.<\/p>\n\n\n\n<p>La secretaria subray\u00f3 que la pol\u00edtica tur\u00edstica del gobierno de Clara Brugada se fundamenta en generar &#8220;un movimiento de paz, de armon\u00eda, de hermandad&#8221; que rechaza cualquier tipo de odio.<\/p>\n\n\n\n<h2 class=\"wp-block-heading\">Ciudad de M\u00e9xico: Destino tur\u00edstico integral<\/h2>\n\n\n\n<p>Durante el evento, Frausto destac\u00f3 las fortalezas de la Ciudad de M\u00e9xico como destino tur\u00edstico:<\/p>\n\n\n\n<p><strong>Turismo cultural<\/strong>: Primera ciudad del mundo en oferta cultural, con 80 distinciones de la Gu\u00eda Michelin.<\/p>\n\n\n\n<p><strong>Turismo sustentable<\/strong>: 60% de su superficie corresponde a suelo de conservaci\u00f3n y bosques, de donde proviene el 70% del agua que consume la ciudad.<\/p>\n\n\n\n<p><strong>Diversidad gastron\u00f3mica<\/strong>: Desde hoteles de lujo hasta aut\u00e9nticos tacos callejeros, ofreciendo experiencias para todos los gustos y presupuestos.<\/p>\n\n\n\n<p>La funcionaria explic\u00f3 que la administraci\u00f3n actual est\u00e1 &#8220;recuperando el suelo de conservaci\u00f3n, recuperando el suelo vivo, dando mejores condiciones a los proyectos de turismo comunitario, agro ecol\u00f3gico o turismo de naturaleza&#8221;.<\/p>\n\n\n\n<h2 class=\"wp-block-heading\">Fortalecimiento de relaciones Colombia-M\u00e9xico<\/h2>\n\n\n\n<p>El embajador colombiano Fernando Garc\u00eda Monsalva destac\u00f3 las oportunidades de Cali como ciudad que se conecta &#8220;con el agua, con el medio ambiente, con la naturaleza&#8221;. Adem\u00e1s, celebr\u00f3 la reducci\u00f3n en las inadmisiones de colombianos a M\u00e9xico, lo que &#8220;va a impactar positivamente todos los vuelos entre ambas naciones&#8221;.<\/p>\n\n\n\n<p>El director del Fondo Mixto de Promoci\u00f3n Tur\u00edstica de la Ciudad de M\u00e9xico, Carlos Mart\u00ednez, confirm\u00f3 que se trata de un servicio diario que fortalecer\u00e1 los lazos comerciales y tur\u00edsticos entre ambas ciudades.<\/p>\n\n\n\n<h2 class=\"wp-block-heading\">Hacia el Mundial 2026<\/h2>\n\n\n\n<p>Con la firma de este convenio, la Ciudad de M\u00e9xico refuerza su estrategia para posicionarse como un destino incluyente y diverso de cara al Mundial 2026, cuando el Estadio Azteca volver\u00e1 a ser protagonista de la justa futbol\u00edstica m\u00e1s importante del mundo.<\/p>\n\n\n\n<p>La ceremonia cont\u00f3 con la presencia del embajador de Colombia en M\u00e9xico, Fernando Garc\u00eda Monsalva; la secretaria de Desarrollo Econ\u00f3mico de Cali, Mabel Lorena Lara, y el director general del Fondo Mixto de Promoci\u00f3n Tur\u00edstica, Carlos Mart\u00ednez Vel\u00e1zquez.<\/p>\n\n\n\n<p><\/p>\n","protected":false},"excerpt":{"rendered":"<p>Por Oscar V\u00e1zquez C La secretaria de Turismo de CDMX, Alejandra Frausto, anunci\u00f3 que todas las aficiones ser\u00e1n bienvenidas sin discriminaci\u00f3n durante el Campeonato Mundial de Futbol del pr\u00f3ximo a\u00f1o La Ciudad de M\u00e9xico y Cali, Colombia, sellaron este martes un convenio de colaboraci\u00f3n tur\u00edstica que incluye el lanzamiento de una nueva ruta a\u00e9rea directa [&hellip;]<\/p>\n","protected":false},"author":1,"featured_media":4190,"comment_status":"open","ping_status":"open","sticky":false,"template":"","format":"standard","meta":{"jetpack_post_was_ever_published":false,"_jetpack_newsletter_access":"","_jetpack_dont_email_post_to_subs":false,"_jetpack_newsletter_tier_id":0,"_jetpack_memberships_contains_paywalled_content":false,"_jetpack_memberships_contains_paid_content":false,"footnotes":"","jetpack_publicize_message":"","jetpack_publicize_feature_enabled":true,"jetpack_social_post_already_shared":true,"jetpack_social_options":{"image_generator_settings":{"template":"highway","default_image_id":0,"font":"","enabled":false},"version":2}},"categories":[30,29],"tags":[1772,659,99,1773,263,1775,1776,1774,116,39,1777,1778],"class_list":{"0":"post-4189","1":"post","2":"type-post","3":"status-publish","4":"format-standard","5":"has-post-thumbnail","7":"category-e","8":"category-nacionales","9":"tag-alejandra-frausto","10":"tag-alejandra-frausto-guerrero","11":"tag-azturismo","12":"tag-cali-colombia","13":"tag-ciudad-de-mexico","14":"tag-convenio-turistico","15":"tag-estadio-azteca","16":"tag-mundial-2026","17":"tag-sectur","18":"tag-turismo","19":"tag-turismo-inclusivo","20":"tag-vuelos-directos-aeromexico"},"yoast_head":"<!-- This site is optimized with the Yoast SEO plugin v27.5 - https:\/\/yoast.com\/product\/yoast-seo-wordpress\/ -->\n<title>CDMX y Cali firman convenio tur\u00edstico rumbo Mundial 2026 - Azturismo Noticias<\/title>\n<meta name=\"description\" content=\"La secretaria de Turismo de CDMX, Alejandra Frausto, anunci\u00f3 que todas las aficiones ser\u00e1n bienvenidas sin discriminaci\u00f3n durante el Campeonato Mundial de Futbol del pr\u00f3ximo a\u00f1o\" \/>\n<meta name=\"robots\" content=\"index, follow, max-snippet:-1, max-image-preview:large, max-video-preview:-1\" \/>\n<link rel=\"canonical\" href=\"https:\/\/azturismo.net\/?p=4189\" \/>\n<meta property=\"og:locale\" content=\"es_MX\" \/>\n<meta property=\"og:type\" content=\"article\" \/>\n<meta property=\"og:title\" content=\"CDMX y Cali firman convenio tur\u00edstico rumbo Mundial 2026 - Azturismo Noticias\" \/>\n<meta property=\"og:description\" content=\"La secretaria de Turismo de CDMX, Alejandra Frausto, anunci\u00f3 que todas las aficiones ser\u00e1n bienvenidas sin discriminaci\u00f3n durante el Campeonato Mundial de Futbol del pr\u00f3ximo a\u00f1o\" \/>\n<meta property=\"og:url\" content=\"https:\/\/azturismo.net\/?p=4189\" \/>\n<meta property=\"og:site_name\" content=\"Azturismo Noticias\" \/>\n<meta property=\"article:publisher\" content=\"https:\/\/www.facebook.com\/AzturismoNoticias\" \/>\n<meta property=\"article:published_time\" content=\"2025-06-18T02:54:10+00:00\" \/>\n<meta property=\"article:modified_time\" content=\"2025-06-18T02:54:13+00:00\" \/>\n<meta property=\"og:image\" content=\"https:\/\/azturismo.net\/wp-content\/uploads\/2025\/06\/PSX_20250617_201217-1.jpg\" \/>\n\t<meta property=\"og:image:width\" content=\"600\" \/>\n\t<meta property=\"og:image:height\" content=\"400\" \/>\n\t<meta property=\"og:image:type\" content=\"image\/jpeg\" \/>\n<meta name=\"author\" content=\"Azturismo\" \/>\n<meta name=\"twitter:card\" content=\"summary_large_image\" \/>\n<meta name=\"twitter:creator\" content=\"@AzTurismo\" \/>\n<meta name=\"twitter:site\" content=\"@AzTurismo\" \/>\n<meta name=\"twitter:label1\" content=\"Escrito por\" \/>\n\t<meta name=\"twitter:data1\" content=\"Azturismo\" \/>\n\t<meta name=\"twitter:label2\" content=\"Tiempo de lectura\" \/>\n\t<meta name=\"twitter:data2\" content=\"3 minutos\" \/>\n<script type=\"application\/ld+json\" class=\"yoast-schema-graph\">{\"@context\":\"https:\\\/\\\/schema.org\",\"@graph\":[{\"@type\":\"Article\",\"@id\":\"https:\\\/\\\/azturismo.net\\\/?p=4189#article\",\"isPartOf\":{\"@id\":\"https:\\\/\\\/azturismo.net\\\/?p=4189\"},\"author\":{\"name\":\"Azturismo\",\"@id\":\"https:\\\/\\\/azturismo.net\\\/#\\\/schema\\\/person\\\/4b56d87f51c4d1b518c650739ad3bbc1\"},\"headline\":\"CDMX y Cali firman convenio tur\u00edstico rumbo Mundial 2026\",\"datePublished\":\"2025-06-18T02:54:10+00:00\",\"dateModified\":\"2025-06-18T02:54:13+00:00\",\"mainEntityOfPage\":{\"@id\":\"https:\\\/\\\/azturismo.net\\\/?p=4189\"},\"wordCount\":617,\"commentCount\":0,\"publisher\":{\"@id\":\"https:\\\/\\\/azturismo.net\\\/#organization\"},\"image\":{\"@id\":\"https:\\\/\\\/azturismo.net\\\/?p=4189#primaryimage\"},\"thumbnailUrl\":\"https:\\\/\\\/i0.wp.com\\\/azturismo.net\\\/wp-content\\\/uploads\\\/2025\\\/06\\\/PSX_20250617_201217-1.jpg?fit=600%2C400&ssl=1\",\"keywords\":[\"Alejandra Frausto\",\"Alejandra Frausto Guerrero\",\"azturismo\",\"Cali Colombia\",\"Ciudad de M\u00e9xico\",\"convenio tur\u00edstico\",\"Estadio Azteca\",\"Mundial 2026\",\"Sectur\",\"Turismo\",\"turismo inclusivo\",\"vuelos directos Aerom\u00e9xico\"],\"articleSection\":[\"Destacadas\",\"NACIONALES\"],\"inLanguage\":\"es\",\"potentialAction\":[{\"@type\":\"CommentAction\",\"name\":\"Comment\",\"target\":[\"https:\\\/\\\/azturismo.net\\\/?p=4189#respond\"]}]},{\"@type\":\"WebPage\",\"@id\":\"https:\\\/\\\/azturismo.net\\\/?p=4189\",\"url\":\"https:\\\/\\\/azturismo.net\\\/?p=4189\",\"name\":\"CDMX y Cali firman convenio tur\u00edstico rumbo Mundial 2026 - Azturismo Noticias\",\"isPartOf\":{\"@id\":\"https:\\\/\\\/azturismo.net\\\/#website\"},\"primaryImageOfPage\":{\"@id\":\"https:\\\/\\\/azturismo.net\\\/?p=4189#primaryimage\"},\"image\":{\"@id\":\"https:\\\/\\\/azturismo.net\\\/?p=4189#primaryimage\"},\"thumbnailUrl\":\"https:\\\/\\\/i0.wp.com\\\/azturismo.net\\\/wp-content\\\/uploads\\\/2025\\\/06\\\/PSX_20250617_201217-1.jpg?fit=600%2C400&ssl=1\",\"datePublished\":\"2025-06-18T02:54:10+00:00\",\"dateModified\":\"2025-06-18T02:54:13+00:00\",\"description\":\"La secretaria de Turismo de CDMX, Alejandra Frausto, anunci\u00f3 que todas las aficiones ser\u00e1n bienvenidas sin discriminaci\u00f3n durante el Campeonato Mundial de Futbol del pr\u00f3ximo a\u00f1o\",\"breadcrumb\":{\"@id\":\"https:\\\/\\\/azturismo.net\\\/?p=4189#breadcrumb\"},\"inLanguage\":\"es\",\"potentialAction\":[{\"@type\":\"ReadAction\",\"target\":[\"https:\\\/\\\/azturismo.net\\\/?p=4189\"]}]},{\"@type\":\"ImageObject\",\"inLanguage\":\"es\",\"@id\":\"https:\\\/\\\/azturismo.net\\\/?p=4189#primaryimage\",\"url\":\"https:\\\/\\\/i0.wp.com\\\/azturismo.net\\\/wp-content\\\/uploads\\\/2025\\\/06\\\/PSX_20250617_201217-1.jpg?fit=600%2C400&ssl=1\",\"contentUrl\":\"https:\\\/\\\/i0.wp.com\\\/azturismo.net\\\/wp-content\\\/uploads\\\/2025\\\/06\\\/PSX_20250617_201217-1.jpg?fit=600%2C400&ssl=1\",\"width\":600,\"height\":400},{\"@type\":\"BreadcrumbList\",\"@id\":\"https:\\\/\\\/azturismo.net\\\/?p=4189#breadcrumb\",\"itemListElement\":[{\"@type\":\"ListItem\",\"position\":1,\"name\":\"Home\",\"item\":\"https:\\\/\\\/azturismo.net\\\/\"},{\"@type\":\"ListItem\",\"position\":2,\"name\":\"CDMX y Cali firman convenio tur\u00edstico rumbo Mundial 2026\"}]},{\"@type\":\"WebSite\",\"@id\":\"https:\\\/\\\/azturismo.net\\\/#website\",\"url\":\"https:\\\/\\\/azturismo.net\\\/\",\"name\":\"Azturismo\",\"description\":\"Azturismo Noticias\",\"publisher\":{\"@id\":\"https:\\\/\\\/azturismo.net\\\/#organization\"},\"potentialAction\":[{\"@type\":\"SearchAction\",\"target\":{\"@type\":\"EntryPoint\",\"urlTemplate\":\"https:\\\/\\\/azturismo.net\\\/?s={search_term_string}\"},\"query-input\":{\"@type\":\"PropertyValueSpecification\",\"valueRequired\":true,\"valueName\":\"search_term_string\"}}],\"inLanguage\":\"es\"},{\"@type\":\"Organization\",\"@id\":\"https:\\\/\\\/azturismo.net\\\/#organization\",\"name\":\"Azturismo\",\"url\":\"https:\\\/\\\/azturismo.net\\\/\",\"logo\":{\"@type\":\"ImageObject\",\"inLanguage\":\"es\",\"@id\":\"https:\\\/\\\/azturismo.net\\\/#\\\/schema\\\/logo\\\/image\\\/\",\"url\":\"https:\\\/\\\/i0.wp.com\\\/azturismo.net\\\/wp-content\\\/uploads\\\/2024\\\/03\\\/logo-el-bueno-.png?fit=294%2C69&ssl=1\",\"contentUrl\":\"https:\\\/\\\/i0.wp.com\\\/azturismo.net\\\/wp-content\\\/uploads\\\/2024\\\/03\\\/logo-el-bueno-.png?fit=294%2C69&ssl=1\",\"width\":294,\"height\":69,\"caption\":\"Azturismo\"},\"image\":{\"@id\":\"https:\\\/\\\/azturismo.net\\\/#\\\/schema\\\/logo\\\/image\\\/\"},\"sameAs\":[\"https:\\\/\\\/www.facebook.com\\\/AzturismoNoticias\",\"https:\\\/\\\/x.com\\\/AzTurismo\",\"https:\\\/\\\/www.instagram.com\\\/azturismo_noticias\\\/?fbclid=IwAR2xMiuoHbs6eLeIHKP8P5sSGa-xFrw7FfejscXO7kDghWa7wKLjGczKOwE\",\"https:\\\/\\\/www.tiktok.com\\\/@azturismo\"]},{\"@type\":\"Person\",\"@id\":\"https:\\\/\\\/azturismo.net\\\/#\\\/schema\\\/person\\\/4b56d87f51c4d1b518c650739ad3bbc1\",\"name\":\"Azturismo\",\"image\":{\"@type\":\"ImageObject\",\"inLanguage\":\"es\",\"@id\":\"https:\\\/\\\/azturismo.net\\\/wp-content\\\/litespeed\\\/avatar\\\/dfe28a31cdd68b788da48a316e50db10.jpg?ver=1777707566\",\"url\":\"https:\\\/\\\/azturismo.net\\\/wp-content\\\/litespeed\\\/avatar\\\/dfe28a31cdd68b788da48a316e50db10.jpg?ver=1777707566\",\"contentUrl\":\"https:\\\/\\\/azturismo.net\\\/wp-content\\\/litespeed\\\/avatar\\\/dfe28a31cdd68b788da48a316e50db10.jpg?ver=1777707566\",\"caption\":\"Azturismo\"},\"sameAs\":[\"https:\\\/\\\/azturismo.net\"],\"url\":\"https:\\\/\\\/azturismo.net\\\/?author=1\"}]}<\/script>\n<!-- \/ Yoast SEO plugin. -->","yoast_head_json":{"title":"CDMX y Cali firman convenio tur\u00edstico rumbo Mundial 2026 - Azturismo Noticias","description":"La secretaria de Turismo de CDMX, Alejandra Frausto, anunci\u00f3 que todas las aficiones ser\u00e1n bienvenidas sin discriminaci\u00f3n durante el Campeonato Mundial de Futbol del pr\u00f3ximo a\u00f1o","robots":{"index":"index","follow":"follow","max-snippet":"max-snippet:-1","max-image-preview":"max-image-preview:large","max-video-preview":"max-video-preview:-1"},"canonical":"https:\/\/azturismo.net\/?p=4189","og_locale":"es_MX","og_type":"article","og_title":"CDMX y Cali firman convenio tur\u00edstico rumbo Mundial 2026 - Azturismo Noticias","og_description":"La secretaria de Turismo de CDMX, Alejandra Frausto, anunci\u00f3 que todas las aficiones ser\u00e1n bienvenidas sin discriminaci\u00f3n durante el Campeonato Mundial de Futbol del pr\u00f3ximo a\u00f1o","og_url":"https:\/\/azturismo.net\/?p=4189","og_site_name":"Azturismo Noticias","article_publisher":"https:\/\/www.facebook.com\/AzturismoNoticias","article_published_time":"2025-06-18T02:54:10+00:00","article_modified_time":"2025-06-18T02:54:13+00:00","og_image":[{"width":600,"height":400,"url":"https:\/\/azturismo.net\/wp-content\/uploads\/2025\/06\/PSX_20250617_201217-1.jpg","type":"image\/jpeg"}],"author":"Azturismo","twitter_card":"summary_large_image","twitter_creator":"@AzTurismo","twitter_site":"@AzTurismo","twitter_misc":{"Escrito por":"Azturismo","Tiempo de lectura":"3 minutos"},"schema":{"@context":"https:\/\/schema.org","@graph":[{"@type":"Article","@id":"https:\/\/azturismo.net\/?p=4189#article","isPartOf":{"@id":"https:\/\/azturismo.net\/?p=4189"},"author":{"name":"Azturismo","@id":"https:\/\/azturismo.net\/#\/schema\/person\/4b56d87f51c4d1b518c650739ad3bbc1"},"headline":"CDMX y Cali firman convenio tur\u00edstico rumbo Mundial 2026","datePublished":"2025-06-18T02:54:10+00:00","dateModified":"2025-06-18T02:54:13+00:00","mainEntityOfPage":{"@id":"https:\/\/azturismo.net\/?p=4189"},"wordCount":617,"commentCount":0,"publisher":{"@id":"https:\/\/azturismo.net\/#organization"},"image":{"@id":"https:\/\/azturismo.net\/?p=4189#primaryimage"},"thumbnailUrl":"https:\/\/i0.wp.com\/azturismo.net\/wp-content\/uploads\/2025\/06\/PSX_20250617_201217-1.jpg?fit=600%2C400&ssl=1","keywords":["Alejandra Frausto","Alejandra Frausto Guerrero","azturismo","Cali Colombia","Ciudad de M\u00e9xico","convenio tur\u00edstico","Estadio Azteca","Mundial 2026","Sectur","Turismo","turismo inclusivo","vuelos directos Aerom\u00e9xico"],"articleSection":["Destacadas","NACIONALES"],"inLanguage":"es","potentialAction":[{"@type":"CommentAction","name":"Comment","target":["https:\/\/azturismo.net\/?p=4189#respond"]}]},{"@type":"WebPage","@id":"https:\/\/azturismo.net\/?p=4189","url":"https:\/\/azturismo.net\/?p=4189","name":"CDMX y Cali firman convenio tur\u00edstico rumbo Mundial 2026 - Azturismo Noticias","isPartOf":{"@id":"https:\/\/azturismo.net\/#website"},"primaryImageOfPage":{"@id":"https:\/\/azturismo.net\/?p=4189#primaryimage"},"image":{"@id":"https:\/\/azturismo.net\/?p=4189#primaryimage"},"thumbnailUrl":"https:\/\/i0.wp.com\/azturismo.net\/wp-content\/uploads\/2025\/06\/PSX_20250617_201217-1.jpg?fit=600%2C400&ssl=1","datePublished":"2025-06-18T02:54:10+00:00","dateModified":"2025-06-18T02:54:13+00:00","description":"La secretaria de Turismo de CDMX, Alejandra Frausto, anunci\u00f3 que todas las aficiones ser\u00e1n bienvenidas sin discriminaci\u00f3n durante el Campeonato Mundial de Futbol del pr\u00f3ximo a\u00f1o","breadcrumb":{"@id":"https:\/\/azturismo.net\/?p=4189#breadcrumb"},"inLanguage":"es","potentialAction":[{"@type":"ReadAction","target":["https:\/\/azturismo.net\/?p=4189"]}]},{"@type":"ImageObject","inLanguage":"es","@id":"https:\/\/azturismo.net\/?p=4189#primaryimage","url":"https:\/\/i0.wp.com\/azturismo.net\/wp-content\/uploads\/2025\/06\/PSX_20250617_201217-1.jpg?fit=600%2C400&ssl=1","contentUrl":"https:\/\/i0.wp.com\/azturismo.net\/wp-content\/uploads\/2025\/06\/PSX_20250617_201217-1.jpg?fit=600%2C400&ssl=1","width":600,"height":400},{"@type":"BreadcrumbList","@id":"https:\/\/azturismo.net\/?p=4189#breadcrumb","itemListElement":[{"@type":"ListItem","position":1,"name":"Home","item":"https:\/\/azturismo.net\/"},{"@type":"ListItem","position":2,"name":"CDMX y Cali firman convenio tur\u00edstico rumbo Mundial 2026"}]},{"@type":"WebSite","@id":"https:\/\/azturismo.net\/#website","url":"https:\/\/azturismo.net\/","name":"Azturismo","description":"Azturismo Noticias","publisher":{"@id":"https:\/\/azturismo.net\/#organization"},"potentialAction":[{"@type":"SearchAction","target":{"@type":"EntryPoint","urlTemplate":"https:\/\/azturismo.net\/?s={search_term_string}"},"query-input":{"@type":"PropertyValueSpecification","valueRequired":true,"valueName":"search_term_string"}}],"inLanguage":"es"},{"@type":"Organization","@id":"https:\/\/azturismo.net\/#organization","name":"Azturismo","url":"https:\/\/azturismo.net\/","logo":{"@type":"ImageObject","inLanguage":"es","@id":"https:\/\/azturismo.net\/#\/schema\/logo\/image\/","url":"https:\/\/i0.wp.com\/azturismo.net\/wp-content\/uploads\/2024\/03\/logo-el-bueno-.png?fit=294%2C69&ssl=1","contentUrl":"https:\/\/i0.wp.com\/azturismo.net\/wp-content\/uploads\/2024\/03\/logo-el-bueno-.png?fit=294%2C69&ssl=1","width":294,"height":69,"caption":"Azturismo"},"image":{"@id":"https:\/\/azturismo.net\/#\/schema\/logo\/image\/"},"sameAs":["https:\/\/www.facebook.com\/AzturismoNoticias","https:\/\/x.com\/AzTurismo","https:\/\/www.instagram.com\/azturismo_noticias\/?fbclid=IwAR2xMiuoHbs6eLeIHKP8P5sSGa-xFrw7FfejscXO7kDghWa7wKLjGczKOwE","https:\/\/www.tiktok.com\/@azturismo"]},{"@type":"Person","@id":"https:\/\/azturismo.net\/#\/schema\/person\/4b56d87f51c4d1b518c650739ad3bbc1","name":"Azturismo","image":{"@type":"ImageObject","inLanguage":"es","@id":"https:\/\/azturismo.net\/wp-content\/litespeed\/avatar\/dfe28a31cdd68b788da48a316e50db10.jpg?ver=1777707566","url":"https:\/\/azturismo.net\/wp-content\/litespeed\/avatar\/dfe28a31cdd68b788da48a316e50db10.jpg?ver=1777707566","contentUrl":"https:\/\/azturismo.net\/wp-content\/litespeed\/avatar\/dfe28a31cdd68b788da48a316e50db10.jpg?ver=1777707566","caption":"Azturismo"},"sameAs":["https:\/\/azturismo.net"],"url":"https:\/\/azturismo.net\/?author=1"}]}},"jetpack_publicize_connections":[],"jetpack_featured_media_url":"https:\/\/i0.wp.com\/azturismo.net\/wp-content\/uploads\/2025\/06\/PSX_20250617_201217-1.jpg?fit=600%2C400&ssl=1","jetpack_sharing_enabled":true,"jetpack-related-posts":[{"id":3192,"url":"https:\/\/azturismo.net\/?p=3192","url_meta":{"origin":4189,"position":0},"title":"CDMX fortalece su alianza con el mercado tur\u00edstico colombiano en ANATO 2025","author":"Azturismo","date":"marzo 2, 2025","format":false,"excerpt":"Por Staff AzTurismo La Ciudad de M\u00e9xico brill\u00f3 en la 44\u00aa Vitrina Tur\u00edstica de la Asociaci\u00f3n Colombiana de Agencias de Viajes y Turismo (ANATO) 2025, consolid\u00e1ndose como uno de los destinos favoritos a nivel mundial. Durante el evento, se llevaron a cabo m\u00e1s de 500 citas de negocios entre funcionarios,\u2026","rel":"","context":"En &quot;Destacadas&quot;","block_context":{"text":"Destacadas","link":"https:\/\/azturismo.net\/?cat=30"},"img":{"alt_text":"","src":"https:\/\/i0.wp.com\/azturismo.net\/wp-content\/uploads\/2025\/03\/PSX_20250301_224214.jpg?fit=600%2C400&ssl=1&resize=350%2C200","width":350,"height":200,"srcset":"https:\/\/i0.wp.com\/azturismo.net\/wp-content\/uploads\/2025\/03\/PSX_20250301_224214.jpg?fit=600%2C400&ssl=1&resize=350%2C200 1x, https:\/\/i0.wp.com\/azturismo.net\/wp-content\/uploads\/2025\/03\/PSX_20250301_224214.jpg?fit=600%2C400&ssl=1&resize=525%2C300 1.5x"},"classes":[]},{"id":6270,"url":"https:\/\/azturismo.net\/?p=6270","url_meta":{"origin":4189,"position":1},"title":"Avanza turismo de la CDMX: Alejandra Frausto","author":"Azturismo","date":"noviembre 4, 2025","format":false,"excerpt":"Durante su comparecencia ante el Congreso de la Ciudad de M\u00e9xico, la Secretaria de Turismo, Alejandra Frausto Guerrero, destac\u00f3 que el turismo capitalino \u201cno son solo cifras, sino una historia viva de derechos, inclusi\u00f3n y orgullo\u201d. La funcionaria resalt\u00f3 los avances del programa Colibr\u00ed Viajero, que este a\u00f1o benefici\u00f3 a\u2026","rel":"","context":"En &quot;Destacadas&quot;","block_context":{"text":"Destacadas","link":"https:\/\/azturismo.net\/?cat=30"},"img":{"alt_text":"","src":"https:\/\/i0.wp.com\/azturismo.net\/wp-content\/uploads\/2025\/11\/IMG-20251103-WA0110.jpg?fit=640%2C410&ssl=1&resize=350%2C200","width":350,"height":200,"srcset":"https:\/\/i0.wp.com\/azturismo.net\/wp-content\/uploads\/2025\/11\/IMG-20251103-WA0110.jpg?fit=640%2C410&ssl=1&resize=350%2C200 1x, https:\/\/i0.wp.com\/azturismo.net\/wp-content\/uploads\/2025\/11\/IMG-20251103-WA0110.jpg?fit=640%2C410&ssl=1&resize=525%2C300 1.5x"},"classes":[]},{"id":4269,"url":"https:\/\/azturismo.net\/?p=4269","url_meta":{"origin":4189,"position":2},"title":"CDMX y Tec de Monterrey firman alianza para impulsar el turismo rumbo al Mundial 2026","author":"Azturismo","date":"junio 28, 2025","format":false,"excerpt":"Por. Staff AzTurismo Con el objetivo de fortalecer la promoci\u00f3n tur\u00edstica de la capital mexicana de cara a la Copa Mundial de la FIFA 2026\u2122, la Secretar\u00eda de Turismo de la Ciudad de M\u00e9xico firm\u00f3 un Convenio Marco de Colaboraci\u00f3n con el Tecnol\u00f3gico de Monterrey, campus Ciudad de M\u00e9xico. La\u2026","rel":"","context":"En &quot;NOTITUR&quot;","block_context":{"text":"NOTITUR","link":"https:\/\/azturismo.net\/?cat=25"},"img":{"alt_text":"","src":"https:\/\/i0.wp.com\/azturismo.net\/wp-content\/uploads\/2025\/06\/PSX_20250627_224914.jpg?fit=600%2C450&ssl=1&resize=350%2C200","width":350,"height":200,"srcset":"https:\/\/i0.wp.com\/azturismo.net\/wp-content\/uploads\/2025\/06\/PSX_20250627_224914.jpg?fit=600%2C450&ssl=1&resize=350%2C200 1x, https:\/\/i0.wp.com\/azturismo.net\/wp-content\/uploads\/2025\/06\/PSX_20250627_224914.jpg?fit=600%2C450&ssl=1&resize=525%2C300 1.5x"},"classes":[]},{"id":5238,"url":"https:\/\/azturismo.net\/?p=5238","url_meta":{"origin":4189,"position":3},"title":"Refuerza Sectur CDMX la identidad cultural   en AICM","author":"Azturismo","date":"septiembre 2, 2025","format":false,"excerpt":"Por Staff AzTurismo El Aeropuerto Internacional de la Ciudad de M\u00e9xico (AICM) y la Secretar\u00eda de Turismo de la Ciudad de M\u00e9xico (Sectur CDMX) firmaron un convenio de colaboraci\u00f3n que tiene como objetivo fortalecer la proyecci\u00f3n tur\u00edstica y cultural de la capital del pa\u00eds. Como primer resultado, este martes se\u2026","rel":"","context":"En &quot;Destacadas&quot;","block_context":{"text":"Destacadas","link":"https:\/\/azturismo.net\/?cat=30"},"img":{"alt_text":"","src":"https:\/\/i0.wp.com\/azturismo.net\/wp-content\/uploads\/2025\/09\/IMG-20250902-WA011211.jpg?fit=1200%2C847&ssl=1&resize=350%2C200","width":350,"height":200,"srcset":"https:\/\/i0.wp.com\/azturismo.net\/wp-content\/uploads\/2025\/09\/IMG-20250902-WA011211.jpg?fit=1200%2C847&ssl=1&resize=350%2C200 1x, https:\/\/i0.wp.com\/azturismo.net\/wp-content\/uploads\/2025\/09\/IMG-20250902-WA011211.jpg?fit=1200%2C847&ssl=1&resize=525%2C300 1.5x, https:\/\/i0.wp.com\/azturismo.net\/wp-content\/uploads\/2025\/09\/IMG-20250902-WA011211.jpg?fit=1200%2C847&ssl=1&resize=700%2C400 2x, https:\/\/i0.wp.com\/azturismo.net\/wp-content\/uploads\/2025\/09\/IMG-20250902-WA011211.jpg?fit=1200%2C847&ssl=1&resize=1050%2C600 3x"},"classes":[]},{"id":5430,"url":"https:\/\/azturismo.net\/?p=5430","url_meta":{"origin":4189,"position":4},"title":"Estrena CDMX dos trenes tur\u00edsticos: \u201cFrida\u201d y \u201cDiego\u201d","author":"Azturismo","date":"septiembre 17, 2025","format":false,"excerpt":"Por Oscar V\u00e1zquez C. El Tranv\u00eda Tur\u00edstico de la Ciudad de M\u00e9xico celebr\u00f3 su 25 aniversario con una transformaci\u00f3n hist\u00f3rica: la puesta en marcha de sus dos primeras unidades el\u00e9ctricas, bautizadas como \u201cFrida\u201d y \u201cDiego\u201d, en honor a los \u00edconos art\u00edsticos de Coyoac\u00e1n. La ceremonia estuvo encabezada por la secretaria\u2026","rel":"","context":"En &quot;Destacadas&quot;","block_context":{"text":"Destacadas","link":"https:\/\/azturismo.net\/?cat=30"},"img":{"alt_text":"","src":"https:\/\/i0.wp.com\/azturismo.net\/wp-content\/uploads\/2025\/09\/PSX_20250916_221758.jpg?fit=600%2C401&ssl=1&resize=350%2C200","width":350,"height":200,"srcset":"https:\/\/i0.wp.com\/azturismo.net\/wp-content\/uploads\/2025\/09\/PSX_20250916_221758.jpg?fit=600%2C401&ssl=1&resize=350%2C200 1x, https:\/\/i0.wp.com\/azturismo.net\/wp-content\/uploads\/2025\/09\/PSX_20250916_221758.jpg?fit=600%2C401&ssl=1&resize=525%2C300 1.5x"},"classes":[]},{"id":4225,"url":"https:\/\/azturismo.net\/?p=4225","url_meta":{"origin":4189,"position":5},"title":"CDMX impulsa el liderazgo femenino en turismo con la reuni\u00f3n global RIMEL","author":"Azturismo","date":"junio 20, 2025","format":false,"excerpt":"Por Oscar V\u00e1zquez C. En un acto que refuerza el papel de la mujer en el sector tur\u00edstico, la Secretar\u00eda de Turismo de la Ciudad de M\u00e9xico inaugur\u00f3 la Segunda Reuni\u00f3n Global de la Red Internacional de Mujeres Empresarias L\u00edderes (RIMEL), un encuentro que reuni\u00f3 a destacadas dirigentes de distintas\u2026","rel":"","context":"En &quot;Destacadas&quot;","block_context":{"text":"Destacadas","link":"https:\/\/azturismo.net\/?cat=30"},"img":{"alt_text":"","src":"https:\/\/i0.wp.com\/azturismo.net\/wp-content\/uploads\/2025\/06\/PSX_20250619_222836.jpg?fit=600%2C400&ssl=1&resize=350%2C200","width":350,"height":200,"srcset":"https:\/\/i0.wp.com\/azturismo.net\/wp-content\/uploads\/2025\/06\/PSX_20250619_222836.jpg?fit=600%2C400&ssl=1&resize=350%2C200 1x, https:\/\/i0.wp.com\/azturismo.net\/wp-content\/uploads\/2025\/06\/PSX_20250619_222836.jpg?fit=600%2C400&ssl=1&resize=525%2C300 1.5x"},"classes":[]}],"jetpack_shortlink":"https:\/\/wp.me\/pfqZGx-15z","amp_enabled":true,"_links":{"self":[{"href":"https:\/\/azturismo.net\/index.php?rest_route=\/wp\/v2\/posts\/4189","targetHints":{"allow":["GET"]}}],"collection":[{"href":"https:\/\/azturismo.net\/index.php?rest_route=\/wp\/v2\/posts"}],"about":[{"href":"https:\/\/azturismo.net\/index.php?rest_route=\/wp\/v2\/types\/post"}],"author":[{"embeddable":true,"href":"https:\/\/azturismo.net\/index.php?rest_route=\/wp\/v2\/users\/1"}],"replies":[{"embeddable":true,"href":"https:\/\/azturismo.net\/index.php?rest_route=%2Fwp%2Fv2%2Fcomments&post=4189"}],"version-history":[{"count":2,"href":"https:\/\/azturismo.net\/index.php?rest_route=\/wp\/v2\/posts\/4189\/revisions"}],"predecessor-version":[{"id":4193,"href":"https:\/\/azturismo.net\/index.php?rest_route=\/wp\/v2\/posts\/4189\/revisions\/4193"}],"wp:featuredmedia":[{"embeddable":true,"href":"https:\/\/azturismo.net\/index.php?rest_route=\/wp\/v2\/media\/4190"}],"wp:attachment":[{"href":"https:\/\/azturismo.net\/index.php?rest_route=%2Fwp%2Fv2%2Fmedia&parent=4189"}],"wp:term":[{"taxonomy":"category","embeddable":true,"href":"https:\/\/azturismo.net\/index.php?rest_route=%2Fwp%2Fv2%2Fcategories&post=4189"},{"taxonomy":"post_tag","embeddable":true,"href":"https:\/\/azturismo.net\/index.php?rest_route=%2Fwp%2Fv2%2Ftags&post=4189"}],"curies":[{"name":"wp","href":"https:\/\/api.w.org\/{rel}","templated":true}]}}