{"id":4111,"date":"2025-06-12T08:08:00","date_gmt":"2025-06-12T14:08:00","guid":{"rendered":"https:\/\/azturismo.net\/?p=4111"},"modified":"2025-06-11T23:14:56","modified_gmt":"2025-06-12T05:14:56","slug":"acuerdan-sectur-y-turiimar-promover-turismo-a-las-islas-marias","status":"publish","type":"post","link":"https:\/\/azturismo.net\/?p=4111","title":{"rendered":"Acuerdan Sectur y TURIIMAR promover turismo a Las Islas Mar\u00edas"},"content":{"rendered":"\n<p>por Staff AzTurismo <\/p>\n\n\n\n<p>En el marco de una gira de trabajo por el archipi\u00e9lago de Las Islas Mar\u00edas, la Secretar\u00eda de Turismo del Gobierno de M\u00e9xico (Sectur) y la empresa Tur\u00edstica Integral Islas Mar\u00edas (TURIIMAR) firmaron un <strong>convenio de colaboraci\u00f3n<\/strong> para el uso no exclusivo de la <strong>Marca M\u00e9xico<\/strong>, con el objetivo de <strong>fortalecer la promoci\u00f3n tur\u00edstica<\/strong> de este emblem\u00e1tico destino natural.<\/p>\n\n\n<div class=\"wp-block-image\">\n<figure class=\"aligncenter size-full\"><img data-recalc-dims=\"1\" loading=\"lazy\" decoding=\"async\" width=\"600\" height=\"400\" data-attachment-id=\"4119\" data-permalink=\"https:\/\/azturismo.net\/?attachment_id=4119\" data-orig-file=\"https:\/\/i0.wp.com\/azturismo.net\/wp-content\/uploads\/2025\/06\/PSX_20250611_221417.jpg?fit=600%2C400&amp;ssl=1\" data-orig-size=\"600,400\" data-comments-opened=\"1\" data-image-meta=\"{&quot;aperture&quot;:&quot;0&quot;,&quot;credit&quot;:&quot;&quot;,&quot;camera&quot;:&quot;&quot;,&quot;caption&quot;:&quot;&quot;,&quot;created_timestamp&quot;:&quot;0&quot;,&quot;copyright&quot;:&quot;&quot;,&quot;focal_length&quot;:&quot;0&quot;,&quot;iso&quot;:&quot;0&quot;,&quot;shutter_speed&quot;:&quot;0&quot;,&quot;title&quot;:&quot;&quot;,&quot;orientation&quot;:&quot;0&quot;}\" data-image-title=\"Islas Marias\" data-image-description=\"\" data-image-caption=\"\" data-large-file=\"https:\/\/i0.wp.com\/azturismo.net\/wp-content\/uploads\/2025\/06\/PSX_20250611_221417.jpg?fit=600%2C400&amp;ssl=1\" src=\"https:\/\/i0.wp.com\/azturismo.net\/wp-content\/uploads\/2025\/06\/PSX_20250611_221417.jpg?resize=600%2C400&#038;ssl=1\" alt=\"\" class=\"wp-image-4119\" srcset=\"https:\/\/i0.wp.com\/azturismo.net\/wp-content\/uploads\/2025\/06\/PSX_20250611_221417.jpg?w=600&amp;ssl=1 600w, https:\/\/i0.wp.com\/azturismo.net\/wp-content\/uploads\/2025\/06\/PSX_20250611_221417.jpg?resize=300%2C200&amp;ssl=1 300w, https:\/\/i0.wp.com\/azturismo.net\/wp-content\/uploads\/2025\/06\/PSX_20250611_221417.jpg?resize=150%2C100&amp;ssl=1 150w\" sizes=\"auto, (max-width: 600px) 100vw, 600px\" \/><\/figure><\/div>\n\n\n<p>La titular de Sectur, <strong>Josefina Rodr\u00edguez Zamora<\/strong>, destac\u00f3 que este acuerdo forma parte de la estrategia nacional para <strong>posicionar a M\u00e9xico como l\u00edder en turismo sostenible<\/strong>, alineado con los objetivos del <em>Plan M\u00e9xico 2025\u20132030<\/em>. El convenio permitir\u00e1 a TURIIMAR utilizar gratuitamente y sin fines de lucro la Marca M\u00e9xico en sus acciones de promoci\u00f3n y desarrollo tur\u00edstico en las <strong>Islas Mar\u00edas<\/strong>.<\/p>\n\n\n\n<p>\u201cEste convenio refuerza nuestra visi\u00f3n de un M\u00e9xico que preserva su patrimonio natural y cultural, mientras abre nuevas puertas para un turismo sostenible, responsable y transformador\u201d, expres\u00f3 Rodr\u00edguez Zamora.<\/p>\n\n\n\n<h2 class=\"wp-block-heading\">Impulso a un destino de alto valor patrimonial<\/h2>\n\n\n\n<p>El convenio busca <strong>integrar la Marca M\u00e9xico en todas las estrategias de promoci\u00f3n relacionadas con las Islas Mar\u00edas<\/strong>, fomentando una colaboraci\u00f3n integral para consolidar este archipi\u00e9lago como un <strong>destino tur\u00edstico sustentable, inclusivo y con identidad nacional<\/strong>.<\/p>\n\n\n\n<figure class=\"wp-block-image size-full\"><img data-recalc-dims=\"1\" loading=\"lazy\" decoding=\"async\" width=\"600\" height=\"573\" data-attachment-id=\"4120\" data-permalink=\"https:\/\/azturismo.net\/?attachment_id=4120\" data-orig-file=\"https:\/\/i0.wp.com\/azturismo.net\/wp-content\/uploads\/2025\/06\/PSX_20250611_221523.jpg?fit=600%2C573&amp;ssl=1\" data-orig-size=\"600,573\" data-comments-opened=\"1\" data-image-meta=\"{&quot;aperture&quot;:&quot;0&quot;,&quot;credit&quot;:&quot;&quot;,&quot;camera&quot;:&quot;&quot;,&quot;caption&quot;:&quot;&quot;,&quot;created_timestamp&quot;:&quot;0&quot;,&quot;copyright&quot;:&quot;&quot;,&quot;focal_length&quot;:&quot;0&quot;,&quot;iso&quot;:&quot;0&quot;,&quot;shutter_speed&quot;:&quot;0&quot;,&quot;title&quot;:&quot;&quot;,&quot;orientation&quot;:&quot;0&quot;}\" data-image-title=\"Islas Mar\u00edas\" data-image-description=\"\" data-image-caption=\"\" data-large-file=\"https:\/\/i0.wp.com\/azturismo.net\/wp-content\/uploads\/2025\/06\/PSX_20250611_221523.jpg?fit=600%2C573&amp;ssl=1\" src=\"https:\/\/i0.wp.com\/azturismo.net\/wp-content\/uploads\/2025\/06\/PSX_20250611_221523.jpg?resize=600%2C573&#038;ssl=1\" alt=\"\" class=\"wp-image-4120\" srcset=\"https:\/\/i0.wp.com\/azturismo.net\/wp-content\/uploads\/2025\/06\/PSX_20250611_221523.jpg?w=600&amp;ssl=1 600w, https:\/\/i0.wp.com\/azturismo.net\/wp-content\/uploads\/2025\/06\/PSX_20250611_221523.jpg?resize=300%2C287&amp;ssl=1 300w, https:\/\/i0.wp.com\/azturismo.net\/wp-content\/uploads\/2025\/06\/PSX_20250611_221523.jpg?resize=150%2C143&amp;ssl=1 150w\" sizes=\"auto, (max-width: 600px) 100vw, 600px\" \/><\/figure>\n\n\n\n<p>La secretaria subray\u00f3 que las Islas Mar\u00edas, declaradas <strong>Patrimonio Natural de la Humanidad por la UNESCO<\/strong>, han dejado atr\u00e1s su pasado como colonia penitenciaria para transformarse en un espacio de <strong>reconciliaci\u00f3n, conservaci\u00f3n ambiental y memoria hist\u00f3rica<\/strong>.<\/p>\n\n\n\n<p>\u201cEl uso responsable de la Marca M\u00e9xico ampl\u00eda la visibilidad internacional de este destino extraordinario, reforzando su vocaci\u00f3n tur\u00edstica, educativa y ambiental\u201d, a\u00f1adi\u00f3.<\/p>\n\n\n\n<h2 class=\"wp-block-heading\">Acompa\u00f1amiento institucional<\/h2>\n\n\n\n<p>Durante la firma del convenio estuvieron presentes Emmanuel Romain Ernest Rey, titular de la Direcci\u00f3n General de Promoci\u00f3n y Asuntos Internacionales de Sectur; Luis Fernando Hern\u00e1ndez Villar, jefe del Departamento Jur\u00eddico de TURIIMAR; y Jos\u00e9 Daniel Cer\u00f3n P\u00e9rez, auxiliar administrativo del mismo departamento, entre otros funcionarios.<\/p>\n","protected":false},"excerpt":{"rendered":"<p>por Staff AzTurismo En el marco de una gira de trabajo por el archipi\u00e9lago de Las Islas Mar\u00edas, la Secretar\u00eda de Turismo del Gobierno de M\u00e9xico (Sectur) y la empresa Tur\u00edstica Integral Islas Mar\u00edas (TURIIMAR) firmaron un convenio de colaboraci\u00f3n para el uso no exclusivo de la Marca M\u00e9xico, con el objetivo de fortalecer la [&hellip;]<\/p>\n","protected":false},"author":1,"featured_media":4112,"comment_status":"open","ping_status":"open","sticky":false,"template":"","format":"standard","meta":{"jetpack_post_was_ever_published":false,"_jetpack_newsletter_access":"","_jetpack_dont_email_post_to_subs":false,"_jetpack_newsletter_tier_id":0,"_jetpack_memberships_contains_paywalled_content":false,"_jetpack_memberships_contains_paid_content":false,"footnotes":"","jetpack_publicize_message":"","jetpack_publicize_feature_enabled":true,"jetpack_social_post_already_shared":true,"jetpack_social_options":{"image_generator_settings":{"template":"highway","default_image_id":0,"font":"","enabled":false},"version":2}},"categories":[30,25],"tags":[99,1759,1760,1126,116,1758,1000],"class_list":{"0":"post-4111","1":"post","2":"type-post","3":"status-publish","4":"format-standard","5":"has-post-thumbnail","7":"category-e","8":"category-notitar","9":"tag-azturismo","10":"tag-destinos-turisticos-sustentables","11":"tag-islas-marias-patrimonio-natural","12":"tag-marca-mexico","13":"tag-sectur","14":"tag-turiimar","15":"tag-turismo-sostenible-en-mexico"},"yoast_head":"<!-- This site is optimized with the Yoast SEO plugin v27.5 - https:\/\/yoast.com\/product\/yoast-seo-wordpress\/ -->\n<title>Acuerdan Sectur y TURIIMAR promover turismo a Las Islas Mar\u00edas - Azturismo Noticias<\/title>\n<meta name=\"description\" content=\"En el marco de una gira de trabajo por el archipi\u00e9lago de Las Islas Mar\u00edas, la Secretar\u00eda de Turismo del Gobierno de M\u00e9xico (Sectur) y la empresa Tur\u00edstica Integral Islas Mar\u00edas (TURIIMAR) firmaron un convenio de colaboraci\u00f3n para el uso no exclusivo de la Marca M\u00e9xico, con el objetivo de fortalecer la promoci\u00f3n tur\u00edstica de este emblem\u00e1tico destino natural.\" \/>\n<meta name=\"robots\" content=\"index, follow, max-snippet:-1, max-image-preview:large, max-video-preview:-1\" \/>\n<link rel=\"canonical\" href=\"https:\/\/azturismo.net\/?p=4111\" \/>\n<meta property=\"og:locale\" content=\"es_MX\" \/>\n<meta property=\"og:type\" content=\"article\" \/>\n<meta property=\"og:title\" content=\"Acuerdan Sectur y TURIIMAR promover turismo a Las Islas Mar\u00edas - Azturismo Noticias\" \/>\n<meta property=\"og:description\" content=\"En el marco de una gira de trabajo por el archipi\u00e9lago de Las Islas Mar\u00edas, la Secretar\u00eda de Turismo del Gobierno de M\u00e9xico (Sectur) y la empresa Tur\u00edstica Integral Islas Mar\u00edas (TURIIMAR) firmaron un convenio de colaboraci\u00f3n para el uso no exclusivo de la Marca M\u00e9xico, con el objetivo de fortalecer la promoci\u00f3n tur\u00edstica de este emblem\u00e1tico destino natural.\" \/>\n<meta property=\"og:url\" content=\"https:\/\/azturismo.net\/?p=4111\" \/>\n<meta property=\"og:site_name\" content=\"Azturismo Noticias\" \/>\n<meta property=\"article:publisher\" content=\"https:\/\/www.facebook.com\/AzturismoNoticias\" \/>\n<meta property=\"article:published_time\" content=\"2025-06-12T14:08:00+00:00\" \/>\n<meta property=\"og:image\" content=\"https:\/\/i0.wp.com\/azturismo.net\/wp-content\/uploads\/2025\/06\/PSX_20250611_221317.jpg?fit=600%2C400&ssl=1\" \/>\n\t<meta property=\"og:image:width\" content=\"600\" \/>\n\t<meta property=\"og:image:height\" content=\"400\" \/>\n\t<meta property=\"og:image:type\" content=\"image\/jpeg\" \/>\n<meta name=\"author\" content=\"Azturismo\" \/>\n<meta name=\"twitter:card\" content=\"summary_large_image\" \/>\n<meta name=\"twitter:creator\" content=\"@AzTurismo\" \/>\n<meta name=\"twitter:site\" content=\"@AzTurismo\" \/>\n<meta name=\"twitter:label1\" content=\"Escrito por\" \/>\n\t<meta name=\"twitter:data1\" content=\"Azturismo\" \/>\n\t<meta name=\"twitter:label2\" content=\"Tiempo de lectura\" \/>\n\t<meta name=\"twitter:data2\" content=\"2 minutos\" \/>\n<script type=\"application\/ld+json\" class=\"yoast-schema-graph\">{\"@context\":\"https:\\\/\\\/schema.org\",\"@graph\":[{\"@type\":\"Article\",\"@id\":\"https:\\\/\\\/azturismo.net\\\/?p=4111#article\",\"isPartOf\":{\"@id\":\"https:\\\/\\\/azturismo.net\\\/?p=4111\"},\"author\":{\"name\":\"Azturismo\",\"@id\":\"https:\\\/\\\/azturismo.net\\\/#\\\/schema\\\/person\\\/4b56d87f51c4d1b518c650739ad3bbc1\"},\"headline\":\"Acuerdan Sectur y TURIIMAR promover turismo a Las Islas Mar\u00edas\",\"datePublished\":\"2025-06-12T14:08:00+00:00\",\"mainEntityOfPage\":{\"@id\":\"https:\\\/\\\/azturismo.net\\\/?p=4111\"},\"wordCount\":358,\"commentCount\":0,\"publisher\":{\"@id\":\"https:\\\/\\\/azturismo.net\\\/#organization\"},\"image\":{\"@id\":\"https:\\\/\\\/azturismo.net\\\/?p=4111#primaryimage\"},\"thumbnailUrl\":\"https:\\\/\\\/i0.wp.com\\\/azturismo.net\\\/wp-content\\\/uploads\\\/2025\\\/06\\\/PSX_20250611_221317.jpg?fit=600%2C400&ssl=1\",\"keywords\":[\"azturismo\",\"destinos tur\u00edsticos sustentables\",\"Islas Mar\u00edas Patrimonio Natural\",\"Marca M\u00e9xico\",\"Sectur\",\"TURIIMAR\",\"turismo sostenible en M\u00e9xico\"],\"articleSection\":[\"Destacadas\",\"NOTITUR\"],\"inLanguage\":\"es\",\"potentialAction\":[{\"@type\":\"CommentAction\",\"name\":\"Comment\",\"target\":[\"https:\\\/\\\/azturismo.net\\\/?p=4111#respond\"]}]},{\"@type\":\"WebPage\",\"@id\":\"https:\\\/\\\/azturismo.net\\\/?p=4111\",\"url\":\"https:\\\/\\\/azturismo.net\\\/?p=4111\",\"name\":\"Acuerdan Sectur y TURIIMAR promover turismo a Las Islas Mar\u00edas - Azturismo Noticias\",\"isPartOf\":{\"@id\":\"https:\\\/\\\/azturismo.net\\\/#website\"},\"primaryImageOfPage\":{\"@id\":\"https:\\\/\\\/azturismo.net\\\/?p=4111#primaryimage\"},\"image\":{\"@id\":\"https:\\\/\\\/azturismo.net\\\/?p=4111#primaryimage\"},\"thumbnailUrl\":\"https:\\\/\\\/i0.wp.com\\\/azturismo.net\\\/wp-content\\\/uploads\\\/2025\\\/06\\\/PSX_20250611_221317.jpg?fit=600%2C400&ssl=1\",\"datePublished\":\"2025-06-12T14:08:00+00:00\",\"description\":\"En el marco de una gira de trabajo por el archipi\u00e9lago de Las Islas Mar\u00edas, la Secretar\u00eda de Turismo del Gobierno de M\u00e9xico (Sectur) y la empresa Tur\u00edstica Integral Islas Mar\u00edas (TURIIMAR) firmaron un convenio de colaboraci\u00f3n para el uso no exclusivo de la Marca M\u00e9xico, con el objetivo de fortalecer la promoci\u00f3n tur\u00edstica de este emblem\u00e1tico destino natural.\",\"breadcrumb\":{\"@id\":\"https:\\\/\\\/azturismo.net\\\/?p=4111#breadcrumb\"},\"inLanguage\":\"es\",\"potentialAction\":[{\"@type\":\"ReadAction\",\"target\":[\"https:\\\/\\\/azturismo.net\\\/?p=4111\"]}]},{\"@type\":\"ImageObject\",\"inLanguage\":\"es\",\"@id\":\"https:\\\/\\\/azturismo.net\\\/?p=4111#primaryimage\",\"url\":\"https:\\\/\\\/i0.wp.com\\\/azturismo.net\\\/wp-content\\\/uploads\\\/2025\\\/06\\\/PSX_20250611_221317.jpg?fit=600%2C400&ssl=1\",\"contentUrl\":\"https:\\\/\\\/i0.wp.com\\\/azturismo.net\\\/wp-content\\\/uploads\\\/2025\\\/06\\\/PSX_20250611_221317.jpg?fit=600%2C400&ssl=1\",\"width\":600,\"height\":400},{\"@type\":\"BreadcrumbList\",\"@id\":\"https:\\\/\\\/azturismo.net\\\/?p=4111#breadcrumb\",\"itemListElement\":[{\"@type\":\"ListItem\",\"position\":1,\"name\":\"Home\",\"item\":\"https:\\\/\\\/azturismo.net\\\/\"},{\"@type\":\"ListItem\",\"position\":2,\"name\":\"Acuerdan Sectur y TURIIMAR promover turismo a Las Islas Mar\u00edas\"}]},{\"@type\":\"WebSite\",\"@id\":\"https:\\\/\\\/azturismo.net\\\/#website\",\"url\":\"https:\\\/\\\/azturismo.net\\\/\",\"name\":\"Azturismo\",\"description\":\"Azturismo Noticias\",\"publisher\":{\"@id\":\"https:\\\/\\\/azturismo.net\\\/#organization\"},\"potentialAction\":[{\"@type\":\"SearchAction\",\"target\":{\"@type\":\"EntryPoint\",\"urlTemplate\":\"https:\\\/\\\/azturismo.net\\\/?s={search_term_string}\"},\"query-input\":{\"@type\":\"PropertyValueSpecification\",\"valueRequired\":true,\"valueName\":\"search_term_string\"}}],\"inLanguage\":\"es\"},{\"@type\":\"Organization\",\"@id\":\"https:\\\/\\\/azturismo.net\\\/#organization\",\"name\":\"Azturismo\",\"url\":\"https:\\\/\\\/azturismo.net\\\/\",\"logo\":{\"@type\":\"ImageObject\",\"inLanguage\":\"es\",\"@id\":\"https:\\\/\\\/azturismo.net\\\/#\\\/schema\\\/logo\\\/image\\\/\",\"url\":\"https:\\\/\\\/i0.wp.com\\\/azturismo.net\\\/wp-content\\\/uploads\\\/2024\\\/03\\\/logo-el-bueno-.png?fit=294%2C69&ssl=1\",\"contentUrl\":\"https:\\\/\\\/i0.wp.com\\\/azturismo.net\\\/wp-content\\\/uploads\\\/2024\\\/03\\\/logo-el-bueno-.png?fit=294%2C69&ssl=1\",\"width\":294,\"height\":69,\"caption\":\"Azturismo\"},\"image\":{\"@id\":\"https:\\\/\\\/azturismo.net\\\/#\\\/schema\\\/logo\\\/image\\\/\"},\"sameAs\":[\"https:\\\/\\\/www.facebook.com\\\/AzturismoNoticias\",\"https:\\\/\\\/x.com\\\/AzTurismo\",\"https:\\\/\\\/www.instagram.com\\\/azturismo_noticias\\\/?fbclid=IwAR2xMiuoHbs6eLeIHKP8P5sSGa-xFrw7FfejscXO7kDghWa7wKLjGczKOwE\",\"https:\\\/\\\/www.tiktok.com\\\/@azturismo\"]},{\"@type\":\"Person\",\"@id\":\"https:\\\/\\\/azturismo.net\\\/#\\\/schema\\\/person\\\/4b56d87f51c4d1b518c650739ad3bbc1\",\"name\":\"Azturismo\",\"image\":{\"@type\":\"ImageObject\",\"inLanguage\":\"es\",\"@id\":\"https:\\\/\\\/azturismo.net\\\/wp-content\\\/litespeed\\\/avatar\\\/dfe28a31cdd68b788da48a316e50db10.jpg?ver=1777707566\",\"url\":\"https:\\\/\\\/azturismo.net\\\/wp-content\\\/litespeed\\\/avatar\\\/dfe28a31cdd68b788da48a316e50db10.jpg?ver=1777707566\",\"contentUrl\":\"https:\\\/\\\/azturismo.net\\\/wp-content\\\/litespeed\\\/avatar\\\/dfe28a31cdd68b788da48a316e50db10.jpg?ver=1777707566\",\"caption\":\"Azturismo\"},\"sameAs\":[\"https:\\\/\\\/azturismo.net\"],\"url\":\"https:\\\/\\\/azturismo.net\\\/?author=1\"}]}<\/script>\n<!-- \/ Yoast SEO plugin. -->","yoast_head_json":{"title":"Acuerdan Sectur y TURIIMAR promover turismo a Las Islas Mar\u00edas - Azturismo Noticias","description":"En el marco de una gira de trabajo por el archipi\u00e9lago de Las Islas Mar\u00edas, la Secretar\u00eda de Turismo del Gobierno de M\u00e9xico (Sectur) y la empresa Tur\u00edstica Integral Islas Mar\u00edas (TURIIMAR) firmaron un convenio de colaboraci\u00f3n para el uso no exclusivo de la Marca M\u00e9xico, con el objetivo de fortalecer la promoci\u00f3n tur\u00edstica de este emblem\u00e1tico destino natural.","robots":{"index":"index","follow":"follow","max-snippet":"max-snippet:-1","max-image-preview":"max-image-preview:large","max-video-preview":"max-video-preview:-1"},"canonical":"https:\/\/azturismo.net\/?p=4111","og_locale":"es_MX","og_type":"article","og_title":"Acuerdan Sectur y TURIIMAR promover turismo a Las Islas Mar\u00edas - Azturismo Noticias","og_description":"En el marco de una gira de trabajo por el archipi\u00e9lago de Las Islas Mar\u00edas, la Secretar\u00eda de Turismo del Gobierno de M\u00e9xico (Sectur) y la empresa Tur\u00edstica Integral Islas Mar\u00edas (TURIIMAR) firmaron un convenio de colaboraci\u00f3n para el uso no exclusivo de la Marca M\u00e9xico, con el objetivo de fortalecer la promoci\u00f3n tur\u00edstica de este emblem\u00e1tico destino natural.","og_url":"https:\/\/azturismo.net\/?p=4111","og_site_name":"Azturismo Noticias","article_publisher":"https:\/\/www.facebook.com\/AzturismoNoticias","article_published_time":"2025-06-12T14:08:00+00:00","og_image":[{"width":600,"height":400,"url":"https:\/\/i0.wp.com\/azturismo.net\/wp-content\/uploads\/2025\/06\/PSX_20250611_221317.jpg?fit=600%2C400&ssl=1","type":"image\/jpeg"}],"author":"Azturismo","twitter_card":"summary_large_image","twitter_creator":"@AzTurismo","twitter_site":"@AzTurismo","twitter_misc":{"Escrito por":"Azturismo","Tiempo de lectura":"2 minutos"},"schema":{"@context":"https:\/\/schema.org","@graph":[{"@type":"Article","@id":"https:\/\/azturismo.net\/?p=4111#article","isPartOf":{"@id":"https:\/\/azturismo.net\/?p=4111"},"author":{"name":"Azturismo","@id":"https:\/\/azturismo.net\/#\/schema\/person\/4b56d87f51c4d1b518c650739ad3bbc1"},"headline":"Acuerdan Sectur y TURIIMAR promover turismo a Las Islas Mar\u00edas","datePublished":"2025-06-12T14:08:00+00:00","mainEntityOfPage":{"@id":"https:\/\/azturismo.net\/?p=4111"},"wordCount":358,"commentCount":0,"publisher":{"@id":"https:\/\/azturismo.net\/#organization"},"image":{"@id":"https:\/\/azturismo.net\/?p=4111#primaryimage"},"thumbnailUrl":"https:\/\/i0.wp.com\/azturismo.net\/wp-content\/uploads\/2025\/06\/PSX_20250611_221317.jpg?fit=600%2C400&ssl=1","keywords":["azturismo","destinos tur\u00edsticos sustentables","Islas Mar\u00edas Patrimonio Natural","Marca M\u00e9xico","Sectur","TURIIMAR","turismo sostenible en M\u00e9xico"],"articleSection":["Destacadas","NOTITUR"],"inLanguage":"es","potentialAction":[{"@type":"CommentAction","name":"Comment","target":["https:\/\/azturismo.net\/?p=4111#respond"]}]},{"@type":"WebPage","@id":"https:\/\/azturismo.net\/?p=4111","url":"https:\/\/azturismo.net\/?p=4111","name":"Acuerdan Sectur y TURIIMAR promover turismo a Las Islas Mar\u00edas - Azturismo Noticias","isPartOf":{"@id":"https:\/\/azturismo.net\/#website"},"primaryImageOfPage":{"@id":"https:\/\/azturismo.net\/?p=4111#primaryimage"},"image":{"@id":"https:\/\/azturismo.net\/?p=4111#primaryimage"},"thumbnailUrl":"https:\/\/i0.wp.com\/azturismo.net\/wp-content\/uploads\/2025\/06\/PSX_20250611_221317.jpg?fit=600%2C400&ssl=1","datePublished":"2025-06-12T14:08:00+00:00","description":"En el marco de una gira de trabajo por el archipi\u00e9lago de Las Islas Mar\u00edas, la Secretar\u00eda de Turismo del Gobierno de M\u00e9xico (Sectur) y la empresa Tur\u00edstica Integral Islas Mar\u00edas (TURIIMAR) firmaron un convenio de colaboraci\u00f3n para el uso no exclusivo de la Marca M\u00e9xico, con el objetivo de fortalecer la promoci\u00f3n tur\u00edstica de este emblem\u00e1tico destino natural.","breadcrumb":{"@id":"https:\/\/azturismo.net\/?p=4111#breadcrumb"},"inLanguage":"es","potentialAction":[{"@type":"ReadAction","target":["https:\/\/azturismo.net\/?p=4111"]}]},{"@type":"ImageObject","inLanguage":"es","@id":"https:\/\/azturismo.net\/?p=4111#primaryimage","url":"https:\/\/i0.wp.com\/azturismo.net\/wp-content\/uploads\/2025\/06\/PSX_20250611_221317.jpg?fit=600%2C400&ssl=1","contentUrl":"https:\/\/i0.wp.com\/azturismo.net\/wp-content\/uploads\/2025\/06\/PSX_20250611_221317.jpg?fit=600%2C400&ssl=1","width":600,"height":400},{"@type":"BreadcrumbList","@id":"https:\/\/azturismo.net\/?p=4111#breadcrumb","itemListElement":[{"@type":"ListItem","position":1,"name":"Home","item":"https:\/\/azturismo.net\/"},{"@type":"ListItem","position":2,"name":"Acuerdan Sectur y TURIIMAR promover turismo a Las Islas Mar\u00edas"}]},{"@type":"WebSite","@id":"https:\/\/azturismo.net\/#website","url":"https:\/\/azturismo.net\/","name":"Azturismo","description":"Azturismo Noticias","publisher":{"@id":"https:\/\/azturismo.net\/#organization"},"potentialAction":[{"@type":"SearchAction","target":{"@type":"EntryPoint","urlTemplate":"https:\/\/azturismo.net\/?s={search_term_string}"},"query-input":{"@type":"PropertyValueSpecification","valueRequired":true,"valueName":"search_term_string"}}],"inLanguage":"es"},{"@type":"Organization","@id":"https:\/\/azturismo.net\/#organization","name":"Azturismo","url":"https:\/\/azturismo.net\/","logo":{"@type":"ImageObject","inLanguage":"es","@id":"https:\/\/azturismo.net\/#\/schema\/logo\/image\/","url":"https:\/\/i0.wp.com\/azturismo.net\/wp-content\/uploads\/2024\/03\/logo-el-bueno-.png?fit=294%2C69&ssl=1","contentUrl":"https:\/\/i0.wp.com\/azturismo.net\/wp-content\/uploads\/2024\/03\/logo-el-bueno-.png?fit=294%2C69&ssl=1","width":294,"height":69,"caption":"Azturismo"},"image":{"@id":"https:\/\/azturismo.net\/#\/schema\/logo\/image\/"},"sameAs":["https:\/\/www.facebook.com\/AzturismoNoticias","https:\/\/x.com\/AzTurismo","https:\/\/www.instagram.com\/azturismo_noticias\/?fbclid=IwAR2xMiuoHbs6eLeIHKP8P5sSGa-xFrw7FfejscXO7kDghWa7wKLjGczKOwE","https:\/\/www.tiktok.com\/@azturismo"]},{"@type":"Person","@id":"https:\/\/azturismo.net\/#\/schema\/person\/4b56d87f51c4d1b518c650739ad3bbc1","name":"Azturismo","image":{"@type":"ImageObject","inLanguage":"es","@id":"https:\/\/azturismo.net\/wp-content\/litespeed\/avatar\/dfe28a31cdd68b788da48a316e50db10.jpg?ver=1777707566","url":"https:\/\/azturismo.net\/wp-content\/litespeed\/avatar\/dfe28a31cdd68b788da48a316e50db10.jpg?ver=1777707566","contentUrl":"https:\/\/azturismo.net\/wp-content\/litespeed\/avatar\/dfe28a31cdd68b788da48a316e50db10.jpg?ver=1777707566","caption":"Azturismo"},"sameAs":["https:\/\/azturismo.net"],"url":"https:\/\/azturismo.net\/?author=1"}]}},"jetpack_publicize_connections":[],"jetpack_featured_media_url":"https:\/\/i0.wp.com\/azturismo.net\/wp-content\/uploads\/2025\/06\/PSX_20250611_221317.jpg?fit=600%2C400&ssl=1","jetpack_sharing_enabled":true,"jetpack-related-posts":[{"id":7010,"url":"https:\/\/azturismo.net\/?p=7010","url_meta":{"origin":4111,"position":0},"title":"M\u00e9xico impulsa nuevas experiencias tur\u00edsticas rumbo al Mundial 2026","author":"Azturismo","date":"abril 8, 2026","format":false,"excerpt":"Por Oscar V\u00e1zquez C. \u26bdM\u00e9xico refuerza su estrategia tur\u00edstica con una apuesta clara: ofrecer experiencias aut\u00e9nticas, sustentables y con identidad. De cara a la Copa Mundial de la FIFA 2026, la Secretar\u00eda de Turismo present\u00f3 cuatro proyectos clave que buscan diversificar la oferta nacional y detonar el desarrollo regional en\u2026","rel":"","context":"En &quot;Destacadas&quot;","block_context":{"text":"Destacadas","link":"https:\/\/azturismo.net\/?cat=30"},"img":{"alt_text":"","src":"https:\/\/i0.wp.com\/azturismo.net\/wp-content\/uploads\/2026\/04\/Sectur-destinos-2026.jpeg?fit=600%2C400&ssl=1&resize=350%2C200","width":350,"height":200,"srcset":"https:\/\/i0.wp.com\/azturismo.net\/wp-content\/uploads\/2026\/04\/Sectur-destinos-2026.jpeg?fit=600%2C400&ssl=1&resize=350%2C200 1x, https:\/\/i0.wp.com\/azturismo.net\/wp-content\/uploads\/2026\/04\/Sectur-destinos-2026.jpeg?fit=600%2C400&ssl=1&resize=525%2C300 1.5x"},"classes":[]},{"id":5964,"url":"https:\/\/azturismo.net\/?p=5964","url_meta":{"origin":4111,"position":1},"title":"Fortalece Sectur el turismo comunitario","author":"Azturismo","date":"octubre 14, 2025","format":false,"excerpt":"Por Staff AzTurismo \ud83d\udccd La Secretar\u00eda de Turismo del Gobierno de M\u00e9xico (Sectur) encabez\u00f3 la Primera Sesi\u00f3n Ordinaria 2025 del Consejo Consultivo de Turismo, donde se presentaron acciones y avances clave para fortalecer el turismo comunitario, sostenible e inclusivo en el pa\u00eds. Durante el encuentro, la dependencia reafirm\u00f3 su compromiso\u2026","rel":"","context":"En &quot;NACIONALES&quot;","block_context":{"text":"NACIONALES","link":"https:\/\/azturismo.net\/?cat=29"},"img":{"alt_text":"","src":"https:\/\/i0.wp.com\/azturismo.net\/wp-content\/uploads\/2025\/10\/Comunicado-222-3.jpg?fit=600%2C399&ssl=1&resize=350%2C200","width":350,"height":200,"srcset":"https:\/\/i0.wp.com\/azturismo.net\/wp-content\/uploads\/2025\/10\/Comunicado-222-3.jpg?fit=600%2C399&ssl=1&resize=350%2C200 1x, https:\/\/i0.wp.com\/azturismo.net\/wp-content\/uploads\/2025\/10\/Comunicado-222-3.jpg?fit=600%2C399&ssl=1&resize=525%2C300 1.5x"},"classes":[]},{"id":5730,"url":"https:\/\/azturismo.net\/?p=5730","url_meta":{"origin":4111,"position":2},"title":"\u00a1M\u00e9xico mejor destino de Latinoam\u00e9rica!","author":"Azturismo","date":"septiembre 29, 2025","format":false,"excerpt":"Por Staff AzTurismo La grandeza tur\u00edstica de M\u00e9xico recibi\u00f3 un reconocimiento de talla mundial. En una ceremonia llena de brillo celebrada en Canc\u00fan, el pa\u00eds fue galardonado como \u201cMexico & Central America\u2019s Leading Destination\u201d (Destino L\u00edder de M\u00e9xico y Am\u00e9rica Central) en la edici\u00f3n 2025 de los prestigiosos World Travel\u2026","rel":"","context":"En &quot;Destacadas&quot;","block_context":{"text":"Destacadas","link":"https:\/\/azturismo.net\/?cat=30"},"img":{"alt_text":"","src":"https:\/\/i0.wp.com\/azturismo.net\/wp-content\/uploads\/2025\/09\/IMG-20250928-WA0007.jpg?fit=864%2C864&ssl=1&resize=350%2C200","width":350,"height":200,"srcset":"https:\/\/i0.wp.com\/azturismo.net\/wp-content\/uploads\/2025\/09\/IMG-20250928-WA0007.jpg?fit=864%2C864&ssl=1&resize=350%2C200 1x, https:\/\/i0.wp.com\/azturismo.net\/wp-content\/uploads\/2025\/09\/IMG-20250928-WA0007.jpg?fit=864%2C864&ssl=1&resize=525%2C300 1.5x, https:\/\/i0.wp.com\/azturismo.net\/wp-content\/uploads\/2025\/09\/IMG-20250928-WA0007.jpg?fit=864%2C864&ssl=1&resize=700%2C400 2x"},"classes":[]},{"id":4280,"url":"https:\/\/azturismo.net\/?p=4280","url_meta":{"origin":4111,"position":3},"title":"Sectur federal fortalece su compromiso con un turismo inclusivo y sin discriminaci\u00f3n","author":"Azturismo","date":"junio 28, 2025","format":false,"excerpt":"Por Oscar V\u00e1zquez C. En el marco del D\u00eda Internacional del Orgullo LGBTTTQI+, la Secretar\u00eda de Turismo (Sectur) del Gobierno de M\u00e9xico refrend\u00f3 su compromiso con un turismo libre de discriminaci\u00f3n, seguro, respetuoso e inclusivo, que favorezca a las personas de la diversidad sexual y de g\u00e9nero. Josefina Rodr\u00edguez Zamora,\u2026","rel":"","context":"En &quot;Destacadas&quot;","block_context":{"text":"Destacadas","link":"https:\/\/azturismo.net\/?cat=30"},"img":{"alt_text":"","src":"https:\/\/i0.wp.com\/azturismo.net\/wp-content\/uploads\/2025\/06\/PSX_20250627_231638.jpg?fit=600%2C400&ssl=1&resize=350%2C200","width":350,"height":200,"srcset":"https:\/\/i0.wp.com\/azturismo.net\/wp-content\/uploads\/2025\/06\/PSX_20250627_231638.jpg?fit=600%2C400&ssl=1&resize=350%2C200 1x, https:\/\/i0.wp.com\/azturismo.net\/wp-content\/uploads\/2025\/06\/PSX_20250627_231638.jpg?fit=600%2C400&ssl=1&resize=525%2C300 1.5x"},"classes":[]},{"id":4248,"url":"https:\/\/azturismo.net\/?p=4248","url_meta":{"origin":4111,"position":4},"title":"Propone Sectur 5 acciones para diversificar el turismo sostenible en M\u00e9xico","author":"Azturismo","date":"junio 27, 2025","format":false,"excerpt":"Por Staff AzTurismo En el marco de la Tercera Cumbre de Sostenibilidad y Desarrollo Econ\u00f3mico BBVA 2025, la Secretar\u00eda de Turismo del Gobierno de M\u00e9xico present\u00f3 una propuesta con cinco acciones estrat\u00e9gicas para diversificar la actividad tur\u00edstica en el pa\u00eds y fortalecer su enfoque sostenible, regenerativo e incluyente. Durante su\u2026","rel":"","context":"En &quot;Destacadas&quot;","block_context":{"text":"Destacadas","link":"https:\/\/azturismo.net\/?cat=30"},"img":{"alt_text":"","src":"https:\/\/i0.wp.com\/azturismo.net\/wp-content\/uploads\/2025\/06\/PSX_20250625_232506.jpg?fit=600%2C400&ssl=1&resize=350%2C200","width":350,"height":200,"srcset":"https:\/\/i0.wp.com\/azturismo.net\/wp-content\/uploads\/2025\/06\/PSX_20250625_232506.jpg?fit=600%2C400&ssl=1&resize=350%2C200 1x, https:\/\/i0.wp.com\/azturismo.net\/wp-content\/uploads\/2025\/06\/PSX_20250625_232506.jpg?fit=600%2C400&ssl=1&resize=525%2C300 1.5x"},"classes":[]},{"id":3489,"url":"https:\/\/azturismo.net\/?p=3489","url_meta":{"origin":4111,"position":5},"title":"Sectur y BBVA impulsan el turismo nacional con la estrategia \u201cAvanzamos por M\u00e9xico\u201d","author":"Azturismo","date":"marzo 28, 2025","format":false,"excerpt":"Por Oscar V\u00e1zquez C La Secretar\u00eda de Turismo (Sectur) del Gobierno de M\u00e9xico y BBVA M\u00e9xico presentaron la estrategia \u201cAvanzamos por M\u00e9xico\u201d, un plan integral que busca fortalecer el turismo nacional a trav\u00e9s de cinco ejes estrat\u00e9gicos. \u2705 1. Promociones exclusivas para viajeros BBVA ofrecer\u00e1 beneficios especiales a sus clientes,\u2026","rel":"","context":"En &quot;Destacadas&quot;","block_context":{"text":"Destacadas","link":"https:\/\/azturismo.net\/?cat=30"},"img":{"alt_text":"","src":"https:\/\/i0.wp.com\/azturismo.net\/wp-content\/uploads\/2025\/03\/PSX_20250328_155853.jpg?fit=600%2C400&ssl=1&resize=350%2C200","width":350,"height":200,"srcset":"https:\/\/i0.wp.com\/azturismo.net\/wp-content\/uploads\/2025\/03\/PSX_20250328_155853.jpg?fit=600%2C400&ssl=1&resize=350%2C200 1x, https:\/\/i0.wp.com\/azturismo.net\/wp-content\/uploads\/2025\/03\/PSX_20250328_155853.jpg?fit=600%2C400&ssl=1&resize=525%2C300 1.5x"},"classes":[]}],"jetpack_shortlink":"https:\/\/wp.me\/pfqZGx-14j","amp_enabled":true,"_links":{"self":[{"href":"https:\/\/azturismo.net\/index.php?rest_route=\/wp\/v2\/posts\/4111","targetHints":{"allow":["GET"]}}],"collection":[{"href":"https:\/\/azturismo.net\/index.php?rest_route=\/wp\/v2\/posts"}],"about":[{"href":"https:\/\/azturismo.net\/index.php?rest_route=\/wp\/v2\/types\/post"}],"author":[{"embeddable":true,"href":"https:\/\/azturismo.net\/index.php?rest_route=\/wp\/v2\/users\/1"}],"replies":[{"embeddable":true,"href":"https:\/\/azturismo.net\/index.php?rest_route=%2Fwp%2Fv2%2Fcomments&post=4111"}],"version-history":[{"count":4,"href":"https:\/\/azturismo.net\/index.php?rest_route=\/wp\/v2\/posts\/4111\/revisions"}],"predecessor-version":[{"id":4121,"href":"https:\/\/azturismo.net\/index.php?rest_route=\/wp\/v2\/posts\/4111\/revisions\/4121"}],"wp:featuredmedia":[{"embeddable":true,"href":"https:\/\/azturismo.net\/index.php?rest_route=\/wp\/v2\/media\/4112"}],"wp:attachment":[{"href":"https:\/\/azturismo.net\/index.php?rest_route=%2Fwp%2Fv2%2Fmedia&parent=4111"}],"wp:term":[{"taxonomy":"category","embeddable":true,"href":"https:\/\/azturismo.net\/index.php?rest_route=%2Fwp%2Fv2%2Fcategories&post=4111"},{"taxonomy":"post_tag","embeddable":true,"href":"https:\/\/azturismo.net\/index.php?rest_route=%2Fwp%2Fv2%2Ftags&post=4111"}],"curies":[{"name":"wp","href":"https:\/\/api.w.org\/{rel}","templated":true}]}}