{"id":4017,"date":"2025-06-06T15:00:00","date_gmt":"2025-06-06T21:00:00","guid":{"rendered":"https:\/\/azturismo.net\/?p=4017"},"modified":"2025-06-09T14:20:01","modified_gmt":"2025-06-09T20:20:01","slug":"morelos-sera-sede-de-la-expo-glamping-2025","status":"publish","type":"post","link":"https:\/\/azturismo.net\/?p=4017","title":{"rendered":"\ud83c\udf0d Glamping y turismo sostenible en Latinoam\u00e9rica: una tendencia en expansi\u00f3n"},"content":{"rendered":"\n<p>El <strong>83\u202f% de los viajeros globales<\/strong> y el <strong>72\u202f% de los latinoamericanos<\/strong> priorizan experiencias sostenibles al elegir destinos. Esta tendencia ha impulsado una transformaci\u00f3n en la forma de viajar.<\/p>\n\n\n\n<hr class=\"wp-block-separator has-alpha-channel-opacity\"\/>\n\n\n\n<h2 class=\"wp-block-heading\">\ud83d\udcb0 Un mercado en crecimiento<\/h2>\n\n\n\n<p>En Latinoam\u00e9rica, el <strong>glamping<\/strong>, que combina lujo, naturaleza y sostenibilidad, est\u00e1 valuado en <strong>2.8 mil millones de d\u00f3lares para 2025<\/strong>. Adem\u00e1s, el <strong>ecoturismo<\/strong> mantiene un crecimiento anual del <strong>20\u202f%<\/strong>.<\/p>\n\n\n\n<hr class=\"wp-block-separator has-alpha-channel-opacity\"\/>\n\n\n\n<h2 class=\"wp-block-heading\">\ud83c\udf04 Morelos: sede estrat\u00e9gica para el turismo sustentable<\/h2>\n\n\n\n<p>La elecci\u00f3n de <strong>Morelos<\/strong> como sede de este movimiento responde a su entorno \u00fanico y sus experiencias de bajo impacto ambiental.<\/p>\n\n\n\n<p>Destinos como <strong>Tendo, Hostal Fungi, Azomalli, Nehira<\/strong> y <strong>Glampidom<\/strong> destacan por su integraci\u00f3n de:<\/p>\n\n\n\n<ul class=\"wp-block-list\">\n<li>Comodidad<\/li>\n\n\n\n<li>Conexi\u00f3n con comunidades locales<\/li>\n\n\n\n<li>Respeto por la naturaleza<\/li>\n<\/ul>\n\n\n\n<hr class=\"wp-block-separator has-alpha-channel-opacity\"\/>\n\n\n\n<h2 class=\"wp-block-heading\">\ud83c\udf93 Expo Glamping 2025: capacitaci\u00f3n y networking<\/h2>\n\n\n\n<p>Este evento ser\u00e1 un punto de encuentro clave para emprendedores, operadores y marcas del sector. Incluir\u00e1:<\/p>\n\n\n\n<h3 class=\"wp-block-heading\">\ud83e\udde0 Asesor\u00eda especializada<\/h3>\n\n\n\n<p>Consultores expertos brindar\u00e1n orientaci\u00f3n en \u00e1reas como:<\/p>\n\n\n\n<ul class=\"wp-block-list\">\n<li>Marketing y posicionamiento<\/li>\n\n\n\n<li>Recursos humanos<\/li>\n\n\n\n<li>Dise\u00f1o de experiencias inmersivas<\/li>\n\n\n\n<li>Modelos de negocio sostenibles<\/li>\n<\/ul>\n\n\n\n<h3 class=\"wp-block-heading\">\ud83d\udee0\ufe0f Muestra comercial<\/h3>\n\n\n\n<p>Espacios dedicados a proveedores de:<\/p>\n\n\n\n<ul class=\"wp-block-list\">\n<li>Estructuras ecol\u00f3gicas<\/li>\n\n\n\n<li>Soluciones tecnol\u00f3gicas para gesti\u00f3n ambiental<\/li>\n<\/ul>\n\n\n\n<h3 class=\"wp-block-heading\">\ud83e\udd1d Redes de colaboraci\u00f3n<\/h3>\n\n\n\n<p>Reuniones entre propietarios de glampings, hoteles boutique, operadores tur\u00edsticos y emprendedores, para fortalecer v\u00ednculos y compartir buenas pr\u00e1cticas.<\/p>\n\n\n\n<hr class=\"wp-block-separator has-alpha-channel-opacity\"\/>\n\n\n\n<h2 class=\"wp-block-heading\">\ud83d\udd2d Visi\u00f3n de futuro<\/h2>\n\n\n\n<p>Esta edici\u00f3n posiciona a <strong>Morelos<\/strong> como epicentro del turismo consciente en Am\u00e9rica Latina. Se reafirma su liderazgo en:<\/p>\n\n\n\n<ul class=\"wp-block-list\">\n<li>Turismo de bienestar<\/li>\n\n\n\n<li>Hospitalidad regenerativa<\/li>\n\n\n\n<li>Experiencias aut\u00e9nticas y rentables<\/li>\n<\/ul>\n\n\n\n<hr class=\"wp-block-separator has-alpha-channel-opacity\"\/>\n\n\n\n<h2 class=\"wp-block-heading\">\ud83c\udf3f \u00danete al futuro del turismo sustentable<\/h2>\n\n\n\n<p>La <strong>Expo Glamping 2025<\/strong> marca un antes y un despu\u00e9s en el turismo mexicano. Es una plataforma que impulsa el cambio hacia modelos m\u00e1s responsables, humanos y conscientes.<\/p>\n\n\n\n<h1 class=\"wp-block-heading\"><\/h1>\n","protected":false},"excerpt":{"rendered":"<p>El 83\u202f% de los viajeros globales y el 72\u202f% de los latinoamericanos priorizan experiencias sostenibles al elegir destinos. Esta tendencia ha impulsado una transformaci\u00f3n en la forma de viajar. \ud83d\udcb0 Un mercado en crecimiento En Latinoam\u00e9rica, el glamping, que combina lujo, naturaleza y sostenibilidad, est\u00e1 valuado en 2.8 mil millones de d\u00f3lares para 2025. Adem\u00e1s, [&hellip;]<\/p>\n","protected":false},"author":1,"featured_media":4020,"comment_status":"open","ping_status":"open","sticky":false,"template":"","format":"standard","meta":{"jetpack_post_was_ever_published":false,"_jetpack_newsletter_access":"","_jetpack_dont_email_post_to_subs":false,"_jetpack_newsletter_tier_id":0,"_jetpack_memberships_contains_paywalled_content":false,"_jetpack_memberships_contains_paid_content":false,"footnotes":"","jetpack_publicize_message":"","jetpack_publicize_feature_enabled":true,"jetpack_social_post_already_shared":true,"jetpack_social_options":{"image_generator_settings":{"template":"highway","default_image_id":0,"font":"","enabled":false},"version":2}},"categories":[30,28],"tags":[99,1720,1703,403,116,1721,39,766],"class_list":{"0":"post-4017","1":"post","2":"type-post","3":"status-publish","4":"format-standard","5":"has-post-thumbnail","7":"category-e","8":"category-tendencias","9":"tag-azturismo","10":"tag-expo-glamping-2025","11":"tag-ferias-y-exposiciones","12":"tag-morelos","13":"tag-sectur","14":"tag-sectur-morelos","15":"tag-turismo","16":"tag-turismo-sustentable"},"yoast_head":"<!-- This site is optimized with the Yoast SEO plugin v27.5 - https:\/\/yoast.com\/product\/yoast-seo-wordpress\/ -->\n<title>\ud83c\udf0d Glamping y turismo sostenible en Latinoam\u00e9rica: una tendencia en expansi\u00f3n - Azturismo Noticias<\/title>\n<meta name=\"description\" content=\"Morelos se posiciona como referente del turismo sustentable en M\u00e9xico al albergar la Expo Glamping 2025, evento que reunir\u00e1 en el parque ecol\u00f3gico &quot;Las Estacas&quot; a los principales actores de la industria del glamping.\" \/>\n<meta name=\"robots\" content=\"index, follow, max-snippet:-1, max-image-preview:large, max-video-preview:-1\" \/>\n<link rel=\"canonical\" href=\"https:\/\/azturismo.net\/?p=4017\" \/>\n<meta property=\"og:locale\" content=\"es_MX\" \/>\n<meta property=\"og:type\" content=\"article\" \/>\n<meta property=\"og:title\" content=\"\ud83c\udf0d Glamping y turismo sostenible en Latinoam\u00e9rica: una tendencia en expansi\u00f3n - Azturismo Noticias\" \/>\n<meta property=\"og:description\" content=\"Morelos se posiciona como referente del turismo sustentable en M\u00e9xico al albergar la Expo Glamping 2025, evento que reunir\u00e1 en el parque ecol\u00f3gico &quot;Las Estacas&quot; a los principales actores de la industria del glamping.\" \/>\n<meta property=\"og:url\" content=\"https:\/\/azturismo.net\/?p=4017\" \/>\n<meta property=\"og:site_name\" content=\"Azturismo Noticias\" \/>\n<meta property=\"article:publisher\" content=\"https:\/\/www.facebook.com\/AzturismoNoticias\" \/>\n<meta property=\"article:published_time\" content=\"2025-06-06T21:00:00+00:00\" \/>\n<meta property=\"article:modified_time\" content=\"2025-06-09T20:20:01+00:00\" \/>\n<meta property=\"og:image\" content=\"https:\/\/azturismo.net\/wp-content\/uploads\/2025\/06\/PSX_20250605_233041.jpg\" \/>\n\t<meta property=\"og:image:width\" content=\"600\" \/>\n\t<meta property=\"og:image:height\" content=\"601\" \/>\n\t<meta property=\"og:image:type\" content=\"image\/jpeg\" \/>\n<meta name=\"author\" content=\"Azturismo\" \/>\n<meta name=\"twitter:card\" content=\"summary_large_image\" \/>\n<meta name=\"twitter:creator\" content=\"@AzTurismo\" \/>\n<meta name=\"twitter:site\" content=\"@AzTurismo\" \/>\n<meta name=\"twitter:label1\" content=\"Escrito por\" \/>\n\t<meta name=\"twitter:data1\" content=\"Azturismo\" \/>\n\t<meta name=\"twitter:label2\" content=\"Tiempo de lectura\" \/>\n\t<meta name=\"twitter:data2\" content=\"2 minutos\" \/>\n<script type=\"application\/ld+json\" class=\"yoast-schema-graph\">{\"@context\":\"https:\\\/\\\/schema.org\",\"@graph\":[{\"@type\":\"Article\",\"@id\":\"https:\\\/\\\/azturismo.net\\\/?p=4017#article\",\"isPartOf\":{\"@id\":\"https:\\\/\\\/azturismo.net\\\/?p=4017\"},\"author\":{\"name\":\"Azturismo\",\"@id\":\"https:\\\/\\\/azturismo.net\\\/#\\\/schema\\\/person\\\/4b56d87f51c4d1b518c650739ad3bbc1\"},\"headline\":\"\ud83c\udf0d Glamping y turismo sostenible en Latinoam\u00e9rica: una tendencia en expansi\u00f3n\",\"datePublished\":\"2025-06-06T21:00:00+00:00\",\"dateModified\":\"2025-06-09T20:20:01+00:00\",\"mainEntityOfPage\":{\"@id\":\"https:\\\/\\\/azturismo.net\\\/?p=4017\"},\"wordCount\":287,\"commentCount\":0,\"publisher\":{\"@id\":\"https:\\\/\\\/azturismo.net\\\/#organization\"},\"image\":{\"@id\":\"https:\\\/\\\/azturismo.net\\\/?p=4017#primaryimage\"},\"thumbnailUrl\":\"https:\\\/\\\/i0.wp.com\\\/azturismo.net\\\/wp-content\\\/uploads\\\/2025\\\/06\\\/PSX_20250605_233041.jpg?fit=600%2C601&ssl=1\",\"keywords\":[\"azturismo\",\"Expo Glamping 2025\",\"ferias y exposiciones\",\"Morelos\",\"Sectur\",\"Sectur Morelos\",\"Turismo\",\"turismo sustentable\"],\"articleSection\":[\"Destacadas\",\"TENDENCIAS\"],\"inLanguage\":\"es\",\"potentialAction\":[{\"@type\":\"CommentAction\",\"name\":\"Comment\",\"target\":[\"https:\\\/\\\/azturismo.net\\\/?p=4017#respond\"]}]},{\"@type\":\"WebPage\",\"@id\":\"https:\\\/\\\/azturismo.net\\\/?p=4017\",\"url\":\"https:\\\/\\\/azturismo.net\\\/?p=4017\",\"name\":\"\ud83c\udf0d Glamping y turismo sostenible en Latinoam\u00e9rica: una tendencia en expansi\u00f3n - Azturismo Noticias\",\"isPartOf\":{\"@id\":\"https:\\\/\\\/azturismo.net\\\/#website\"},\"primaryImageOfPage\":{\"@id\":\"https:\\\/\\\/azturismo.net\\\/?p=4017#primaryimage\"},\"image\":{\"@id\":\"https:\\\/\\\/azturismo.net\\\/?p=4017#primaryimage\"},\"thumbnailUrl\":\"https:\\\/\\\/i0.wp.com\\\/azturismo.net\\\/wp-content\\\/uploads\\\/2025\\\/06\\\/PSX_20250605_233041.jpg?fit=600%2C601&ssl=1\",\"datePublished\":\"2025-06-06T21:00:00+00:00\",\"dateModified\":\"2025-06-09T20:20:01+00:00\",\"description\":\"Morelos se posiciona como referente del turismo sustentable en M\u00e9xico al albergar la Expo Glamping 2025, evento que reunir\u00e1 en el parque ecol\u00f3gico \\\"Las Estacas\\\" a los principales actores de la industria del glamping.\",\"breadcrumb\":{\"@id\":\"https:\\\/\\\/azturismo.net\\\/?p=4017#breadcrumb\"},\"inLanguage\":\"es\",\"potentialAction\":[{\"@type\":\"ReadAction\",\"target\":[\"https:\\\/\\\/azturismo.net\\\/?p=4017\"]}]},{\"@type\":\"ImageObject\",\"inLanguage\":\"es\",\"@id\":\"https:\\\/\\\/azturismo.net\\\/?p=4017#primaryimage\",\"url\":\"https:\\\/\\\/i0.wp.com\\\/azturismo.net\\\/wp-content\\\/uploads\\\/2025\\\/06\\\/PSX_20250605_233041.jpg?fit=600%2C601&ssl=1\",\"contentUrl\":\"https:\\\/\\\/i0.wp.com\\\/azturismo.net\\\/wp-content\\\/uploads\\\/2025\\\/06\\\/PSX_20250605_233041.jpg?fit=600%2C601&ssl=1\",\"width\":600,\"height\":601},{\"@type\":\"BreadcrumbList\",\"@id\":\"https:\\\/\\\/azturismo.net\\\/?p=4017#breadcrumb\",\"itemListElement\":[{\"@type\":\"ListItem\",\"position\":1,\"name\":\"Home\",\"item\":\"https:\\\/\\\/azturismo.net\\\/\"},{\"@type\":\"ListItem\",\"position\":2,\"name\":\"\ud83c\udf0d Glamping y turismo sostenible en Latinoam\u00e9rica: una tendencia en expansi\u00f3n\"}]},{\"@type\":\"WebSite\",\"@id\":\"https:\\\/\\\/azturismo.net\\\/#website\",\"url\":\"https:\\\/\\\/azturismo.net\\\/\",\"name\":\"Azturismo\",\"description\":\"Azturismo Noticias\",\"publisher\":{\"@id\":\"https:\\\/\\\/azturismo.net\\\/#organization\"},\"potentialAction\":[{\"@type\":\"SearchAction\",\"target\":{\"@type\":\"EntryPoint\",\"urlTemplate\":\"https:\\\/\\\/azturismo.net\\\/?s={search_term_string}\"},\"query-input\":{\"@type\":\"PropertyValueSpecification\",\"valueRequired\":true,\"valueName\":\"search_term_string\"}}],\"inLanguage\":\"es\"},{\"@type\":\"Organization\",\"@id\":\"https:\\\/\\\/azturismo.net\\\/#organization\",\"name\":\"Azturismo\",\"url\":\"https:\\\/\\\/azturismo.net\\\/\",\"logo\":{\"@type\":\"ImageObject\",\"inLanguage\":\"es\",\"@id\":\"https:\\\/\\\/azturismo.net\\\/#\\\/schema\\\/logo\\\/image\\\/\",\"url\":\"https:\\\/\\\/i0.wp.com\\\/azturismo.net\\\/wp-content\\\/uploads\\\/2024\\\/03\\\/logo-el-bueno-.png?fit=294%2C69&ssl=1\",\"contentUrl\":\"https:\\\/\\\/i0.wp.com\\\/azturismo.net\\\/wp-content\\\/uploads\\\/2024\\\/03\\\/logo-el-bueno-.png?fit=294%2C69&ssl=1\",\"width\":294,\"height\":69,\"caption\":\"Azturismo\"},\"image\":{\"@id\":\"https:\\\/\\\/azturismo.net\\\/#\\\/schema\\\/logo\\\/image\\\/\"},\"sameAs\":[\"https:\\\/\\\/www.facebook.com\\\/AzturismoNoticias\",\"https:\\\/\\\/x.com\\\/AzTurismo\",\"https:\\\/\\\/www.instagram.com\\\/azturismo_noticias\\\/?fbclid=IwAR2xMiuoHbs6eLeIHKP8P5sSGa-xFrw7FfejscXO7kDghWa7wKLjGczKOwE\",\"https:\\\/\\\/www.tiktok.com\\\/@azturismo\"]},{\"@type\":\"Person\",\"@id\":\"https:\\\/\\\/azturismo.net\\\/#\\\/schema\\\/person\\\/4b56d87f51c4d1b518c650739ad3bbc1\",\"name\":\"Azturismo\",\"image\":{\"@type\":\"ImageObject\",\"inLanguage\":\"es\",\"@id\":\"https:\\\/\\\/azturismo.net\\\/wp-content\\\/litespeed\\\/avatar\\\/dfe28a31cdd68b788da48a316e50db10.jpg?ver=1777707566\",\"url\":\"https:\\\/\\\/azturismo.net\\\/wp-content\\\/litespeed\\\/avatar\\\/dfe28a31cdd68b788da48a316e50db10.jpg?ver=1777707566\",\"contentUrl\":\"https:\\\/\\\/azturismo.net\\\/wp-content\\\/litespeed\\\/avatar\\\/dfe28a31cdd68b788da48a316e50db10.jpg?ver=1777707566\",\"caption\":\"Azturismo\"},\"sameAs\":[\"https:\\\/\\\/azturismo.net\"],\"url\":\"https:\\\/\\\/azturismo.net\\\/?author=1\"}]}<\/script>\n<!-- \/ Yoast SEO plugin. -->","yoast_head_json":{"title":"\ud83c\udf0d Glamping y turismo sostenible en Latinoam\u00e9rica: una tendencia en expansi\u00f3n - Azturismo Noticias","description":"Morelos se posiciona como referente del turismo sustentable en M\u00e9xico al albergar la Expo Glamping 2025, evento que reunir\u00e1 en el parque ecol\u00f3gico \"Las Estacas\" a los principales actores de la industria del glamping.","robots":{"index":"index","follow":"follow","max-snippet":"max-snippet:-1","max-image-preview":"max-image-preview:large","max-video-preview":"max-video-preview:-1"},"canonical":"https:\/\/azturismo.net\/?p=4017","og_locale":"es_MX","og_type":"article","og_title":"\ud83c\udf0d Glamping y turismo sostenible en Latinoam\u00e9rica: una tendencia en expansi\u00f3n - Azturismo Noticias","og_description":"Morelos se posiciona como referente del turismo sustentable en M\u00e9xico al albergar la Expo Glamping 2025, evento que reunir\u00e1 en el parque ecol\u00f3gico \"Las Estacas\" a los principales actores de la industria del glamping.","og_url":"https:\/\/azturismo.net\/?p=4017","og_site_name":"Azturismo Noticias","article_publisher":"https:\/\/www.facebook.com\/AzturismoNoticias","article_published_time":"2025-06-06T21:00:00+00:00","article_modified_time":"2025-06-09T20:20:01+00:00","og_image":[{"width":600,"height":601,"url":"https:\/\/azturismo.net\/wp-content\/uploads\/2025\/06\/PSX_20250605_233041.jpg","type":"image\/jpeg"}],"author":"Azturismo","twitter_card":"summary_large_image","twitter_creator":"@AzTurismo","twitter_site":"@AzTurismo","twitter_misc":{"Escrito por":"Azturismo","Tiempo de lectura":"2 minutos"},"schema":{"@context":"https:\/\/schema.org","@graph":[{"@type":"Article","@id":"https:\/\/azturismo.net\/?p=4017#article","isPartOf":{"@id":"https:\/\/azturismo.net\/?p=4017"},"author":{"name":"Azturismo","@id":"https:\/\/azturismo.net\/#\/schema\/person\/4b56d87f51c4d1b518c650739ad3bbc1"},"headline":"\ud83c\udf0d Glamping y turismo sostenible en Latinoam\u00e9rica: una tendencia en expansi\u00f3n","datePublished":"2025-06-06T21:00:00+00:00","dateModified":"2025-06-09T20:20:01+00:00","mainEntityOfPage":{"@id":"https:\/\/azturismo.net\/?p=4017"},"wordCount":287,"commentCount":0,"publisher":{"@id":"https:\/\/azturismo.net\/#organization"},"image":{"@id":"https:\/\/azturismo.net\/?p=4017#primaryimage"},"thumbnailUrl":"https:\/\/i0.wp.com\/azturismo.net\/wp-content\/uploads\/2025\/06\/PSX_20250605_233041.jpg?fit=600%2C601&ssl=1","keywords":["azturismo","Expo Glamping 2025","ferias y exposiciones","Morelos","Sectur","Sectur Morelos","Turismo","turismo sustentable"],"articleSection":["Destacadas","TENDENCIAS"],"inLanguage":"es","potentialAction":[{"@type":"CommentAction","name":"Comment","target":["https:\/\/azturismo.net\/?p=4017#respond"]}]},{"@type":"WebPage","@id":"https:\/\/azturismo.net\/?p=4017","url":"https:\/\/azturismo.net\/?p=4017","name":"\ud83c\udf0d Glamping y turismo sostenible en Latinoam\u00e9rica: una tendencia en expansi\u00f3n - Azturismo Noticias","isPartOf":{"@id":"https:\/\/azturismo.net\/#website"},"primaryImageOfPage":{"@id":"https:\/\/azturismo.net\/?p=4017#primaryimage"},"image":{"@id":"https:\/\/azturismo.net\/?p=4017#primaryimage"},"thumbnailUrl":"https:\/\/i0.wp.com\/azturismo.net\/wp-content\/uploads\/2025\/06\/PSX_20250605_233041.jpg?fit=600%2C601&ssl=1","datePublished":"2025-06-06T21:00:00+00:00","dateModified":"2025-06-09T20:20:01+00:00","description":"Morelos se posiciona como referente del turismo sustentable en M\u00e9xico al albergar la Expo Glamping 2025, evento que reunir\u00e1 en el parque ecol\u00f3gico \"Las Estacas\" a los principales actores de la industria del glamping.","breadcrumb":{"@id":"https:\/\/azturismo.net\/?p=4017#breadcrumb"},"inLanguage":"es","potentialAction":[{"@type":"ReadAction","target":["https:\/\/azturismo.net\/?p=4017"]}]},{"@type":"ImageObject","inLanguage":"es","@id":"https:\/\/azturismo.net\/?p=4017#primaryimage","url":"https:\/\/i0.wp.com\/azturismo.net\/wp-content\/uploads\/2025\/06\/PSX_20250605_233041.jpg?fit=600%2C601&ssl=1","contentUrl":"https:\/\/i0.wp.com\/azturismo.net\/wp-content\/uploads\/2025\/06\/PSX_20250605_233041.jpg?fit=600%2C601&ssl=1","width":600,"height":601},{"@type":"BreadcrumbList","@id":"https:\/\/azturismo.net\/?p=4017#breadcrumb","itemListElement":[{"@type":"ListItem","position":1,"name":"Home","item":"https:\/\/azturismo.net\/"},{"@type":"ListItem","position":2,"name":"\ud83c\udf0d Glamping y turismo sostenible en Latinoam\u00e9rica: una tendencia en expansi\u00f3n"}]},{"@type":"WebSite","@id":"https:\/\/azturismo.net\/#website","url":"https:\/\/azturismo.net\/","name":"Azturismo","description":"Azturismo Noticias","publisher":{"@id":"https:\/\/azturismo.net\/#organization"},"potentialAction":[{"@type":"SearchAction","target":{"@type":"EntryPoint","urlTemplate":"https:\/\/azturismo.net\/?s={search_term_string}"},"query-input":{"@type":"PropertyValueSpecification","valueRequired":true,"valueName":"search_term_string"}}],"inLanguage":"es"},{"@type":"Organization","@id":"https:\/\/azturismo.net\/#organization","name":"Azturismo","url":"https:\/\/azturismo.net\/","logo":{"@type":"ImageObject","inLanguage":"es","@id":"https:\/\/azturismo.net\/#\/schema\/logo\/image\/","url":"https:\/\/i0.wp.com\/azturismo.net\/wp-content\/uploads\/2024\/03\/logo-el-bueno-.png?fit=294%2C69&ssl=1","contentUrl":"https:\/\/i0.wp.com\/azturismo.net\/wp-content\/uploads\/2024\/03\/logo-el-bueno-.png?fit=294%2C69&ssl=1","width":294,"height":69,"caption":"Azturismo"},"image":{"@id":"https:\/\/azturismo.net\/#\/schema\/logo\/image\/"},"sameAs":["https:\/\/www.facebook.com\/AzturismoNoticias","https:\/\/x.com\/AzTurismo","https:\/\/www.instagram.com\/azturismo_noticias\/?fbclid=IwAR2xMiuoHbs6eLeIHKP8P5sSGa-xFrw7FfejscXO7kDghWa7wKLjGczKOwE","https:\/\/www.tiktok.com\/@azturismo"]},{"@type":"Person","@id":"https:\/\/azturismo.net\/#\/schema\/person\/4b56d87f51c4d1b518c650739ad3bbc1","name":"Azturismo","image":{"@type":"ImageObject","inLanguage":"es","@id":"https:\/\/azturismo.net\/wp-content\/litespeed\/avatar\/dfe28a31cdd68b788da48a316e50db10.jpg?ver=1777707566","url":"https:\/\/azturismo.net\/wp-content\/litespeed\/avatar\/dfe28a31cdd68b788da48a316e50db10.jpg?ver=1777707566","contentUrl":"https:\/\/azturismo.net\/wp-content\/litespeed\/avatar\/dfe28a31cdd68b788da48a316e50db10.jpg?ver=1777707566","caption":"Azturismo"},"sameAs":["https:\/\/azturismo.net"],"url":"https:\/\/azturismo.net\/?author=1"}]}},"jetpack_publicize_connections":[],"jetpack_featured_media_url":"https:\/\/i0.wp.com\/azturismo.net\/wp-content\/uploads\/2025\/06\/PSX_20250605_233041.jpg?fit=600%2C601&ssl=1","jetpack_sharing_enabled":true,"jetpack-related-posts":[{"id":4822,"url":"https:\/\/azturismo.net\/?p=4822","url_meta":{"origin":4017,"position":0},"title":"\u00bfTe imaginas dormir bajo las estrellas con todas las comodidades de un hotel de lujo?","author":"Azturismo","date":"agosto 12, 2025","format":false,"excerpt":"Por Oscar V\u00e1zquez C. \u00bfTe imaginas dormir bajo las estrellas con todas las comodidades de un hotel de lujo? Bienvenido al mundo del glamping, la tendencia que est\u00e1 redefiniendo el turismo de naturaleza y atrayendo a una nueva generaci\u00f3n de viajeros. Este fen\u00f3meno, una fusi\u00f3n de \"glamour\" y \"camping\", no\u2026","rel":"","context":"En &quot;Destacadas&quot;","block_context":{"text":"Destacadas","link":"https:\/\/azturismo.net\/?cat=30"},"img":{"alt_text":"","src":"https:\/\/i0.wp.com\/azturismo.net\/wp-content\/uploads\/2025\/08\/Wander-Alpino-Cabana1-1.jpg?fit=600%2C449&ssl=1&resize=350%2C200","width":350,"height":200,"srcset":"https:\/\/i0.wp.com\/azturismo.net\/wp-content\/uploads\/2025\/08\/Wander-Alpino-Cabana1-1.jpg?fit=600%2C449&ssl=1&resize=350%2C200 1x, https:\/\/i0.wp.com\/azturismo.net\/wp-content\/uploads\/2025\/08\/Wander-Alpino-Cabana1-1.jpg?fit=600%2C449&ssl=1&resize=525%2C300 1.5x"},"classes":[]},{"id":3173,"url":"https:\/\/azturismo.net\/?p=3173","url_meta":{"origin":4017,"position":1},"title":"Morelos se lleva la Primavera a Anato 2025","author":"Azturismo","date":"febrero 27, 2025","format":false,"excerpt":"Por Staff AzTurismo Bogot\u00e1, Colombia, 2025 \u2013 Morelos, reconocido por su clima privilegiado y su riqueza cultural, esta presente en la Vitrina Tur\u00edstica ANATO 2025, el evento m\u00e1s importante del sector en Colombia y uno de los principales de Latinoam\u00e9rica. La Secretar\u00eda de Turismo de Morelos busca fortalecer la proyecci\u00f3n\u2026","rel":"","context":"En &quot;Destacadas&quot;","block_context":{"text":"Destacadas","link":"https:\/\/azturismo.net\/?cat=30"},"img":{"alt_text":"","src":"https:\/\/i0.wp.com\/azturismo.net\/wp-content\/uploads\/2025\/02\/morelos-.jpg?fit=600%2C338&ssl=1&resize=350%2C200","width":350,"height":200,"srcset":"https:\/\/i0.wp.com\/azturismo.net\/wp-content\/uploads\/2025\/02\/morelos-.jpg?fit=600%2C338&ssl=1&resize=350%2C200 1x, https:\/\/i0.wp.com\/azturismo.net\/wp-content\/uploads\/2025\/02\/morelos-.jpg?fit=600%2C338&ssl=1&resize=525%2C300 1.5x"},"classes":[]},{"id":5859,"url":"https:\/\/azturismo.net\/?p=5859","url_meta":{"origin":4017,"position":2},"title":"Costalegre: el para\u00edso del glamping y eco-lodges","author":"Azturismo","date":"octubre 16, 2025","format":false,"excerpt":"Por Staff AzTurismo Si lo que buscas es un viaje que combine lujo, naturaleza y experiencias aut\u00e9nticas, Costalegre, Jalisco, es el destino ideal. Ubicado en el coraz\u00f3n del Pac\u00edfico mexicano, este corredor tur\u00edstico entre selvas tropicales y playas v\u00edrgenes se ha convertido en un refugio exclusivo para quienes buscan una\u2026","rel":"","context":"En &quot;Destacadas&quot;","block_context":{"text":"Destacadas","link":"https:\/\/azturismo.net\/?cat=30"},"img":{"alt_text":"","src":"https:\/\/i0.wp.com\/azturismo.net\/wp-content\/uploads\/2025\/10\/Costalegre-Glamping05.png?fit=600%2C584&ssl=1&resize=350%2C200","width":350,"height":200,"srcset":"https:\/\/i0.wp.com\/azturismo.net\/wp-content\/uploads\/2025\/10\/Costalegre-Glamping05.png?fit=600%2C584&ssl=1&resize=350%2C200 1x, https:\/\/i0.wp.com\/azturismo.net\/wp-content\/uploads\/2025\/10\/Costalegre-Glamping05.png?fit=600%2C584&ssl=1&resize=525%2C300 1.5x"},"classes":[]},{"id":5923,"url":"https:\/\/azturismo.net\/?p=5923","url_meta":{"origin":4017,"position":3},"title":"Morelos ser\u00e1 sede del Foro Mundial de la Gastronom\u00eda Mexicana","author":"Azturismo","date":"octubre 8, 2025","format":false,"excerpt":"Por Oscar V\u00e1zquez C. \ud83c\udf38 Cuernavaca se convertir\u00e1 en el epicentro del sabor mexicano del 7 al 9 de noviembre, cuando el estado de Morelos reciba el X Foro Mundial de la Gastronom\u00eda Mexicana, un encuentro que reunir\u00e1 a los m\u00e1ximos exponentes de la cocina tradicional, chefs reconocidos, productores, artesanos\u2026","rel":"","context":"En &quot;Destacadas&quot;","block_context":{"text":"Destacadas","link":"https:\/\/azturismo.net\/?cat=30"},"img":{"alt_text":"","src":"https:\/\/i0.wp.com\/azturismo.net\/wp-content\/uploads\/2025\/10\/IMG-20251007-WA0120.jpg?fit=768%2C512&ssl=1&resize=350%2C200","width":350,"height":200,"srcset":"https:\/\/i0.wp.com\/azturismo.net\/wp-content\/uploads\/2025\/10\/IMG-20251007-WA0120.jpg?fit=768%2C512&ssl=1&resize=350%2C200 1x, https:\/\/i0.wp.com\/azturismo.net\/wp-content\/uploads\/2025\/10\/IMG-20251007-WA0120.jpg?fit=768%2C512&ssl=1&resize=525%2C300 1.5x, https:\/\/i0.wp.com\/azturismo.net\/wp-content\/uploads\/2025\/10\/IMG-20251007-WA0120.jpg?fit=768%2C512&ssl=1&resize=700%2C400 2x"},"classes":[]},{"id":3399,"url":"https:\/\/azturismo.net\/?p=3399","url_meta":{"origin":4017,"position":4},"title":"\u00a1Morelos supera los 100 mil visitantes durante el fin de semana largo!","author":"Azturismo","date":"marzo 19, 2025","format":false,"excerpt":"Durante el reciente fin de semana largo, Morelos recibi\u00f3 a m\u00e1s de 109 mil visitantes, lo que represent\u00f3 un crecimiento del 4.25 % en comparaci\u00f3n con el mismo periodo de 2024. Esta afluencia refleja la preferencia del estado para escapadas de corta estancia. \ud83c\udfe8 Ocupaci\u00f3n hotelera destacada: Promedio general: 75.25\u2026","rel":"","context":"En &quot;NOTITUR&quot;","block_context":{"text":"NOTITUR","link":"https:\/\/azturismo.net\/?cat=25"},"img":{"alt_text":"","src":"https:\/\/i0.wp.com\/azturismo.net\/wp-content\/uploads\/2025\/03\/PSX_20250319_120858.jpg?fit=600%2C296&ssl=1&resize=350%2C200","width":350,"height":200,"srcset":"https:\/\/i0.wp.com\/azturismo.net\/wp-content\/uploads\/2025\/03\/PSX_20250319_120858.jpg?fit=600%2C296&ssl=1&resize=350%2C200 1x, https:\/\/i0.wp.com\/azturismo.net\/wp-content\/uploads\/2025\/03\/PSX_20250319_120858.jpg?fit=600%2C296&ssl=1&resize=525%2C300 1.5x"},"classes":[]},{"id":6333,"url":"https:\/\/azturismo.net\/?p=6333","url_meta":{"origin":4017,"position":5},"title":"Morelos se viste de luces con el X Foro Mundial en de la Gastronom\u00eda Mexicana","author":"Azturismo","date":"noviembre 8, 2025","format":false,"excerpt":"Por Oscar V\u00e1zquez C. La cocina tradicional mexicana est\u00e1 de fiesta. Este 2025 se cumplen 15 a\u00f1os desde que la UNESCO la reconoci\u00f3 como Patrimonio Cultural Inmaterial de la Humanidad, y para celebrarlo se inaugur\u00f3 en Cuernavaca, Morelos, el X Foro Mundial de la Gastronom\u00eda Mexicana, un evento que re\u00fane\u2026","rel":"","context":"En &quot;Destacadas&quot;","block_context":{"text":"Destacadas","link":"https:\/\/azturismo.net\/?cat=30"},"img":{"alt_text":"","src":"https:\/\/i0.wp.com\/azturismo.net\/wp-content\/uploads\/2025\/11\/Sectur-Foro-Mundial-Gastronomia-Mexicana.jpg?fit=600%2C400&ssl=1&resize=350%2C200","width":350,"height":200,"srcset":"https:\/\/i0.wp.com\/azturismo.net\/wp-content\/uploads\/2025\/11\/Sectur-Foro-Mundial-Gastronomia-Mexicana.jpg?fit=600%2C400&ssl=1&resize=350%2C200 1x, https:\/\/i0.wp.com\/azturismo.net\/wp-content\/uploads\/2025\/11\/Sectur-Foro-Mundial-Gastronomia-Mexicana.jpg?fit=600%2C400&ssl=1&resize=525%2C300 1.5x"},"classes":[]}],"jetpack_shortlink":"https:\/\/wp.me\/pfqZGx-12N","amp_enabled":true,"_links":{"self":[{"href":"https:\/\/azturismo.net\/index.php?rest_route=\/wp\/v2\/posts\/4017","targetHints":{"allow":["GET"]}}],"collection":[{"href":"https:\/\/azturismo.net\/index.php?rest_route=\/wp\/v2\/posts"}],"about":[{"href":"https:\/\/azturismo.net\/index.php?rest_route=\/wp\/v2\/types\/post"}],"author":[{"embeddable":true,"href":"https:\/\/azturismo.net\/index.php?rest_route=\/wp\/v2\/users\/1"}],"replies":[{"embeddable":true,"href":"https:\/\/azturismo.net\/index.php?rest_route=%2Fwp%2Fv2%2Fcomments&post=4017"}],"version-history":[{"count":3,"href":"https:\/\/azturismo.net\/index.php?rest_route=\/wp\/v2\/posts\/4017\/revisions"}],"predecessor-version":[{"id":4026,"href":"https:\/\/azturismo.net\/index.php?rest_route=\/wp\/v2\/posts\/4017\/revisions\/4026"}],"wp:featuredmedia":[{"embeddable":true,"href":"https:\/\/azturismo.net\/index.php?rest_route=\/wp\/v2\/media\/4020"}],"wp:attachment":[{"href":"https:\/\/azturismo.net\/index.php?rest_route=%2Fwp%2Fv2%2Fmedia&parent=4017"}],"wp:term":[{"taxonomy":"category","embeddable":true,"href":"https:\/\/azturismo.net\/index.php?rest_route=%2Fwp%2Fv2%2Fcategories&post=4017"},{"taxonomy":"post_tag","embeddable":true,"href":"https:\/\/azturismo.net\/index.php?rest_route=%2Fwp%2Fv2%2Ftags&post=4017"}],"curies":[{"name":"wp","href":"https:\/\/api.w.org\/{rel}","templated":true}]}}