{"id":4002,"date":"2025-06-04T21:17:00","date_gmt":"2025-06-05T03:17:00","guid":{"rendered":"https:\/\/azturismo.net\/?p=4002"},"modified":"2025-06-04T21:18:53","modified_gmt":"2025-06-05T03:18:53","slug":"genera-40-mmdp-la-gran-escapada","status":"publish","type":"post","link":"https:\/\/azturismo.net\/?p=4002","title":{"rendered":"Genera 40 mmdp &#8220;La Gran Escapada&#8221;"},"content":{"rendered":"\n<p>Por Staff AzTurismo<\/p>\n\n\n\n<p>La primera edici\u00f3n de <strong>&#8220;La Gran Escapada: El Buen Fin del Turismo&#8221;<\/strong> concluy\u00f3 con resultados espectaculares, impulsando la econom\u00eda y el <strong>turismo nacional<\/strong> en M\u00e9xico. Del 30 de mayo al 1 de junio, esta iniciativa conjunta de la <strong>Secretar\u00eda de Turismo (Sectur)<\/strong>, la <strong>Confederaci\u00f3n de C\u00e1maras Nacionales de Comercio, Servicios y Turismo (Concanaco Servytur)<\/strong> y la <strong>Procuradur\u00eda Federal del Consumidor (Profeco)<\/strong>, gener\u00f3 una impresionante derrama econ\u00f3mica de <strong>40 mil millones de pesos (mdp)<\/strong> en compras y reservas de viajes.<\/p>\n\n\n\n<p>La campa\u00f1a no solo moviliz\u00f3 la econom\u00eda, sino que tambi\u00e9n captur\u00f3 la atenci\u00f3n digital, alcanzando m\u00e1s de <strong>250 millones de impactos en redes sociales<\/strong> y ofreciendo m\u00e1s de <strong>108 mil experiencias tur\u00edsticas<\/strong> a lo largo del pa\u00eds.<\/p>\n\n\n\n<h2 class=\"wp-block-heading\">Crecimiento en Ventas y Confianza en el Sector Tur\u00edstico<\/h2>\n\n\n\n<p>Los datos hablan por s\u00ed solos: m\u00e1s del <strong>70% de los establecimientos participantes<\/strong> reportaron un incremento en sus ventas durante los tres d\u00edas de la campa\u00f1a. Adem\u00e1s, el <strong>85% calific\u00f3 la experiencia como positiva o muy positiva<\/strong>, y un notable <strong>90% ya expres\u00f3 su inter\u00e9s en participar en futuras ediciones<\/strong>.<\/p>\n\n\n<div class=\"wp-block-image\">\n<figure class=\"alignleft size-large is-resized\"><img data-recalc-dims=\"1\" loading=\"lazy\" decoding=\"async\" width=\"538\" height=\"1024\" data-attachment-id=\"4005\" data-permalink=\"https:\/\/azturismo.net\/?attachment_id=4005\" data-orig-file=\"https:\/\/i0.wp.com\/azturismo.net\/wp-content\/uploads\/2025\/06\/Sectur-GranEscapada02.jpg?fit=600%2C1142&amp;ssl=1\" data-orig-size=\"600,1142\" data-comments-opened=\"1\" data-image-meta=\"{&quot;aperture&quot;:&quot;0&quot;,&quot;credit&quot;:&quot;&quot;,&quot;camera&quot;:&quot;&quot;,&quot;caption&quot;:&quot;&quot;,&quot;created_timestamp&quot;:&quot;0&quot;,&quot;copyright&quot;:&quot;&quot;,&quot;focal_length&quot;:&quot;0&quot;,&quot;iso&quot;:&quot;0&quot;,&quot;shutter_speed&quot;:&quot;0&quot;,&quot;title&quot;:&quot;&quot;,&quot;orientation&quot;:&quot;1&quot;}\" data-image-title=\"Sectur-GranEscapada02\" data-image-description=\"\" data-image-caption=\"\" data-large-file=\"https:\/\/i0.wp.com\/azturismo.net\/wp-content\/uploads\/2025\/06\/Sectur-GranEscapada02.jpg?fit=538%2C1024&amp;ssl=1\" src=\"https:\/\/i0.wp.com\/azturismo.net\/wp-content\/uploads\/2025\/06\/Sectur-GranEscapada02.jpg?resize=538%2C1024&#038;ssl=1\" alt=\"\" class=\"wp-image-4005\" style=\"width:500px;height:auto\" srcset=\"https:\/\/i0.wp.com\/azturismo.net\/wp-content\/uploads\/2025\/06\/Sectur-GranEscapada02.jpg?resize=538%2C1024&amp;ssl=1 538w, https:\/\/i0.wp.com\/azturismo.net\/wp-content\/uploads\/2025\/06\/Sectur-GranEscapada02.jpg?resize=158%2C300&amp;ssl=1 158w, https:\/\/i0.wp.com\/azturismo.net\/wp-content\/uploads\/2025\/06\/Sectur-GranEscapada02.jpg?resize=150%2C286&amp;ssl=1 150w, https:\/\/i0.wp.com\/azturismo.net\/wp-content\/uploads\/2025\/06\/Sectur-GranEscapada02.jpg?resize=300%2C571&amp;ssl=1 300w, https:\/\/i0.wp.com\/azturismo.net\/wp-content\/uploads\/2025\/06\/Sectur-GranEscapada02.jpg?w=600&amp;ssl=1 600w\" sizes=\"auto, (max-width: 538px) 100vw, 538px\" \/><\/figure><\/div>\n\n\n<p>Los estados que lideraron en participaci\u00f3n y resultados fueron <strong>Guanajuato, Puebla, Veracruz, Quintana Roo y Sinaloa<\/strong>, destac\u00e1ndose por su oferta diversa y atractiva. Las promociones m\u00e1s exitosas incluyeron descuentos del <strong>20% al 90%<\/strong> en paquetes familiares, experiencias rom\u00e1nticas y turismo de naturaleza, sumando beneficios como meses sin intereses, lo que facilit\u00f3 el acceso a m\u00e1s viajeros.<\/p>\n\n\n\n<h2 class=\"wp-block-heading\">Colaboraci\u00f3n Clave para la Prosperidad Compartida<\/h2>\n\n\n\n<p>Josefina Rodr\u00edguez Zamora, secretaria de Turismo, enfatiz\u00f3 que el \u00e9xito de <strong>&#8220;La Gran Escapada&#8221;<\/strong> es un testimonio del trabajo conjunto entre el Gobierno de M\u00e9xico y la iniciativa privada. &#8220;Esta estrategia incentiva el turismo, genera empleos, beneficia a las micro, peque\u00f1as y medianas empresas, e impulsa el bienestar y desarrollo econ\u00f3mico de nuestros pueblos y comunidades&#8221;, afirm\u00f3.<\/p>\n\n\n\n<p>Por su parte, Octavio de la Torre, presidente de Concanaco Servytur, resalt\u00f3 que la iniciativa fortalece el <strong>turismo interno<\/strong> y &#8220;democratiza el derecho a conocer y disfrutar del pa\u00eds&#8221;, en l\u00ednea con el programa <strong>&#8220;M\u00e9xico Muy Mexicano&#8221;<\/strong>, que promueve el arraigo y la identidad nacional.<\/p>\n\n\n\n<p>Iv\u00e1n Escalante Ruiz, titular de Profeco, inform\u00f3 que su instituci\u00f3n mantuvo una vigilancia activa durante el evento. Aunque no se recibieron quejas ni llamadas relacionadas directamente con &#8220;La Gran Escapada&#8221;, se realizaron 154 exhortos a proveedores por publicidad enga\u00f1osa, asegurando la transparencia y protecci\u00f3n al consumidor.<\/p>\n\n\n\n<p>Bernardo Cueto Riestra, presidente de la Uni\u00f3n de Secretarias y Secretarios de Turismo (Asetur), tambi\u00e9n reconoci\u00f3 la importancia de esta iniciativa, calific\u00e1ndola como una &#8220;excelente oportunidad para que los turistas visiten los diferentes destinos de nuestro pa\u00eds&#8221;.<\/p>\n\n\n\n<p><strong>&#8220;La Gran Escapada: El Buen Fin del Turismo&#8221;<\/strong> cont\u00f3 con el invaluable respaldo de los secretarios de Turismo de todos los estados y de importantes organismos del sector como la C\u00e1mara Nacional de la Industria de Restaurantes y Alimentos Condimentados (Canirac), la Asociaci\u00f3n Mexicana de Agencias de Viajes (AMAV) y la Asociaci\u00f3n Mexicana de Hoteles y Moteles (AMHM), consolid\u00e1ndose como un evento clave para la reactivaci\u00f3n y el crecimiento del <strong>sector tur\u00edstico mexicano<\/strong>.<\/p>\n\n\n\n<p><strong><em>S\u00edguenos en nuestras redes:<\/em><\/strong><\/p>\n\n\n\n<figure class=\"wp-block-embed is-type-rich is-provider-twitter wp-block-embed-twitter\"><div class=\"wp-block-embed__wrapper\">\n<div class=\"embed-twitter\"><a class=\"twitter-timeline\" data-width=\"696\" data-height=\"1000\" data-dnt=\"true\" href=\"https:\/\/twitter.com\/AzTurismo?ref_src=twsrc%5Etfw\">Tweets by AzTurismo<\/a><script async src=\"https:\/\/platform.twitter.com\/widgets.js\" charset=\"utf-8\"><\/script><\/div>\n<\/div><\/figure>\n\n\n\n<p><a href=\"https:\/\/www.facebook.com\/AzturismoNoticias\">https:\/\/www.facebook.com\/AzturismoNoticias<\/a><\/p>\n\n\n\n<p><a href=\"http:\/\/tiktok.com\/@azturismo\">tiktok.com\/@azturismo<\/a><\/p>\n\n\n\n<p><a href=\"https:\/\/www.instagram.com\/azturismo_noticias\">https:\/\/www.instagram.com\/azturismo_noticias<\/a><\/p>\n\n\n\n<p><a href=\"https:\/\/www.youtube.com\/@azturismotv\">https:\/\/www.youtube.com\/@azturismotv<\/a><\/p>\n\n\n\n<p><\/p>\n","protected":false},"excerpt":{"rendered":"<p>Por Staff AzTurismo La primera edici\u00f3n de &#8220;La Gran Escapada: El Buen Fin del Turismo&#8221; concluy\u00f3 con resultados espectaculares, impulsando la econom\u00eda y el turismo nacional en M\u00e9xico. Del 30 de mayo al 1 de junio, esta iniciativa conjunta de la Secretar\u00eda de Turismo (Sectur), la Confederaci\u00f3n de C\u00e1maras Nacionales de Comercio, Servicios y Turismo [&hellip;]<\/p>\n","protected":false},"author":1,"featured_media":4003,"comment_status":"open","ping_status":"open","sticky":false,"template":"","format":"standard","meta":{"jetpack_post_was_ever_published":false,"_jetpack_newsletter_access":"","_jetpack_dont_email_post_to_subs":false,"_jetpack_newsletter_tier_id":0,"_jetpack_memberships_contains_paywalled_content":false,"_jetpack_memberships_contains_paid_content":false,"footnotes":"","jetpack_publicize_message":"","jetpack_publicize_feature_enabled":true,"jetpack_social_post_already_shared":true,"jetpack_social_options":{"image_generator_settings":{"template":"highway","default_image_id":0,"font":"","enabled":false},"version":2}},"categories":[30,29],"tags":[99,1711,313,1710,1708,1709,116,1712,39],"class_list":{"0":"post-4002","1":"post","2":"type-post","3":"status-publish","4":"format-standard","5":"has-post-thumbnail","7":"category-e","8":"category-nacionales","9":"tag-azturismo","10":"tag-ivan-escalante-ruiz","11":"tag-josefina-rodriguez-zamora","12":"tag-la-gran-escapada","13":"tag-octavio-de-la-torre","14":"tag-presidente-de-concanaco-servytur","15":"tag-sectur","16":"tag-titular-de-profeco","17":"tag-turismo"},"yoast_head":"<!-- This site is optimized with the Yoast SEO plugin v27.5 - https:\/\/yoast.com\/product\/yoast-seo-wordpress\/ -->\n<title>Genera 40 mmdp &quot;La Gran Escapada&quot; - Azturismo Noticias<\/title>\n<meta name=\"description\" content=\"La primera edici\u00f3n de &quot;La Gran Escapada: El Buen Fin del Turismo&quot; concluy\u00f3 con resultados espectaculares, impulsando la econom\u00eda y el turismo nacional en M\u00e9xico. Del 30 de mayo al 1 de junio, esta iniciativa conjunta de la Secretar\u00eda de Turismo (Sectur), la Confederaci\u00f3n de C\u00e1maras Nacionales de Comercio, Servicios y Turismo (Concanaco Servytur) y la Procuradur\u00eda Federal del Consumidor (Profeco), gener\u00f3 una impresionante derrama econ\u00f3mica de 40 mil millones de pesos (mdp) en compras y reservas de viajes.\" \/>\n<meta name=\"robots\" content=\"index, follow, max-snippet:-1, max-image-preview:large, max-video-preview:-1\" \/>\n<link rel=\"canonical\" href=\"https:\/\/azturismo.net\/?p=4002\" \/>\n<meta property=\"og:locale\" content=\"es_MX\" \/>\n<meta property=\"og:type\" content=\"article\" \/>\n<meta property=\"og:title\" content=\"Genera 40 mmdp &quot;La Gran Escapada&quot; - Azturismo Noticias\" \/>\n<meta property=\"og:description\" content=\"La primera edici\u00f3n de &quot;La Gran Escapada: El Buen Fin del Turismo&quot; concluy\u00f3 con resultados espectaculares, impulsando la econom\u00eda y el turismo nacional en M\u00e9xico. Del 30 de mayo al 1 de junio, esta iniciativa conjunta de la Secretar\u00eda de Turismo (Sectur), la Confederaci\u00f3n de C\u00e1maras Nacionales de Comercio, Servicios y Turismo (Concanaco Servytur) y la Procuradur\u00eda Federal del Consumidor (Profeco), gener\u00f3 una impresionante derrama econ\u00f3mica de 40 mil millones de pesos (mdp) en compras y reservas de viajes.\" \/>\n<meta property=\"og:url\" content=\"https:\/\/azturismo.net\/?p=4002\" \/>\n<meta property=\"og:site_name\" content=\"Azturismo Noticias\" \/>\n<meta property=\"article:publisher\" content=\"https:\/\/www.facebook.com\/AzturismoNoticias\" \/>\n<meta property=\"article:published_time\" content=\"2025-06-05T03:17:00+00:00\" \/>\n<meta property=\"article:modified_time\" content=\"2025-06-05T03:18:53+00:00\" \/>\n<meta property=\"og:image\" content=\"https:\/\/azturismo.net\/wp-content\/uploads\/2025\/06\/Sectur-GranEscapada01.jpg\" \/>\n\t<meta property=\"og:image:width\" content=\"600\" \/>\n\t<meta property=\"og:image:height\" content=\"399\" \/>\n\t<meta property=\"og:image:type\" content=\"image\/jpeg\" \/>\n<meta name=\"author\" content=\"Azturismo\" \/>\n<meta name=\"twitter:card\" content=\"summary_large_image\" \/>\n<meta name=\"twitter:creator\" content=\"@AzTurismo\" \/>\n<meta name=\"twitter:site\" content=\"@AzTurismo\" \/>\n<meta name=\"twitter:label1\" content=\"Escrito por\" \/>\n\t<meta name=\"twitter:data1\" content=\"Azturismo\" \/>\n\t<meta name=\"twitter:label2\" content=\"Tiempo de lectura\" \/>\n\t<meta name=\"twitter:data2\" content=\"3 minutos\" \/>\n<script type=\"application\/ld+json\" class=\"yoast-schema-graph\">{\"@context\":\"https:\\\/\\\/schema.org\",\"@graph\":[{\"@type\":\"Article\",\"@id\":\"https:\\\/\\\/azturismo.net\\\/?p=4002#article\",\"isPartOf\":{\"@id\":\"https:\\\/\\\/azturismo.net\\\/?p=4002\"},\"author\":{\"name\":\"Azturismo\",\"@id\":\"https:\\\/\\\/azturismo.net\\\/#\\\/schema\\\/person\\\/4b56d87f51c4d1b518c650739ad3bbc1\"},\"headline\":\"Genera 40 mmdp &#8220;La Gran Escapada&#8221;\",\"datePublished\":\"2025-06-05T03:17:00+00:00\",\"dateModified\":\"2025-06-05T03:18:53+00:00\",\"mainEntityOfPage\":{\"@id\":\"https:\\\/\\\/azturismo.net\\\/?p=4002\"},\"wordCount\":569,\"commentCount\":0,\"publisher\":{\"@id\":\"https:\\\/\\\/azturismo.net\\\/#organization\"},\"image\":{\"@id\":\"https:\\\/\\\/azturismo.net\\\/?p=4002#primaryimage\"},\"thumbnailUrl\":\"https:\\\/\\\/i0.wp.com\\\/azturismo.net\\\/wp-content\\\/uploads\\\/2025\\\/06\\\/Sectur-GranEscapada01.jpg?fit=600%2C399&ssl=1\",\"keywords\":[\"azturismo\",\"Iv\u00e1n Escalante Ruiz\",\"Josefina Rodr\u00edguez Zamora\",\"La Gran Escapada\",\"Octavio de la Torre\",\"presidente de Concanaco Servytur\",\"Sectur\",\"titular de Profeco\",\"Turismo\"],\"articleSection\":[\"Destacadas\",\"NACIONALES\"],\"inLanguage\":\"es\",\"potentialAction\":[{\"@type\":\"CommentAction\",\"name\":\"Comment\",\"target\":[\"https:\\\/\\\/azturismo.net\\\/?p=4002#respond\"]}]},{\"@type\":\"WebPage\",\"@id\":\"https:\\\/\\\/azturismo.net\\\/?p=4002\",\"url\":\"https:\\\/\\\/azturismo.net\\\/?p=4002\",\"name\":\"Genera 40 mmdp \\\"La Gran Escapada\\\" - Azturismo Noticias\",\"isPartOf\":{\"@id\":\"https:\\\/\\\/azturismo.net\\\/#website\"},\"primaryImageOfPage\":{\"@id\":\"https:\\\/\\\/azturismo.net\\\/?p=4002#primaryimage\"},\"image\":{\"@id\":\"https:\\\/\\\/azturismo.net\\\/?p=4002#primaryimage\"},\"thumbnailUrl\":\"https:\\\/\\\/i0.wp.com\\\/azturismo.net\\\/wp-content\\\/uploads\\\/2025\\\/06\\\/Sectur-GranEscapada01.jpg?fit=600%2C399&ssl=1\",\"datePublished\":\"2025-06-05T03:17:00+00:00\",\"dateModified\":\"2025-06-05T03:18:53+00:00\",\"description\":\"La primera edici\u00f3n de \\\"La Gran Escapada: El Buen Fin del Turismo\\\" concluy\u00f3 con resultados espectaculares, impulsando la econom\u00eda y el turismo nacional en M\u00e9xico. Del 30 de mayo al 1 de junio, esta iniciativa conjunta de la Secretar\u00eda de Turismo (Sectur), la Confederaci\u00f3n de C\u00e1maras Nacionales de Comercio, Servicios y Turismo (Concanaco Servytur) y la Procuradur\u00eda Federal del Consumidor (Profeco), gener\u00f3 una impresionante derrama econ\u00f3mica de 40 mil millones de pesos (mdp) en compras y reservas de viajes.\",\"breadcrumb\":{\"@id\":\"https:\\\/\\\/azturismo.net\\\/?p=4002#breadcrumb\"},\"inLanguage\":\"es\",\"potentialAction\":[{\"@type\":\"ReadAction\",\"target\":[\"https:\\\/\\\/azturismo.net\\\/?p=4002\"]}]},{\"@type\":\"ImageObject\",\"inLanguage\":\"es\",\"@id\":\"https:\\\/\\\/azturismo.net\\\/?p=4002#primaryimage\",\"url\":\"https:\\\/\\\/i0.wp.com\\\/azturismo.net\\\/wp-content\\\/uploads\\\/2025\\\/06\\\/Sectur-GranEscapada01.jpg?fit=600%2C399&ssl=1\",\"contentUrl\":\"https:\\\/\\\/i0.wp.com\\\/azturismo.net\\\/wp-content\\\/uploads\\\/2025\\\/06\\\/Sectur-GranEscapada01.jpg?fit=600%2C399&ssl=1\",\"width\":600,\"height\":399},{\"@type\":\"BreadcrumbList\",\"@id\":\"https:\\\/\\\/azturismo.net\\\/?p=4002#breadcrumb\",\"itemListElement\":[{\"@type\":\"ListItem\",\"position\":1,\"name\":\"Home\",\"item\":\"https:\\\/\\\/azturismo.net\\\/\"},{\"@type\":\"ListItem\",\"position\":2,\"name\":\"Genera 40 mmdp &#8220;La Gran Escapada&#8221;\"}]},{\"@type\":\"WebSite\",\"@id\":\"https:\\\/\\\/azturismo.net\\\/#website\",\"url\":\"https:\\\/\\\/azturismo.net\\\/\",\"name\":\"Azturismo\",\"description\":\"Azturismo Noticias\",\"publisher\":{\"@id\":\"https:\\\/\\\/azturismo.net\\\/#organization\"},\"potentialAction\":[{\"@type\":\"SearchAction\",\"target\":{\"@type\":\"EntryPoint\",\"urlTemplate\":\"https:\\\/\\\/azturismo.net\\\/?s={search_term_string}\"},\"query-input\":{\"@type\":\"PropertyValueSpecification\",\"valueRequired\":true,\"valueName\":\"search_term_string\"}}],\"inLanguage\":\"es\"},{\"@type\":\"Organization\",\"@id\":\"https:\\\/\\\/azturismo.net\\\/#organization\",\"name\":\"Azturismo\",\"url\":\"https:\\\/\\\/azturismo.net\\\/\",\"logo\":{\"@type\":\"ImageObject\",\"inLanguage\":\"es\",\"@id\":\"https:\\\/\\\/azturismo.net\\\/#\\\/schema\\\/logo\\\/image\\\/\",\"url\":\"https:\\\/\\\/i0.wp.com\\\/azturismo.net\\\/wp-content\\\/uploads\\\/2024\\\/03\\\/logo-el-bueno-.png?fit=294%2C69&ssl=1\",\"contentUrl\":\"https:\\\/\\\/i0.wp.com\\\/azturismo.net\\\/wp-content\\\/uploads\\\/2024\\\/03\\\/logo-el-bueno-.png?fit=294%2C69&ssl=1\",\"width\":294,\"height\":69,\"caption\":\"Azturismo\"},\"image\":{\"@id\":\"https:\\\/\\\/azturismo.net\\\/#\\\/schema\\\/logo\\\/image\\\/\"},\"sameAs\":[\"https:\\\/\\\/www.facebook.com\\\/AzturismoNoticias\",\"https:\\\/\\\/x.com\\\/AzTurismo\",\"https:\\\/\\\/www.instagram.com\\\/azturismo_noticias\\\/?fbclid=IwAR2xMiuoHbs6eLeIHKP8P5sSGa-xFrw7FfejscXO7kDghWa7wKLjGczKOwE\",\"https:\\\/\\\/www.tiktok.com\\\/@azturismo\"]},{\"@type\":\"Person\",\"@id\":\"https:\\\/\\\/azturismo.net\\\/#\\\/schema\\\/person\\\/4b56d87f51c4d1b518c650739ad3bbc1\",\"name\":\"Azturismo\",\"image\":{\"@type\":\"ImageObject\",\"inLanguage\":\"es\",\"@id\":\"https:\\\/\\\/azturismo.net\\\/wp-content\\\/litespeed\\\/avatar\\\/dfe28a31cdd68b788da48a316e50db10.jpg?ver=1777707566\",\"url\":\"https:\\\/\\\/azturismo.net\\\/wp-content\\\/litespeed\\\/avatar\\\/dfe28a31cdd68b788da48a316e50db10.jpg?ver=1777707566\",\"contentUrl\":\"https:\\\/\\\/azturismo.net\\\/wp-content\\\/litespeed\\\/avatar\\\/dfe28a31cdd68b788da48a316e50db10.jpg?ver=1777707566\",\"caption\":\"Azturismo\"},\"sameAs\":[\"https:\\\/\\\/azturismo.net\"],\"url\":\"https:\\\/\\\/azturismo.net\\\/?author=1\"}]}<\/script>\n<!-- \/ Yoast SEO plugin. -->","yoast_head_json":{"title":"Genera 40 mmdp \"La Gran Escapada\" - Azturismo Noticias","description":"La primera edici\u00f3n de \"La Gran Escapada: El Buen Fin del Turismo\" concluy\u00f3 con resultados espectaculares, impulsando la econom\u00eda y el turismo nacional en M\u00e9xico. Del 30 de mayo al 1 de junio, esta iniciativa conjunta de la Secretar\u00eda de Turismo (Sectur), la Confederaci\u00f3n de C\u00e1maras Nacionales de Comercio, Servicios y Turismo (Concanaco Servytur) y la Procuradur\u00eda Federal del Consumidor (Profeco), gener\u00f3 una impresionante derrama econ\u00f3mica de 40 mil millones de pesos (mdp) en compras y reservas de viajes.","robots":{"index":"index","follow":"follow","max-snippet":"max-snippet:-1","max-image-preview":"max-image-preview:large","max-video-preview":"max-video-preview:-1"},"canonical":"https:\/\/azturismo.net\/?p=4002","og_locale":"es_MX","og_type":"article","og_title":"Genera 40 mmdp \"La Gran Escapada\" - Azturismo Noticias","og_description":"La primera edici\u00f3n de \"La Gran Escapada: El Buen Fin del Turismo\" concluy\u00f3 con resultados espectaculares, impulsando la econom\u00eda y el turismo nacional en M\u00e9xico. Del 30 de mayo al 1 de junio, esta iniciativa conjunta de la Secretar\u00eda de Turismo (Sectur), la Confederaci\u00f3n de C\u00e1maras Nacionales de Comercio, Servicios y Turismo (Concanaco Servytur) y la Procuradur\u00eda Federal del Consumidor (Profeco), gener\u00f3 una impresionante derrama econ\u00f3mica de 40 mil millones de pesos (mdp) en compras y reservas de viajes.","og_url":"https:\/\/azturismo.net\/?p=4002","og_site_name":"Azturismo Noticias","article_publisher":"https:\/\/www.facebook.com\/AzturismoNoticias","article_published_time":"2025-06-05T03:17:00+00:00","article_modified_time":"2025-06-05T03:18:53+00:00","og_image":[{"width":600,"height":399,"url":"https:\/\/azturismo.net\/wp-content\/uploads\/2025\/06\/Sectur-GranEscapada01.jpg","type":"image\/jpeg"}],"author":"Azturismo","twitter_card":"summary_large_image","twitter_creator":"@AzTurismo","twitter_site":"@AzTurismo","twitter_misc":{"Escrito por":"Azturismo","Tiempo de lectura":"3 minutos"},"schema":{"@context":"https:\/\/schema.org","@graph":[{"@type":"Article","@id":"https:\/\/azturismo.net\/?p=4002#article","isPartOf":{"@id":"https:\/\/azturismo.net\/?p=4002"},"author":{"name":"Azturismo","@id":"https:\/\/azturismo.net\/#\/schema\/person\/4b56d87f51c4d1b518c650739ad3bbc1"},"headline":"Genera 40 mmdp &#8220;La Gran Escapada&#8221;","datePublished":"2025-06-05T03:17:00+00:00","dateModified":"2025-06-05T03:18:53+00:00","mainEntityOfPage":{"@id":"https:\/\/azturismo.net\/?p=4002"},"wordCount":569,"commentCount":0,"publisher":{"@id":"https:\/\/azturismo.net\/#organization"},"image":{"@id":"https:\/\/azturismo.net\/?p=4002#primaryimage"},"thumbnailUrl":"https:\/\/i0.wp.com\/azturismo.net\/wp-content\/uploads\/2025\/06\/Sectur-GranEscapada01.jpg?fit=600%2C399&ssl=1","keywords":["azturismo","Iv\u00e1n Escalante Ruiz","Josefina Rodr\u00edguez Zamora","La Gran Escapada","Octavio de la Torre","presidente de Concanaco Servytur","Sectur","titular de Profeco","Turismo"],"articleSection":["Destacadas","NACIONALES"],"inLanguage":"es","potentialAction":[{"@type":"CommentAction","name":"Comment","target":["https:\/\/azturismo.net\/?p=4002#respond"]}]},{"@type":"WebPage","@id":"https:\/\/azturismo.net\/?p=4002","url":"https:\/\/azturismo.net\/?p=4002","name":"Genera 40 mmdp \"La Gran Escapada\" - Azturismo Noticias","isPartOf":{"@id":"https:\/\/azturismo.net\/#website"},"primaryImageOfPage":{"@id":"https:\/\/azturismo.net\/?p=4002#primaryimage"},"image":{"@id":"https:\/\/azturismo.net\/?p=4002#primaryimage"},"thumbnailUrl":"https:\/\/i0.wp.com\/azturismo.net\/wp-content\/uploads\/2025\/06\/Sectur-GranEscapada01.jpg?fit=600%2C399&ssl=1","datePublished":"2025-06-05T03:17:00+00:00","dateModified":"2025-06-05T03:18:53+00:00","description":"La primera edici\u00f3n de \"La Gran Escapada: El Buen Fin del Turismo\" concluy\u00f3 con resultados espectaculares, impulsando la econom\u00eda y el turismo nacional en M\u00e9xico. Del 30 de mayo al 1 de junio, esta iniciativa conjunta de la Secretar\u00eda de Turismo (Sectur), la Confederaci\u00f3n de C\u00e1maras Nacionales de Comercio, Servicios y Turismo (Concanaco Servytur) y la Procuradur\u00eda Federal del Consumidor (Profeco), gener\u00f3 una impresionante derrama econ\u00f3mica de 40 mil millones de pesos (mdp) en compras y reservas de viajes.","breadcrumb":{"@id":"https:\/\/azturismo.net\/?p=4002#breadcrumb"},"inLanguage":"es","potentialAction":[{"@type":"ReadAction","target":["https:\/\/azturismo.net\/?p=4002"]}]},{"@type":"ImageObject","inLanguage":"es","@id":"https:\/\/azturismo.net\/?p=4002#primaryimage","url":"https:\/\/i0.wp.com\/azturismo.net\/wp-content\/uploads\/2025\/06\/Sectur-GranEscapada01.jpg?fit=600%2C399&ssl=1","contentUrl":"https:\/\/i0.wp.com\/azturismo.net\/wp-content\/uploads\/2025\/06\/Sectur-GranEscapada01.jpg?fit=600%2C399&ssl=1","width":600,"height":399},{"@type":"BreadcrumbList","@id":"https:\/\/azturismo.net\/?p=4002#breadcrumb","itemListElement":[{"@type":"ListItem","position":1,"name":"Home","item":"https:\/\/azturismo.net\/"},{"@type":"ListItem","position":2,"name":"Genera 40 mmdp &#8220;La Gran Escapada&#8221;"}]},{"@type":"WebSite","@id":"https:\/\/azturismo.net\/#website","url":"https:\/\/azturismo.net\/","name":"Azturismo","description":"Azturismo Noticias","publisher":{"@id":"https:\/\/azturismo.net\/#organization"},"potentialAction":[{"@type":"SearchAction","target":{"@type":"EntryPoint","urlTemplate":"https:\/\/azturismo.net\/?s={search_term_string}"},"query-input":{"@type":"PropertyValueSpecification","valueRequired":true,"valueName":"search_term_string"}}],"inLanguage":"es"},{"@type":"Organization","@id":"https:\/\/azturismo.net\/#organization","name":"Azturismo","url":"https:\/\/azturismo.net\/","logo":{"@type":"ImageObject","inLanguage":"es","@id":"https:\/\/azturismo.net\/#\/schema\/logo\/image\/","url":"https:\/\/i0.wp.com\/azturismo.net\/wp-content\/uploads\/2024\/03\/logo-el-bueno-.png?fit=294%2C69&ssl=1","contentUrl":"https:\/\/i0.wp.com\/azturismo.net\/wp-content\/uploads\/2024\/03\/logo-el-bueno-.png?fit=294%2C69&ssl=1","width":294,"height":69,"caption":"Azturismo"},"image":{"@id":"https:\/\/azturismo.net\/#\/schema\/logo\/image\/"},"sameAs":["https:\/\/www.facebook.com\/AzturismoNoticias","https:\/\/x.com\/AzTurismo","https:\/\/www.instagram.com\/azturismo_noticias\/?fbclid=IwAR2xMiuoHbs6eLeIHKP8P5sSGa-xFrw7FfejscXO7kDghWa7wKLjGczKOwE","https:\/\/www.tiktok.com\/@azturismo"]},{"@type":"Person","@id":"https:\/\/azturismo.net\/#\/schema\/person\/4b56d87f51c4d1b518c650739ad3bbc1","name":"Azturismo","image":{"@type":"ImageObject","inLanguage":"es","@id":"https:\/\/azturismo.net\/wp-content\/litespeed\/avatar\/dfe28a31cdd68b788da48a316e50db10.jpg?ver=1777707566","url":"https:\/\/azturismo.net\/wp-content\/litespeed\/avatar\/dfe28a31cdd68b788da48a316e50db10.jpg?ver=1777707566","contentUrl":"https:\/\/azturismo.net\/wp-content\/litespeed\/avatar\/dfe28a31cdd68b788da48a316e50db10.jpg?ver=1777707566","caption":"Azturismo"},"sameAs":["https:\/\/azturismo.net"],"url":"https:\/\/azturismo.net\/?author=1"}]}},"jetpack_publicize_connections":[],"jetpack_featured_media_url":"https:\/\/i0.wp.com\/azturismo.net\/wp-content\/uploads\/2025\/06\/Sectur-GranEscapada01.jpg?fit=600%2C399&ssl=1","jetpack_sharing_enabled":true,"jetpack-related-posts":[{"id":5039,"url":"https:\/\/azturismo.net\/?p=5039","url_meta":{"origin":4002,"position":0},"title":"M\u00e9xico como potencia tur\u00edstica mundial, meta de alianza Concanaco-Sectur","author":"Azturismo","date":"agosto 23, 2025","format":false,"excerpt":"Por Staff AzTurismo La secretar\u00eda de Turismo (Sectur) y la Confederaci\u00f3n de C\u00e1maras Nacionales de Comercio, Servicios y Turismo (Concanaco Servytur) anunciaron nuevas acciones conjuntas para consolidar a M\u00e9xico como una de las principales potencias tur\u00edsticas del mundo. Durante la reuni\u00f3n del Comit\u00e9 Ejecutivo de Concanaco Servytur, la secretaria de\u2026","rel":"","context":"En &quot;NOTITUR&quot;","block_context":{"text":"NOTITUR","link":"https:\/\/azturismo.net\/?cat=25"},"img":{"alt_text":"","src":"https:\/\/i0.wp.com\/azturismo.net\/wp-content\/uploads\/2025\/08\/Comunicado-164-3.jpg?fit=832%2C554&ssl=1&resize=350%2C200","width":350,"height":200,"srcset":"https:\/\/i0.wp.com\/azturismo.net\/wp-content\/uploads\/2025\/08\/Comunicado-164-3.jpg?fit=832%2C554&ssl=1&resize=350%2C200 1x, https:\/\/i0.wp.com\/azturismo.net\/wp-content\/uploads\/2025\/08\/Comunicado-164-3.jpg?fit=832%2C554&ssl=1&resize=525%2C300 1.5x, https:\/\/i0.wp.com\/azturismo.net\/wp-content\/uploads\/2025\/08\/Comunicado-164-3.jpg?fit=832%2C554&ssl=1&resize=700%2C400 2x"},"classes":[]},{"id":6307,"url":"https:\/\/azturismo.net\/?p=6307","url_meta":{"origin":4002,"position":1},"title":"\u00a1Puente del 20 de Noviembre y El Buen Fin dejar\u00e1n m\u00e1s de 43 mil mdp en el turismo!","author":"Azturismo","date":"noviembre 7, 2025","format":false,"excerpt":"Por Staff AzTurismo El pr\u00f3ximo puente del 20 de Noviembre llega con una excelente noticia para la industria tur\u00edstica en M\u00e9xico. De acuerdo con la Secretar\u00eda de Turismo (Sectur), se espera la movilizaci\u00f3n de 1.15 millones de turistas del 13 al 17 de noviembre de 2025, un aumento de 0.7%\u2026","rel":"","context":"En &quot;Destacadas&quot;","block_context":{"text":"Destacadas","link":"https:\/\/azturismo.net\/?cat=30"},"img":{"alt_text":"","src":"https:\/\/i0.wp.com\/azturismo.net\/wp-content\/uploads\/2025\/11\/Sectur-BuenFin.jpg?fit=600%2C336&ssl=1&resize=350%2C200","width":350,"height":200,"srcset":"https:\/\/i0.wp.com\/azturismo.net\/wp-content\/uploads\/2025\/11\/Sectur-BuenFin.jpg?fit=600%2C336&ssl=1&resize=350%2C200 1x, https:\/\/i0.wp.com\/azturismo.net\/wp-content\/uploads\/2025\/11\/Sectur-BuenFin.jpg?fit=600%2C336&ssl=1&resize=525%2C300 1.5x"},"classes":[]},{"id":5662,"url":"https:\/\/azturismo.net\/?p=5662","url_meta":{"origin":4002,"position":2},"title":"\u00a1A viajar por M\u00e9xico!, objetivo del Pacto Legislativo por el Turismo Nacional","author":"Azturismo","date":"septiembre 29, 2025","format":false,"excerpt":"Por Ronaldo Zanon La Secretar\u00eda de Turismo (Sectur) anunci\u00f3 su adhesi\u00f3n al Pacto Legislativo por el Turismo Nacional, presentado en el Senado de la Rep\u00fablica, con el objetivo de impulsar el turismo dom\u00e9stico como motor de desarrollo regional, inclusi\u00f3n social y prosperidad compartida. En representaci\u00f3n de la secretaria Josefina Rodr\u00edguez\u2026","rel":"","context":"En &quot;Destacadas&quot;","block_context":{"text":"Destacadas","link":"https:\/\/azturismo.net\/?cat=30"},"img":{"alt_text":"","src":"https:\/\/i0.wp.com\/azturismo.net\/wp-content\/uploads\/2025\/09\/turismo-pacto-legislativo.jpg?fit=600%2C389&ssl=1&resize=350%2C200","width":350,"height":200,"srcset":"https:\/\/i0.wp.com\/azturismo.net\/wp-content\/uploads\/2025\/09\/turismo-pacto-legislativo.jpg?fit=600%2C389&ssl=1&resize=350%2C200 1x, https:\/\/i0.wp.com\/azturismo.net\/wp-content\/uploads\/2025\/09\/turismo-pacto-legislativo.jpg?fit=600%2C389&ssl=1&resize=525%2C300 1.5x"},"classes":[]},{"id":5964,"url":"https:\/\/azturismo.net\/?p=5964","url_meta":{"origin":4002,"position":3},"title":"Fortalece Sectur el turismo comunitario","author":"Azturismo","date":"octubre 14, 2025","format":false,"excerpt":"Por Staff AzTurismo \ud83d\udccd La Secretar\u00eda de Turismo del Gobierno de M\u00e9xico (Sectur) encabez\u00f3 la Primera Sesi\u00f3n Ordinaria 2025 del Consejo Consultivo de Turismo, donde se presentaron acciones y avances clave para fortalecer el turismo comunitario, sostenible e inclusivo en el pa\u00eds. Durante el encuentro, la dependencia reafirm\u00f3 su compromiso\u2026","rel":"","context":"En &quot;NACIONALES&quot;","block_context":{"text":"NACIONALES","link":"https:\/\/azturismo.net\/?cat=29"},"img":{"alt_text":"","src":"https:\/\/i0.wp.com\/azturismo.net\/wp-content\/uploads\/2025\/10\/Comunicado-222-3.jpg?fit=600%2C399&ssl=1&resize=350%2C200","width":350,"height":200,"srcset":"https:\/\/i0.wp.com\/azturismo.net\/wp-content\/uploads\/2025\/10\/Comunicado-222-3.jpg?fit=600%2C399&ssl=1&resize=350%2C200 1x, https:\/\/i0.wp.com\/azturismo.net\/wp-content\/uploads\/2025\/10\/Comunicado-222-3.jpg?fit=600%2C399&ssl=1&resize=525%2C300 1.5x"},"classes":[]},{"id":4649,"url":"https:\/\/azturismo.net\/?p=4649","url_meta":{"origin":4002,"position":4},"title":"\u00a1Cuidado con los fraudes tur\u00edsticos!","author":"Azturismo","date":"agosto 1, 2025","format":false,"excerpt":"Por Oscar V\u00e1zquez C. Para que las y los turistas no sean sorprendidos durante las vacaciones de verano 2025, la Secretar\u00eda de Turismo (Sectur) y la Procuradur\u00eda Federal del Consumidor (Profeco) mantienen la campa\u00f1a \"Evita fraudes y viaja con tranquilidad\" para proteger a los turistas mexicanos de posibles estafas durante\u2026","rel":"","context":"En &quot;Destacadas&quot;","block_context":{"text":"Destacadas","link":"https:\/\/azturismo.net\/?cat=30"},"img":{"alt_text":"","src":"https:\/\/i0.wp.com\/azturismo.net\/wp-content\/uploads\/2025\/08\/turistas-calles.jpeg?fit=600%2C387&ssl=1&resize=350%2C200","width":350,"height":200,"srcset":"https:\/\/i0.wp.com\/azturismo.net\/wp-content\/uploads\/2025\/08\/turistas-calles.jpeg?fit=600%2C387&ssl=1&resize=350%2C200 1x, https:\/\/i0.wp.com\/azturismo.net\/wp-content\/uploads\/2025\/08\/turistas-calles.jpeg?fit=600%2C387&ssl=1&resize=525%2C300 1.5x"},"classes":[]},{"id":4611,"url":"https:\/\/azturismo.net\/?p=4611","url_meta":{"origin":4002,"position":5},"title":"Nuevo Le\u00f3n impulsa la digitalizaci\u00f3n de sus Pueblos M\u00e1gicos","author":"Azturismo","date":"julio 31, 2025","format":false,"excerpt":"El estado norte\u00f1o fortalece el turismo en Santiago, Linares, Bustamante, General Ter\u00e1n y General Zaragoza mediante alianza con BBVA y preparativos para el Mundial 2026 Por Staff AzTurismo La secretar\u00eda de Turismo de M\u00e9xico y el gobierno de Nuevo Le\u00f3n presentaron oficialmente la estrategia \"Avanzamos por M\u00e9xico\" en Santiago, uno\u2026","rel":"","context":"En &quot;Destacadas&quot;","block_context":{"text":"Destacadas","link":"https:\/\/azturismo.net\/?cat=30"},"img":{"alt_text":"","src":"https:\/\/i0.wp.com\/azturismo.net\/wp-content\/uploads\/2025\/07\/Sectur-NL01.jpg?fit=600%2C399&ssl=1&resize=350%2C200","width":350,"height":200,"srcset":"https:\/\/i0.wp.com\/azturismo.net\/wp-content\/uploads\/2025\/07\/Sectur-NL01.jpg?fit=600%2C399&ssl=1&resize=350%2C200 1x, https:\/\/i0.wp.com\/azturismo.net\/wp-content\/uploads\/2025\/07\/Sectur-NL01.jpg?fit=600%2C399&ssl=1&resize=525%2C300 1.5x"},"classes":[]}],"jetpack_shortlink":"https:\/\/wp.me\/pfqZGx-12y","amp_enabled":true,"_links":{"self":[{"href":"https:\/\/azturismo.net\/index.php?rest_route=\/wp\/v2\/posts\/4002","targetHints":{"allow":["GET"]}}],"collection":[{"href":"https:\/\/azturismo.net\/index.php?rest_route=\/wp\/v2\/posts"}],"about":[{"href":"https:\/\/azturismo.net\/index.php?rest_route=\/wp\/v2\/types\/post"}],"author":[{"embeddable":true,"href":"https:\/\/azturismo.net\/index.php?rest_route=\/wp\/v2\/users\/1"}],"replies":[{"embeddable":true,"href":"https:\/\/azturismo.net\/index.php?rest_route=%2Fwp%2Fv2%2Fcomments&post=4002"}],"version-history":[{"count":2,"href":"https:\/\/azturismo.net\/index.php?rest_route=\/wp\/v2\/posts\/4002\/revisions"}],"predecessor-version":[{"id":4007,"href":"https:\/\/azturismo.net\/index.php?rest_route=\/wp\/v2\/posts\/4002\/revisions\/4007"}],"wp:featuredmedia":[{"embeddable":true,"href":"https:\/\/azturismo.net\/index.php?rest_route=\/wp\/v2\/media\/4003"}],"wp:attachment":[{"href":"https:\/\/azturismo.net\/index.php?rest_route=%2Fwp%2Fv2%2Fmedia&parent=4002"}],"wp:term":[{"taxonomy":"category","embeddable":true,"href":"https:\/\/azturismo.net\/index.php?rest_route=%2Fwp%2Fv2%2Fcategories&post=4002"},{"taxonomy":"post_tag","embeddable":true,"href":"https:\/\/azturismo.net\/index.php?rest_route=%2Fwp%2Fv2%2Ftags&post=4002"}],"curies":[{"name":"wp","href":"https:\/\/api.w.org\/{rel}","templated":true}]}}