{"id":3944,"date":"2025-06-02T15:55:41","date_gmt":"2025-06-02T21:55:41","guid":{"rendered":"https:\/\/azturismo.net\/?p=3944"},"modified":"2025-06-02T15:55:43","modified_gmt":"2025-06-02T21:55:43","slug":"conoce-la-agenda-de-junio-2025-del-inah-para-unirte-a-sus-paseos-culturales-en-la-cdmx","status":"publish","type":"post","link":"https:\/\/azturismo.net\/?p=3944","title":{"rendered":"Conoce la agenda de junio 2025 del INAH para unirte a sus Paseos Culturales en la CDMX"},"content":{"rendered":"\n<p>Por Staff AzTurismo<br>El Instituto Nacional de Antropolog\u00eda e Historia (INAH), organismo de la Secretar\u00eda de Cultura del Gobierno de M\u00e9xico, <strong>anuncia la apertura de la agenda de junio 2025 de sus reconocidos Paseos Culturales<\/strong>. Esta iniciativa invita a la ciudadan\u00eda a conocer, valorar y disfrutar el patrimonio cultural mexicano mediante recorridos guiados por especialistas en historia, arqueolog\u00eda y antropolog\u00eda.<\/p>\n\n\n\n<p>Durante junio, se llevar\u00e1n a cabo diversos <strong>paseos en la Ciudad de M\u00e9xico<\/strong>, que abarcan desde sitios arqueol\u00f3gicos y museos, hasta mercados, templos, barrios tradicionales y expresiones culturales diversas.<\/p>\n\n\n\n<h2 class=\"wp-block-heading\">\ud83d\udcc5 <strong>Calendario de Paseos Culturales INAH \u2013 Junio 2025<\/strong><\/h2>\n\n\n\n<figure class=\"wp-block-gallery has-nested-images columns-default is-cropped wp-block-gallery-1 is-layout-flex wp-block-gallery-is-layout-flex\">\n<figure class=\"wp-block-image size-large\"><img data-recalc-dims=\"1\" loading=\"lazy\" decoding=\"async\" width=\"600\" height=\"600\" data-attachment-id=\"3946\" data-permalink=\"https:\/\/azturismo.net\/?attachment_id=3946\" data-orig-file=\"https:\/\/i0.wp.com\/azturismo.net\/wp-content\/uploads\/2025\/06\/Se-abre-la-agenda-para-los-Paseos-Culturales-del-INAH-en-junio.-Foto-Pamela-de-la-Paz-INAH.jpg?fit=600%2C600&amp;ssl=1\" data-orig-size=\"600,600\" data-comments-opened=\"1\" data-image-meta=\"{&quot;aperture&quot;:&quot;0&quot;,&quot;credit&quot;:&quot;&quot;,&quot;camera&quot;:&quot;&quot;,&quot;caption&quot;:&quot;&quot;,&quot;created_timestamp&quot;:&quot;0&quot;,&quot;copyright&quot;:&quot;&quot;,&quot;focal_length&quot;:&quot;0&quot;,&quot;iso&quot;:&quot;0&quot;,&quot;shutter_speed&quot;:&quot;0&quot;,&quot;title&quot;:&quot;&quot;,&quot;orientation&quot;:&quot;1&quot;}\" data-image-title=\"Se abre la agenda para los Paseos Culturales del INAH en junio. Foto Pamela de la Paz, INAH\" data-image-description=\"\" data-image-caption=\"&lt;p&gt;Foto Pamela de la Paz, INAH&lt;\/p&gt;\n\" data-large-file=\"https:\/\/i0.wp.com\/azturismo.net\/wp-content\/uploads\/2025\/06\/Se-abre-la-agenda-para-los-Paseos-Culturales-del-INAH-en-junio.-Foto-Pamela-de-la-Paz-INAH.jpg?fit=600%2C600&amp;ssl=1\" data-id=\"3946\" src=\"https:\/\/i0.wp.com\/azturismo.net\/wp-content\/uploads\/2025\/06\/Se-abre-la-agenda-para-los-Paseos-Culturales-del-INAH-en-junio.-Foto-Pamela-de-la-Paz-INAH.jpg?resize=600%2C600&#038;ssl=1\" alt=\"\" class=\"wp-image-3946\" srcset=\"https:\/\/i0.wp.com\/azturismo.net\/wp-content\/uploads\/2025\/06\/Se-abre-la-agenda-para-los-Paseos-Culturales-del-INAH-en-junio.-Foto-Pamela-de-la-Paz-INAH.jpg?w=600&amp;ssl=1 600w, https:\/\/i0.wp.com\/azturismo.net\/wp-content\/uploads\/2025\/06\/Se-abre-la-agenda-para-los-Paseos-Culturales-del-INAH-en-junio.-Foto-Pamela-de-la-Paz-INAH.jpg?resize=300%2C300&amp;ssl=1 300w, https:\/\/i0.wp.com\/azturismo.net\/wp-content\/uploads\/2025\/06\/Se-abre-la-agenda-para-los-Paseos-Culturales-del-INAH-en-junio.-Foto-Pamela-de-la-Paz-INAH.jpg?resize=150%2C150&amp;ssl=1 150w\" sizes=\"auto, (max-width: 600px) 100vw, 600px\" \/><figcaption class=\"wp-element-caption\">Foto Pamela de la Paz, INAH<\/figcaption><\/figure>\n\n\n\n<figure class=\"wp-block-image size-large\"><img data-recalc-dims=\"1\" loading=\"lazy\" decoding=\"async\" width=\"600\" height=\"800\" data-attachment-id=\"3947\" data-permalink=\"https:\/\/azturismo.net\/?attachment_id=3947\" data-orig-file=\"https:\/\/i0.wp.com\/azturismo.net\/wp-content\/uploads\/2025\/06\/Se-visitaran-barrios-emblematicos-dulcerias-y-arquitectura-barroca-asi-como-espacios-que-resguardan-el-patrimonio-de-nuestro-pais.-Foto-Sofia-Jimenez-INAH-2.jpg?fit=600%2C800&amp;ssl=1\" data-orig-size=\"600,800\" data-comments-opened=\"1\" data-image-meta=\"{&quot;aperture&quot;:&quot;0&quot;,&quot;credit&quot;:&quot;&quot;,&quot;camera&quot;:&quot;&quot;,&quot;caption&quot;:&quot;&quot;,&quot;created_timestamp&quot;:&quot;1747554876&quot;,&quot;copyright&quot;:&quot;&quot;,&quot;focal_length&quot;:&quot;0&quot;,&quot;iso&quot;:&quot;0&quot;,&quot;shutter_speed&quot;:&quot;0&quot;,&quot;title&quot;:&quot;&quot;,&quot;orientation&quot;:&quot;1&quot;}\" data-image-title=\"Se visitar\u00e1n barrios emblem\u00e1ticos, dulcer\u00edas y arquitectura barroca, as\u00ed como espacios que resguardan el patrimonio de nuestro pa\u00eds. Foto Sof\u00eda Jim\u00e9nez, INAH (2)\" data-image-description=\"\" data-image-caption=\"&lt;p&gt;Foto: Sof\u00eda Jim\u00e9nez, INAH&lt;\/p&gt;\n\" data-large-file=\"https:\/\/i0.wp.com\/azturismo.net\/wp-content\/uploads\/2025\/06\/Se-visitaran-barrios-emblematicos-dulcerias-y-arquitectura-barroca-asi-como-espacios-que-resguardan-el-patrimonio-de-nuestro-pais.-Foto-Sofia-Jimenez-INAH-2.jpg?fit=600%2C800&amp;ssl=1\" data-id=\"3947\" src=\"https:\/\/i0.wp.com\/azturismo.net\/wp-content\/uploads\/2025\/06\/Se-visitaran-barrios-emblematicos-dulcerias-y-arquitectura-barroca-asi-como-espacios-que-resguardan-el-patrimonio-de-nuestro-pais.-Foto-Sofia-Jimenez-INAH-2.jpg?resize=600%2C800&#038;ssl=1\" alt=\"\" class=\"wp-image-3947\" srcset=\"https:\/\/i0.wp.com\/azturismo.net\/wp-content\/uploads\/2025\/06\/Se-visitaran-barrios-emblematicos-dulcerias-y-arquitectura-barroca-asi-como-espacios-que-resguardan-el-patrimonio-de-nuestro-pais.-Foto-Sofia-Jimenez-INAH-2.jpg?w=600&amp;ssl=1 600w, https:\/\/i0.wp.com\/azturismo.net\/wp-content\/uploads\/2025\/06\/Se-visitaran-barrios-emblematicos-dulcerias-y-arquitectura-barroca-asi-como-espacios-que-resguardan-el-patrimonio-de-nuestro-pais.-Foto-Sofia-Jimenez-INAH-2.jpg?resize=225%2C300&amp;ssl=1 225w, https:\/\/i0.wp.com\/azturismo.net\/wp-content\/uploads\/2025\/06\/Se-visitaran-barrios-emblematicos-dulcerias-y-arquitectura-barroca-asi-como-espacios-que-resguardan-el-patrimonio-de-nuestro-pais.-Foto-Sofia-Jimenez-INAH-2.jpg?resize=150%2C200&amp;ssl=1 150w, https:\/\/i0.wp.com\/azturismo.net\/wp-content\/uploads\/2025\/06\/Se-visitaran-barrios-emblematicos-dulcerias-y-arquitectura-barroca-asi-como-espacios-que-resguardan-el-patrimonio-de-nuestro-pais.-Foto-Sofia-Jimenez-INAH-2.jpg?resize=300%2C400&amp;ssl=1 300w\" sizes=\"auto, (max-width: 600px) 100vw, 600px\" \/><figcaption class=\"wp-element-caption\">Foto: Sof\u00eda Jim\u00e9nez, INAH<\/figcaption><\/figure>\n\n\n\n<figure class=\"wp-block-image size-large\"><img data-recalc-dims=\"1\" loading=\"lazy\" decoding=\"async\" width=\"600\" height=\"800\" data-attachment-id=\"3948\" data-permalink=\"https:\/\/azturismo.net\/?attachment_id=3948\" data-orig-file=\"https:\/\/i0.wp.com\/azturismo.net\/wp-content\/uploads\/2025\/06\/Los-itinerarios-estan-disenados-por-especialistas-que-acompanan-cada-recorrido.-Foto-Sofia-Jimenez-INAH.jpg?fit=600%2C800&amp;ssl=1\" data-orig-size=\"600,800\" data-comments-opened=\"1\" data-image-meta=\"{&quot;aperture&quot;:&quot;1.78&quot;,&quot;credit&quot;:&quot;&quot;,&quot;camera&quot;:&quot;iPhone 15 Pro&quot;,&quot;caption&quot;:&quot;&quot;,&quot;created_timestamp&quot;:&quot;1746958583&quot;,&quot;copyright&quot;:&quot;&quot;,&quot;focal_length&quot;:&quot;6.7649998656528&quot;,&quot;iso&quot;:&quot;80&quot;,&quot;shutter_speed&quot;:&quot;0.0083333333333333&quot;,&quot;title&quot;:&quot;&quot;,&quot;orientation&quot;:&quot;1&quot;}\" data-image-title=\"Los itinerarios est\u00e1n dise\u00f1ados por especialistas que acompa\u00f1an cada recorrido. Foto Sof\u00eda Jim\u00e9nez, INAH\" data-image-description=\"\" data-image-caption=\"&lt;p&gt;Foto: Sof\u00eda Jim\u00e9nez, INAH&lt;\/p&gt;\n\" data-large-file=\"https:\/\/i0.wp.com\/azturismo.net\/wp-content\/uploads\/2025\/06\/Los-itinerarios-estan-disenados-por-especialistas-que-acompanan-cada-recorrido.-Foto-Sofia-Jimenez-INAH.jpg?fit=600%2C800&amp;ssl=1\" data-id=\"3948\" src=\"https:\/\/i0.wp.com\/azturismo.net\/wp-content\/uploads\/2025\/06\/Los-itinerarios-estan-disenados-por-especialistas-que-acompanan-cada-recorrido.-Foto-Sofia-Jimenez-INAH.jpg?resize=600%2C800&#038;ssl=1\" alt=\"\" class=\"wp-image-3948\" srcset=\"https:\/\/i0.wp.com\/azturismo.net\/wp-content\/uploads\/2025\/06\/Los-itinerarios-estan-disenados-por-especialistas-que-acompanan-cada-recorrido.-Foto-Sofia-Jimenez-INAH.jpg?w=600&amp;ssl=1 600w, https:\/\/i0.wp.com\/azturismo.net\/wp-content\/uploads\/2025\/06\/Los-itinerarios-estan-disenados-por-especialistas-que-acompanan-cada-recorrido.-Foto-Sofia-Jimenez-INAH.jpg?resize=225%2C300&amp;ssl=1 225w, https:\/\/i0.wp.com\/azturismo.net\/wp-content\/uploads\/2025\/06\/Los-itinerarios-estan-disenados-por-especialistas-que-acompanan-cada-recorrido.-Foto-Sofia-Jimenez-INAH.jpg?resize=150%2C200&amp;ssl=1 150w, https:\/\/i0.wp.com\/azturismo.net\/wp-content\/uploads\/2025\/06\/Los-itinerarios-estan-disenados-por-especialistas-que-acompanan-cada-recorrido.-Foto-Sofia-Jimenez-INAH.jpg?resize=300%2C400&amp;ssl=1 300w\" sizes=\"auto, (max-width: 600px) 100vw, 600px\" \/><figcaption class=\"wp-element-caption\">Foto: Sof\u00eda Jim\u00e9nez, INAH<\/figcaption><\/figure>\n<\/figure>\n\n\n\n<h3 class=\"wp-block-heading\">\ud83d\uddd3\ufe0f <strong>S\u00e1bado 7 de junio<\/strong><\/h3>\n\n\n\n<p><strong>La Inquisici\u00f3n novohispana: historias reales y leyendas populares<\/strong><br>Un recorrido por el Centro Hist\u00f3rico para conocer el oscuro pasado de la Inquisici\u00f3n en M\u00e9xico, con testimonios e historias documentadas.<\/p>\n\n\n\n<h3 class=\"wp-block-heading\">\ud83d\uddd3\ufe0f <strong>Domingo 8 de junio<\/strong><\/h3>\n\n\n\n<p><strong>Representaciones del cuerpo humano en el M\u00e9xico prehisp\u00e1nico<\/strong><br>Explora la simbolog\u00eda del cuerpo en la cosmovisi\u00f3n mesoamericana a trav\u00e9s de piezas arqueol\u00f3gicas del <strong>Museo Nacional de Antropolog\u00eda<\/strong>.<\/p>\n\n\n\n<h3 class=\"wp-block-heading\">\ud83d\uddd3\ufe0f <strong>S\u00e1bado 14 de junio<\/strong><\/h3>\n\n\n\n<p><strong>Nichos barrocos II: arte colonial en el coraz\u00f3n de la ciudad<\/strong><br>Recorrido por construcciones coloniales que conservan elementos arquitect\u00f3nicos del barroco mexicano.<\/p>\n\n\n\n<h3 class=\"wp-block-heading\">\ud83d\uddd3\ufe0f <strong>Domingo 15 de junio<\/strong><\/h3>\n\n\n\n<p><strong>Con sabor a La Merced: soberan\u00eda alimentaria y tradici\u00f3n culinaria<\/strong><br>Sum\u00e9rgete en uno de los mercados m\u00e1s emblem\u00e1ticos de la CDMX para conocer sus sabores, aromas e historia.<\/p>\n\n\n\n<h3 class=\"wp-block-heading\">\ud83d\uddd3\ufe0f <strong>Lunes 16 de junio<\/strong><\/h3>\n\n\n\n<p><strong>Dulces huellas del tiempo<\/strong><br>Un paseo por las confiter\u00edas tradicionales del Centro Hist\u00f3rico, donde los sabores artesanales cuentan historias del pasado.<\/p>\n\n\n\n<h3 class=\"wp-block-heading\">\ud83d\uddd3\ufe0f <strong>Viernes 20 de junio<\/strong><\/h3>\n\n\n\n<p><strong>Piezas fundacionales del Museo Nacional de Antropolog\u00eda<\/strong><br>Recorrido tem\u00e1tico por las salas del museo para descubrir los objetos m\u00e1s ic\u00f3nicos de su colecci\u00f3n.<\/p>\n\n\n\n<h3 class=\"wp-block-heading\">\ud83d\uddd3\ufe0f <strong>S\u00e1bado 21 de junio<\/strong><\/h3>\n\n\n\n<p><strong>Los se\u00f1ores sobre el hormiguero: Azcapotzalco prehisp\u00e1nico<\/strong><br>Explora este antiguo asentamiento lleno de historia, con vestigios arqueol\u00f3gicos, templos y murales del siglo XIX y XX.<\/p>\n\n\n\n<h3 class=\"wp-block-heading\">\ud83d\uddd3\ufe0f <strong>Domingo 22 de junio<\/strong><\/h3>\n\n\n\n<p><strong>Las cenizas del deseo: diversidad sexual en la historia de M\u00e9xico<\/strong><br>Un recorrido por sitios emblem\u00e1ticos del Centro Hist\u00f3rico que abordan las m\u00faltiples formas de amor y su expresi\u00f3n en la vida social y cultural del pa\u00eds.<\/p>\n\n\n\n<h3 class=\"wp-block-heading\">\ud83d\uddd3\ufe0f <strong>Viernes 27 de junio<\/strong><\/h3>\n\n\n\n<p><strong>Muralismo en la capital<\/strong><br>Descubre obras maestras del muralismo mexicano en la UNAM y otros espacios clave del arte del siglo XX en la Ciudad de M\u00e9xico.<\/p>\n\n\n\n<h3 class=\"wp-block-heading\">\ud83d\uddd3\ufe0f <strong>S\u00e1bado 28 de junio<\/strong><\/h3>\n\n\n\n<p><strong>Las calles de la nostalgia<\/strong><br>Un paseo por la colonia Guerrero para observar la transformaci\u00f3n urbana y arquitect\u00f3nica a lo largo del tiempo.<\/p>\n\n\n\n<h3 class=\"wp-block-heading\">\ud83d\uddd3\ufe0f <strong>Domingo 29 de junio<\/strong><\/h3>\n\n\n\n<p><strong>La Ciudad de M\u00e9xico entre tumultos: luchas sociales y testimonios<\/strong><br>Explora los movimientos sociales m\u00e1s significativos que marcaron la historia del pa\u00eds, a trav\u00e9s de relatos en el Centro Hist\u00f3rico.<\/p>\n\n\n\n<h2 class=\"wp-block-heading\">\ud83e\udded \u00bfQu\u00e9 son los Paseos Culturales del INAH<\/h2>\n\n\n\n<figure class=\"wp-block-gallery has-nested-images columns-default is-cropped wp-block-gallery-2 is-layout-flex wp-block-gallery-is-layout-flex\">\n<figure class=\"wp-block-image size-large\"><img data-recalc-dims=\"1\" loading=\"lazy\" decoding=\"async\" width=\"600\" height=\"400\" data-attachment-id=\"3958\" data-permalink=\"https:\/\/azturismo.net\/?attachment_id=3958\" data-orig-file=\"https:\/\/i0.wp.com\/azturismo.net\/wp-content\/uploads\/2025\/06\/La-agenda-mensual-permitira-conocer-el-Museo-Nacional-de-Antropologia-y-sus-piezas-fundacionales.-Foto-Mauricio-Marat-INAH.jpg?fit=600%2C400&amp;ssl=1\" data-orig-size=\"600,400\" data-comments-opened=\"1\" data-image-meta=\"{&quot;aperture&quot;:&quot;4.2&quot;,&quot;credit&quot;:&quot;MAURICIO MARAT&quot;,&quot;camera&quot;:&quot;NIKON D800&quot;,&quot;caption&quot;:&quot;&quot;,&quot;created_timestamp&quot;:&quot;1723903481&quot;,&quot;copyright&quot;:&quot;MAUMARAT&quot;,&quot;focal_length&quot;:&quot;48&quot;,&quot;iso&quot;:&quot;1250&quot;,&quot;shutter_speed&quot;:&quot;0.04&quot;,&quot;title&quot;:&quot;&quot;,&quot;orientation&quot;:&quot;1&quot;}\" data-image-title=\"La agenda mensual permitir\u00e1 conocer el Museo Nacional de Antropolog\u00eda y sus piezas fundacionales. Foto Mauricio Marat, INAH\" data-image-description=\"\" data-image-caption=\"&lt;p&gt;Foto: Mauricio Marat, INAH&lt;\/p&gt;\n\" data-large-file=\"https:\/\/i0.wp.com\/azturismo.net\/wp-content\/uploads\/2025\/06\/La-agenda-mensual-permitira-conocer-el-Museo-Nacional-de-Antropologia-y-sus-piezas-fundacionales.-Foto-Mauricio-Marat-INAH.jpg?fit=600%2C400&amp;ssl=1\" data-id=\"3958\" src=\"https:\/\/i0.wp.com\/azturismo.net\/wp-content\/uploads\/2025\/06\/La-agenda-mensual-permitira-conocer-el-Museo-Nacional-de-Antropologia-y-sus-piezas-fundacionales.-Foto-Mauricio-Marat-INAH.jpg?resize=600%2C400&#038;ssl=1\" alt=\"\" class=\"wp-image-3958\" srcset=\"https:\/\/i0.wp.com\/azturismo.net\/wp-content\/uploads\/2025\/06\/La-agenda-mensual-permitira-conocer-el-Museo-Nacional-de-Antropologia-y-sus-piezas-fundacionales.-Foto-Mauricio-Marat-INAH.jpg?w=600&amp;ssl=1 600w, https:\/\/i0.wp.com\/azturismo.net\/wp-content\/uploads\/2025\/06\/La-agenda-mensual-permitira-conocer-el-Museo-Nacional-de-Antropologia-y-sus-piezas-fundacionales.-Foto-Mauricio-Marat-INAH.jpg?resize=300%2C200&amp;ssl=1 300w, https:\/\/i0.wp.com\/azturismo.net\/wp-content\/uploads\/2025\/06\/La-agenda-mensual-permitira-conocer-el-Museo-Nacional-de-Antropologia-y-sus-piezas-fundacionales.-Foto-Mauricio-Marat-INAH.jpg?resize=150%2C100&amp;ssl=1 150w\" sizes=\"auto, (max-width: 600px) 100vw, 600px\" \/><figcaption class=\"wp-element-caption\">Foto: Mauricio Marat, INAH<\/figcaption><\/figure>\n\n\n\n<figure class=\"wp-block-image size-large\"><img data-recalc-dims=\"1\" loading=\"lazy\" decoding=\"async\" width=\"600\" height=\"600\" data-attachment-id=\"3957\" data-permalink=\"https:\/\/azturismo.net\/?attachment_id=3957\" data-orig-file=\"https:\/\/i0.wp.com\/azturismo.net\/wp-content\/uploads\/2025\/06\/Entre-los-paseos-se-contemplan-caminatas-en-las-que-el-publico-podra-adentrarse-en-los-sabores-de-los-barrios-mas-ancestrales-de-la-Ciudad-de-Mexico.-Foto-Pamela-de-la-Paz-INAH.jpg?fit=600%2C600&amp;ssl=1\" data-orig-size=\"600,600\" data-comments-opened=\"1\" data-image-meta=\"{&quot;aperture&quot;:&quot;0&quot;,&quot;credit&quot;:&quot;&quot;,&quot;camera&quot;:&quot;&quot;,&quot;caption&quot;:&quot;&quot;,&quot;created_timestamp&quot;:&quot;0&quot;,&quot;copyright&quot;:&quot;&quot;,&quot;focal_length&quot;:&quot;0&quot;,&quot;iso&quot;:&quot;0&quot;,&quot;shutter_speed&quot;:&quot;0&quot;,&quot;title&quot;:&quot;&quot;,&quot;orientation&quot;:&quot;1&quot;}\" data-image-title=\"Entre los paseos se contemplan caminatas en las que el p\u00fablico podr\u00e1 adentrarse en los sabores de los barrios m\u00e1s ancestrales de la Ciudad de M\u00e9xico. Foto Pamela de la Paz, INAH\" data-image-description=\"\" data-image-caption=\"&lt;p&gt;Foto: Pamela de la Paz, INAH&lt;\/p&gt;\n\" data-large-file=\"https:\/\/i0.wp.com\/azturismo.net\/wp-content\/uploads\/2025\/06\/Entre-los-paseos-se-contemplan-caminatas-en-las-que-el-publico-podra-adentrarse-en-los-sabores-de-los-barrios-mas-ancestrales-de-la-Ciudad-de-Mexico.-Foto-Pamela-de-la-Paz-INAH.jpg?fit=600%2C600&amp;ssl=1\" data-id=\"3957\" src=\"https:\/\/i0.wp.com\/azturismo.net\/wp-content\/uploads\/2025\/06\/Entre-los-paseos-se-contemplan-caminatas-en-las-que-el-publico-podra-adentrarse-en-los-sabores-de-los-barrios-mas-ancestrales-de-la-Ciudad-de-Mexico.-Foto-Pamela-de-la-Paz-INAH.jpg?resize=600%2C600&#038;ssl=1\" alt=\"\" class=\"wp-image-3957\" srcset=\"https:\/\/i0.wp.com\/azturismo.net\/wp-content\/uploads\/2025\/06\/Entre-los-paseos-se-contemplan-caminatas-en-las-que-el-publico-podra-adentrarse-en-los-sabores-de-los-barrios-mas-ancestrales-de-la-Ciudad-de-Mexico.-Foto-Pamela-de-la-Paz-INAH.jpg?w=600&amp;ssl=1 600w, https:\/\/i0.wp.com\/azturismo.net\/wp-content\/uploads\/2025\/06\/Entre-los-paseos-se-contemplan-caminatas-en-las-que-el-publico-podra-adentrarse-en-los-sabores-de-los-barrios-mas-ancestrales-de-la-Ciudad-de-Mexico.-Foto-Pamela-de-la-Paz-INAH.jpg?resize=300%2C300&amp;ssl=1 300w, https:\/\/i0.wp.com\/azturismo.net\/wp-content\/uploads\/2025\/06\/Entre-los-paseos-se-contemplan-caminatas-en-las-que-el-publico-podra-adentrarse-en-los-sabores-de-los-barrios-mas-ancestrales-de-la-Ciudad-de-Mexico.-Foto-Pamela-de-la-Paz-INAH.jpg?resize=150%2C150&amp;ssl=1 150w\" sizes=\"auto, (max-width: 600px) 100vw, 600px\" \/><figcaption class=\"wp-element-caption\">Foto: Pamela de la Paz, INAH<\/figcaption><\/figure>\n\n\n\n<figure class=\"wp-block-image size-large\"><img data-recalc-dims=\"1\" loading=\"lazy\" decoding=\"async\" width=\"600\" height=\"450\" data-attachment-id=\"3956\" data-permalink=\"https:\/\/azturismo.net\/?attachment_id=3956\" data-orig-file=\"https:\/\/i0.wp.com\/azturismo.net\/wp-content\/uploads\/2025\/06\/Se-visitaran-barrios-emblematicos-dulcerias-y-arquitectura-barroca-asi-como-espacios-que-resguardan-el-patrimonio-de-nuestro-pais.-Foto-Sofia-Jimenez-INAH-1.jpg?fit=600%2C450&amp;ssl=1\" data-orig-size=\"600,450\" data-comments-opened=\"1\" data-image-meta=\"{&quot;aperture&quot;:&quot;0&quot;,&quot;credit&quot;:&quot;&quot;,&quot;camera&quot;:&quot;&quot;,&quot;caption&quot;:&quot;&quot;,&quot;created_timestamp&quot;:&quot;1746958446&quot;,&quot;copyright&quot;:&quot;&quot;,&quot;focal_length&quot;:&quot;0&quot;,&quot;iso&quot;:&quot;0&quot;,&quot;shutter_speed&quot;:&quot;0&quot;,&quot;title&quot;:&quot;&quot;,&quot;orientation&quot;:&quot;1&quot;}\" data-image-title=\"Se visitar\u00e1n barrios emblem\u00e1ticos, dulcer\u00edas y arquitectura barroca, as\u00ed como espacios que resguardan el patrimonio de nuestro pa\u00eds. Foto Sof\u00eda Jim\u00e9nez, INAH (1)\" data-image-description=\"\" data-image-caption=\"&lt;p&gt;Foto: Sof\u00eda Jim\u00e9nez, INAH &lt;\/p&gt;\n\" data-large-file=\"https:\/\/i0.wp.com\/azturismo.net\/wp-content\/uploads\/2025\/06\/Se-visitaran-barrios-emblematicos-dulcerias-y-arquitectura-barroca-asi-como-espacios-que-resguardan-el-patrimonio-de-nuestro-pais.-Foto-Sofia-Jimenez-INAH-1.jpg?fit=600%2C450&amp;ssl=1\" data-id=\"3956\" src=\"https:\/\/i0.wp.com\/azturismo.net\/wp-content\/uploads\/2025\/06\/Se-visitaran-barrios-emblematicos-dulcerias-y-arquitectura-barroca-asi-como-espacios-que-resguardan-el-patrimonio-de-nuestro-pais.-Foto-Sofia-Jimenez-INAH-1.jpg?resize=600%2C450&#038;ssl=1\" alt=\"\" class=\"wp-image-3956\" srcset=\"https:\/\/i0.wp.com\/azturismo.net\/wp-content\/uploads\/2025\/06\/Se-visitaran-barrios-emblematicos-dulcerias-y-arquitectura-barroca-asi-como-espacios-que-resguardan-el-patrimonio-de-nuestro-pais.-Foto-Sofia-Jimenez-INAH-1.jpg?w=600&amp;ssl=1 600w, https:\/\/i0.wp.com\/azturismo.net\/wp-content\/uploads\/2025\/06\/Se-visitaran-barrios-emblematicos-dulcerias-y-arquitectura-barroca-asi-como-espacios-que-resguardan-el-patrimonio-de-nuestro-pais.-Foto-Sofia-Jimenez-INAH-1.jpg?resize=300%2C225&amp;ssl=1 300w, https:\/\/i0.wp.com\/azturismo.net\/wp-content\/uploads\/2025\/06\/Se-visitaran-barrios-emblematicos-dulcerias-y-arquitectura-barroca-asi-como-espacios-que-resguardan-el-patrimonio-de-nuestro-pais.-Foto-Sofia-Jimenez-INAH-1.jpg?resize=150%2C113&amp;ssl=1 150w\" sizes=\"auto, (max-width: 600px) 100vw, 600px\" \/><figcaption class=\"wp-element-caption\">Foto: Sof\u00eda Jim\u00e9nez, INAH <\/figcaption><\/figure>\n\n\n\n<figure class=\"wp-block-image size-large\"><img data-recalc-dims=\"1\" loading=\"lazy\" decoding=\"async\" width=\"600\" height=\"413\" data-attachment-id=\"3955\" data-permalink=\"https:\/\/azturismo.net\/?attachment_id=3955\" data-orig-file=\"https:\/\/i0.wp.com\/azturismo.net\/wp-content\/uploads\/2025\/06\/Se-abre-la-agenda-para-los-Paseos-Culturales-del-INAH-en-junio.-Foto-Mauricio-Marat-INAH.jpg?fit=600%2C413&amp;ssl=1\" data-orig-size=\"600,413\" data-comments-opened=\"1\" data-image-meta=\"{&quot;aperture&quot;:&quot;4&quot;,&quot;credit&quot;:&quot;MAURICIO MARAT&quot;,&quot;camera&quot;:&quot;NIKON D800&quot;,&quot;caption&quot;:&quot;&quot;,&quot;created_timestamp&quot;:&quot;1723903133&quot;,&quot;copyright&quot;:&quot;MAUMARAT&quot;,&quot;focal_length&quot;:&quot;36&quot;,&quot;iso&quot;:&quot;1250&quot;,&quot;shutter_speed&quot;:&quot;0.033333333333333&quot;,&quot;title&quot;:&quot;&quot;,&quot;orientation&quot;:&quot;1&quot;}\" data-image-title=\"Se abre la agenda para los Paseos Culturales del INAH en junio. Foto Mauricio Marat, INAH\" data-image-description=\"\" data-image-caption=\"&lt;p&gt;Foto: Mauricio Marat, INAH&lt;\/p&gt;\n\" data-large-file=\"https:\/\/i0.wp.com\/azturismo.net\/wp-content\/uploads\/2025\/06\/Se-abre-la-agenda-para-los-Paseos-Culturales-del-INAH-en-junio.-Foto-Mauricio-Marat-INAH.jpg?fit=600%2C413&amp;ssl=1\" data-id=\"3955\" src=\"https:\/\/i0.wp.com\/azturismo.net\/wp-content\/uploads\/2025\/06\/Se-abre-la-agenda-para-los-Paseos-Culturales-del-INAH-en-junio.-Foto-Mauricio-Marat-INAH.jpg?resize=600%2C413&#038;ssl=1\" alt=\"\" class=\"wp-image-3955\" srcset=\"https:\/\/i0.wp.com\/azturismo.net\/wp-content\/uploads\/2025\/06\/Se-abre-la-agenda-para-los-Paseos-Culturales-del-INAH-en-junio.-Foto-Mauricio-Marat-INAH.jpg?w=600&amp;ssl=1 600w, https:\/\/i0.wp.com\/azturismo.net\/wp-content\/uploads\/2025\/06\/Se-abre-la-agenda-para-los-Paseos-Culturales-del-INAH-en-junio.-Foto-Mauricio-Marat-INAH.jpg?resize=300%2C207&amp;ssl=1 300w, https:\/\/i0.wp.com\/azturismo.net\/wp-content\/uploads\/2025\/06\/Se-abre-la-agenda-para-los-Paseos-Culturales-del-INAH-en-junio.-Foto-Mauricio-Marat-INAH.jpg?resize=150%2C103&amp;ssl=1 150w, https:\/\/i0.wp.com\/azturismo.net\/wp-content\/uploads\/2025\/06\/Se-abre-la-agenda-para-los-Paseos-Culturales-del-INAH-en-junio.-Foto-Mauricio-Marat-INAH.jpg?resize=218%2C150&amp;ssl=1 218w\" sizes=\"auto, (max-width: 600px) 100vw, 600px\" \/><figcaption class=\"wp-element-caption\">Foto: Mauricio Marat, INAH<\/figcaption><\/figure>\n<\/figure>\n\n\n\n<p>Con m\u00e1s de 60 a\u00f1os de trayectoria, los <strong>Paseos Culturales INAH<\/strong> ofrecen una experiencia \u00fanica de aprendizaje e inmersi\u00f3n hist\u00f3rica. Cuentan con m\u00e1s de 100 recorridos anuales guiados por especialistas y dirigidos a p\u00fablicos diversos.<\/p>\n\n\n\n<h2 class=\"wp-block-heading\">\ud83d\udccc <strong>Informes y reservaciones<\/strong><\/h2>\n\n\n\n<ul class=\"wp-block-list\">\n<li>\ud83d\udcde Tel\u00e9fonos:<br>(55) 5212 2371<br>(55) 5553 2365<br>(55) 5553 3822<br>Horario: lunes a viernes, de 9:00 a 18:00 horas<\/li>\n\n\n\n<li>\ud83d\udce7 Correo: <a>reservaciones@inah.gob.mx<\/a> <br>(<strong><em>Por Staff AzTurismo<\/em><\/strong>)<\/li>\n<\/ul>\n\n\n\n<p>S\u00edguenos en nuestras redes;<\/p>\n\n\n\n<p><a href=\"http:\/\/@AzTurismo\">https:\/\/x.com\/AzTurismo<\/a><\/p>\n\n\n\n<p><a href=\"https:\/\/www.facebook.com\/AzturismoNoticias\">https:\/\/www.facebook.com\/AzturismoNoticias<\/a><\/p>\n\n\n\n<p><a href=\"http:\/\/tiktok.com\/@azturismo\">tiktok.com\/@azturismo<\/a><\/p>\n\n\n\n<p><a href=\"https:\/\/www.instagram.com\/azturismo_noticias?igsh=MThhamFyMjMxOXc2eA==\">https:\/\/www.instagram.com\/azturismo_noticias<\/a><\/p>\n\n\n\n<p><a href=\"https:\/\/www.youtube.com\/@azturismotv\">https:\/\/www.youtube.com\/@azturismotv<\/a><\/p>\n\n\n\n<p><\/p>\n\n\n\n<ul class=\"wp-block-list\">\n<li><\/li>\n<\/ul>\n\n\n\n<p><\/p>\n","protected":false},"excerpt":{"rendered":"<p>Por Staff AzTurismoEl Instituto Nacional de Antropolog\u00eda e Historia (INAH), organismo de la Secretar\u00eda de Cultura del Gobierno de M\u00e9xico, anuncia la apertura de la agenda de junio 2025 de sus reconocidos Paseos Culturales. Esta iniciativa invita a la ciudadan\u00eda a conocer, valorar y disfrutar el patrimonio cultural mexicano mediante recorridos guiados por especialistas en [&hellip;]<\/p>\n","protected":false},"author":1,"featured_media":3945,"comment_status":"open","ping_status":"open","sticky":false,"template":"","format":"standard","meta":{"jetpack_post_was_ever_published":false,"_jetpack_newsletter_access":"","_jetpack_dont_email_post_to_subs":false,"_jetpack_newsletter_tier_id":0,"_jetpack_memberships_contains_paywalled_content":false,"_jetpack_memberships_contains_paid_content":false,"footnotes":"","jetpack_publicize_message":"","jetpack_publicize_feature_enabled":true,"jetpack_social_post_already_shared":true,"jetpack_social_options":{"image_generator_settings":{"template":"highway","default_image_id":0,"font":"","enabled":false},"version":2}},"categories":[30,26],"tags":[1694,1693,99,263,192,1689,1690,38],"class_list":{"0":"post-3944","1":"post","2":"type-post","3":"status-publish","4":"format-standard","5":"has-post-thumbnail","7":"category-e","8":"category-viajar","9":"tag-actividades-culturales-cdmx","10":"tag-agenda-cultural-junio-2025","11":"tag-azturismo","12":"tag-ciudad-de-mexico","13":"tag-inah","14":"tag-paseos-culturales-inah-2025","15":"tag-recorridos-historicos-inah","16":"tag-viajes"},"yoast_head":"<!-- This site is optimized with the Yoast SEO plugin v27.5 - https:\/\/yoast.com\/product\/yoast-seo-wordpress\/ -->\n<title>Conoce la agenda de junio 2025 del INAH para unirte a sus Paseos Culturales en la CDMX - Azturismo Noticias<\/title>\n<meta name=\"description\" content=\"El Instituto Nacional de Antropolog\u00eda e Historia (INAH), organismo de la Secretar\u00eda de Cultura del Gobierno de M\u00e9xico, anuncia la apertura de la agenda de junio 2025 de sus reconocidos Paseos Culturales. Esta iniciativa invita a la ciudadan\u00eda a conocer, valorar y disfrutar el patrimonio cultural mexicano mediante recorridos guiados por especialistas en historia, arqueolog\u00eda y antropolog\u00eda.\" \/>\n<meta name=\"robots\" content=\"index, follow, max-snippet:-1, max-image-preview:large, max-video-preview:-1\" \/>\n<link rel=\"canonical\" href=\"https:\/\/azturismo.net\/?p=3944\" \/>\n<meta property=\"og:locale\" content=\"es_MX\" \/>\n<meta property=\"og:type\" content=\"article\" \/>\n<meta property=\"og:title\" content=\"Conoce la agenda de junio 2025 del INAH para unirte a sus Paseos Culturales en la CDMX - Azturismo Noticias\" \/>\n<meta property=\"og:description\" content=\"El Instituto Nacional de Antropolog\u00eda e Historia (INAH), organismo de la Secretar\u00eda de Cultura del Gobierno de M\u00e9xico, anuncia la apertura de la agenda de junio 2025 de sus reconocidos Paseos Culturales. Esta iniciativa invita a la ciudadan\u00eda a conocer, valorar y disfrutar el patrimonio cultural mexicano mediante recorridos guiados por especialistas en historia, arqueolog\u00eda y antropolog\u00eda.\" \/>\n<meta property=\"og:url\" content=\"https:\/\/azturismo.net\/?p=3944\" \/>\n<meta property=\"og:site_name\" content=\"Azturismo Noticias\" \/>\n<meta property=\"article:publisher\" content=\"https:\/\/www.facebook.com\/AzturismoNoticias\" \/>\n<meta property=\"article:published_time\" content=\"2025-06-02T21:55:41+00:00\" \/>\n<meta property=\"article:modified_time\" content=\"2025-06-02T21:55:43+00:00\" \/>\n<meta property=\"og:image\" content=\"https:\/\/azturismo.net\/wp-content\/uploads\/2025\/06\/Paseos-Culturales-INAH-es-una-iniciativa-de-mas-de-60-anos-de-experiencia-cuenta-con-mas-de-100-destinos-programados-anualmente.-Foto-Gabriela-Berumen-INAH.jpg\" \/>\n\t<meta property=\"og:image:width\" content=\"600\" \/>\n\t<meta property=\"og:image:height\" content=\"451\" \/>\n\t<meta property=\"og:image:type\" content=\"image\/jpeg\" \/>\n<meta name=\"author\" content=\"Azturismo\" \/>\n<meta name=\"twitter:card\" content=\"summary_large_image\" \/>\n<meta name=\"twitter:creator\" content=\"@AzTurismo\" \/>\n<meta name=\"twitter:site\" content=\"@AzTurismo\" \/>\n<meta name=\"twitter:label1\" content=\"Escrito por\" \/>\n\t<meta name=\"twitter:data1\" content=\"Azturismo\" \/>\n\t<meta name=\"twitter:label2\" content=\"Tiempo de lectura\" \/>\n\t<meta name=\"twitter:data2\" content=\"5 minutos\" \/>\n<script type=\"application\/ld+json\" class=\"yoast-schema-graph\">{\"@context\":\"https:\\\/\\\/schema.org\",\"@graph\":[{\"@type\":\"Article\",\"@id\":\"https:\\\/\\\/azturismo.net\\\/?p=3944#article\",\"isPartOf\":{\"@id\":\"https:\\\/\\\/azturismo.net\\\/?p=3944\"},\"author\":{\"name\":\"Azturismo\",\"@id\":\"https:\\\/\\\/azturismo.net\\\/#\\\/schema\\\/person\\\/4b56d87f51c4d1b518c650739ad3bbc1\"},\"headline\":\"Conoce la agenda de junio 2025 del INAH para unirte a sus Paseos Culturales en la CDMX\",\"datePublished\":\"2025-06-02T21:55:41+00:00\",\"dateModified\":\"2025-06-02T21:55:43+00:00\",\"mainEntityOfPage\":{\"@id\":\"https:\\\/\\\/azturismo.net\\\/?p=3944\"},\"wordCount\":621,\"commentCount\":0,\"publisher\":{\"@id\":\"https:\\\/\\\/azturismo.net\\\/#organization\"},\"image\":{\"@id\":\"https:\\\/\\\/azturismo.net\\\/?p=3944#primaryimage\"},\"thumbnailUrl\":\"https:\\\/\\\/i0.wp.com\\\/azturismo.net\\\/wp-content\\\/uploads\\\/2025\\\/06\\\/Paseos-Culturales-INAH-es-una-iniciativa-de-mas-de-60-anos-de-experiencia-cuenta-con-mas-de-100-destinos-programados-anualmente.-Foto-Gabriela-Berumen-INAH.jpg?fit=600%2C451&ssl=1\",\"keywords\":[\"actividades culturales CDMX\",\"agenda cultural junio 2025\",\"azturismo\",\"Ciudad de M\u00e9xico\",\"INAH\",\"Paseos culturales INAH 2025\",\"recorridos hist\u00f3ricos INAH\",\"Viajes\"],\"articleSection\":[\"Destacadas\",\"VIAJES\"],\"inLanguage\":\"es\",\"potentialAction\":[{\"@type\":\"CommentAction\",\"name\":\"Comment\",\"target\":[\"https:\\\/\\\/azturismo.net\\\/?p=3944#respond\"]}]},{\"@type\":\"WebPage\",\"@id\":\"https:\\\/\\\/azturismo.net\\\/?p=3944\",\"url\":\"https:\\\/\\\/azturismo.net\\\/?p=3944\",\"name\":\"Conoce la agenda de junio 2025 del INAH para unirte a sus Paseos Culturales en la CDMX - Azturismo Noticias\",\"isPartOf\":{\"@id\":\"https:\\\/\\\/azturismo.net\\\/#website\"},\"primaryImageOfPage\":{\"@id\":\"https:\\\/\\\/azturismo.net\\\/?p=3944#primaryimage\"},\"image\":{\"@id\":\"https:\\\/\\\/azturismo.net\\\/?p=3944#primaryimage\"},\"thumbnailUrl\":\"https:\\\/\\\/i0.wp.com\\\/azturismo.net\\\/wp-content\\\/uploads\\\/2025\\\/06\\\/Paseos-Culturales-INAH-es-una-iniciativa-de-mas-de-60-anos-de-experiencia-cuenta-con-mas-de-100-destinos-programados-anualmente.-Foto-Gabriela-Berumen-INAH.jpg?fit=600%2C451&ssl=1\",\"datePublished\":\"2025-06-02T21:55:41+00:00\",\"dateModified\":\"2025-06-02T21:55:43+00:00\",\"description\":\"El Instituto Nacional de Antropolog\u00eda e Historia (INAH), organismo de la Secretar\u00eda de Cultura del Gobierno de M\u00e9xico, anuncia la apertura de la agenda de junio 2025 de sus reconocidos Paseos Culturales. Esta iniciativa invita a la ciudadan\u00eda a conocer, valorar y disfrutar el patrimonio cultural mexicano mediante recorridos guiados por especialistas en historia, arqueolog\u00eda y antropolog\u00eda.\",\"breadcrumb\":{\"@id\":\"https:\\\/\\\/azturismo.net\\\/?p=3944#breadcrumb\"},\"inLanguage\":\"es\",\"potentialAction\":[{\"@type\":\"ReadAction\",\"target\":[\"https:\\\/\\\/azturismo.net\\\/?p=3944\"]}]},{\"@type\":\"ImageObject\",\"inLanguage\":\"es\",\"@id\":\"https:\\\/\\\/azturismo.net\\\/?p=3944#primaryimage\",\"url\":\"https:\\\/\\\/i0.wp.com\\\/azturismo.net\\\/wp-content\\\/uploads\\\/2025\\\/06\\\/Paseos-Culturales-INAH-es-una-iniciativa-de-mas-de-60-anos-de-experiencia-cuenta-con-mas-de-100-destinos-programados-anualmente.-Foto-Gabriela-Berumen-INAH.jpg?fit=600%2C451&ssl=1\",\"contentUrl\":\"https:\\\/\\\/i0.wp.com\\\/azturismo.net\\\/wp-content\\\/uploads\\\/2025\\\/06\\\/Paseos-Culturales-INAH-es-una-iniciativa-de-mas-de-60-anos-de-experiencia-cuenta-con-mas-de-100-destinos-programados-anualmente.-Foto-Gabriela-Berumen-INAH.jpg?fit=600%2C451&ssl=1\",\"width\":600,\"height\":451},{\"@type\":\"BreadcrumbList\",\"@id\":\"https:\\\/\\\/azturismo.net\\\/?p=3944#breadcrumb\",\"itemListElement\":[{\"@type\":\"ListItem\",\"position\":1,\"name\":\"Home\",\"item\":\"https:\\\/\\\/azturismo.net\\\/\"},{\"@type\":\"ListItem\",\"position\":2,\"name\":\"Conoce la agenda de junio 2025 del INAH para unirte a sus Paseos Culturales en la CDMX\"}]},{\"@type\":\"WebSite\",\"@id\":\"https:\\\/\\\/azturismo.net\\\/#website\",\"url\":\"https:\\\/\\\/azturismo.net\\\/\",\"name\":\"Azturismo\",\"description\":\"Azturismo Noticias\",\"publisher\":{\"@id\":\"https:\\\/\\\/azturismo.net\\\/#organization\"},\"potentialAction\":[{\"@type\":\"SearchAction\",\"target\":{\"@type\":\"EntryPoint\",\"urlTemplate\":\"https:\\\/\\\/azturismo.net\\\/?s={search_term_string}\"},\"query-input\":{\"@type\":\"PropertyValueSpecification\",\"valueRequired\":true,\"valueName\":\"search_term_string\"}}],\"inLanguage\":\"es\"},{\"@type\":\"Organization\",\"@id\":\"https:\\\/\\\/azturismo.net\\\/#organization\",\"name\":\"Azturismo\",\"url\":\"https:\\\/\\\/azturismo.net\\\/\",\"logo\":{\"@type\":\"ImageObject\",\"inLanguage\":\"es\",\"@id\":\"https:\\\/\\\/azturismo.net\\\/#\\\/schema\\\/logo\\\/image\\\/\",\"url\":\"https:\\\/\\\/i0.wp.com\\\/azturismo.net\\\/wp-content\\\/uploads\\\/2024\\\/03\\\/logo-el-bueno-.png?fit=294%2C69&ssl=1\",\"contentUrl\":\"https:\\\/\\\/i0.wp.com\\\/azturismo.net\\\/wp-content\\\/uploads\\\/2024\\\/03\\\/logo-el-bueno-.png?fit=294%2C69&ssl=1\",\"width\":294,\"height\":69,\"caption\":\"Azturismo\"},\"image\":{\"@id\":\"https:\\\/\\\/azturismo.net\\\/#\\\/schema\\\/logo\\\/image\\\/\"},\"sameAs\":[\"https:\\\/\\\/www.facebook.com\\\/AzturismoNoticias\",\"https:\\\/\\\/x.com\\\/AzTurismo\",\"https:\\\/\\\/www.instagram.com\\\/azturismo_noticias\\\/?fbclid=IwAR2xMiuoHbs6eLeIHKP8P5sSGa-xFrw7FfejscXO7kDghWa7wKLjGczKOwE\",\"https:\\\/\\\/www.tiktok.com\\\/@azturismo\"]},{\"@type\":\"Person\",\"@id\":\"https:\\\/\\\/azturismo.net\\\/#\\\/schema\\\/person\\\/4b56d87f51c4d1b518c650739ad3bbc1\",\"name\":\"Azturismo\",\"image\":{\"@type\":\"ImageObject\",\"inLanguage\":\"es\",\"@id\":\"https:\\\/\\\/azturismo.net\\\/wp-content\\\/litespeed\\\/avatar\\\/dfe28a31cdd68b788da48a316e50db10.jpg?ver=1777707566\",\"url\":\"https:\\\/\\\/azturismo.net\\\/wp-content\\\/litespeed\\\/avatar\\\/dfe28a31cdd68b788da48a316e50db10.jpg?ver=1777707566\",\"contentUrl\":\"https:\\\/\\\/azturismo.net\\\/wp-content\\\/litespeed\\\/avatar\\\/dfe28a31cdd68b788da48a316e50db10.jpg?ver=1777707566\",\"caption\":\"Azturismo\"},\"sameAs\":[\"https:\\\/\\\/azturismo.net\"],\"url\":\"https:\\\/\\\/azturismo.net\\\/?author=1\"}]}<\/script>\n<!-- \/ Yoast SEO plugin. -->","yoast_head_json":{"title":"Conoce la agenda de junio 2025 del INAH para unirte a sus Paseos Culturales en la CDMX - Azturismo Noticias","description":"El Instituto Nacional de Antropolog\u00eda e Historia (INAH), organismo de la Secretar\u00eda de Cultura del Gobierno de M\u00e9xico, anuncia la apertura de la agenda de junio 2025 de sus reconocidos Paseos Culturales. Esta iniciativa invita a la ciudadan\u00eda a conocer, valorar y disfrutar el patrimonio cultural mexicano mediante recorridos guiados por especialistas en historia, arqueolog\u00eda y antropolog\u00eda.","robots":{"index":"index","follow":"follow","max-snippet":"max-snippet:-1","max-image-preview":"max-image-preview:large","max-video-preview":"max-video-preview:-1"},"canonical":"https:\/\/azturismo.net\/?p=3944","og_locale":"es_MX","og_type":"article","og_title":"Conoce la agenda de junio 2025 del INAH para unirte a sus Paseos Culturales en la CDMX - Azturismo Noticias","og_description":"El Instituto Nacional de Antropolog\u00eda e Historia (INAH), organismo de la Secretar\u00eda de Cultura del Gobierno de M\u00e9xico, anuncia la apertura de la agenda de junio 2025 de sus reconocidos Paseos Culturales. Esta iniciativa invita a la ciudadan\u00eda a conocer, valorar y disfrutar el patrimonio cultural mexicano mediante recorridos guiados por especialistas en historia, arqueolog\u00eda y antropolog\u00eda.","og_url":"https:\/\/azturismo.net\/?p=3944","og_site_name":"Azturismo Noticias","article_publisher":"https:\/\/www.facebook.com\/AzturismoNoticias","article_published_time":"2025-06-02T21:55:41+00:00","article_modified_time":"2025-06-02T21:55:43+00:00","og_image":[{"width":600,"height":451,"url":"https:\/\/azturismo.net\/wp-content\/uploads\/2025\/06\/Paseos-Culturales-INAH-es-una-iniciativa-de-mas-de-60-anos-de-experiencia-cuenta-con-mas-de-100-destinos-programados-anualmente.-Foto-Gabriela-Berumen-INAH.jpg","type":"image\/jpeg"}],"author":"Azturismo","twitter_card":"summary_large_image","twitter_creator":"@AzTurismo","twitter_site":"@AzTurismo","twitter_misc":{"Escrito por":"Azturismo","Tiempo de lectura":"5 minutos"},"schema":{"@context":"https:\/\/schema.org","@graph":[{"@type":"Article","@id":"https:\/\/azturismo.net\/?p=3944#article","isPartOf":{"@id":"https:\/\/azturismo.net\/?p=3944"},"author":{"name":"Azturismo","@id":"https:\/\/azturismo.net\/#\/schema\/person\/4b56d87f51c4d1b518c650739ad3bbc1"},"headline":"Conoce la agenda de junio 2025 del INAH para unirte a sus Paseos Culturales en la CDMX","datePublished":"2025-06-02T21:55:41+00:00","dateModified":"2025-06-02T21:55:43+00:00","mainEntityOfPage":{"@id":"https:\/\/azturismo.net\/?p=3944"},"wordCount":621,"commentCount":0,"publisher":{"@id":"https:\/\/azturismo.net\/#organization"},"image":{"@id":"https:\/\/azturismo.net\/?p=3944#primaryimage"},"thumbnailUrl":"https:\/\/i0.wp.com\/azturismo.net\/wp-content\/uploads\/2025\/06\/Paseos-Culturales-INAH-es-una-iniciativa-de-mas-de-60-anos-de-experiencia-cuenta-con-mas-de-100-destinos-programados-anualmente.-Foto-Gabriela-Berumen-INAH.jpg?fit=600%2C451&ssl=1","keywords":["actividades culturales CDMX","agenda cultural junio 2025","azturismo","Ciudad de M\u00e9xico","INAH","Paseos culturales INAH 2025","recorridos hist\u00f3ricos INAH","Viajes"],"articleSection":["Destacadas","VIAJES"],"inLanguage":"es","potentialAction":[{"@type":"CommentAction","name":"Comment","target":["https:\/\/azturismo.net\/?p=3944#respond"]}]},{"@type":"WebPage","@id":"https:\/\/azturismo.net\/?p=3944","url":"https:\/\/azturismo.net\/?p=3944","name":"Conoce la agenda de junio 2025 del INAH para unirte a sus Paseos Culturales en la CDMX - Azturismo Noticias","isPartOf":{"@id":"https:\/\/azturismo.net\/#website"},"primaryImageOfPage":{"@id":"https:\/\/azturismo.net\/?p=3944#primaryimage"},"image":{"@id":"https:\/\/azturismo.net\/?p=3944#primaryimage"},"thumbnailUrl":"https:\/\/i0.wp.com\/azturismo.net\/wp-content\/uploads\/2025\/06\/Paseos-Culturales-INAH-es-una-iniciativa-de-mas-de-60-anos-de-experiencia-cuenta-con-mas-de-100-destinos-programados-anualmente.-Foto-Gabriela-Berumen-INAH.jpg?fit=600%2C451&ssl=1","datePublished":"2025-06-02T21:55:41+00:00","dateModified":"2025-06-02T21:55:43+00:00","description":"El Instituto Nacional de Antropolog\u00eda e Historia (INAH), organismo de la Secretar\u00eda de Cultura del Gobierno de M\u00e9xico, anuncia la apertura de la agenda de junio 2025 de sus reconocidos Paseos Culturales. Esta iniciativa invita a la ciudadan\u00eda a conocer, valorar y disfrutar el patrimonio cultural mexicano mediante recorridos guiados por especialistas en historia, arqueolog\u00eda y antropolog\u00eda.","breadcrumb":{"@id":"https:\/\/azturismo.net\/?p=3944#breadcrumb"},"inLanguage":"es","potentialAction":[{"@type":"ReadAction","target":["https:\/\/azturismo.net\/?p=3944"]}]},{"@type":"ImageObject","inLanguage":"es","@id":"https:\/\/azturismo.net\/?p=3944#primaryimage","url":"https:\/\/i0.wp.com\/azturismo.net\/wp-content\/uploads\/2025\/06\/Paseos-Culturales-INAH-es-una-iniciativa-de-mas-de-60-anos-de-experiencia-cuenta-con-mas-de-100-destinos-programados-anualmente.-Foto-Gabriela-Berumen-INAH.jpg?fit=600%2C451&ssl=1","contentUrl":"https:\/\/i0.wp.com\/azturismo.net\/wp-content\/uploads\/2025\/06\/Paseos-Culturales-INAH-es-una-iniciativa-de-mas-de-60-anos-de-experiencia-cuenta-con-mas-de-100-destinos-programados-anualmente.-Foto-Gabriela-Berumen-INAH.jpg?fit=600%2C451&ssl=1","width":600,"height":451},{"@type":"BreadcrumbList","@id":"https:\/\/azturismo.net\/?p=3944#breadcrumb","itemListElement":[{"@type":"ListItem","position":1,"name":"Home","item":"https:\/\/azturismo.net\/"},{"@type":"ListItem","position":2,"name":"Conoce la agenda de junio 2025 del INAH para unirte a sus Paseos Culturales en la CDMX"}]},{"@type":"WebSite","@id":"https:\/\/azturismo.net\/#website","url":"https:\/\/azturismo.net\/","name":"Azturismo","description":"Azturismo Noticias","publisher":{"@id":"https:\/\/azturismo.net\/#organization"},"potentialAction":[{"@type":"SearchAction","target":{"@type":"EntryPoint","urlTemplate":"https:\/\/azturismo.net\/?s={search_term_string}"},"query-input":{"@type":"PropertyValueSpecification","valueRequired":true,"valueName":"search_term_string"}}],"inLanguage":"es"},{"@type":"Organization","@id":"https:\/\/azturismo.net\/#organization","name":"Azturismo","url":"https:\/\/azturismo.net\/","logo":{"@type":"ImageObject","inLanguage":"es","@id":"https:\/\/azturismo.net\/#\/schema\/logo\/image\/","url":"https:\/\/i0.wp.com\/azturismo.net\/wp-content\/uploads\/2024\/03\/logo-el-bueno-.png?fit=294%2C69&ssl=1","contentUrl":"https:\/\/i0.wp.com\/azturismo.net\/wp-content\/uploads\/2024\/03\/logo-el-bueno-.png?fit=294%2C69&ssl=1","width":294,"height":69,"caption":"Azturismo"},"image":{"@id":"https:\/\/azturismo.net\/#\/schema\/logo\/image\/"},"sameAs":["https:\/\/www.facebook.com\/AzturismoNoticias","https:\/\/x.com\/AzTurismo","https:\/\/www.instagram.com\/azturismo_noticias\/?fbclid=IwAR2xMiuoHbs6eLeIHKP8P5sSGa-xFrw7FfejscXO7kDghWa7wKLjGczKOwE","https:\/\/www.tiktok.com\/@azturismo"]},{"@type":"Person","@id":"https:\/\/azturismo.net\/#\/schema\/person\/4b56d87f51c4d1b518c650739ad3bbc1","name":"Azturismo","image":{"@type":"ImageObject","inLanguage":"es","@id":"https:\/\/azturismo.net\/wp-content\/litespeed\/avatar\/dfe28a31cdd68b788da48a316e50db10.jpg?ver=1777707566","url":"https:\/\/azturismo.net\/wp-content\/litespeed\/avatar\/dfe28a31cdd68b788da48a316e50db10.jpg?ver=1777707566","contentUrl":"https:\/\/azturismo.net\/wp-content\/litespeed\/avatar\/dfe28a31cdd68b788da48a316e50db10.jpg?ver=1777707566","caption":"Azturismo"},"sameAs":["https:\/\/azturismo.net"],"url":"https:\/\/azturismo.net\/?author=1"}]}},"jetpack_publicize_connections":[],"jetpack_featured_media_url":"https:\/\/i0.wp.com\/azturismo.net\/wp-content\/uploads\/2025\/06\/Paseos-Culturales-INAH-es-una-iniciativa-de-mas-de-60-anos-de-experiencia-cuenta-con-mas-de-100-destinos-programados-anualmente.-Foto-Gabriela-Berumen-INAH.jpg?fit=600%2C451&ssl=1","jetpack_sharing_enabled":true,"jetpack-related-posts":[{"id":6849,"url":"https:\/\/azturismo.net\/?p=6849","url_meta":{"origin":3944,"position":0},"title":"Con Rosca de Reyes, cine y quiromancia, los Paseos Culturales del INAH abren su agenda 2026","author":"Azturismo","date":"enero 3, 2026","format":false,"excerpt":"Por Staff AzTurismo \ud83d\udcccLa Ciudad de M\u00e9xico arranca 2026 con una invitaci\u00f3n a viajar en el tiempo, la tradici\u00f3n y la cultura, gracias a la nueva agenda de los Paseos Culturales del Instituto Nacional de Antropolog\u00eda e Historia (INAH), que durante enero y principios de febrero ofrecer\u00e1n recorridos guiados por\u2026","rel":"","context":"En &quot;Destacadas&quot;","block_context":{"text":"Destacadas","link":"https:\/\/azturismo.net\/?cat=30"},"img":{"alt_text":"","src":"https:\/\/i0.wp.com\/azturismo.net\/wp-content\/uploads\/2026\/01\/Bajo-la-guia-de-especialistas-las-caminatas-hilaran-gastronomia-historia-arquitectura-y-tradiciones-populares.-Foto-Lizeth-Urban-2-1.jpg?fit=600%2C450&ssl=1&resize=350%2C200","width":350,"height":200,"srcset":"https:\/\/i0.wp.com\/azturismo.net\/wp-content\/uploads\/2026\/01\/Bajo-la-guia-de-especialistas-las-caminatas-hilaran-gastronomia-historia-arquitectura-y-tradiciones-populares.-Foto-Lizeth-Urban-2-1.jpg?fit=600%2C450&ssl=1&resize=350%2C200 1x, https:\/\/i0.wp.com\/azturismo.net\/wp-content\/uploads\/2026\/01\/Bajo-la-guia-de-especialistas-las-caminatas-hilaran-gastronomia-historia-arquitectura-y-tradiciones-populares.-Foto-Lizeth-Urban-2-1.jpg?fit=600%2C450&ssl=1&resize=525%2C300 1.5x"},"classes":[]},{"id":4656,"url":"https:\/\/azturismo.net\/?p=4656","url_meta":{"origin":3944,"position":1},"title":"\u00a1Agosto te ofrece 13 recorridos imperdibles por la CDMX!","author":"Azturismo","date":"agosto 1, 2025","format":false,"excerpt":"Paseos Culturales INAH Por Staff AzTurismo El Instituto Nacional de Antropolog\u00eda e Historia (INAH) presenta su agenda de Paseos Culturales para agosto 2025, con 13 recorridos \u00fanicos que combinan historia, arte, arqueolog\u00eda y cultura en los destinos m\u00e1s emblem\u00e1ticos de la Ciudad de M\u00e9xico. \u00bfQu\u00e9 son los Paseos Culturales INAH?\u2026","rel":"","context":"En &quot;Destacadas&quot;","block_context":{"text":"Destacadas","link":"https:\/\/azturismo.net\/?cat=30"},"img":{"alt_text":"","src":"https:\/\/i0.wp.com\/azturismo.net\/wp-content\/uploads\/2025\/08\/La-vida-del-tlatoani-Cuauhtemoc-sera-el-eje-de-un-paseo-cultural-por-el-Centro-Historico-de-la-Ciudad-de-Mexico-y-Tlatelolco.-Foto-Eduardo-Suarez-INAH.jpg?fit=600%2C400&ssl=1&resize=350%2C200","width":350,"height":200,"srcset":"https:\/\/i0.wp.com\/azturismo.net\/wp-content\/uploads\/2025\/08\/La-vida-del-tlatoani-Cuauhtemoc-sera-el-eje-de-un-paseo-cultural-por-el-Centro-Historico-de-la-Ciudad-de-Mexico-y-Tlatelolco.-Foto-Eduardo-Suarez-INAH.jpg?fit=600%2C400&ssl=1&resize=350%2C200 1x, https:\/\/i0.wp.com\/azturismo.net\/wp-content\/uploads\/2025\/08\/La-vida-del-tlatoani-Cuauhtemoc-sera-el-eje-de-un-paseo-cultural-por-el-Centro-Historico-de-la-Ciudad-de-Mexico-y-Tlatelolco.-Foto-Eduardo-Suarez-INAH.jpg?fit=600%2C400&ssl=1&resize=525%2C300 1.5x"},"classes":[]},{"id":5212,"url":"https:\/\/azturismo.net\/?p=5212","url_meta":{"origin":3944,"position":2},"title":"En este mes patrio, int\u00e9grate a los Paseos Culturales del INAH en la CDMX","author":"Azturismo","date":"septiembre 2, 2025","format":false,"excerpt":"Por Staff AzTurismo Con motivo de las celebraciones del mes patrio, el Instituto Nacional de Antropolog\u00eda e Historia (INAH), a trav\u00e9s de sus tradicionales Paseos Culturales, presenta una agenda especial para redescubrir la riqueza hist\u00f3rica, arquitect\u00f3nica y cultural de la capital del pa\u00eds. Recorridos culturales en septiembre 2025 Los paseos,\u2026","rel":"","context":"En &quot;Destacadas&quot;","block_context":{"text":"Destacadas","link":"https:\/\/azturismo.net\/?cat=30"},"img":{"alt_text":"","src":"https:\/\/i0.wp.com\/azturismo.net\/wp-content\/uploads\/2025\/09\/El-Palacio-de-Bellas-Artes-y-otros-recintos-ubicados-en-lo-que-fuera-la-parcialidad-mexica-de-Moyotlan-se-recorreran-durante-septiembre.-Fotografia-Lizeth-Urban.jpg?fit=1200%2C900&ssl=1&resize=350%2C200","width":350,"height":200,"srcset":"https:\/\/i0.wp.com\/azturismo.net\/wp-content\/uploads\/2025\/09\/El-Palacio-de-Bellas-Artes-y-otros-recintos-ubicados-en-lo-que-fuera-la-parcialidad-mexica-de-Moyotlan-se-recorreran-durante-septiembre.-Fotografia-Lizeth-Urban.jpg?fit=1200%2C900&ssl=1&resize=350%2C200 1x, https:\/\/i0.wp.com\/azturismo.net\/wp-content\/uploads\/2025\/09\/El-Palacio-de-Bellas-Artes-y-otros-recintos-ubicados-en-lo-que-fuera-la-parcialidad-mexica-de-Moyotlan-se-recorreran-durante-septiembre.-Fotografia-Lizeth-Urban.jpg?fit=1200%2C900&ssl=1&resize=525%2C300 1.5x, https:\/\/i0.wp.com\/azturismo.net\/wp-content\/uploads\/2025\/09\/El-Palacio-de-Bellas-Artes-y-otros-recintos-ubicados-en-lo-que-fuera-la-parcialidad-mexica-de-Moyotlan-se-recorreran-durante-septiembre.-Fotografia-Lizeth-Urban.jpg?fit=1200%2C900&ssl=1&resize=700%2C400 2x, https:\/\/i0.wp.com\/azturismo.net\/wp-content\/uploads\/2025\/09\/El-Palacio-de-Bellas-Artes-y-otros-recintos-ubicados-en-lo-que-fuera-la-parcialidad-mexica-de-Moyotlan-se-recorreran-durante-septiembre.-Fotografia-Lizeth-Urban.jpg?fit=1200%2C900&ssl=1&resize=1050%2C600 3x"},"classes":[]},{"id":6661,"url":"https:\/\/azturismo.net\/?p=6661","url_meta":{"origin":3944,"position":3},"title":"Entre pastorelas, barrios antiguos y garnachas, as\u00ed cierra el INAH sus de Paseos Culturales 2025","author":"Azturismo","date":"diciembre 1, 2025","format":false,"excerpt":"Por Oscar V\u00e1zquez C. \ud83c\udf84 El aroma del ponche y las luces decembrinas ya cubren la Ciudad de M\u00e9xico, y con ellas llega tambi\u00e9n el \u00faltimo cap\u00edtulo del a\u00f1o para los Paseos Culturales del INAH 2025, una tradici\u00f3n que, desde hace m\u00e1s de seis d\u00e9cadas, invita a recorrer la historia\u2026","rel":"","context":"En &quot;Destacadas&quot;","block_context":{"text":"Destacadas","link":"https:\/\/azturismo.net\/?cat=30"},"img":{"alt_text":"","src":"https:\/\/i0.wp.com\/azturismo.net\/wp-content\/uploads\/2025\/11\/Entre-pastorelas-barrios-antiguos-y-garnachas-los-Paseos-Culturales-del-INAH-cierran-su-agenda-de-2025.-Foto-INAH-2.jpg?fit=600%2C450&ssl=1&resize=350%2C200","width":350,"height":200,"srcset":"https:\/\/i0.wp.com\/azturismo.net\/wp-content\/uploads\/2025\/11\/Entre-pastorelas-barrios-antiguos-y-garnachas-los-Paseos-Culturales-del-INAH-cierran-su-agenda-de-2025.-Foto-INAH-2.jpg?fit=600%2C450&ssl=1&resize=350%2C200 1x, https:\/\/i0.wp.com\/azturismo.net\/wp-content\/uploads\/2025\/11\/Entre-pastorelas-barrios-antiguos-y-garnachas-los-Paseos-Culturales-del-INAH-cierran-su-agenda-de-2025.-Foto-INAH-2.jpg?fit=600%2C450&ssl=1&resize=525%2C300 1.5x"},"classes":[]},{"id":5139,"url":"https:\/\/azturismo.net\/?p=5139","url_meta":{"origin":3944,"position":4},"title":"INAH presenta + de 300 T\u00edtulos con descuentos de hasta 80% en la VII Feria del Libro Universitario","author":"Azturismo","date":"agosto 27, 2025","format":false,"excerpt":"Por Staff AzTurismo La VII Feria Internacional del Libro de las Universitarias y los Universitarios (Filuni) 2025 contar\u00e1 con una destacada participaci\u00f3n del Instituto Nacional de Antropolog\u00eda e Historia (INAH), que ofrecer\u00e1 m\u00e1s de 300 t\u00edtulos especializados con descuentos de hasta el 80% del 26 al 31 de agosto en\u2026","rel":"","context":"En &quot;Destacadas&quot;","block_context":{"text":"Destacadas","link":"https:\/\/azturismo.net\/?cat=30"},"img":{"alt_text":"","src":"https:\/\/i0.wp.com\/azturismo.net\/wp-content\/uploads\/2025\/08\/El-INAH-listo-para-la-VII-Feria-Internacional-del-Libro-de-las-Universitarias-y-los-Universitarios.jpeg?fit=600%2C600&ssl=1&resize=350%2C200","width":350,"height":200,"srcset":"https:\/\/i0.wp.com\/azturismo.net\/wp-content\/uploads\/2025\/08\/El-INAH-listo-para-la-VII-Feria-Internacional-del-Libro-de-las-Universitarias-y-los-Universitarios.jpeg?fit=600%2C600&ssl=1&resize=350%2C200 1x, https:\/\/i0.wp.com\/azturismo.net\/wp-content\/uploads\/2025\/08\/El-INAH-listo-para-la-VII-Feria-Internacional-del-Libro-de-las-Universitarias-y-los-Universitarios.jpeg?fit=600%2C600&ssl=1&resize=525%2C300 1.5x"},"classes":[]},{"id":2888,"url":"https:\/\/azturismo.net\/?p=2888","url_meta":{"origin":3944,"position":5},"title":"Hablemos del tlatoani mexica     Cuauht\u00e9moc","author":"Azturismo","date":"febrero 7, 2025","format":false,"excerpt":"Por Satff Azurismo La Secretar\u00eda de Cultura del Gobierno de M\u00e9xico y el Instituto Nacional de Antropolog\u00eda e Historia (INAH) celebrar\u00e1n el 500 aniversario luctuoso de Cuauht\u00e9moc, el \u00faltimo tlatoani mexica, con un ciclo de 11 conferencias dedicadas a su vida, legado y los mitos que rodean su figura. Las\u2026","rel":"","context":"En &quot;TENDENCIAS&quot;","block_context":{"text":"TENDENCIAS","link":"https:\/\/azturismo.net\/?cat=28"},"img":{"alt_text":"","src":"https:\/\/i0.wp.com\/azturismo.net\/wp-content\/uploads\/2025\/02\/Conmemoran-el-quinto-centenario-del-aniversario-luctuoso-de-Cuauhtemoc-con-ciclo-de-conferencias.-Foto-Gerardo-Pena-INAH-2.jpg?fit=600%2C335&ssl=1&resize=350%2C200","width":350,"height":200,"srcset":"https:\/\/i0.wp.com\/azturismo.net\/wp-content\/uploads\/2025\/02\/Conmemoran-el-quinto-centenario-del-aniversario-luctuoso-de-Cuauhtemoc-con-ciclo-de-conferencias.-Foto-Gerardo-Pena-INAH-2.jpg?fit=600%2C335&ssl=1&resize=350%2C200 1x, https:\/\/i0.wp.com\/azturismo.net\/wp-content\/uploads\/2025\/02\/Conmemoran-el-quinto-centenario-del-aniversario-luctuoso-de-Cuauhtemoc-con-ciclo-de-conferencias.-Foto-Gerardo-Pena-INAH-2.jpg?fit=600%2C335&ssl=1&resize=525%2C300 1.5x"},"classes":[]}],"jetpack_shortlink":"https:\/\/wp.me\/pfqZGx-11C","amp_enabled":true,"_links":{"self":[{"href":"https:\/\/azturismo.net\/index.php?rest_route=\/wp\/v2\/posts\/3944","targetHints":{"allow":["GET"]}}],"collection":[{"href":"https:\/\/azturismo.net\/index.php?rest_route=\/wp\/v2\/posts"}],"about":[{"href":"https:\/\/azturismo.net\/index.php?rest_route=\/wp\/v2\/types\/post"}],"author":[{"embeddable":true,"href":"https:\/\/azturismo.net\/index.php?rest_route=\/wp\/v2\/users\/1"}],"replies":[{"embeddable":true,"href":"https:\/\/azturismo.net\/index.php?rest_route=%2Fwp%2Fv2%2Fcomments&post=3944"}],"version-history":[{"count":1,"href":"https:\/\/azturismo.net\/index.php?rest_route=\/wp\/v2\/posts\/3944\/revisions"}],"predecessor-version":[{"id":3959,"href":"https:\/\/azturismo.net\/index.php?rest_route=\/wp\/v2\/posts\/3944\/revisions\/3959"}],"wp:featuredmedia":[{"embeddable":true,"href":"https:\/\/azturismo.net\/index.php?rest_route=\/wp\/v2\/media\/3945"}],"wp:attachment":[{"href":"https:\/\/azturismo.net\/index.php?rest_route=%2Fwp%2Fv2%2Fmedia&parent=3944"}],"wp:term":[{"taxonomy":"category","embeddable":true,"href":"https:\/\/azturismo.net\/index.php?rest_route=%2Fwp%2Fv2%2Fcategories&post=3944"},{"taxonomy":"post_tag","embeddable":true,"href":"https:\/\/azturismo.net\/index.php?rest_route=%2Fwp%2Fv2%2Ftags&post=3944"}],"curies":[{"name":"wp","href":"https:\/\/api.w.org\/{rel}","templated":true}]}}