{"id":3935,"date":"2025-06-02T13:39:17","date_gmt":"2025-06-02T19:39:17","guid":{"rendered":"https:\/\/azturismo.net\/?p=3935"},"modified":"2025-06-02T13:39:20","modified_gmt":"2025-06-02T19:39:20","slug":"mayas-ceiba-y-cosmos-conquista-china","status":"publish","type":"post","link":"https:\/\/azturismo.net\/?p=3935","title":{"rendered":"Mayas: Ceiba y Cosmos conquista China"},"content":{"rendered":"\n<p><strong>ZHENGZHOU, CHINA<\/strong> \u2013 La riqueza milenaria de la cultura maya ha cruzado fronteras con la inauguraci\u00f3n de la exhibici\u00f3n <strong>&#8220;Mayas: Ceiba y Cosmos&#8221;<\/strong> en el <strong>Museo Henan<\/strong> de Zhengzhou, Rep\u00fablica Popular China. La muestra, que abri\u00f3 sus puertas el <strong>29 de mayo de 2025<\/strong> y permanecer\u00e1 hasta el <strong>8 de octubre de 2025<\/strong>, ofrece una inmersi\u00f3n profunda en la cosmovisi\u00f3n de una de las civilizaciones m\u00e1s fascinantes de Mesoam\u00e9rica.<\/p>\n\n\n\n<p>Organizada por la <strong>Secretar\u00eda de Cultura del Gobierno de M\u00e9xico<\/strong>, a trav\u00e9s del <strong>Instituto Nacional de Antropolog\u00eda e Historia (INAH)<\/strong> y la Coordinaci\u00f3n Nacional de Museos y Exposiciones, en colaboraci\u00f3n con Beijing KYUN Exhibition LTD y el Museo Henan, esta exhibici\u00f3n internacional cuenta con el valioso aporte de importantes instituciones mexicanas como el <strong>Museo Nacional de Antropolog\u00eda<\/strong>, el Museo Regional de Antropolog\u00eda de Yucat\u00e1n (Palacio Cant\u00f3n), el Museo Regional de Antropolog\u00eda Carlos Pellicer C\u00e1mara de Tabasco, y el <strong>Museo Amparo de Puebla<\/strong>.<\/p>\n\n\n<div class=\"wp-block-image\">\n<figure class=\"aligncenter size-full\"><img data-recalc-dims=\"1\" loading=\"lazy\" decoding=\"async\" width=\"600\" height=\"450\" data-attachment-id=\"3942\" data-permalink=\"https:\/\/azturismo.net\/?attachment_id=3942\" data-orig-file=\"https:\/\/i0.wp.com\/azturismo.net\/wp-content\/uploads\/2025\/06\/Se-inauguro-en-el-Museo-Henan-ubicado-en-la-ciudad-de-Zhengzhou-donde-permanecera-hasta-el-8-de-octubre-de-2025.-Foto-cortesia-CNME-INAH-2.jpeg?fit=600%2C450&amp;ssl=1\" data-orig-size=\"600,450\" data-comments-opened=\"1\" data-image-meta=\"{&quot;aperture&quot;:&quot;0&quot;,&quot;credit&quot;:&quot;&quot;,&quot;camera&quot;:&quot;&quot;,&quot;caption&quot;:&quot;&quot;,&quot;created_timestamp&quot;:&quot;0&quot;,&quot;copyright&quot;:&quot;&quot;,&quot;focal_length&quot;:&quot;0&quot;,&quot;iso&quot;:&quot;0&quot;,&quot;shutter_speed&quot;:&quot;0&quot;,&quot;title&quot;:&quot;&quot;,&quot;orientation&quot;:&quot;1&quot;}\" data-image-title=\"Se inaugur\u00f3 en el Museo Henan, ubicado en la ciudad de Zhengzhou, donde permanecer\u00e1 hasta el 8 de octubre de 2025. Foto cortes\u00eda CNME INAH (2)\" data-image-description=\"\" data-image-caption=\"\" data-large-file=\"https:\/\/i0.wp.com\/azturismo.net\/wp-content\/uploads\/2025\/06\/Se-inauguro-en-el-Museo-Henan-ubicado-en-la-ciudad-de-Zhengzhou-donde-permanecera-hasta-el-8-de-octubre-de-2025.-Foto-cortesia-CNME-INAH-2.jpeg?fit=600%2C450&amp;ssl=1\" src=\"https:\/\/i0.wp.com\/azturismo.net\/wp-content\/uploads\/2025\/06\/Se-inauguro-en-el-Museo-Henan-ubicado-en-la-ciudad-de-Zhengzhou-donde-permanecera-hasta-el-8-de-octubre-de-2025.-Foto-cortesia-CNME-INAH-2.jpeg?resize=600%2C450&#038;ssl=1\" alt=\"\" class=\"wp-image-3942\" srcset=\"https:\/\/i0.wp.com\/azturismo.net\/wp-content\/uploads\/2025\/06\/Se-inauguro-en-el-Museo-Henan-ubicado-en-la-ciudad-de-Zhengzhou-donde-permanecera-hasta-el-8-de-octubre-de-2025.-Foto-cortesia-CNME-INAH-2.jpeg?w=600&amp;ssl=1 600w, https:\/\/i0.wp.com\/azturismo.net\/wp-content\/uploads\/2025\/06\/Se-inauguro-en-el-Museo-Henan-ubicado-en-la-ciudad-de-Zhengzhou-donde-permanecera-hasta-el-8-de-octubre-de-2025.-Foto-cortesia-CNME-INAH-2.jpeg?resize=300%2C225&amp;ssl=1 300w, https:\/\/i0.wp.com\/azturismo.net\/wp-content\/uploads\/2025\/06\/Se-inauguro-en-el-Museo-Henan-ubicado-en-la-ciudad-de-Zhengzhou-donde-permanecera-hasta-el-8-de-octubre-de-2025.-Foto-cortesia-CNME-INAH-2.jpeg?resize=150%2C113&amp;ssl=1 150w\" sizes=\"auto, (max-width: 600px) 100vw, 600px\" \/><\/figure><\/div>\n\n\n<h2 class=\"wp-block-heading\">La Ceiba: Eje Central del Cosmos Maya<\/h2>\n\n\n\n<p>La propuesta curatorial de <strong>&#8220;Mayas: Ceiba y Cosmos&#8221;<\/strong> explora el papel central de la <strong>ceiba<\/strong> en las expresiones art\u00edsticas mayas. Este \u00e1rbol sagrado simboliza la conexi\u00f3n entre los tres niveles del universo: sus ra\u00edces se adentran en el inframundo, su tronco representa el mundo terrenal, y su frondoso follaje alcanza los cielos. La exhibici\u00f3n revela c\u00f3mo los seres y elementos del cosmos maya se entrelazan con esta estructura universal en su representaci\u00f3n pl\u00e1stica.<\/p>\n\n\n\n<p>La curadur\u00eda fue desarrollada por un equipo multidisciplinario compuesto por el antrop\u00f3logo Alejandro Gonz\u00e1lez Villarruel, la antrop\u00f3loga social y autora Natalia Gabayet Gonz\u00e1lez, y el arque\u00f3logo Jos\u00e9 Luis Rojas Mart\u00ednez.<\/p>\n\n\n\n<h2 class=\"wp-block-heading\">Un Viaje por el Universo Maya a Trav\u00e9s de sus Ejes Tem\u00e1ticos<\/h2>\n\n\n\n<p>La exposici\u00f3n se estructura en cuatro ejes tem\u00e1ticos que gu\u00edan al visitante a trav\u00e9s de la compleja cosmovisi\u00f3n maya:<\/p>\n\n\n\n<figure class=\"wp-block-gallery has-nested-images columns-default is-cropped wp-block-gallery-1 is-layout-flex wp-block-gallery-is-layout-flex\">\n<figure class=\"wp-block-image size-large\"><img data-recalc-dims=\"1\" loading=\"lazy\" decoding=\"async\" width=\"600\" height=\"450\" data-attachment-id=\"3941\" data-permalink=\"https:\/\/azturismo.net\/?attachment_id=3941\" data-orig-file=\"https:\/\/i0.wp.com\/azturismo.net\/wp-content\/uploads\/2025\/06\/La-propuesta-curatorial-aborda-el-protagonismo-de-la-ceiba-en-las-artes-escultoricas-y-pictoricas-de-los-mayas-de-todas-las-epocas.-Foto-cortesia-CNME-INAH-1.jpeg?fit=600%2C450&amp;ssl=1\" data-orig-size=\"600,450\" data-comments-opened=\"1\" data-image-meta=\"{&quot;aperture&quot;:&quot;0&quot;,&quot;credit&quot;:&quot;&quot;,&quot;camera&quot;:&quot;&quot;,&quot;caption&quot;:&quot;&quot;,&quot;created_timestamp&quot;:&quot;0&quot;,&quot;copyright&quot;:&quot;&quot;,&quot;focal_length&quot;:&quot;0&quot;,&quot;iso&quot;:&quot;0&quot;,&quot;shutter_speed&quot;:&quot;0&quot;,&quot;title&quot;:&quot;&quot;,&quot;orientation&quot;:&quot;1&quot;}\" data-image-title=\"La propuesta curatorial aborda el protagonismo de la ceiba en las artes escult\u00f3ricas y pict\u00f3ricas de los mayas de todas las \u00e9pocas. Foto cortes\u00eda CNME INAH (1)\" data-image-description=\"\" data-image-caption=\"&lt;p&gt;La muestra se integra de 206 piezas de la cultura maya, procedentes de museos nacionales, regionales, estatales y privados.  Fotos cortes\u00eda: CNME INAH&lt;\/p&gt;\n\" data-large-file=\"https:\/\/i0.wp.com\/azturismo.net\/wp-content\/uploads\/2025\/06\/La-propuesta-curatorial-aborda-el-protagonismo-de-la-ceiba-en-las-artes-escultoricas-y-pictoricas-de-los-mayas-de-todas-las-epocas.-Foto-cortesia-CNME-INAH-1.jpeg?fit=600%2C450&amp;ssl=1\" data-id=\"3941\" src=\"https:\/\/i0.wp.com\/azturismo.net\/wp-content\/uploads\/2025\/06\/La-propuesta-curatorial-aborda-el-protagonismo-de-la-ceiba-en-las-artes-escultoricas-y-pictoricas-de-los-mayas-de-todas-las-epocas.-Foto-cortesia-CNME-INAH-1.jpeg?resize=600%2C450&#038;ssl=1\" alt=\"\" class=\"wp-image-3941\" srcset=\"https:\/\/i0.wp.com\/azturismo.net\/wp-content\/uploads\/2025\/06\/La-propuesta-curatorial-aborda-el-protagonismo-de-la-ceiba-en-las-artes-escultoricas-y-pictoricas-de-los-mayas-de-todas-las-epocas.-Foto-cortesia-CNME-INAH-1.jpeg?w=600&amp;ssl=1 600w, https:\/\/i0.wp.com\/azturismo.net\/wp-content\/uploads\/2025\/06\/La-propuesta-curatorial-aborda-el-protagonismo-de-la-ceiba-en-las-artes-escultoricas-y-pictoricas-de-los-mayas-de-todas-las-epocas.-Foto-cortesia-CNME-INAH-1.jpeg?resize=300%2C225&amp;ssl=1 300w, https:\/\/i0.wp.com\/azturismo.net\/wp-content\/uploads\/2025\/06\/La-propuesta-curatorial-aborda-el-protagonismo-de-la-ceiba-en-las-artes-escultoricas-y-pictoricas-de-los-mayas-de-todas-las-epocas.-Foto-cortesia-CNME-INAH-1.jpeg?resize=150%2C113&amp;ssl=1 150w\" sizes=\"auto, (max-width: 600px) 100vw, 600px\" \/><\/figure>\n\n\n\n<figure class=\"wp-block-image size-large\"><img data-recalc-dims=\"1\" loading=\"lazy\" decoding=\"async\" width=\"600\" height=\"450\" data-attachment-id=\"3940\" data-permalink=\"https:\/\/azturismo.net\/?attachment_id=3940\" data-orig-file=\"https:\/\/i0.wp.com\/azturismo.net\/wp-content\/uploads\/2025\/06\/Reune-206-piezas-y-dos-replicas-para-abordar-el-protagonismo-de-la-ceiba-en-las-artes-escultoricas-y-pictoricas-de-los-mayas-de-todas-las-epocas.-Foto-cortesia-CNME-INAH-1.jpeg?fit=600%2C450&amp;ssl=1\" data-orig-size=\"600,450\" data-comments-opened=\"1\" data-image-meta=\"{&quot;aperture&quot;:&quot;0&quot;,&quot;credit&quot;:&quot;&quot;,&quot;camera&quot;:&quot;&quot;,&quot;caption&quot;:&quot;&quot;,&quot;created_timestamp&quot;:&quot;0&quot;,&quot;copyright&quot;:&quot;&quot;,&quot;focal_length&quot;:&quot;0&quot;,&quot;iso&quot;:&quot;0&quot;,&quot;shutter_speed&quot;:&quot;0&quot;,&quot;title&quot;:&quot;&quot;,&quot;orientation&quot;:&quot;1&quot;}\" data-image-title=\"Re\u00fane 206 piezas y dos r\u00e9plicas para abordar el protagonismo de la ceiba en las artes escult\u00f3ricas y pict\u00f3ricas de los mayas de todas las \u00e9pocas. Foto cortes\u00eda CNME INAH (1)\" data-image-description=\"\" data-image-caption=\"\" data-large-file=\"https:\/\/i0.wp.com\/azturismo.net\/wp-content\/uploads\/2025\/06\/Reune-206-piezas-y-dos-replicas-para-abordar-el-protagonismo-de-la-ceiba-en-las-artes-escultoricas-y-pictoricas-de-los-mayas-de-todas-las-epocas.-Foto-cortesia-CNME-INAH-1.jpeg?fit=600%2C450&amp;ssl=1\" data-id=\"3940\" src=\"https:\/\/i0.wp.com\/azturismo.net\/wp-content\/uploads\/2025\/06\/Reune-206-piezas-y-dos-replicas-para-abordar-el-protagonismo-de-la-ceiba-en-las-artes-escultoricas-y-pictoricas-de-los-mayas-de-todas-las-epocas.-Foto-cortesia-CNME-INAH-1.jpeg?resize=600%2C450&#038;ssl=1\" alt=\"\" class=\"wp-image-3940\" srcset=\"https:\/\/i0.wp.com\/azturismo.net\/wp-content\/uploads\/2025\/06\/Reune-206-piezas-y-dos-replicas-para-abordar-el-protagonismo-de-la-ceiba-en-las-artes-escultoricas-y-pictoricas-de-los-mayas-de-todas-las-epocas.-Foto-cortesia-CNME-INAH-1.jpeg?w=600&amp;ssl=1 600w, https:\/\/i0.wp.com\/azturismo.net\/wp-content\/uploads\/2025\/06\/Reune-206-piezas-y-dos-replicas-para-abordar-el-protagonismo-de-la-ceiba-en-las-artes-escultoricas-y-pictoricas-de-los-mayas-de-todas-las-epocas.-Foto-cortesia-CNME-INAH-1.jpeg?resize=300%2C225&amp;ssl=1 300w, https:\/\/i0.wp.com\/azturismo.net\/wp-content\/uploads\/2025\/06\/Reune-206-piezas-y-dos-replicas-para-abordar-el-protagonismo-de-la-ceiba-en-las-artes-escultoricas-y-pictoricas-de-los-mayas-de-todas-las-epocas.-Foto-cortesia-CNME-INAH-1.jpeg?resize=150%2C113&amp;ssl=1 150w\" sizes=\"auto, (max-width: 600px) 100vw, 600px\" \/><\/figure>\n\n\n\n<figure class=\"wp-block-image size-large\"><img data-recalc-dims=\"1\" loading=\"lazy\" decoding=\"async\" width=\"600\" height=\"450\" data-attachment-id=\"3939\" data-permalink=\"https:\/\/azturismo.net\/?attachment_id=3939\" data-orig-file=\"https:\/\/i0.wp.com\/azturismo.net\/wp-content\/uploads\/2025\/06\/Reune-206-piezas-y-dos-replicas-para-abordar-el-protagonismo-de-la-ceiba-en-las-artes-escultoricas-y-pictoricas-de-los-mayas-de-todas-las-epocas.-Foto-cortesia-CNME-INAH-2.jpeg?fit=600%2C450&amp;ssl=1\" data-orig-size=\"600,450\" data-comments-opened=\"1\" data-image-meta=\"{&quot;aperture&quot;:&quot;0&quot;,&quot;credit&quot;:&quot;&quot;,&quot;camera&quot;:&quot;&quot;,&quot;caption&quot;:&quot;&quot;,&quot;created_timestamp&quot;:&quot;0&quot;,&quot;copyright&quot;:&quot;&quot;,&quot;focal_length&quot;:&quot;0&quot;,&quot;iso&quot;:&quot;0&quot;,&quot;shutter_speed&quot;:&quot;0&quot;,&quot;title&quot;:&quot;&quot;,&quot;orientation&quot;:&quot;1&quot;}\" data-image-title=\"Re\u00fane 206 piezas y dos r\u00e9plicas para abordar el protagonismo de la ceiba en las artes escult\u00f3ricas y pict\u00f3ricas de los mayas de todas las \u00e9pocas. Foto cortes\u00eda CNME INAH (2)\" data-image-description=\"\" data-image-caption=\"\" data-large-file=\"https:\/\/i0.wp.com\/azturismo.net\/wp-content\/uploads\/2025\/06\/Reune-206-piezas-y-dos-replicas-para-abordar-el-protagonismo-de-la-ceiba-en-las-artes-escultoricas-y-pictoricas-de-los-mayas-de-todas-las-epocas.-Foto-cortesia-CNME-INAH-2.jpeg?fit=600%2C450&amp;ssl=1\" data-id=\"3939\" src=\"https:\/\/i0.wp.com\/azturismo.net\/wp-content\/uploads\/2025\/06\/Reune-206-piezas-y-dos-replicas-para-abordar-el-protagonismo-de-la-ceiba-en-las-artes-escultoricas-y-pictoricas-de-los-mayas-de-todas-las-epocas.-Foto-cortesia-CNME-INAH-2.jpeg?resize=600%2C450&#038;ssl=1\" alt=\"\" class=\"wp-image-3939\" srcset=\"https:\/\/i0.wp.com\/azturismo.net\/wp-content\/uploads\/2025\/06\/Reune-206-piezas-y-dos-replicas-para-abordar-el-protagonismo-de-la-ceiba-en-las-artes-escultoricas-y-pictoricas-de-los-mayas-de-todas-las-epocas.-Foto-cortesia-CNME-INAH-2.jpeg?w=600&amp;ssl=1 600w, https:\/\/i0.wp.com\/azturismo.net\/wp-content\/uploads\/2025\/06\/Reune-206-piezas-y-dos-replicas-para-abordar-el-protagonismo-de-la-ceiba-en-las-artes-escultoricas-y-pictoricas-de-los-mayas-de-todas-las-epocas.-Foto-cortesia-CNME-INAH-2.jpeg?resize=300%2C225&amp;ssl=1 300w, https:\/\/i0.wp.com\/azturismo.net\/wp-content\/uploads\/2025\/06\/Reune-206-piezas-y-dos-replicas-para-abordar-el-protagonismo-de-la-ceiba-en-las-artes-escultoricas-y-pictoricas-de-los-mayas-de-todas-las-epocas.-Foto-cortesia-CNME-INAH-2.jpeg?resize=150%2C113&amp;ssl=1 150w\" sizes=\"auto, (max-width: 600px) 100vw, 600px\" \/><\/figure>\n\n\n\n<figure class=\"wp-block-image size-large\"><img data-recalc-dims=\"1\" loading=\"lazy\" decoding=\"async\" width=\"600\" height=\"450\" data-attachment-id=\"3938\" data-permalink=\"https:\/\/azturismo.net\/?attachment_id=3938\" data-orig-file=\"https:\/\/i0.wp.com\/azturismo.net\/wp-content\/uploads\/2025\/06\/La-exhibicion-mexicana-Mayas-ceiba-y-cosmos-llega-a-China.-Foto-cortesia-CNME-INAH-2.jpeg?fit=600%2C450&amp;ssl=1\" data-orig-size=\"600,450\" data-comments-opened=\"1\" data-image-meta=\"{&quot;aperture&quot;:&quot;0&quot;,&quot;credit&quot;:&quot;&quot;,&quot;camera&quot;:&quot;&quot;,&quot;caption&quot;:&quot;&quot;,&quot;created_timestamp&quot;:&quot;0&quot;,&quot;copyright&quot;:&quot;&quot;,&quot;focal_length&quot;:&quot;0&quot;,&quot;iso&quot;:&quot;0&quot;,&quot;shutter_speed&quot;:&quot;0&quot;,&quot;title&quot;:&quot;&quot;,&quot;orientation&quot;:&quot;1&quot;}\" data-image-title=\"La exhibici\u00f3n mexicana Mayas, ceiba y cosmos llega a China. Foto cortes\u00eda CNME INAH (2)\" data-image-description=\"\" data-image-caption=\"\" data-large-file=\"https:\/\/i0.wp.com\/azturismo.net\/wp-content\/uploads\/2025\/06\/La-exhibicion-mexicana-Mayas-ceiba-y-cosmos-llega-a-China.-Foto-cortesia-CNME-INAH-2.jpeg?fit=600%2C450&amp;ssl=1\" data-id=\"3938\" src=\"https:\/\/i0.wp.com\/azturismo.net\/wp-content\/uploads\/2025\/06\/La-exhibicion-mexicana-Mayas-ceiba-y-cosmos-llega-a-China.-Foto-cortesia-CNME-INAH-2.jpeg?resize=600%2C450&#038;ssl=1\" alt=\"\" class=\"wp-image-3938\" srcset=\"https:\/\/i0.wp.com\/azturismo.net\/wp-content\/uploads\/2025\/06\/La-exhibicion-mexicana-Mayas-ceiba-y-cosmos-llega-a-China.-Foto-cortesia-CNME-INAH-2.jpeg?w=600&amp;ssl=1 600w, https:\/\/i0.wp.com\/azturismo.net\/wp-content\/uploads\/2025\/06\/La-exhibicion-mexicana-Mayas-ceiba-y-cosmos-llega-a-China.-Foto-cortesia-CNME-INAH-2.jpeg?resize=300%2C225&amp;ssl=1 300w, https:\/\/i0.wp.com\/azturismo.net\/wp-content\/uploads\/2025\/06\/La-exhibicion-mexicana-Mayas-ceiba-y-cosmos-llega-a-China.-Foto-cortesia-CNME-INAH-2.jpeg?resize=150%2C113&amp;ssl=1 150w\" sizes=\"auto, (max-width: 600px) 100vw, 600px\" \/><\/figure>\n\n\n\n<figure class=\"wp-block-image size-large\"><img data-recalc-dims=\"1\" loading=\"lazy\" decoding=\"async\" width=\"600\" height=\"405\" data-attachment-id=\"3937\" data-permalink=\"https:\/\/azturismo.net\/?attachment_id=3937\" data-orig-file=\"https:\/\/i0.wp.com\/azturismo.net\/wp-content\/uploads\/2025\/06\/La-muestra-se-integra-de-206-piezas-de-la-cultura-maya-procedentes-de-museos-nacionales-regionales-estatales-y-privados.-Foto-cortesia-CNME-INAH.jpeg?fit=600%2C405&amp;ssl=1\" data-orig-size=\"600,405\" data-comments-opened=\"1\" data-image-meta=\"{&quot;aperture&quot;:&quot;0&quot;,&quot;credit&quot;:&quot;&quot;,&quot;camera&quot;:&quot;&quot;,&quot;caption&quot;:&quot;&quot;,&quot;created_timestamp&quot;:&quot;0&quot;,&quot;copyright&quot;:&quot;&quot;,&quot;focal_length&quot;:&quot;0&quot;,&quot;iso&quot;:&quot;0&quot;,&quot;shutter_speed&quot;:&quot;0&quot;,&quot;title&quot;:&quot;&quot;,&quot;orientation&quot;:&quot;1&quot;}\" data-image-title=\"La muestra se integra de 206 piezas de la cultura maya, procedentes de museos nacionales, regionales, estatales y privados. Foto cortes\u00eda CNME INAH\" data-image-description=\"\" data-image-caption=\"&lt;p&gt;La muestra se integra de 206 piezas de la cultura maya, procedentes de museos nacionales, regionales, estatales y privados.Fotos: cortes\u00eda CNME INAH.  &lt;\/p&gt;\n\" data-large-file=\"https:\/\/i0.wp.com\/azturismo.net\/wp-content\/uploads\/2025\/06\/La-muestra-se-integra-de-206-piezas-de-la-cultura-maya-procedentes-de-museos-nacionales-regionales-estatales-y-privados.-Foto-cortesia-CNME-INAH.jpeg?fit=600%2C405&amp;ssl=1\" data-id=\"3937\" src=\"https:\/\/i0.wp.com\/azturismo.net\/wp-content\/uploads\/2025\/06\/La-muestra-se-integra-de-206-piezas-de-la-cultura-maya-procedentes-de-museos-nacionales-regionales-estatales-y-privados.-Foto-cortesia-CNME-INAH.jpeg?resize=600%2C405&#038;ssl=1\" alt=\"\" class=\"wp-image-3937\" srcset=\"https:\/\/i0.wp.com\/azturismo.net\/wp-content\/uploads\/2025\/06\/La-muestra-se-integra-de-206-piezas-de-la-cultura-maya-procedentes-de-museos-nacionales-regionales-estatales-y-privados.-Foto-cortesia-CNME-INAH.jpeg?w=600&amp;ssl=1 600w, https:\/\/i0.wp.com\/azturismo.net\/wp-content\/uploads\/2025\/06\/La-muestra-se-integra-de-206-piezas-de-la-cultura-maya-procedentes-de-museos-nacionales-regionales-estatales-y-privados.-Foto-cortesia-CNME-INAH.jpeg?resize=300%2C203&amp;ssl=1 300w, https:\/\/i0.wp.com\/azturismo.net\/wp-content\/uploads\/2025\/06\/La-muestra-se-integra-de-206-piezas-de-la-cultura-maya-procedentes-de-museos-nacionales-regionales-estatales-y-privados.-Foto-cortesia-CNME-INAH.jpeg?resize=150%2C101&amp;ssl=1 150w\" sizes=\"auto, (max-width: 600px) 100vw, 600px\" \/><figcaption class=\"wp-element-caption\"><mark style=\"background-color:rgba(0, 0, 0, 0)\" class=\"has-inline-color has-black-color\">La muestra se integra de 206 piezas de la cultura maya, procedentes de museos nacionales, regionales, estatales y privados. Fotos: cortes\u00eda CNME INAH.<\/mark><mark style=\"background-color:rgba(0, 0, 0, 0)\" class=\"has-inline-color has-vivid-red-color\">  <\/mark><\/figcaption><\/figure>\n<\/figure>\n\n\n\n<ul class=\"wp-block-list\">\n<li><strong>I. El cielo: entidades y movimientos:<\/strong> Explorando las deidades celestiales y los ciclos astron\u00f3micos.<\/li>\n\n\n\n<li><strong>II. La tierra: el mundo intermedio de los mayas:<\/strong> Adentr\u00e1ndose en la vida cotidiana y la interacci\u00f3n con el entorno.<\/li>\n\n\n\n<li><strong>III. El Xibalb\u00e1, espejo acu\u00e1tico de los mundos:<\/strong> Revelando el inframundo y su relaci\u00f3n con el agua.<\/li>\n\n\n\n<li><strong>IV. El calendario: la marca ritual del tiempo:<\/strong> Descifrando la sofisticada medici\u00f3n del tiempo maya.<\/li>\n<\/ul>\n\n\n\n<p>El recorrido narrativo de la exposici\u00f3n parte de las fuentes hist\u00f3ricas coloniales, avanza hacia las interpretaciones arqueol\u00f3gicas y culmina con aportes etnogr\u00e1ficos que demuestran la continuidad de estas concepciones en la actualidad. El equipo curatorial destaca que, si bien el cosmos maya se concibe verticalmente a trav\u00e9s de la ceiba, la museograf\u00eda lo representa ingeniosamente en un plano horizontal para su exploraci\u00f3n.<\/p>\n\n\n\n<h2 class=\"wp-block-heading\">206 Piezas \u00danicas para Admirar<\/h2>\n\n\n\n<p>La muestra est\u00e1 compuesta por un impresionante acervo de <strong>206 piezas originales de la cultura maya<\/strong>, provenientes de museos nacionales, regionales, estatales y privados de M\u00e9xico. Entre las obras que el p\u00fablico chino podr\u00e1 admirar se encuentran:<\/p>\n\n\n\n<ul class=\"wp-block-list\">\n<li><strong>Figurillas de la isla de Jaina<\/strong> (Campeche)<\/li>\n\n\n\n<li><strong>Incensarios de Palenque<\/strong><\/li>\n\n\n\n<li><strong>Vasos, braseros, cajetes y platos policromados<\/strong><\/li>\n\n\n\n<li><strong>Rostros con tocados y deformaci\u00f3n craneana<\/strong>, caracter\u00edsticos de la regi\u00f3n maya<\/li>\n\n\n\n<li>Un <strong>trono con glifos<\/strong> del sitio El Tortuguero<\/li>\n\n\n\n<li><strong>Atlantes de Chich\u00e9n Itz\u00e1<\/strong><\/li>\n\n\n\n<li>Reproducciones de la <strong>m\u00e1scara de Calakmul<\/strong> y de un <strong>pectoral<\/strong><\/li>\n<\/ul>\n\n\n\n<p>Tras su paso por Zhengzhou, la exhibici\u00f3n <strong>&#8220;Mayas: Ceiba y Cosmos&#8221;<\/strong> continuar\u00e1 su gira por China, visitando las ciudades de <strong>Hebei y Shanxi<\/strong>, llevando el invaluable legado maya a un p\u00fablico a\u00fan m\u00e1s amplio. (<strong><em>Por Staff AzTurismo<\/em><\/strong>)<\/p>\n","protected":false},"excerpt":{"rendered":"<p>ZHENGZHOU, CHINA \u2013 La riqueza milenaria de la cultura maya ha cruzado fronteras con la inauguraci\u00f3n de la exhibici\u00f3n &#8220;Mayas: Ceiba y Cosmos&#8221; en el Museo Henan de Zhengzhou, Rep\u00fablica Popular China. La muestra, que abri\u00f3 sus puertas el 29 de mayo de 2025 y permanecer\u00e1 hasta el 8 de octubre de 2025, ofrece una [&hellip;]<\/p>\n","protected":false},"author":1,"featured_media":3936,"comment_status":"open","ping_status":"open","sticky":false,"template":"","format":"standard","meta":{"jetpack_post_was_ever_published":false,"_jetpack_newsletter_access":"","_jetpack_dont_email_post_to_subs":false,"_jetpack_newsletter_tier_id":0,"_jetpack_memberships_contains_paywalled_content":false,"_jetpack_memberships_contains_paid_content":false,"footnotes":"","jetpack_publicize_message":"","jetpack_publicize_feature_enabled":true,"jetpack_social_post_already_shared":true,"jetpack_social_options":{"image_generator_settings":{"template":"highway","default_image_id":0,"font":"","enabled":false},"version":2}},"categories":[30,28],"tags":[99,1065,192,1688,1442,39],"class_list":{"0":"post-3935","1":"post","2":"type-post","3":"status-publish","4":"format-standard","5":"has-post-thumbnail","7":"category-e","8":"category-tendencias","9":"tag-azturismo","10":"tag-cultura-maya-2","11":"tag-inah","12":"tag-mayas-ceiba-y-cosmos","13":"tag-secretaria-de-cultura-del-gobierno-de-mexico","14":"tag-turismo"},"yoast_head":"<!-- This site is optimized with the Yoast SEO plugin v27.5 - https:\/\/yoast.com\/product\/yoast-seo-wordpress\/ -->\n<title>Mayas: Ceiba y Cosmos conquista China - Azturismo Noticias<\/title>\n<meta name=\"description\" content=\"ZHENGZHOU, CHINA \u2013 La riqueza milenaria de la cultura maya ha cruzado fronteras con la inauguraci\u00f3n de la exhibici\u00f3n &quot;Mayas: Ceiba y Cosmos&quot; en el Museo Henan de Zhengzhou, Rep\u00fablica Popular China. La muestra, que abri\u00f3 sus puertas el 29 de mayo de 2025 y permanecer\u00e1 hasta el 8 de octubre de 2025, ofrece una inmersi\u00f3n profunda en la cosmovisi\u00f3n de una de las civilizaciones m\u00e1s fascinantes de Mesoam\u00e9rica.\" \/>\n<meta name=\"robots\" content=\"index, follow, max-snippet:-1, max-image-preview:large, max-video-preview:-1\" \/>\n<link rel=\"canonical\" href=\"https:\/\/azturismo.net\/?p=3935\" \/>\n<meta property=\"og:locale\" content=\"es_MX\" \/>\n<meta property=\"og:type\" content=\"article\" \/>\n<meta property=\"og:title\" content=\"Mayas: Ceiba y Cosmos conquista China - Azturismo Noticias\" \/>\n<meta property=\"og:description\" content=\"ZHENGZHOU, CHINA \u2013 La riqueza milenaria de la cultura maya ha cruzado fronteras con la inauguraci\u00f3n de la exhibici\u00f3n &quot;Mayas: Ceiba y Cosmos&quot; en el Museo Henan de Zhengzhou, Rep\u00fablica Popular China. La muestra, que abri\u00f3 sus puertas el 29 de mayo de 2025 y permanecer\u00e1 hasta el 8 de octubre de 2025, ofrece una inmersi\u00f3n profunda en la cosmovisi\u00f3n de una de las civilizaciones m\u00e1s fascinantes de Mesoam\u00e9rica.\" \/>\n<meta property=\"og:url\" content=\"https:\/\/azturismo.net\/?p=3935\" \/>\n<meta property=\"og:site_name\" content=\"Azturismo Noticias\" \/>\n<meta property=\"article:publisher\" content=\"https:\/\/www.facebook.com\/AzturismoNoticias\" \/>\n<meta property=\"article:published_time\" content=\"2025-06-02T19:39:17+00:00\" \/>\n<meta property=\"article:modified_time\" content=\"2025-06-02T19:39:20+00:00\" \/>\n<meta property=\"og:image\" content=\"https:\/\/azturismo.net\/wp-content\/uploads\/2025\/06\/La-exhibicion-mexicana-Mayas-ceiba-y-cosmos-llega-a-China.-Foto-cortesia-CNME-INAH-1.jpeg\" \/>\n\t<meta property=\"og:image:width\" content=\"600\" \/>\n\t<meta property=\"og:image:height\" content=\"450\" \/>\n\t<meta property=\"og:image:type\" content=\"image\/jpeg\" \/>\n<meta name=\"author\" content=\"Azturismo\" \/>\n<meta name=\"twitter:card\" content=\"summary_large_image\" \/>\n<meta name=\"twitter:creator\" content=\"@AzTurismo\" \/>\n<meta name=\"twitter:site\" content=\"@AzTurismo\" \/>\n<meta name=\"twitter:label1\" content=\"Escrito por\" \/>\n\t<meta name=\"twitter:data1\" content=\"Azturismo\" \/>\n\t<meta name=\"twitter:label2\" content=\"Tiempo de lectura\" \/>\n\t<meta name=\"twitter:data2\" content=\"5 minutos\" \/>\n<script type=\"application\/ld+json\" class=\"yoast-schema-graph\">{\"@context\":\"https:\\\/\\\/schema.org\",\"@graph\":[{\"@type\":\"Article\",\"@id\":\"https:\\\/\\\/azturismo.net\\\/?p=3935#article\",\"isPartOf\":{\"@id\":\"https:\\\/\\\/azturismo.net\\\/?p=3935\"},\"author\":{\"name\":\"Azturismo\",\"@id\":\"https:\\\/\\\/azturismo.net\\\/#\\\/schema\\\/person\\\/4b56d87f51c4d1b518c650739ad3bbc1\"},\"headline\":\"Mayas: Ceiba y Cosmos conquista China\",\"datePublished\":\"2025-06-02T19:39:17+00:00\",\"dateModified\":\"2025-06-02T19:39:20+00:00\",\"mainEntityOfPage\":{\"@id\":\"https:\\\/\\\/azturismo.net\\\/?p=3935\"},\"wordCount\":635,\"commentCount\":0,\"publisher\":{\"@id\":\"https:\\\/\\\/azturismo.net\\\/#organization\"},\"image\":{\"@id\":\"https:\\\/\\\/azturismo.net\\\/?p=3935#primaryimage\"},\"thumbnailUrl\":\"https:\\\/\\\/i0.wp.com\\\/azturismo.net\\\/wp-content\\\/uploads\\\/2025\\\/06\\\/La-exhibicion-mexicana-Mayas-ceiba-y-cosmos-llega-a-China.-Foto-cortesia-CNME-INAH-1.jpeg?fit=600%2C450&ssl=1\",\"keywords\":[\"azturismo\",\"Cultura maya\",\"INAH\",\"Mayas: Ceiba y Cosmos\",\"Secretar\u00eda de Cultura del Gobierno de M\u00e9xico\",\"Turismo\"],\"articleSection\":[\"Destacadas\",\"TENDENCIAS\"],\"inLanguage\":\"es\",\"potentialAction\":[{\"@type\":\"CommentAction\",\"name\":\"Comment\",\"target\":[\"https:\\\/\\\/azturismo.net\\\/?p=3935#respond\"]}]},{\"@type\":\"WebPage\",\"@id\":\"https:\\\/\\\/azturismo.net\\\/?p=3935\",\"url\":\"https:\\\/\\\/azturismo.net\\\/?p=3935\",\"name\":\"Mayas: Ceiba y Cosmos conquista China - Azturismo Noticias\",\"isPartOf\":{\"@id\":\"https:\\\/\\\/azturismo.net\\\/#website\"},\"primaryImageOfPage\":{\"@id\":\"https:\\\/\\\/azturismo.net\\\/?p=3935#primaryimage\"},\"image\":{\"@id\":\"https:\\\/\\\/azturismo.net\\\/?p=3935#primaryimage\"},\"thumbnailUrl\":\"https:\\\/\\\/i0.wp.com\\\/azturismo.net\\\/wp-content\\\/uploads\\\/2025\\\/06\\\/La-exhibicion-mexicana-Mayas-ceiba-y-cosmos-llega-a-China.-Foto-cortesia-CNME-INAH-1.jpeg?fit=600%2C450&ssl=1\",\"datePublished\":\"2025-06-02T19:39:17+00:00\",\"dateModified\":\"2025-06-02T19:39:20+00:00\",\"description\":\"ZHENGZHOU, CHINA \u2013 La riqueza milenaria de la cultura maya ha cruzado fronteras con la inauguraci\u00f3n de la exhibici\u00f3n \\\"Mayas: Ceiba y Cosmos\\\" en el Museo Henan de Zhengzhou, Rep\u00fablica Popular China. La muestra, que abri\u00f3 sus puertas el 29 de mayo de 2025 y permanecer\u00e1 hasta el 8 de octubre de 2025, ofrece una inmersi\u00f3n profunda en la cosmovisi\u00f3n de una de las civilizaciones m\u00e1s fascinantes de Mesoam\u00e9rica.\",\"breadcrumb\":{\"@id\":\"https:\\\/\\\/azturismo.net\\\/?p=3935#breadcrumb\"},\"inLanguage\":\"es\",\"potentialAction\":[{\"@type\":\"ReadAction\",\"target\":[\"https:\\\/\\\/azturismo.net\\\/?p=3935\"]}]},{\"@type\":\"ImageObject\",\"inLanguage\":\"es\",\"@id\":\"https:\\\/\\\/azturismo.net\\\/?p=3935#primaryimage\",\"url\":\"https:\\\/\\\/i0.wp.com\\\/azturismo.net\\\/wp-content\\\/uploads\\\/2025\\\/06\\\/La-exhibicion-mexicana-Mayas-ceiba-y-cosmos-llega-a-China.-Foto-cortesia-CNME-INAH-1.jpeg?fit=600%2C450&ssl=1\",\"contentUrl\":\"https:\\\/\\\/i0.wp.com\\\/azturismo.net\\\/wp-content\\\/uploads\\\/2025\\\/06\\\/La-exhibicion-mexicana-Mayas-ceiba-y-cosmos-llega-a-China.-Foto-cortesia-CNME-INAH-1.jpeg?fit=600%2C450&ssl=1\",\"width\":600,\"height\":450},{\"@type\":\"BreadcrumbList\",\"@id\":\"https:\\\/\\\/azturismo.net\\\/?p=3935#breadcrumb\",\"itemListElement\":[{\"@type\":\"ListItem\",\"position\":1,\"name\":\"Home\",\"item\":\"https:\\\/\\\/azturismo.net\\\/\"},{\"@type\":\"ListItem\",\"position\":2,\"name\":\"Mayas: Ceiba y Cosmos conquista China\"}]},{\"@type\":\"WebSite\",\"@id\":\"https:\\\/\\\/azturismo.net\\\/#website\",\"url\":\"https:\\\/\\\/azturismo.net\\\/\",\"name\":\"Azturismo\",\"description\":\"Azturismo Noticias\",\"publisher\":{\"@id\":\"https:\\\/\\\/azturismo.net\\\/#organization\"},\"potentialAction\":[{\"@type\":\"SearchAction\",\"target\":{\"@type\":\"EntryPoint\",\"urlTemplate\":\"https:\\\/\\\/azturismo.net\\\/?s={search_term_string}\"},\"query-input\":{\"@type\":\"PropertyValueSpecification\",\"valueRequired\":true,\"valueName\":\"search_term_string\"}}],\"inLanguage\":\"es\"},{\"@type\":\"Organization\",\"@id\":\"https:\\\/\\\/azturismo.net\\\/#organization\",\"name\":\"Azturismo\",\"url\":\"https:\\\/\\\/azturismo.net\\\/\",\"logo\":{\"@type\":\"ImageObject\",\"inLanguage\":\"es\",\"@id\":\"https:\\\/\\\/azturismo.net\\\/#\\\/schema\\\/logo\\\/image\\\/\",\"url\":\"https:\\\/\\\/i0.wp.com\\\/azturismo.net\\\/wp-content\\\/uploads\\\/2024\\\/03\\\/logo-el-bueno-.png?fit=294%2C69&ssl=1\",\"contentUrl\":\"https:\\\/\\\/i0.wp.com\\\/azturismo.net\\\/wp-content\\\/uploads\\\/2024\\\/03\\\/logo-el-bueno-.png?fit=294%2C69&ssl=1\",\"width\":294,\"height\":69,\"caption\":\"Azturismo\"},\"image\":{\"@id\":\"https:\\\/\\\/azturismo.net\\\/#\\\/schema\\\/logo\\\/image\\\/\"},\"sameAs\":[\"https:\\\/\\\/www.facebook.com\\\/AzturismoNoticias\",\"https:\\\/\\\/x.com\\\/AzTurismo\",\"https:\\\/\\\/www.instagram.com\\\/azturismo_noticias\\\/?fbclid=IwAR2xMiuoHbs6eLeIHKP8P5sSGa-xFrw7FfejscXO7kDghWa7wKLjGczKOwE\",\"https:\\\/\\\/www.tiktok.com\\\/@azturismo\"]},{\"@type\":\"Person\",\"@id\":\"https:\\\/\\\/azturismo.net\\\/#\\\/schema\\\/person\\\/4b56d87f51c4d1b518c650739ad3bbc1\",\"name\":\"Azturismo\",\"image\":{\"@type\":\"ImageObject\",\"inLanguage\":\"es\",\"@id\":\"https:\\\/\\\/azturismo.net\\\/wp-content\\\/litespeed\\\/avatar\\\/dfe28a31cdd68b788da48a316e50db10.jpg?ver=1777707566\",\"url\":\"https:\\\/\\\/azturismo.net\\\/wp-content\\\/litespeed\\\/avatar\\\/dfe28a31cdd68b788da48a316e50db10.jpg?ver=1777707566\",\"contentUrl\":\"https:\\\/\\\/azturismo.net\\\/wp-content\\\/litespeed\\\/avatar\\\/dfe28a31cdd68b788da48a316e50db10.jpg?ver=1777707566\",\"caption\":\"Azturismo\"},\"sameAs\":[\"https:\\\/\\\/azturismo.net\"],\"url\":\"https:\\\/\\\/azturismo.net\\\/?author=1\"}]}<\/script>\n<!-- \/ Yoast SEO plugin. -->","yoast_head_json":{"title":"Mayas: Ceiba y Cosmos conquista China - Azturismo Noticias","description":"ZHENGZHOU, CHINA \u2013 La riqueza milenaria de la cultura maya ha cruzado fronteras con la inauguraci\u00f3n de la exhibici\u00f3n \"Mayas: Ceiba y Cosmos\" en el Museo Henan de Zhengzhou, Rep\u00fablica Popular China. La muestra, que abri\u00f3 sus puertas el 29 de mayo de 2025 y permanecer\u00e1 hasta el 8 de octubre de 2025, ofrece una inmersi\u00f3n profunda en la cosmovisi\u00f3n de una de las civilizaciones m\u00e1s fascinantes de Mesoam\u00e9rica.","robots":{"index":"index","follow":"follow","max-snippet":"max-snippet:-1","max-image-preview":"max-image-preview:large","max-video-preview":"max-video-preview:-1"},"canonical":"https:\/\/azturismo.net\/?p=3935","og_locale":"es_MX","og_type":"article","og_title":"Mayas: Ceiba y Cosmos conquista China - Azturismo Noticias","og_description":"ZHENGZHOU, CHINA \u2013 La riqueza milenaria de la cultura maya ha cruzado fronteras con la inauguraci\u00f3n de la exhibici\u00f3n \"Mayas: Ceiba y Cosmos\" en el Museo Henan de Zhengzhou, Rep\u00fablica Popular China. La muestra, que abri\u00f3 sus puertas el 29 de mayo de 2025 y permanecer\u00e1 hasta el 8 de octubre de 2025, ofrece una inmersi\u00f3n profunda en la cosmovisi\u00f3n de una de las civilizaciones m\u00e1s fascinantes de Mesoam\u00e9rica.","og_url":"https:\/\/azturismo.net\/?p=3935","og_site_name":"Azturismo Noticias","article_publisher":"https:\/\/www.facebook.com\/AzturismoNoticias","article_published_time":"2025-06-02T19:39:17+00:00","article_modified_time":"2025-06-02T19:39:20+00:00","og_image":[{"width":600,"height":450,"url":"https:\/\/azturismo.net\/wp-content\/uploads\/2025\/06\/La-exhibicion-mexicana-Mayas-ceiba-y-cosmos-llega-a-China.-Foto-cortesia-CNME-INAH-1.jpeg","type":"image\/jpeg"}],"author":"Azturismo","twitter_card":"summary_large_image","twitter_creator":"@AzTurismo","twitter_site":"@AzTurismo","twitter_misc":{"Escrito por":"Azturismo","Tiempo de lectura":"5 minutos"},"schema":{"@context":"https:\/\/schema.org","@graph":[{"@type":"Article","@id":"https:\/\/azturismo.net\/?p=3935#article","isPartOf":{"@id":"https:\/\/azturismo.net\/?p=3935"},"author":{"name":"Azturismo","@id":"https:\/\/azturismo.net\/#\/schema\/person\/4b56d87f51c4d1b518c650739ad3bbc1"},"headline":"Mayas: Ceiba y Cosmos conquista China","datePublished":"2025-06-02T19:39:17+00:00","dateModified":"2025-06-02T19:39:20+00:00","mainEntityOfPage":{"@id":"https:\/\/azturismo.net\/?p=3935"},"wordCount":635,"commentCount":0,"publisher":{"@id":"https:\/\/azturismo.net\/#organization"},"image":{"@id":"https:\/\/azturismo.net\/?p=3935#primaryimage"},"thumbnailUrl":"https:\/\/i0.wp.com\/azturismo.net\/wp-content\/uploads\/2025\/06\/La-exhibicion-mexicana-Mayas-ceiba-y-cosmos-llega-a-China.-Foto-cortesia-CNME-INAH-1.jpeg?fit=600%2C450&ssl=1","keywords":["azturismo","Cultura maya","INAH","Mayas: Ceiba y Cosmos","Secretar\u00eda de Cultura del Gobierno de M\u00e9xico","Turismo"],"articleSection":["Destacadas","TENDENCIAS"],"inLanguage":"es","potentialAction":[{"@type":"CommentAction","name":"Comment","target":["https:\/\/azturismo.net\/?p=3935#respond"]}]},{"@type":"WebPage","@id":"https:\/\/azturismo.net\/?p=3935","url":"https:\/\/azturismo.net\/?p=3935","name":"Mayas: Ceiba y Cosmos conquista China - Azturismo Noticias","isPartOf":{"@id":"https:\/\/azturismo.net\/#website"},"primaryImageOfPage":{"@id":"https:\/\/azturismo.net\/?p=3935#primaryimage"},"image":{"@id":"https:\/\/azturismo.net\/?p=3935#primaryimage"},"thumbnailUrl":"https:\/\/i0.wp.com\/azturismo.net\/wp-content\/uploads\/2025\/06\/La-exhibicion-mexicana-Mayas-ceiba-y-cosmos-llega-a-China.-Foto-cortesia-CNME-INAH-1.jpeg?fit=600%2C450&ssl=1","datePublished":"2025-06-02T19:39:17+00:00","dateModified":"2025-06-02T19:39:20+00:00","description":"ZHENGZHOU, CHINA \u2013 La riqueza milenaria de la cultura maya ha cruzado fronteras con la inauguraci\u00f3n de la exhibici\u00f3n \"Mayas: Ceiba y Cosmos\" en el Museo Henan de Zhengzhou, Rep\u00fablica Popular China. La muestra, que abri\u00f3 sus puertas el 29 de mayo de 2025 y permanecer\u00e1 hasta el 8 de octubre de 2025, ofrece una inmersi\u00f3n profunda en la cosmovisi\u00f3n de una de las civilizaciones m\u00e1s fascinantes de Mesoam\u00e9rica.","breadcrumb":{"@id":"https:\/\/azturismo.net\/?p=3935#breadcrumb"},"inLanguage":"es","potentialAction":[{"@type":"ReadAction","target":["https:\/\/azturismo.net\/?p=3935"]}]},{"@type":"ImageObject","inLanguage":"es","@id":"https:\/\/azturismo.net\/?p=3935#primaryimage","url":"https:\/\/i0.wp.com\/azturismo.net\/wp-content\/uploads\/2025\/06\/La-exhibicion-mexicana-Mayas-ceiba-y-cosmos-llega-a-China.-Foto-cortesia-CNME-INAH-1.jpeg?fit=600%2C450&ssl=1","contentUrl":"https:\/\/i0.wp.com\/azturismo.net\/wp-content\/uploads\/2025\/06\/La-exhibicion-mexicana-Mayas-ceiba-y-cosmos-llega-a-China.-Foto-cortesia-CNME-INAH-1.jpeg?fit=600%2C450&ssl=1","width":600,"height":450},{"@type":"BreadcrumbList","@id":"https:\/\/azturismo.net\/?p=3935#breadcrumb","itemListElement":[{"@type":"ListItem","position":1,"name":"Home","item":"https:\/\/azturismo.net\/"},{"@type":"ListItem","position":2,"name":"Mayas: Ceiba y Cosmos conquista China"}]},{"@type":"WebSite","@id":"https:\/\/azturismo.net\/#website","url":"https:\/\/azturismo.net\/","name":"Azturismo","description":"Azturismo Noticias","publisher":{"@id":"https:\/\/azturismo.net\/#organization"},"potentialAction":[{"@type":"SearchAction","target":{"@type":"EntryPoint","urlTemplate":"https:\/\/azturismo.net\/?s={search_term_string}"},"query-input":{"@type":"PropertyValueSpecification","valueRequired":true,"valueName":"search_term_string"}}],"inLanguage":"es"},{"@type":"Organization","@id":"https:\/\/azturismo.net\/#organization","name":"Azturismo","url":"https:\/\/azturismo.net\/","logo":{"@type":"ImageObject","inLanguage":"es","@id":"https:\/\/azturismo.net\/#\/schema\/logo\/image\/","url":"https:\/\/i0.wp.com\/azturismo.net\/wp-content\/uploads\/2024\/03\/logo-el-bueno-.png?fit=294%2C69&ssl=1","contentUrl":"https:\/\/i0.wp.com\/azturismo.net\/wp-content\/uploads\/2024\/03\/logo-el-bueno-.png?fit=294%2C69&ssl=1","width":294,"height":69,"caption":"Azturismo"},"image":{"@id":"https:\/\/azturismo.net\/#\/schema\/logo\/image\/"},"sameAs":["https:\/\/www.facebook.com\/AzturismoNoticias","https:\/\/x.com\/AzTurismo","https:\/\/www.instagram.com\/azturismo_noticias\/?fbclid=IwAR2xMiuoHbs6eLeIHKP8P5sSGa-xFrw7FfejscXO7kDghWa7wKLjGczKOwE","https:\/\/www.tiktok.com\/@azturismo"]},{"@type":"Person","@id":"https:\/\/azturismo.net\/#\/schema\/person\/4b56d87f51c4d1b518c650739ad3bbc1","name":"Azturismo","image":{"@type":"ImageObject","inLanguage":"es","@id":"https:\/\/azturismo.net\/wp-content\/litespeed\/avatar\/dfe28a31cdd68b788da48a316e50db10.jpg?ver=1777707566","url":"https:\/\/azturismo.net\/wp-content\/litespeed\/avatar\/dfe28a31cdd68b788da48a316e50db10.jpg?ver=1777707566","contentUrl":"https:\/\/azturismo.net\/wp-content\/litespeed\/avatar\/dfe28a31cdd68b788da48a316e50db10.jpg?ver=1777707566","caption":"Azturismo"},"sameAs":["https:\/\/azturismo.net"],"url":"https:\/\/azturismo.net\/?author=1"}]}},"jetpack_publicize_connections":[],"jetpack_featured_media_url":"https:\/\/i0.wp.com\/azturismo.net\/wp-content\/uploads\/2025\/06\/La-exhibicion-mexicana-Mayas-ceiba-y-cosmos-llega-a-China.-Foto-cortesia-CNME-INAH-1.jpeg?fit=600%2C450&ssl=1","jetpack_sharing_enabled":true,"jetpack-related-posts":[{"id":3525,"url":"https:\/\/azturismo.net\/?p=3525","url_meta":{"origin":3935,"position":0},"title":"Laura Rojo asume la direcci\u00f3n del Museo Maya de Canc\u00fan","author":"Azturismo","date":"marzo 31, 2025","format":false,"excerpt":"Por Staff AzTurismo El Museo Maya de Canc\u00fan (MMC) tiene nueva directora. La fot\u00f3grafa y muse\u00f3grafa Laura Rojo F\u00e4rber ha sido nombrada titular de este recinto por acuerdo del Instituto Nacional de Antropolog\u00eda e Historia (INAH), bajo la direcci\u00f3n de Diego Prieto Hern\u00e1ndez. El anuncio se realiz\u00f3 el 27 de\u2026","rel":"","context":"En &quot;NOTITUR&quot;","block_context":{"text":"NOTITUR","link":"https:\/\/azturismo.net\/?cat=25"},"img":{"alt_text":"","src":"https:\/\/i0.wp.com\/azturismo.net\/wp-content\/uploads\/2025\/03\/Margarito-Molina-Juan-Manuel-Garibay-Laura-Rojo-y-Carlos-Esperon.-Foto-Centro-INAH-Quintana-Roo.jpeg?fit=600%2C495&ssl=1&resize=350%2C200","width":350,"height":200,"srcset":"https:\/\/i0.wp.com\/azturismo.net\/wp-content\/uploads\/2025\/03\/Margarito-Molina-Juan-Manuel-Garibay-Laura-Rojo-y-Carlos-Esperon.-Foto-Centro-INAH-Quintana-Roo.jpeg?fit=600%2C495&ssl=1&resize=350%2C200 1x, https:\/\/i0.wp.com\/azturismo.net\/wp-content\/uploads\/2025\/03\/Margarito-Molina-Juan-Manuel-Garibay-Laura-Rojo-y-Carlos-Esperon.-Foto-Centro-INAH-Quintana-Roo.jpeg?fit=600%2C495&ssl=1&resize=525%2C300 1.5x"},"classes":[]},{"id":6561,"url":"https:\/\/azturismo.net\/?p=6561","url_meta":{"origin":3935,"position":1},"title":"La Vendimia Maya 2025 te dejar\u00e1 sin aliento","author":"Azturismo","date":"noviembre 24, 2025","format":false,"excerpt":"Por Staff AzTurismo Imagina un lugar donde los \u00e1rboles sagrados susurran historias milenarias y el aroma del vino nuevo se mezcla con la tierra h\u00fameda de la selva. No es un sue\u00f1o. Es la promesa de \u201cLa Vid y la Ceiba \u2013 Vendimia Maya 2025\u201d, una celebraci\u00f3n que va mucho\u2026","rel":"","context":"En &quot;Destacadas&quot;","block_context":{"text":"Destacadas","link":"https:\/\/azturismo.net\/?cat=30"},"img":{"alt_text":"","src":"https:\/\/i0.wp.com\/azturismo.net\/wp-content\/uploads\/2025\/11\/DJI_0114.jpg?fit=600%2C337&ssl=1&resize=350%2C200","width":350,"height":200,"srcset":"https:\/\/i0.wp.com\/azturismo.net\/wp-content\/uploads\/2025\/11\/DJI_0114.jpg?fit=600%2C337&ssl=1&resize=350%2C200 1x, https:\/\/i0.wp.com\/azturismo.net\/wp-content\/uploads\/2025\/11\/DJI_0114.jpg?fit=600%2C337&ssl=1&resize=525%2C300 1.5x"},"classes":[]},{"id":3565,"url":"https:\/\/azturismo.net\/?p=3565","url_meta":{"origin":3935,"position":2},"title":"\ud83c\udf3f Nace la Fundaci\u00f3n Iniciativa Yucat\u00e1n para preservar la Ruta Puuc","author":"Azturismo","date":"abril 2, 2025","format":false,"excerpt":"Por Staff AzTurismo La Fundaci\u00f3n Iniciativa Yucat\u00e1n ha sido presentada oficialmente con la misi\u00f3n de proteger, difundir y conservar el patrimonio arqueol\u00f3gico de la Ruta Puuc, en colaboraci\u00f3n con el Instituto Nacional de Antropolog\u00eda e Historia (INAH), \u00f3rgano de la Secretar\u00eda de Cultura del Gobierno de M\u00e9xico. Esta iniciativa busca\u2026","rel":"","context":"En &quot;Destacadas&quot;","block_context":{"text":"Destacadas","link":"https:\/\/azturismo.net\/?cat=30"},"img":{"alt_text":"","src":"https:\/\/i0.wp.com\/azturismo.net\/wp-content\/uploads\/2025\/03\/Nace-la-Fundacion-Iniciativa-Yucatan-en-pro-de-la-conservacion-de-los-sitios-arqueologicos-de-la-Ruta-Puuc.-Foto-Centro-INAH-Yucatan-1.jpg?fit=600%2C337&ssl=1&resize=350%2C200","width":350,"height":200,"srcset":"https:\/\/i0.wp.com\/azturismo.net\/wp-content\/uploads\/2025\/03\/Nace-la-Fundacion-Iniciativa-Yucatan-en-pro-de-la-conservacion-de-los-sitios-arqueologicos-de-la-Ruta-Puuc.-Foto-Centro-INAH-Yucatan-1.jpg?fit=600%2C337&ssl=1&resize=350%2C200 1x, https:\/\/i0.wp.com\/azturismo.net\/wp-content\/uploads\/2025\/03\/Nace-la-Fundacion-Iniciativa-Yucatan-en-pro-de-la-conservacion-de-los-sitios-arqueologicos-de-la-Ruta-Puuc.-Foto-Centro-INAH-Yucatan-1.jpg?fit=600%2C337&ssl=1&resize=525%2C300 1.5x"},"classes":[]},{"id":4075,"url":"https:\/\/azturismo.net\/?p=4075","url_meta":{"origin":3935,"position":3},"title":"Sectur presenta estrategia de promoci\u00f3n tur\u00edstica para el Mundial 2026 ante el CNET","author":"Azturismo","date":"junio 11, 2025","format":false,"excerpt":"Relanza Josefina Rodr\u00edguez la marca Grupo Mundo Maya Por Oscar V\u00e1zquez C. La Secretar\u00eda de Turismo del Gobierno de M\u00e9xico (Sectur), encabezada por Josefina Rodr\u00edguez Zamora, present\u00f3 ante el Consejo Nacional Empresarial Tur\u00edstico (CNET) la estrategia de promoci\u00f3n tur\u00edstica nacional e internacional con motivo de la Copa Mundial de F\u00fatbol\u2026","rel":"","context":"En &quot;Destacadas&quot;","block_context":{"text":"Destacadas","link":"https:\/\/azturismo.net\/?cat=30"},"img":{"alt_text":"","src":"https:\/\/i0.wp.com\/azturismo.net\/wp-content\/uploads\/2025\/06\/PSX_20250610_214149.jpg?fit=600%2C400&ssl=1&resize=350%2C200","width":350,"height":200,"srcset":"https:\/\/i0.wp.com\/azturismo.net\/wp-content\/uploads\/2025\/06\/PSX_20250610_214149.jpg?fit=600%2C400&ssl=1&resize=350%2C200 1x, https:\/\/i0.wp.com\/azturismo.net\/wp-content\/uploads\/2025\/06\/PSX_20250610_214149.jpg?fit=600%2C400&ssl=1&resize=525%2C300 1.5x"},"classes":[]},{"id":6753,"url":"https:\/\/azturismo.net\/?p=6753","url_meta":{"origin":3935,"position":4},"title":"\u00a1Reabre el enigm\u00e1tico Nohoch Mul en Cob\u00e1!","author":"Azturismo","date":"diciembre 11, 2025","format":false,"excerpt":"Por Staff AzTurismo \ud83c\udf89Despu\u00e9s de seis a\u00f1os de cierre, el emblem\u00e1tico basamento Nohoch Mul \u2013gran mont\u00edculo, en maya yucateco\u2013 , la estructura prehisp\u00e1nica m\u00e1s elevada del norte del \u00e1rea maya, volvi\u00f3 a abrir al p\u00fablico con una nueva escalinata de madera y una Unidad de Servicios renovada, como parte del\u2026","rel":"","context":"En &quot;Destacadas&quot;","block_context":{"text":"Destacadas","link":"https:\/\/azturismo.net\/?cat=30"},"img":{"alt_text":"","src":"https:\/\/i0.wp.com\/azturismo.net\/wp-content\/uploads\/2025\/12\/Con-una-inversion-cercana-a-los-cinco-millones-de-pesos-la-Secretaria-de-Cultura-del-Gobierno-de-Mexico-y-el-INAH-fortalecen-la-proteccion-del-patrimonio.-Foto-Secretaria-de-Cultura.jpeg?fit=600%2C400&ssl=1&resize=350%2C200","width":350,"height":200,"srcset":"https:\/\/i0.wp.com\/azturismo.net\/wp-content\/uploads\/2025\/12\/Con-una-inversion-cercana-a-los-cinco-millones-de-pesos-la-Secretaria-de-Cultura-del-Gobierno-de-Mexico-y-el-INAH-fortalecen-la-proteccion-del-patrimonio.-Foto-Secretaria-de-Cultura.jpeg?fit=600%2C400&ssl=1&resize=350%2C200 1x, https:\/\/i0.wp.com\/azturismo.net\/wp-content\/uploads\/2025\/12\/Con-una-inversion-cercana-a-los-cinco-millones-de-pesos-la-Secretaria-de-Cultura-del-Gobierno-de-Mexico-y-el-INAH-fortalecen-la-proteccion-del-patrimonio.-Foto-Secretaria-de-Cultura.jpeg?fit=600%2C400&ssl=1&resize=525%2C300 1.5x"},"classes":[]},{"id":3990,"url":"https:\/\/azturismo.net\/?p=3990","url_meta":{"origin":3935,"position":5},"title":"La Meliponicultura Maya florece en Quintana Roo","author":"Azturismo","date":"junio 4, 2025","format":false,"excerpt":"Por Staff AzTurismo La dulce tradici\u00f3n de la meliponicultura prehisp\u00e1nica sigue viva en Quintana Roo, un legado maya que el Instituto Nacional de Antropolog\u00eda e Historia (INAH) y especialistas locales se esmeran en preservar. Recientemente, en el Museo Hist\u00f3rico de Felipe Carrillo Puerto, parte de la red INAH, se destac\u00f3\u2026","rel":"","context":"En &quot;Destacadas&quot;","block_context":{"text":"Destacadas","link":"https:\/\/azturismo.net\/?cat=30"},"img":{"alt_text":"","src":"https:\/\/i0.wp.com\/azturismo.net\/wp-content\/uploads\/2025\/06\/Fotos-cortesia-CINAH-Quintana-Roo.jpeg?fit=600%2C328&ssl=1&resize=350%2C200","width":350,"height":200,"srcset":"https:\/\/i0.wp.com\/azturismo.net\/wp-content\/uploads\/2025\/06\/Fotos-cortesia-CINAH-Quintana-Roo.jpeg?fit=600%2C328&ssl=1&resize=350%2C200 1x, https:\/\/i0.wp.com\/azturismo.net\/wp-content\/uploads\/2025\/06\/Fotos-cortesia-CINAH-Quintana-Roo.jpeg?fit=600%2C328&ssl=1&resize=525%2C300 1.5x"},"classes":[]}],"jetpack_shortlink":"https:\/\/wp.me\/pfqZGx-11t","amp_enabled":true,"_links":{"self":[{"href":"https:\/\/azturismo.net\/index.php?rest_route=\/wp\/v2\/posts\/3935","targetHints":{"allow":["GET"]}}],"collection":[{"href":"https:\/\/azturismo.net\/index.php?rest_route=\/wp\/v2\/posts"}],"about":[{"href":"https:\/\/azturismo.net\/index.php?rest_route=\/wp\/v2\/types\/post"}],"author":[{"embeddable":true,"href":"https:\/\/azturismo.net\/index.php?rest_route=\/wp\/v2\/users\/1"}],"replies":[{"embeddable":true,"href":"https:\/\/azturismo.net\/index.php?rest_route=%2Fwp%2Fv2%2Fcomments&post=3935"}],"version-history":[{"count":1,"href":"https:\/\/azturismo.net\/index.php?rest_route=\/wp\/v2\/posts\/3935\/revisions"}],"predecessor-version":[{"id":3943,"href":"https:\/\/azturismo.net\/index.php?rest_route=\/wp\/v2\/posts\/3935\/revisions\/3943"}],"wp:featuredmedia":[{"embeddable":true,"href":"https:\/\/azturismo.net\/index.php?rest_route=\/wp\/v2\/media\/3936"}],"wp:attachment":[{"href":"https:\/\/azturismo.net\/index.php?rest_route=%2Fwp%2Fv2%2Fmedia&parent=3935"}],"wp:term":[{"taxonomy":"category","embeddable":true,"href":"https:\/\/azturismo.net\/index.php?rest_route=%2Fwp%2Fv2%2Fcategories&post=3935"},{"taxonomy":"post_tag","embeddable":true,"href":"https:\/\/azturismo.net\/index.php?rest_route=%2Fwp%2Fv2%2Ftags&post=3935"}],"curies":[{"name":"wp","href":"https:\/\/api.w.org\/{rel}","templated":true}]}}