{"id":3921,"date":"2025-05-28T22:00:00","date_gmt":"2025-05-29T04:00:00","guid":{"rendered":"https:\/\/azturismo.net\/?p=3921"},"modified":"2025-05-28T21:36:31","modified_gmt":"2025-05-29T03:36:31","slug":"braulio-arsuaga-anuncia-su-salida-del-cnet","status":"publish","type":"post","link":"https:\/\/azturismo.net\/?p=3921","title":{"rendered":"Braulio Arsuaga anuncia su salida del CNET"},"content":{"rendered":"\n<p><strong>Braulio Arsuaga anunci\u00f3 oficialmente el cierre de su ciclo como presidente del Consejo Nacional Empresarial Tur\u00edstico (CNET) <\/strong>tras casi 6 a\u00f1os al frente del organismo, adelantando que ser\u00e1 en septiembre cuando se designe mediante votaci\u00f3n al nuevo l\u00edder de esta importante entidad empresarial.<\/p>\n\n\n\n<p>Durante la <strong>Asamblea Extraordinaria del CNET<\/strong>, los miembros del consejo manifestaron su reconocimiento a la labor de Arsuaga, quien inici\u00f3 su gesti\u00f3n en febrero de 2020, apenas unas semanas antes del inicio de la pandemia por COVID-19.<\/p>\n\n\n\n<p><strong>Reconocimiento empresarial a su gesti\u00f3n<\/strong><\/p>\n\n\n\n<p>Empresarios representantes de las industrias restaurantera, hotelera, de transporte a\u00e9reo y terrestre agradecieron a Arsuaga su entrega, disposici\u00f3n, compromiso y habilidad para conducir al CNET con \u00e9xito durante un per\u00edodo caracterizado por m\u00faltiples crisis.<\/p>\n\n\n<div class=\"wp-block-image\">\n<figure class=\"aligncenter size-full\"><img data-recalc-dims=\"1\" loading=\"lazy\" decoding=\"async\" width=\"600\" height=\"399\" data-attachment-id=\"3924\" data-permalink=\"https:\/\/azturismo.net\/?attachment_id=3924\" data-orig-file=\"https:\/\/i0.wp.com\/azturismo.net\/wp-content\/uploads\/2025\/05\/Asamblea_2.jpeg?fit=600%2C399&amp;ssl=1\" data-orig-size=\"600,399\" data-comments-opened=\"1\" data-image-meta=\"{&quot;aperture&quot;:&quot;0&quot;,&quot;credit&quot;:&quot;&quot;,&quot;camera&quot;:&quot;&quot;,&quot;caption&quot;:&quot;&quot;,&quot;created_timestamp&quot;:&quot;0&quot;,&quot;copyright&quot;:&quot;&quot;,&quot;focal_length&quot;:&quot;0&quot;,&quot;iso&quot;:&quot;0&quot;,&quot;shutter_speed&quot;:&quot;0&quot;,&quot;title&quot;:&quot;&quot;,&quot;orientation&quot;:&quot;1&quot;}\" data-image-title=\"Asamblea_2\" data-image-description=\"\" data-image-caption=\"\" data-large-file=\"https:\/\/i0.wp.com\/azturismo.net\/wp-content\/uploads\/2025\/05\/Asamblea_2.jpeg?fit=600%2C399&amp;ssl=1\" src=\"https:\/\/i0.wp.com\/azturismo.net\/wp-content\/uploads\/2025\/05\/Asamblea_2.jpeg?resize=600%2C399&#038;ssl=1\" alt=\"\" class=\"wp-image-3924\" srcset=\"https:\/\/i0.wp.com\/azturismo.net\/wp-content\/uploads\/2025\/05\/Asamblea_2.jpeg?w=600&amp;ssl=1 600w, https:\/\/i0.wp.com\/azturismo.net\/wp-content\/uploads\/2025\/05\/Asamblea_2.jpeg?resize=300%2C200&amp;ssl=1 300w, https:\/\/i0.wp.com\/azturismo.net\/wp-content\/uploads\/2025\/05\/Asamblea_2.jpeg?resize=150%2C100&amp;ssl=1 150w\" sizes=\"auto, (max-width: 600px) 100vw, 600px\" \/><\/figure><\/div>\n\n\n<p>Me retiro con la satisfacci\u00f3n de haber aportado, junto a un equipo invaluable, a la unidad del sector en momentos complejos. Logramos sortear aguas turbulentas y hoy el CNET se proyecta m\u00e1s fuerte, con mayor visibilidad y un rumbo claro hacia el futuro, dijo <strong>Braulio Arsuaga<\/strong>.<\/p>\n\n\n\n<p><strong>Logros destacados durante su administraci\u00f3n<\/strong><\/p>\n\n\n\n<p>La gesti\u00f3n de <strong>Arsuaga <\/strong>se caracteriz\u00f3 por una profunda transformaci\u00f3n del sector tur\u00edstico mexicano, marcada por el fortalecimiento institucional y la defensa activa de la industria ante diversos desaf\u00edos.<\/p>\n\n\n\n<p><strong>Principales logros 2020-2025:<\/strong><\/p>\n\n\n\n<ul class=\"wp-block-list\">\n<li>Unificaci\u00f3n sectorial: Agrup\u00f3 por primera vez a 4 c\u00e1maras y 20 asociaciones tur\u00edsticas<\/li>\n\n\n\n<li>Integraci\u00f3n al CCE: El CNET se incorpor\u00f3 como miembro especial al Consejo Coordinador Empresarial<\/li>\n\n\n\n<li>Protocolos COVID-19: Elaboraci\u00f3n de medidas sanitarias durante la pandemia<\/li>\n\n\n\n<li>Reformas estructurales: Impulso a reformas fiscales, laborales y de sostenibilidad<\/li>\n\n\n\n<li>Alianzas estrat\u00e9gicas: Formalizaci\u00f3n de acuerdos con organismos nacionales e internacionales<\/li>\n<\/ul>\n\n\n\n<p>Bajo su liderazgo, e<strong>l CNET logr\u00f3 que el turismo tuviera <\/strong>&#8220;una voz cr\u00edtica pero propositiva&#8221;, no solo se\u00f1alando los retos estructurales del sector, sino tambi\u00e9n proponiendo soluciones viables frente a temas como la inseguridad, la informalidad y la escasez de promoci\u00f3n tur\u00edstica internacional.<\/p>\n\n\n\n<p><strong>Papel crucial durante la pandemia<\/strong><\/p>\n\n\n\n<p>Durante los momentos m\u00e1s cr\u00edticos de la emergencia sanitaria, el CNET jug\u00f3 un papel fundamental en la elaboraci\u00f3n de protocolos sanitarios, la interlocuci\u00f3n con autoridades y la defensa de medidas de apoyo econ\u00f3mico para las empresas tur\u00edsticas.<\/p>\n\n\n\n<p><strong>Nueva era de colaboraci\u00f3n con SECTUR<\/strong><\/p>\n\n\n\n<p>Arsuaga destac\u00f3 el inicio de una nueva etapa de colaboraci\u00f3n con la reci\u00e9n nombrada secretaria de Turismo, <strong>Josefina Rodr\u00edguez Zamora<\/strong>, tras un per\u00edodo de comunicaci\u00f3n limitada con la administraci\u00f3n anterior que encabez\u00f3 <strong>Miguel Torruco Marqu\u00e9s<\/strong>.<\/p>\n\n\n<div class=\"wp-block-image\">\n<figure class=\"aligncenter size-full\"><img data-recalc-dims=\"1\" loading=\"lazy\" decoding=\"async\" width=\"600\" height=\"400\" data-attachment-id=\"3925\" data-permalink=\"https:\/\/azturismo.net\/?attachment_id=3925\" data-orig-file=\"https:\/\/i0.wp.com\/azturismo.net\/wp-content\/uploads\/2025\/05\/josefina-cnet.jpg?fit=600%2C400&amp;ssl=1\" data-orig-size=\"600,400\" data-comments-opened=\"1\" data-image-meta=\"{&quot;aperture&quot;:&quot;2.8&quot;,&quot;credit&quot;:&quot;&quot;,&quot;camera&quot;:&quot;ZV-E1&quot;,&quot;caption&quot;:&quot;&quot;,&quot;created_timestamp&quot;:&quot;1738873264&quot;,&quot;copyright&quot;:&quot;&quot;,&quot;focal_length&quot;:&quot;137&quot;,&quot;iso&quot;:&quot;6400&quot;,&quot;shutter_speed&quot;:&quot;0.008&quot;,&quot;title&quot;:&quot;&quot;,&quot;orientation&quot;:&quot;1&quot;}\" data-image-title=\"josefina-cnet\" data-image-description=\"\" data-image-caption=\"\" data-large-file=\"https:\/\/i0.wp.com\/azturismo.net\/wp-content\/uploads\/2025\/05\/josefina-cnet.jpg?fit=600%2C400&amp;ssl=1\" src=\"https:\/\/i0.wp.com\/azturismo.net\/wp-content\/uploads\/2025\/05\/josefina-cnet.jpg?resize=600%2C400&#038;ssl=1\" alt=\"\" class=\"wp-image-3925\" srcset=\"https:\/\/i0.wp.com\/azturismo.net\/wp-content\/uploads\/2025\/05\/josefina-cnet.jpg?w=600&amp;ssl=1 600w, https:\/\/i0.wp.com\/azturismo.net\/wp-content\/uploads\/2025\/05\/josefina-cnet.jpg?resize=300%2C200&amp;ssl=1 300w, https:\/\/i0.wp.com\/azturismo.net\/wp-content\/uploads\/2025\/05\/josefina-cnet.jpg?resize=150%2C100&amp;ssl=1 150w\" sizes=\"auto, (max-width: 600px) 100vw, 600px\" \/><\/figure><\/div>\n\n\n<p><strong>Cambio en la relaci\u00f3n gobierno-sector privado<\/strong><\/p>\n\n\n\n<p>El l\u00edder empresarial considera que <strong>Rodr\u00edguez Zamora ha demostrado una apertura notable al di\u00e1logo<\/strong> y conf\u00eda en que los actores del turismo la impulsen a incorporar propuestas estrat\u00e9gicas s\u00f3lidas para fortalecer el crecimiento sostenido del sector.<\/p>\n\n\n\n<p>Arsuaga enfatiz\u00f3 que, <strong>de cara a un nuevo gobierno<\/strong>, el CNET requerir\u00e1 de nuevas ideas que den continuidad al impulso que el organismo ha tenido gracias al trabajo conjunto llevado a cabo durante su gesti\u00f3n.<\/p>\n\n\n\n<p><strong>Reconocimiento del Consejo Coordinador Empresarial<\/strong><\/p>\n\n\n\n<p>Durante <strong>la Asamblea, Francisco Cervantes, presidente del CCE<\/strong> e invitado de honor, reconoci\u00f3 la labor de Arsuaga y destac\u00f3 la sinergia entre ambos organismos empresariales.<\/p>\n\n\n<div class=\"wp-block-image\">\n<figure class=\"aligncenter size-full\"><img data-recalc-dims=\"1\" loading=\"lazy\" decoding=\"async\" width=\"600\" height=\"399\" data-attachment-id=\"3923\" data-permalink=\"https:\/\/azturismo.net\/?attachment_id=3923\" data-orig-file=\"https:\/\/i0.wp.com\/azturismo.net\/wp-content\/uploads\/2025\/05\/Arsuaga_Cervantes_Cosio.jpeg?fit=600%2C399&amp;ssl=1\" data-orig-size=\"600,399\" data-comments-opened=\"1\" data-image-meta=\"{&quot;aperture&quot;:&quot;0&quot;,&quot;credit&quot;:&quot;&quot;,&quot;camera&quot;:&quot;&quot;,&quot;caption&quot;:&quot;&quot;,&quot;created_timestamp&quot;:&quot;0&quot;,&quot;copyright&quot;:&quot;&quot;,&quot;focal_length&quot;:&quot;0&quot;,&quot;iso&quot;:&quot;0&quot;,&quot;shutter_speed&quot;:&quot;0&quot;,&quot;title&quot;:&quot;&quot;,&quot;orientation&quot;:&quot;1&quot;}\" data-image-title=\"Arsuaga_Cervantes_Cosi\u0301o\" data-image-description=\"\" data-image-caption=\"\" data-large-file=\"https:\/\/i0.wp.com\/azturismo.net\/wp-content\/uploads\/2025\/05\/Arsuaga_Cervantes_Cosio.jpeg?fit=600%2C399&amp;ssl=1\" src=\"https:\/\/i0.wp.com\/azturismo.net\/wp-content\/uploads\/2025\/05\/Arsuaga_Cervantes_Cosio.jpeg?resize=600%2C399&#038;ssl=1\" alt=\"\" class=\"wp-image-3923\" srcset=\"https:\/\/i0.wp.com\/azturismo.net\/wp-content\/uploads\/2025\/05\/Arsuaga_Cervantes_Cosio.jpeg?w=600&amp;ssl=1 600w, https:\/\/i0.wp.com\/azturismo.net\/wp-content\/uploads\/2025\/05\/Arsuaga_Cervantes_Cosio.jpeg?resize=300%2C200&amp;ssl=1 300w, https:\/\/i0.wp.com\/azturismo.net\/wp-content\/uploads\/2025\/05\/Arsuaga_Cervantes_Cosio.jpeg?resize=150%2C100&amp;ssl=1 150w\" sizes=\"auto, (max-width: 600px) 100vw, 600px\" \/><\/figure><\/div>\n\n\n<p>Durante los momentos m\u00e1s cr\u00edticos, como la pandemia o el impacto que dej\u00f3 en Guerrero el paso del hurac\u00e1n &#8220;Otis&#8221;, el trabajo conjunto entre el CNET y el CCE fue crucial para apoyar la recuperaci\u00f3n de destinos emblem\u00e1ticos como Acapulco, resalt\u00f3 <strong>Francisco Cervantes, presidente del CCE<\/strong><\/p>\n\n\n\n<p>Cervantes calific\u00f3 como &#8220;un hito&#8221; la integraci\u00f3n del CNET al CCE como miembro especial, asegurando que esto impulsar\u00e1 a la industria tur\u00edstica mexicana hacia nuevos niveles de desarrollo.<\/p>\n\n\n\n<p><strong>Proceso de transici\u00f3n y futuro del CNET<\/strong><\/p>\n\n\n\n<p>La salida de Arsuaga marca el cierre de una etapa clave para el turismo en M\u00e9xico. El proceso para elegir a su sucesor se realizar\u00e1 mediante votaci\u00f3n en septiembre de 2025, buscando continuidad en las estrategias implementadas durante su gesti\u00f3n.<\/p>\n","protected":false},"excerpt":{"rendered":"<p>Braulio Arsuaga anunci\u00f3 oficialmente el cierre de su ciclo como presidente del Consejo Nacional Empresarial Tur\u00edstico (CNET) tras casi 6 a\u00f1os al frente del organismo, adelantando que ser\u00e1 en septiembre cuando se designe mediante votaci\u00f3n al nuevo l\u00edder de esta importante entidad empresarial. Durante la Asamblea Extraordinaria del CNET, los miembros del consejo manifestaron su [&hellip;]<\/p>\n","protected":false},"author":1,"featured_media":3922,"comment_status":"open","ping_status":"open","sticky":false,"template":"","format":"standard","meta":{"jetpack_post_was_ever_published":false,"_jetpack_newsletter_access":"","_jetpack_dont_email_post_to_subs":false,"_jetpack_newsletter_tier_id":0,"_jetpack_memberships_contains_paywalled_content":false,"_jetpack_memberships_contains_paid_content":false,"footnotes":"","jetpack_publicize_message":"","jetpack_publicize_feature_enabled":true,"jetpack_social_post_already_shared":true,"jetpack_social_options":{"image_generator_settings":{"template":"highway","default_image_id":0,"font":"","enabled":false},"version":2}},"categories":[30,29],"tags":[99,1006,290,313,116,39],"class_list":{"0":"post-3921","1":"post","2":"type-post","3":"status-publish","4":"format-standard","5":"has-post-thumbnail","7":"category-e","8":"category-nacionales","9":"tag-azturismo","10":"tag-braulio-arsuaga","11":"tag-cnet","12":"tag-josefina-rodriguez-zamora","13":"tag-sectur","14":"tag-turismo"},"yoast_head":"<!-- This site is optimized with the Yoast SEO plugin v27.5 - https:\/\/yoast.com\/product\/yoast-seo-wordpress\/ -->\n<title>Braulio Arsuaga anuncia su salida del CNET - Azturismo Noticias<\/title>\n<meta name=\"robots\" content=\"index, follow, max-snippet:-1, max-image-preview:large, max-video-preview:-1\" \/>\n<link rel=\"canonical\" href=\"https:\/\/azturismo.net\/?p=3921\" \/>\n<meta property=\"og:locale\" content=\"es_MX\" \/>\n<meta property=\"og:type\" content=\"article\" \/>\n<meta property=\"og:title\" content=\"Braulio Arsuaga anuncia su salida del CNET - Azturismo Noticias\" \/>\n<meta property=\"og:description\" content=\"Braulio Arsuaga anunci\u00f3 oficialmente el cierre de su ciclo como presidente del Consejo Nacional Empresarial Tur\u00edstico (CNET) tras casi 6 a\u00f1os al frente del organismo, adelantando que ser\u00e1 en septiembre cuando se designe mediante votaci\u00f3n al nuevo l\u00edder de esta importante entidad empresarial. Durante la Asamblea Extraordinaria del CNET, los miembros del consejo manifestaron su [&hellip;]\" \/>\n<meta property=\"og:url\" content=\"https:\/\/azturismo.net\/?p=3921\" \/>\n<meta property=\"og:site_name\" content=\"Azturismo Noticias\" \/>\n<meta property=\"article:publisher\" content=\"https:\/\/www.facebook.com\/AzturismoNoticias\" \/>\n<meta property=\"article:published_time\" content=\"2025-05-29T04:00:00+00:00\" \/>\n<meta property=\"og:image\" content=\"https:\/\/i0.wp.com\/azturismo.net\/wp-content\/uploads\/2025\/05\/Braulio-Arsuaga_CNET.jpeg?fit=600%2C399&ssl=1\" \/>\n\t<meta property=\"og:image:width\" content=\"600\" \/>\n\t<meta property=\"og:image:height\" content=\"399\" \/>\n\t<meta property=\"og:image:type\" content=\"image\/jpeg\" \/>\n<meta name=\"author\" content=\"Azturismo\" \/>\n<meta name=\"twitter:card\" content=\"summary_large_image\" \/>\n<meta name=\"twitter:creator\" content=\"@AzTurismo\" \/>\n<meta name=\"twitter:site\" content=\"@AzTurismo\" \/>\n<meta name=\"twitter:label1\" content=\"Escrito por\" \/>\n\t<meta name=\"twitter:data1\" content=\"Azturismo\" \/>\n\t<meta name=\"twitter:label2\" content=\"Tiempo de lectura\" \/>\n\t<meta name=\"twitter:data2\" content=\"4 minutos\" \/>\n<script type=\"application\/ld+json\" class=\"yoast-schema-graph\">{\"@context\":\"https:\\\/\\\/schema.org\",\"@graph\":[{\"@type\":\"Article\",\"@id\":\"https:\\\/\\\/azturismo.net\\\/?p=3921#article\",\"isPartOf\":{\"@id\":\"https:\\\/\\\/azturismo.net\\\/?p=3921\"},\"author\":{\"name\":\"Azturismo\",\"@id\":\"https:\\\/\\\/azturismo.net\\\/#\\\/schema\\\/person\\\/4b56d87f51c4d1b518c650739ad3bbc1\"},\"headline\":\"Braulio Arsuaga anuncia su salida del CNET\",\"datePublished\":\"2025-05-29T04:00:00+00:00\",\"mainEntityOfPage\":{\"@id\":\"https:\\\/\\\/azturismo.net\\\/?p=3921\"},\"wordCount\":676,\"commentCount\":0,\"publisher\":{\"@id\":\"https:\\\/\\\/azturismo.net\\\/#organization\"},\"image\":{\"@id\":\"https:\\\/\\\/azturismo.net\\\/?p=3921#primaryimage\"},\"thumbnailUrl\":\"https:\\\/\\\/i0.wp.com\\\/azturismo.net\\\/wp-content\\\/uploads\\\/2025\\\/05\\\/Braulio-Arsuaga_CNET.jpeg?fit=600%2C399&ssl=1\",\"keywords\":[\"azturismo\",\"Braulio Arsuaga\",\"CNET\",\"Josefina Rodr\u00edguez Zamora\",\"Sectur\",\"Turismo\"],\"articleSection\":[\"Destacadas\",\"NACIONALES\"],\"inLanguage\":\"es\",\"potentialAction\":[{\"@type\":\"CommentAction\",\"name\":\"Comment\",\"target\":[\"https:\\\/\\\/azturismo.net\\\/?p=3921#respond\"]}]},{\"@type\":\"WebPage\",\"@id\":\"https:\\\/\\\/azturismo.net\\\/?p=3921\",\"url\":\"https:\\\/\\\/azturismo.net\\\/?p=3921\",\"name\":\"Braulio Arsuaga anuncia su salida del CNET - Azturismo Noticias\",\"isPartOf\":{\"@id\":\"https:\\\/\\\/azturismo.net\\\/#website\"},\"primaryImageOfPage\":{\"@id\":\"https:\\\/\\\/azturismo.net\\\/?p=3921#primaryimage\"},\"image\":{\"@id\":\"https:\\\/\\\/azturismo.net\\\/?p=3921#primaryimage\"},\"thumbnailUrl\":\"https:\\\/\\\/i0.wp.com\\\/azturismo.net\\\/wp-content\\\/uploads\\\/2025\\\/05\\\/Braulio-Arsuaga_CNET.jpeg?fit=600%2C399&ssl=1\",\"datePublished\":\"2025-05-29T04:00:00+00:00\",\"breadcrumb\":{\"@id\":\"https:\\\/\\\/azturismo.net\\\/?p=3921#breadcrumb\"},\"inLanguage\":\"es\",\"potentialAction\":[{\"@type\":\"ReadAction\",\"target\":[\"https:\\\/\\\/azturismo.net\\\/?p=3921\"]}]},{\"@type\":\"ImageObject\",\"inLanguage\":\"es\",\"@id\":\"https:\\\/\\\/azturismo.net\\\/?p=3921#primaryimage\",\"url\":\"https:\\\/\\\/i0.wp.com\\\/azturismo.net\\\/wp-content\\\/uploads\\\/2025\\\/05\\\/Braulio-Arsuaga_CNET.jpeg?fit=600%2C399&ssl=1\",\"contentUrl\":\"https:\\\/\\\/i0.wp.com\\\/azturismo.net\\\/wp-content\\\/uploads\\\/2025\\\/05\\\/Braulio-Arsuaga_CNET.jpeg?fit=600%2C399&ssl=1\",\"width\":600,\"height\":399},{\"@type\":\"BreadcrumbList\",\"@id\":\"https:\\\/\\\/azturismo.net\\\/?p=3921#breadcrumb\",\"itemListElement\":[{\"@type\":\"ListItem\",\"position\":1,\"name\":\"Home\",\"item\":\"https:\\\/\\\/azturismo.net\\\/\"},{\"@type\":\"ListItem\",\"position\":2,\"name\":\"Braulio Arsuaga anuncia su salida del CNET\"}]},{\"@type\":\"WebSite\",\"@id\":\"https:\\\/\\\/azturismo.net\\\/#website\",\"url\":\"https:\\\/\\\/azturismo.net\\\/\",\"name\":\"Azturismo\",\"description\":\"Azturismo Noticias\",\"publisher\":{\"@id\":\"https:\\\/\\\/azturismo.net\\\/#organization\"},\"potentialAction\":[{\"@type\":\"SearchAction\",\"target\":{\"@type\":\"EntryPoint\",\"urlTemplate\":\"https:\\\/\\\/azturismo.net\\\/?s={search_term_string}\"},\"query-input\":{\"@type\":\"PropertyValueSpecification\",\"valueRequired\":true,\"valueName\":\"search_term_string\"}}],\"inLanguage\":\"es\"},{\"@type\":\"Organization\",\"@id\":\"https:\\\/\\\/azturismo.net\\\/#organization\",\"name\":\"Azturismo\",\"url\":\"https:\\\/\\\/azturismo.net\\\/\",\"logo\":{\"@type\":\"ImageObject\",\"inLanguage\":\"es\",\"@id\":\"https:\\\/\\\/azturismo.net\\\/#\\\/schema\\\/logo\\\/image\\\/\",\"url\":\"https:\\\/\\\/i0.wp.com\\\/azturismo.net\\\/wp-content\\\/uploads\\\/2024\\\/03\\\/logo-el-bueno-.png?fit=294%2C69&ssl=1\",\"contentUrl\":\"https:\\\/\\\/i0.wp.com\\\/azturismo.net\\\/wp-content\\\/uploads\\\/2024\\\/03\\\/logo-el-bueno-.png?fit=294%2C69&ssl=1\",\"width\":294,\"height\":69,\"caption\":\"Azturismo\"},\"image\":{\"@id\":\"https:\\\/\\\/azturismo.net\\\/#\\\/schema\\\/logo\\\/image\\\/\"},\"sameAs\":[\"https:\\\/\\\/www.facebook.com\\\/AzturismoNoticias\",\"https:\\\/\\\/x.com\\\/AzTurismo\",\"https:\\\/\\\/www.instagram.com\\\/azturismo_noticias\\\/?fbclid=IwAR2xMiuoHbs6eLeIHKP8P5sSGa-xFrw7FfejscXO7kDghWa7wKLjGczKOwE\",\"https:\\\/\\\/www.tiktok.com\\\/@azturismo\"]},{\"@type\":\"Person\",\"@id\":\"https:\\\/\\\/azturismo.net\\\/#\\\/schema\\\/person\\\/4b56d87f51c4d1b518c650739ad3bbc1\",\"name\":\"Azturismo\",\"image\":{\"@type\":\"ImageObject\",\"inLanguage\":\"es\",\"@id\":\"https:\\\/\\\/azturismo.net\\\/wp-content\\\/litespeed\\\/avatar\\\/dfe28a31cdd68b788da48a316e50db10.jpg?ver=1777707566\",\"url\":\"https:\\\/\\\/azturismo.net\\\/wp-content\\\/litespeed\\\/avatar\\\/dfe28a31cdd68b788da48a316e50db10.jpg?ver=1777707566\",\"contentUrl\":\"https:\\\/\\\/azturismo.net\\\/wp-content\\\/litespeed\\\/avatar\\\/dfe28a31cdd68b788da48a316e50db10.jpg?ver=1777707566\",\"caption\":\"Azturismo\"},\"sameAs\":[\"https:\\\/\\\/azturismo.net\"],\"url\":\"https:\\\/\\\/azturismo.net\\\/?author=1\"}]}<\/script>\n<!-- \/ Yoast SEO plugin. -->","yoast_head_json":{"title":"Braulio Arsuaga anuncia su salida del CNET - Azturismo Noticias","robots":{"index":"index","follow":"follow","max-snippet":"max-snippet:-1","max-image-preview":"max-image-preview:large","max-video-preview":"max-video-preview:-1"},"canonical":"https:\/\/azturismo.net\/?p=3921","og_locale":"es_MX","og_type":"article","og_title":"Braulio Arsuaga anuncia su salida del CNET - Azturismo Noticias","og_description":"Braulio Arsuaga anunci\u00f3 oficialmente el cierre de su ciclo como presidente del Consejo Nacional Empresarial Tur\u00edstico (CNET) tras casi 6 a\u00f1os al frente del organismo, adelantando que ser\u00e1 en septiembre cuando se designe mediante votaci\u00f3n al nuevo l\u00edder de esta importante entidad empresarial. Durante la Asamblea Extraordinaria del CNET, los miembros del consejo manifestaron su [&hellip;]","og_url":"https:\/\/azturismo.net\/?p=3921","og_site_name":"Azturismo Noticias","article_publisher":"https:\/\/www.facebook.com\/AzturismoNoticias","article_published_time":"2025-05-29T04:00:00+00:00","og_image":[{"width":600,"height":399,"url":"https:\/\/i0.wp.com\/azturismo.net\/wp-content\/uploads\/2025\/05\/Braulio-Arsuaga_CNET.jpeg?fit=600%2C399&ssl=1","type":"image\/jpeg"}],"author":"Azturismo","twitter_card":"summary_large_image","twitter_creator":"@AzTurismo","twitter_site":"@AzTurismo","twitter_misc":{"Escrito por":"Azturismo","Tiempo de lectura":"4 minutos"},"schema":{"@context":"https:\/\/schema.org","@graph":[{"@type":"Article","@id":"https:\/\/azturismo.net\/?p=3921#article","isPartOf":{"@id":"https:\/\/azturismo.net\/?p=3921"},"author":{"name":"Azturismo","@id":"https:\/\/azturismo.net\/#\/schema\/person\/4b56d87f51c4d1b518c650739ad3bbc1"},"headline":"Braulio Arsuaga anuncia su salida del CNET","datePublished":"2025-05-29T04:00:00+00:00","mainEntityOfPage":{"@id":"https:\/\/azturismo.net\/?p=3921"},"wordCount":676,"commentCount":0,"publisher":{"@id":"https:\/\/azturismo.net\/#organization"},"image":{"@id":"https:\/\/azturismo.net\/?p=3921#primaryimage"},"thumbnailUrl":"https:\/\/i0.wp.com\/azturismo.net\/wp-content\/uploads\/2025\/05\/Braulio-Arsuaga_CNET.jpeg?fit=600%2C399&ssl=1","keywords":["azturismo","Braulio Arsuaga","CNET","Josefina Rodr\u00edguez Zamora","Sectur","Turismo"],"articleSection":["Destacadas","NACIONALES"],"inLanguage":"es","potentialAction":[{"@type":"CommentAction","name":"Comment","target":["https:\/\/azturismo.net\/?p=3921#respond"]}]},{"@type":"WebPage","@id":"https:\/\/azturismo.net\/?p=3921","url":"https:\/\/azturismo.net\/?p=3921","name":"Braulio Arsuaga anuncia su salida del CNET - Azturismo Noticias","isPartOf":{"@id":"https:\/\/azturismo.net\/#website"},"primaryImageOfPage":{"@id":"https:\/\/azturismo.net\/?p=3921#primaryimage"},"image":{"@id":"https:\/\/azturismo.net\/?p=3921#primaryimage"},"thumbnailUrl":"https:\/\/i0.wp.com\/azturismo.net\/wp-content\/uploads\/2025\/05\/Braulio-Arsuaga_CNET.jpeg?fit=600%2C399&ssl=1","datePublished":"2025-05-29T04:00:00+00:00","breadcrumb":{"@id":"https:\/\/azturismo.net\/?p=3921#breadcrumb"},"inLanguage":"es","potentialAction":[{"@type":"ReadAction","target":["https:\/\/azturismo.net\/?p=3921"]}]},{"@type":"ImageObject","inLanguage":"es","@id":"https:\/\/azturismo.net\/?p=3921#primaryimage","url":"https:\/\/i0.wp.com\/azturismo.net\/wp-content\/uploads\/2025\/05\/Braulio-Arsuaga_CNET.jpeg?fit=600%2C399&ssl=1","contentUrl":"https:\/\/i0.wp.com\/azturismo.net\/wp-content\/uploads\/2025\/05\/Braulio-Arsuaga_CNET.jpeg?fit=600%2C399&ssl=1","width":600,"height":399},{"@type":"BreadcrumbList","@id":"https:\/\/azturismo.net\/?p=3921#breadcrumb","itemListElement":[{"@type":"ListItem","position":1,"name":"Home","item":"https:\/\/azturismo.net\/"},{"@type":"ListItem","position":2,"name":"Braulio Arsuaga anuncia su salida del CNET"}]},{"@type":"WebSite","@id":"https:\/\/azturismo.net\/#website","url":"https:\/\/azturismo.net\/","name":"Azturismo","description":"Azturismo Noticias","publisher":{"@id":"https:\/\/azturismo.net\/#organization"},"potentialAction":[{"@type":"SearchAction","target":{"@type":"EntryPoint","urlTemplate":"https:\/\/azturismo.net\/?s={search_term_string}"},"query-input":{"@type":"PropertyValueSpecification","valueRequired":true,"valueName":"search_term_string"}}],"inLanguage":"es"},{"@type":"Organization","@id":"https:\/\/azturismo.net\/#organization","name":"Azturismo","url":"https:\/\/azturismo.net\/","logo":{"@type":"ImageObject","inLanguage":"es","@id":"https:\/\/azturismo.net\/#\/schema\/logo\/image\/","url":"https:\/\/i0.wp.com\/azturismo.net\/wp-content\/uploads\/2024\/03\/logo-el-bueno-.png?fit=294%2C69&ssl=1","contentUrl":"https:\/\/i0.wp.com\/azturismo.net\/wp-content\/uploads\/2024\/03\/logo-el-bueno-.png?fit=294%2C69&ssl=1","width":294,"height":69,"caption":"Azturismo"},"image":{"@id":"https:\/\/azturismo.net\/#\/schema\/logo\/image\/"},"sameAs":["https:\/\/www.facebook.com\/AzturismoNoticias","https:\/\/x.com\/AzTurismo","https:\/\/www.instagram.com\/azturismo_noticias\/?fbclid=IwAR2xMiuoHbs6eLeIHKP8P5sSGa-xFrw7FfejscXO7kDghWa7wKLjGczKOwE","https:\/\/www.tiktok.com\/@azturismo"]},{"@type":"Person","@id":"https:\/\/azturismo.net\/#\/schema\/person\/4b56d87f51c4d1b518c650739ad3bbc1","name":"Azturismo","image":{"@type":"ImageObject","inLanguage":"es","@id":"https:\/\/azturismo.net\/wp-content\/litespeed\/avatar\/dfe28a31cdd68b788da48a316e50db10.jpg?ver=1777707566","url":"https:\/\/azturismo.net\/wp-content\/litespeed\/avatar\/dfe28a31cdd68b788da48a316e50db10.jpg?ver=1777707566","contentUrl":"https:\/\/azturismo.net\/wp-content\/litespeed\/avatar\/dfe28a31cdd68b788da48a316e50db10.jpg?ver=1777707566","caption":"Azturismo"},"sameAs":["https:\/\/azturismo.net"],"url":"https:\/\/azturismo.net\/?author=1"}]}},"jetpack_publicize_connections":[],"jetpack_featured_media_url":"https:\/\/i0.wp.com\/azturismo.net\/wp-content\/uploads\/2025\/05\/Braulio-Arsuaga_CNET.jpeg?fit=600%2C399&ssl=1","jetpack_sharing_enabled":true,"jetpack-related-posts":[{"id":5638,"url":"https:\/\/azturismo.net\/?p=5638","url_meta":{"origin":3921,"position":0},"title":"Seguridad, digitalizaci\u00f3n y confianza, los retos del turismo mexicano: CNET","author":"Azturismo","date":"septiembre 25, 2025","format":false,"excerpt":"Por Oscar V\u00e1zquez C. El empresario hotelero Antonio Cos\u00edo Pando, director general de Grupo Brisas, fue elegido por unanimidad como nuevo presidente del Consejo Nacional Empresarial Tur\u00edstico (CNET) para el periodo 2025-2028. Su misi\u00f3n: devolver la confianza a inversionistas y viajeros, y reposicionar a M\u00e9xico en el mapa tur\u00edstico internacional.\u2026","rel":"","context":"En &quot;Destacadas&quot;","block_context":{"text":"Destacadas","link":"https:\/\/azturismo.net\/?cat=30"},"img":{"alt_text":"","src":"https:\/\/i0.wp.com\/azturismo.net\/wp-content\/uploads\/2025\/09\/Foto-2.jpg?fit=600%2C450&ssl=1&resize=350%2C200","width":350,"height":200,"srcset":"https:\/\/i0.wp.com\/azturismo.net\/wp-content\/uploads\/2025\/09\/Foto-2.jpg?fit=600%2C450&ssl=1&resize=350%2C200 1x, https:\/\/i0.wp.com\/azturismo.net\/wp-content\/uploads\/2025\/09\/Foto-2.jpg?fit=600%2C450&ssl=1&resize=525%2C300 1.5x"},"classes":[]},{"id":2885,"url":"https:\/\/azturismo.net\/?p=2885","url_meta":{"origin":3921,"position":1},"title":"CNET presenta 11 proyectos estrat\u00e9gicos para impulsar el turismo","author":"Azturismo","date":"febrero 7, 2025","format":false,"excerpt":"Est\u00e1n alineados con el Plan M\u00e9xico y las iniciativas legislativas en la C\u00e1mara de Diputados, con el objetivo de fortalecer la industria tur\u00edstica nacional Por Oscar V\u00e1zquez C. Durante su Asamblea General Ordinaria Anual, el Consejo Nacional Empresarial Tur\u00edstico (CNET) dio a conocer el lanzamiento de 11 proyectos estrat\u00e9gicos para\u2026","rel":"","context":"En &quot;Destacadas&quot;","block_context":{"text":"Destacadas","link":"https:\/\/azturismo.net\/?cat=30"},"img":{"alt_text":"","src":"https:\/\/i0.wp.com\/azturismo.net\/wp-content\/uploads\/2025\/02\/CNET-26.jpg?resize=350%2C200&ssl=1","width":350,"height":200,"srcset":"https:\/\/i0.wp.com\/azturismo.net\/wp-content\/uploads\/2025\/02\/CNET-26.jpg?resize=350%2C200&ssl=1 1x, https:\/\/i0.wp.com\/azturismo.net\/wp-content\/uploads\/2025\/02\/CNET-26.jpg?resize=525%2C300&ssl=1 1.5x"},"classes":[]},{"id":5190,"url":"https:\/\/azturismo.net\/?p=5190","url_meta":{"origin":3921,"position":2},"title":"Josefina Rodr\u00edguez llama a empresarios de Coparmex a ser embajadores del turismo de M\u00e9xico","author":"Azturismo","date":"agosto 29, 2025","format":false,"excerpt":"Por Staff AzTurismo La secretaria de Turismo del Gobierno de M\u00e9xico, Josefina Rodr\u00edguez Zamora, convoc\u00f3 a las y los empresarios afiliados a la COPARMEX a convertirse en embajadoras y embajadores de M\u00e9xico, destacando al turismo como un motor de prosperidad y desarrollo nacional. Durante su participaci\u00f3n en la sesi\u00f3n ordinaria\u2026","rel":"","context":"En &quot;Destacadas&quot;","block_context":{"text":"Destacadas","link":"https:\/\/azturismo.net\/?cat=30"},"img":{"alt_text":"","src":"https:\/\/i0.wp.com\/azturismo.net\/wp-content\/uploads\/2025\/08\/Sectur-Coparmex2.jpg?fit=600%2C469&ssl=1&resize=350%2C200","width":350,"height":200,"srcset":"https:\/\/i0.wp.com\/azturismo.net\/wp-content\/uploads\/2025\/08\/Sectur-Coparmex2.jpg?fit=600%2C469&ssl=1&resize=350%2C200 1x, https:\/\/i0.wp.com\/azturismo.net\/wp-content\/uploads\/2025\/08\/Sectur-Coparmex2.jpg?fit=600%2C469&ssl=1&resize=525%2C300 1.5x"},"classes":[]},{"id":3831,"url":"https:\/\/azturismo.net\/?p=3831","url_meta":{"origin":3921,"position":3},"title":"Gloria Guevara se perfila como la favorita para  dirigir la ONU Turismo","author":"Azturismo","date":"mayo 20, 2025","format":false,"excerpt":"Por Oscar V\u00e1zquez C. Gloria Guevara Manzo, ex secretaria de Turismo de M\u00e9xico y reconocida l\u00edder global en el sector, podr\u00eda convertirse en la nueva secretaria general de la ONU Turismo \u2014anteriormente la Organizaci\u00f3n Mundial del Turismo (OMT)\u2014, con el respaldo de m\u00e1s de 200 l\u00edderes del turismo internacional. Apoyo\u2026","rel":"","context":"En &quot;Destacadas&quot;","block_context":{"text":"Destacadas","link":"https:\/\/azturismo.net\/?cat=30"},"img":{"alt_text":"","src":"https:\/\/i0.wp.com\/azturismo.net\/wp-content\/uploads\/2025\/05\/gloria-guevara-un-tourism-leadership-candidate-1200x800-1.jpeg?fit=600%2C400&ssl=1&resize=350%2C200","width":350,"height":200,"srcset":"https:\/\/i0.wp.com\/azturismo.net\/wp-content\/uploads\/2025\/05\/gloria-guevara-un-tourism-leadership-candidate-1200x800-1.jpeg?fit=600%2C400&ssl=1&resize=350%2C200 1x, https:\/\/i0.wp.com\/azturismo.net\/wp-content\/uploads\/2025\/05\/gloria-guevara-un-tourism-leadership-candidate-1200x800-1.jpeg?fit=600%2C400&ssl=1&resize=525%2C300 1.5x"},"classes":[]},{"id":7219,"url":"https:\/\/azturismo.net\/?p=7219","url_meta":{"origin":3921,"position":4},"title":"CNET pide reforzar seguridad en zonas arqueol\u00f3gicas","author":"Azturismo","date":"abril 23, 2026","format":false,"excerpt":"El Consejo Nacional Empresarial Tur\u00edstico (CNET) rompi\u00f3 el silencio tras los violentos hechos ocurridos en la zona arqueol\u00f3gica de Teotihuac\u00e1n, donde un visitante extranjero perdi\u00f3 la vida. Por Oscar V\u00e1zquez C. \ud83d\udde3\ufe0f El organismo empresarial expres\u00f3 su profundo pesar y coincidi\u00f3 con el Gobierno de M\u00e9xico en un punto clave:\u2026","rel":"","context":"En &quot;Destacadas&quot;","block_context":{"text":"Destacadas","link":"https:\/\/azturismo.net\/?cat=30"},"img":{"alt_text":"","src":"https:\/\/i0.wp.com\/azturismo.net\/wp-content\/uploads\/2025\/09\/Foto-2.jpg?fit=600%2C450&ssl=1&resize=350%2C200","width":350,"height":200,"srcset":"https:\/\/i0.wp.com\/azturismo.net\/wp-content\/uploads\/2025\/09\/Foto-2.jpg?fit=600%2C450&ssl=1&resize=350%2C200 1x, https:\/\/i0.wp.com\/azturismo.net\/wp-content\/uploads\/2025\/09\/Foto-2.jpg?fit=600%2C450&ssl=1&resize=525%2C300 1.5x"},"classes":[]},{"id":6477,"url":"https:\/\/azturismo.net\/?p=6477","url_meta":{"origin":3921,"position":5},"title":"El turismo mexicano resiste ante un entorno global de incertidumbre: CNET","author":"Azturismo","date":"noviembre 17, 2025","format":false,"excerpt":"Por Oscar V\u00e1zquez C. A pesar de la desaceleraci\u00f3n econ\u00f3mica internacional, la volatilidad cambiaria y los retos en conectividad a\u00e9rea, el turismo mexicano contin\u00faa mostrando una importante capacidad de resistencia y mantiene un papel clave en la econom\u00eda nacional, afirm\u00f3 Antonio Cos\u00edo Pando, presidente del Consejo Nacional Empresarial Tur\u00edstico (CNET).\u2026","rel":"","context":"En &quot;Destacadas&quot;","block_context":{"text":"Destacadas","link":"https:\/\/azturismo.net\/?cat=30"},"img":{"alt_text":"","src":"https:\/\/i0.wp.com\/azturismo.net\/wp-content\/uploads\/2025\/11\/Acapulco-019.jpg?fit=600%2C448&ssl=1&resize=350%2C200","width":350,"height":200,"srcset":"https:\/\/i0.wp.com\/azturismo.net\/wp-content\/uploads\/2025\/11\/Acapulco-019.jpg?fit=600%2C448&ssl=1&resize=350%2C200 1x, https:\/\/i0.wp.com\/azturismo.net\/wp-content\/uploads\/2025\/11\/Acapulco-019.jpg?fit=600%2C448&ssl=1&resize=525%2C300 1.5x"},"classes":[]}],"jetpack_shortlink":"https:\/\/wp.me\/pfqZGx-11f","amp_enabled":true,"_links":{"self":[{"href":"https:\/\/azturismo.net\/index.php?rest_route=\/wp\/v2\/posts\/3921","targetHints":{"allow":["GET"]}}],"collection":[{"href":"https:\/\/azturismo.net\/index.php?rest_route=\/wp\/v2\/posts"}],"about":[{"href":"https:\/\/azturismo.net\/index.php?rest_route=\/wp\/v2\/types\/post"}],"author":[{"embeddable":true,"href":"https:\/\/azturismo.net\/index.php?rest_route=\/wp\/v2\/users\/1"}],"replies":[{"embeddable":true,"href":"https:\/\/azturismo.net\/index.php?rest_route=%2Fwp%2Fv2%2Fcomments&post=3921"}],"version-history":[{"count":1,"href":"https:\/\/azturismo.net\/index.php?rest_route=\/wp\/v2\/posts\/3921\/revisions"}],"predecessor-version":[{"id":3926,"href":"https:\/\/azturismo.net\/index.php?rest_route=\/wp\/v2\/posts\/3921\/revisions\/3926"}],"wp:featuredmedia":[{"embeddable":true,"href":"https:\/\/azturismo.net\/index.php?rest_route=\/wp\/v2\/media\/3922"}],"wp:attachment":[{"href":"https:\/\/azturismo.net\/index.php?rest_route=%2Fwp%2Fv2%2Fmedia&parent=3921"}],"wp:term":[{"taxonomy":"category","embeddable":true,"href":"https:\/\/azturismo.net\/index.php?rest_route=%2Fwp%2Fv2%2Fcategories&post=3921"},{"taxonomy":"post_tag","embeddable":true,"href":"https:\/\/azturismo.net\/index.php?rest_route=%2Fwp%2Fv2%2Ftags&post=3921"}],"curies":[{"name":"wp","href":"https:\/\/api.w.org\/{rel}","templated":true}]}}