{"id":3903,"date":"2025-05-28T19:22:53","date_gmt":"2025-05-29T01:22:53","guid":{"rendered":"https:\/\/azturismo.net\/?p=3903"},"modified":"2025-05-28T19:22:55","modified_gmt":"2025-05-29T01:22:55","slug":"aumenta-empleo-turistico-nacional-en-el-primer-trimestre-de-2025-sectur","status":"publish","type":"post","link":"https:\/\/azturismo.net\/?p=3903","title":{"rendered":"Aumenta empleo tur\u00edstico nacional en el primer trimestre de 2025: Sectur"},"content":{"rendered":"\n<p>La secretaria de Turismo del Gobierno de M\u00e9xico, Josefina Rodr\u00edguez Zamora, destac\u00f3 que, durante el primer trimestre de 2025, la poblaci\u00f3n ocupada en el sector turismo de M\u00e9xico ascendi\u00f3 a 4 millones 970 mil personas empleadas, es decir, representa un aumento de 2.9 por ciento comparado con el mismo periodo de 2024.<\/p>\n\n\n\n<p>Detall\u00f3 que dicho incremento representa 138 mil 708 personas empleadas en el sector productor de bienes y servicios tur\u00edsticos.<\/p>\n\n\n\n<h2 class=\"wp-block-heading\"><strong>El empleo tur\u00edstico represent\u00f3 9.2% de la ocupaci\u00f3n nacional<\/strong><\/h2>\n\n\n\n<p>De acuerdo con datos de la Encuesta Nacional de Ocupaci\u00f3n y Empleo-Nueva Edici\u00f3n (ENOEN); validada por el Instituto Nacional de Estad\u00edstica y Geograf\u00eda (Inegi) y por la Secretar\u00eda de Turismo (Sectur) en el marco del Comit\u00e9 T\u00e9cnico Especializado de Estad\u00edsticas Econ\u00f3micas del Sector Turismo (CTEEEST), el empleo tur\u00edstico represent\u00f3 9.2 por ciento del empleo nacional.<\/p>\n\n\n\n<p>La titular de Sectur detall\u00f3 que la poblaci\u00f3n ocupada en el sector turismo de enero a marzo mostr\u00f3, en su comparativo trimestral, un crecimiento de 0.5 por ciento, equivalente a 25 mil 929 personas m\u00e1s respecto al trimestre previo.<\/p>\n\n\n\n<h2 class=\"wp-block-heading\"><strong>Clave seguir impulsando el empleo tur\u00edstico<\/strong><\/h2>\n\n\n\n<p>Por otra parte, en los primeros tres meses del a\u00f1o, el empleo tur\u00edstico creci\u00f3 en 10.8 por ciento, lo que significan 482 mil 717 personas m\u00e1s, en referencia con el personal ocupado en el sector en el primer trimestre de 2020, periodo previo a la pandemia.<\/p>\n\n\n\n<p>Rodr\u00edguez Zamora destac\u00f3 la importancia de seguir impulsando la generaci\u00f3n de empleos y contribuir al desarrollo econ\u00f3mico nacional, para fomentar la prosperidad compartida y el bienestar social. (<strong><em>Por Staff AzTurismo<\/em><\/strong>)<\/p>\n\n\n\n<p><\/p>\n","protected":false},"excerpt":{"rendered":"<p>La secretaria de Turismo del Gobierno de M\u00e9xico, Josefina Rodr\u00edguez Zamora, destac\u00f3 que, durante el primer trimestre de 2025, la poblaci\u00f3n ocupada en el sector turismo de M\u00e9xico ascendi\u00f3 a 4 millones 970 mil personas empleadas, es decir, representa un aumento de 2.9 por ciento comparado con el mismo periodo de 2024. Detall\u00f3 que dicho [&hellip;]<\/p>\n","protected":false},"author":1,"featured_media":3904,"comment_status":"open","ping_status":"open","sticky":false,"template":"","format":"standard","meta":{"jetpack_post_was_ever_published":false,"_jetpack_newsletter_access":"","_jetpack_dont_email_post_to_subs":false,"_jetpack_newsletter_tier_id":0,"_jetpack_memberships_contains_paywalled_content":false,"_jetpack_memberships_contains_paid_content":false,"footnotes":"","jetpack_publicize_message":"","jetpack_publicize_feature_enabled":true,"jetpack_social_post_already_shared":true,"jetpack_social_options":{"image_generator_settings":{"template":"highway","default_image_id":0,"font":"","enabled":false},"version":2}},"categories":[25],"tags":[874,313,116,39,38],"class_list":{"0":"post-3903","1":"post","2":"type-post","3":"status-publish","4":"format-standard","5":"has-post-thumbnail","7":"category-notitar","8":"tag-inegi","9":"tag-josefina-rodriguez-zamora","10":"tag-sectur","11":"tag-turismo","12":"tag-viajes"},"yoast_head":"<!-- This site is optimized with the Yoast SEO plugin v27.5 - https:\/\/yoast.com\/product\/yoast-seo-wordpress\/ -->\n<title>Aumenta empleo tur\u00edstico nacional en el primer trimestre de 2025: Sectur - Azturismo Noticias<\/title>\n<meta name=\"description\" content=\"La secretaria de Turismo del Gobierno de M\u00e9xico, Josefina Rodr\u00edguez Zamora, destac\u00f3 que, durante el primer trimestre de 2025, la poblaci\u00f3n ocupada en el sector turismo de M\u00e9xico ascendi\u00f3 a 4 millones 970 mil personas empleadas, es decir, representa un aumento de 2.9 por ciento comparado con el mismo periodo de 2024.\" \/>\n<meta name=\"robots\" content=\"index, follow, max-snippet:-1, max-image-preview:large, max-video-preview:-1\" \/>\n<link rel=\"canonical\" href=\"https:\/\/azturismo.net\/?p=3903\" \/>\n<meta property=\"og:locale\" content=\"es_MX\" \/>\n<meta property=\"og:type\" content=\"article\" \/>\n<meta property=\"og:title\" content=\"Aumenta empleo tur\u00edstico nacional en el primer trimestre de 2025: Sectur - Azturismo Noticias\" \/>\n<meta property=\"og:description\" content=\"La secretaria de Turismo del Gobierno de M\u00e9xico, Josefina Rodr\u00edguez Zamora, destac\u00f3 que, durante el primer trimestre de 2025, la poblaci\u00f3n ocupada en el sector turismo de M\u00e9xico ascendi\u00f3 a 4 millones 970 mil personas empleadas, es decir, representa un aumento de 2.9 por ciento comparado con el mismo periodo de 2024.\" \/>\n<meta property=\"og:url\" content=\"https:\/\/azturismo.net\/?p=3903\" \/>\n<meta property=\"og:site_name\" content=\"Azturismo Noticias\" \/>\n<meta property=\"article:publisher\" content=\"https:\/\/www.facebook.com\/AzturismoNoticias\" \/>\n<meta property=\"article:published_time\" content=\"2025-05-29T01:22:53+00:00\" \/>\n<meta property=\"article:modified_time\" content=\"2025-05-29T01:22:55+00:00\" \/>\n<meta property=\"og:image\" content=\"https:\/\/azturismo.net\/wp-content\/uploads\/2025\/05\/sectur-empleo-turistico.jpg\" \/>\n\t<meta property=\"og:image:width\" content=\"600\" \/>\n\t<meta property=\"og:image:height\" content=\"399\" \/>\n\t<meta property=\"og:image:type\" content=\"image\/jpeg\" \/>\n<meta name=\"author\" content=\"Azturismo\" \/>\n<meta name=\"twitter:card\" content=\"summary_large_image\" \/>\n<meta name=\"twitter:creator\" content=\"@AzTurismo\" \/>\n<meta name=\"twitter:site\" content=\"@AzTurismo\" \/>\n<meta name=\"twitter:label1\" content=\"Escrito por\" \/>\n\t<meta name=\"twitter:data1\" content=\"Azturismo\" \/>\n\t<meta name=\"twitter:label2\" content=\"Tiempo de lectura\" \/>\n\t<meta name=\"twitter:data2\" content=\"2 minutos\" \/>\n<script type=\"application\/ld+json\" class=\"yoast-schema-graph\">{\"@context\":\"https:\\\/\\\/schema.org\",\"@graph\":[{\"@type\":\"Article\",\"@id\":\"https:\\\/\\\/azturismo.net\\\/?p=3903#article\",\"isPartOf\":{\"@id\":\"https:\\\/\\\/azturismo.net\\\/?p=3903\"},\"author\":{\"name\":\"Azturismo\",\"@id\":\"https:\\\/\\\/azturismo.net\\\/#\\\/schema\\\/person\\\/4b56d87f51c4d1b518c650739ad3bbc1\"},\"headline\":\"Aumenta empleo tur\u00edstico nacional en el primer trimestre de 2025: Sectur\",\"datePublished\":\"2025-05-29T01:22:53+00:00\",\"dateModified\":\"2025-05-29T01:22:55+00:00\",\"mainEntityOfPage\":{\"@id\":\"https:\\\/\\\/azturismo.net\\\/?p=3903\"},\"wordCount\":276,\"commentCount\":0,\"publisher\":{\"@id\":\"https:\\\/\\\/azturismo.net\\\/#organization\"},\"image\":{\"@id\":\"https:\\\/\\\/azturismo.net\\\/?p=3903#primaryimage\"},\"thumbnailUrl\":\"https:\\\/\\\/i0.wp.com\\\/azturismo.net\\\/wp-content\\\/uploads\\\/2025\\\/05\\\/sectur-empleo-turistico.jpg?fit=600%2C399&ssl=1\",\"keywords\":[\"INEGI\",\"Josefina Rodr\u00edguez Zamora\",\"Sectur\",\"Turismo\",\"Viajes\"],\"articleSection\":[\"NOTITUR\"],\"inLanguage\":\"es\",\"potentialAction\":[{\"@type\":\"CommentAction\",\"name\":\"Comment\",\"target\":[\"https:\\\/\\\/azturismo.net\\\/?p=3903#respond\"]}]},{\"@type\":\"WebPage\",\"@id\":\"https:\\\/\\\/azturismo.net\\\/?p=3903\",\"url\":\"https:\\\/\\\/azturismo.net\\\/?p=3903\",\"name\":\"Aumenta empleo tur\u00edstico nacional en el primer trimestre de 2025: Sectur - Azturismo Noticias\",\"isPartOf\":{\"@id\":\"https:\\\/\\\/azturismo.net\\\/#website\"},\"primaryImageOfPage\":{\"@id\":\"https:\\\/\\\/azturismo.net\\\/?p=3903#primaryimage\"},\"image\":{\"@id\":\"https:\\\/\\\/azturismo.net\\\/?p=3903#primaryimage\"},\"thumbnailUrl\":\"https:\\\/\\\/i0.wp.com\\\/azturismo.net\\\/wp-content\\\/uploads\\\/2025\\\/05\\\/sectur-empleo-turistico.jpg?fit=600%2C399&ssl=1\",\"datePublished\":\"2025-05-29T01:22:53+00:00\",\"dateModified\":\"2025-05-29T01:22:55+00:00\",\"description\":\"La secretaria de Turismo del Gobierno de M\u00e9xico, Josefina Rodr\u00edguez Zamora, destac\u00f3 que, durante el primer trimestre de 2025, la poblaci\u00f3n ocupada en el sector turismo de M\u00e9xico ascendi\u00f3 a 4 millones 970 mil personas empleadas, es decir, representa un aumento de 2.9 por ciento comparado con el mismo periodo de 2024.\",\"breadcrumb\":{\"@id\":\"https:\\\/\\\/azturismo.net\\\/?p=3903#breadcrumb\"},\"inLanguage\":\"es\",\"potentialAction\":[{\"@type\":\"ReadAction\",\"target\":[\"https:\\\/\\\/azturismo.net\\\/?p=3903\"]}]},{\"@type\":\"ImageObject\",\"inLanguage\":\"es\",\"@id\":\"https:\\\/\\\/azturismo.net\\\/?p=3903#primaryimage\",\"url\":\"https:\\\/\\\/i0.wp.com\\\/azturismo.net\\\/wp-content\\\/uploads\\\/2025\\\/05\\\/sectur-empleo-turistico.jpg?fit=600%2C399&ssl=1\",\"contentUrl\":\"https:\\\/\\\/i0.wp.com\\\/azturismo.net\\\/wp-content\\\/uploads\\\/2025\\\/05\\\/sectur-empleo-turistico.jpg?fit=600%2C399&ssl=1\",\"width\":600,\"height\":399},{\"@type\":\"BreadcrumbList\",\"@id\":\"https:\\\/\\\/azturismo.net\\\/?p=3903#breadcrumb\",\"itemListElement\":[{\"@type\":\"ListItem\",\"position\":1,\"name\":\"Home\",\"item\":\"https:\\\/\\\/azturismo.net\\\/\"},{\"@type\":\"ListItem\",\"position\":2,\"name\":\"Aumenta empleo tur\u00edstico nacional en el primer trimestre de 2025: Sectur\"}]},{\"@type\":\"WebSite\",\"@id\":\"https:\\\/\\\/azturismo.net\\\/#website\",\"url\":\"https:\\\/\\\/azturismo.net\\\/\",\"name\":\"Azturismo\",\"description\":\"Azturismo Noticias\",\"publisher\":{\"@id\":\"https:\\\/\\\/azturismo.net\\\/#organization\"},\"potentialAction\":[{\"@type\":\"SearchAction\",\"target\":{\"@type\":\"EntryPoint\",\"urlTemplate\":\"https:\\\/\\\/azturismo.net\\\/?s={search_term_string}\"},\"query-input\":{\"@type\":\"PropertyValueSpecification\",\"valueRequired\":true,\"valueName\":\"search_term_string\"}}],\"inLanguage\":\"es\"},{\"@type\":\"Organization\",\"@id\":\"https:\\\/\\\/azturismo.net\\\/#organization\",\"name\":\"Azturismo\",\"url\":\"https:\\\/\\\/azturismo.net\\\/\",\"logo\":{\"@type\":\"ImageObject\",\"inLanguage\":\"es\",\"@id\":\"https:\\\/\\\/azturismo.net\\\/#\\\/schema\\\/logo\\\/image\\\/\",\"url\":\"https:\\\/\\\/i0.wp.com\\\/azturismo.net\\\/wp-content\\\/uploads\\\/2024\\\/03\\\/logo-el-bueno-.png?fit=294%2C69&ssl=1\",\"contentUrl\":\"https:\\\/\\\/i0.wp.com\\\/azturismo.net\\\/wp-content\\\/uploads\\\/2024\\\/03\\\/logo-el-bueno-.png?fit=294%2C69&ssl=1\",\"width\":294,\"height\":69,\"caption\":\"Azturismo\"},\"image\":{\"@id\":\"https:\\\/\\\/azturismo.net\\\/#\\\/schema\\\/logo\\\/image\\\/\"},\"sameAs\":[\"https:\\\/\\\/www.facebook.com\\\/AzturismoNoticias\",\"https:\\\/\\\/x.com\\\/AzTurismo\",\"https:\\\/\\\/www.instagram.com\\\/azturismo_noticias\\\/?fbclid=IwAR2xMiuoHbs6eLeIHKP8P5sSGa-xFrw7FfejscXO7kDghWa7wKLjGczKOwE\",\"https:\\\/\\\/www.tiktok.com\\\/@azturismo\"]},{\"@type\":\"Person\",\"@id\":\"https:\\\/\\\/azturismo.net\\\/#\\\/schema\\\/person\\\/4b56d87f51c4d1b518c650739ad3bbc1\",\"name\":\"Azturismo\",\"image\":{\"@type\":\"ImageObject\",\"inLanguage\":\"es\",\"@id\":\"https:\\\/\\\/azturismo.net\\\/wp-content\\\/litespeed\\\/avatar\\\/dfe28a31cdd68b788da48a316e50db10.jpg?ver=1777707566\",\"url\":\"https:\\\/\\\/azturismo.net\\\/wp-content\\\/litespeed\\\/avatar\\\/dfe28a31cdd68b788da48a316e50db10.jpg?ver=1777707566\",\"contentUrl\":\"https:\\\/\\\/azturismo.net\\\/wp-content\\\/litespeed\\\/avatar\\\/dfe28a31cdd68b788da48a316e50db10.jpg?ver=1777707566\",\"caption\":\"Azturismo\"},\"sameAs\":[\"https:\\\/\\\/azturismo.net\"],\"url\":\"https:\\\/\\\/azturismo.net\\\/?author=1\"}]}<\/script>\n<!-- \/ Yoast SEO plugin. -->","yoast_head_json":{"title":"Aumenta empleo tur\u00edstico nacional en el primer trimestre de 2025: Sectur - Azturismo Noticias","description":"La secretaria de Turismo del Gobierno de M\u00e9xico, Josefina Rodr\u00edguez Zamora, destac\u00f3 que, durante el primer trimestre de 2025, la poblaci\u00f3n ocupada en el sector turismo de M\u00e9xico ascendi\u00f3 a 4 millones 970 mil personas empleadas, es decir, representa un aumento de 2.9 por ciento comparado con el mismo periodo de 2024.","robots":{"index":"index","follow":"follow","max-snippet":"max-snippet:-1","max-image-preview":"max-image-preview:large","max-video-preview":"max-video-preview:-1"},"canonical":"https:\/\/azturismo.net\/?p=3903","og_locale":"es_MX","og_type":"article","og_title":"Aumenta empleo tur\u00edstico nacional en el primer trimestre de 2025: Sectur - Azturismo Noticias","og_description":"La secretaria de Turismo del Gobierno de M\u00e9xico, Josefina Rodr\u00edguez Zamora, destac\u00f3 que, durante el primer trimestre de 2025, la poblaci\u00f3n ocupada en el sector turismo de M\u00e9xico ascendi\u00f3 a 4 millones 970 mil personas empleadas, es decir, representa un aumento de 2.9 por ciento comparado con el mismo periodo de 2024.","og_url":"https:\/\/azturismo.net\/?p=3903","og_site_name":"Azturismo Noticias","article_publisher":"https:\/\/www.facebook.com\/AzturismoNoticias","article_published_time":"2025-05-29T01:22:53+00:00","article_modified_time":"2025-05-29T01:22:55+00:00","og_image":[{"width":600,"height":399,"url":"https:\/\/azturismo.net\/wp-content\/uploads\/2025\/05\/sectur-empleo-turistico.jpg","type":"image\/jpeg"}],"author":"Azturismo","twitter_card":"summary_large_image","twitter_creator":"@AzTurismo","twitter_site":"@AzTurismo","twitter_misc":{"Escrito por":"Azturismo","Tiempo de lectura":"2 minutos"},"schema":{"@context":"https:\/\/schema.org","@graph":[{"@type":"Article","@id":"https:\/\/azturismo.net\/?p=3903#article","isPartOf":{"@id":"https:\/\/azturismo.net\/?p=3903"},"author":{"name":"Azturismo","@id":"https:\/\/azturismo.net\/#\/schema\/person\/4b56d87f51c4d1b518c650739ad3bbc1"},"headline":"Aumenta empleo tur\u00edstico nacional en el primer trimestre de 2025: Sectur","datePublished":"2025-05-29T01:22:53+00:00","dateModified":"2025-05-29T01:22:55+00:00","mainEntityOfPage":{"@id":"https:\/\/azturismo.net\/?p=3903"},"wordCount":276,"commentCount":0,"publisher":{"@id":"https:\/\/azturismo.net\/#organization"},"image":{"@id":"https:\/\/azturismo.net\/?p=3903#primaryimage"},"thumbnailUrl":"https:\/\/i0.wp.com\/azturismo.net\/wp-content\/uploads\/2025\/05\/sectur-empleo-turistico.jpg?fit=600%2C399&ssl=1","keywords":["INEGI","Josefina Rodr\u00edguez Zamora","Sectur","Turismo","Viajes"],"articleSection":["NOTITUR"],"inLanguage":"es","potentialAction":[{"@type":"CommentAction","name":"Comment","target":["https:\/\/azturismo.net\/?p=3903#respond"]}]},{"@type":"WebPage","@id":"https:\/\/azturismo.net\/?p=3903","url":"https:\/\/azturismo.net\/?p=3903","name":"Aumenta empleo tur\u00edstico nacional en el primer trimestre de 2025: Sectur - Azturismo Noticias","isPartOf":{"@id":"https:\/\/azturismo.net\/#website"},"primaryImageOfPage":{"@id":"https:\/\/azturismo.net\/?p=3903#primaryimage"},"image":{"@id":"https:\/\/azturismo.net\/?p=3903#primaryimage"},"thumbnailUrl":"https:\/\/i0.wp.com\/azturismo.net\/wp-content\/uploads\/2025\/05\/sectur-empleo-turistico.jpg?fit=600%2C399&ssl=1","datePublished":"2025-05-29T01:22:53+00:00","dateModified":"2025-05-29T01:22:55+00:00","description":"La secretaria de Turismo del Gobierno de M\u00e9xico, Josefina Rodr\u00edguez Zamora, destac\u00f3 que, durante el primer trimestre de 2025, la poblaci\u00f3n ocupada en el sector turismo de M\u00e9xico ascendi\u00f3 a 4 millones 970 mil personas empleadas, es decir, representa un aumento de 2.9 por ciento comparado con el mismo periodo de 2024.","breadcrumb":{"@id":"https:\/\/azturismo.net\/?p=3903#breadcrumb"},"inLanguage":"es","potentialAction":[{"@type":"ReadAction","target":["https:\/\/azturismo.net\/?p=3903"]}]},{"@type":"ImageObject","inLanguage":"es","@id":"https:\/\/azturismo.net\/?p=3903#primaryimage","url":"https:\/\/i0.wp.com\/azturismo.net\/wp-content\/uploads\/2025\/05\/sectur-empleo-turistico.jpg?fit=600%2C399&ssl=1","contentUrl":"https:\/\/i0.wp.com\/azturismo.net\/wp-content\/uploads\/2025\/05\/sectur-empleo-turistico.jpg?fit=600%2C399&ssl=1","width":600,"height":399},{"@type":"BreadcrumbList","@id":"https:\/\/azturismo.net\/?p=3903#breadcrumb","itemListElement":[{"@type":"ListItem","position":1,"name":"Home","item":"https:\/\/azturismo.net\/"},{"@type":"ListItem","position":2,"name":"Aumenta empleo tur\u00edstico nacional en el primer trimestre de 2025: Sectur"}]},{"@type":"WebSite","@id":"https:\/\/azturismo.net\/#website","url":"https:\/\/azturismo.net\/","name":"Azturismo","description":"Azturismo Noticias","publisher":{"@id":"https:\/\/azturismo.net\/#organization"},"potentialAction":[{"@type":"SearchAction","target":{"@type":"EntryPoint","urlTemplate":"https:\/\/azturismo.net\/?s={search_term_string}"},"query-input":{"@type":"PropertyValueSpecification","valueRequired":true,"valueName":"search_term_string"}}],"inLanguage":"es"},{"@type":"Organization","@id":"https:\/\/azturismo.net\/#organization","name":"Azturismo","url":"https:\/\/azturismo.net\/","logo":{"@type":"ImageObject","inLanguage":"es","@id":"https:\/\/azturismo.net\/#\/schema\/logo\/image\/","url":"https:\/\/i0.wp.com\/azturismo.net\/wp-content\/uploads\/2024\/03\/logo-el-bueno-.png?fit=294%2C69&ssl=1","contentUrl":"https:\/\/i0.wp.com\/azturismo.net\/wp-content\/uploads\/2024\/03\/logo-el-bueno-.png?fit=294%2C69&ssl=1","width":294,"height":69,"caption":"Azturismo"},"image":{"@id":"https:\/\/azturismo.net\/#\/schema\/logo\/image\/"},"sameAs":["https:\/\/www.facebook.com\/AzturismoNoticias","https:\/\/x.com\/AzTurismo","https:\/\/www.instagram.com\/azturismo_noticias\/?fbclid=IwAR2xMiuoHbs6eLeIHKP8P5sSGa-xFrw7FfejscXO7kDghWa7wKLjGczKOwE","https:\/\/www.tiktok.com\/@azturismo"]},{"@type":"Person","@id":"https:\/\/azturismo.net\/#\/schema\/person\/4b56d87f51c4d1b518c650739ad3bbc1","name":"Azturismo","image":{"@type":"ImageObject","inLanguage":"es","@id":"https:\/\/azturismo.net\/wp-content\/litespeed\/avatar\/dfe28a31cdd68b788da48a316e50db10.jpg?ver=1777707566","url":"https:\/\/azturismo.net\/wp-content\/litespeed\/avatar\/dfe28a31cdd68b788da48a316e50db10.jpg?ver=1777707566","contentUrl":"https:\/\/azturismo.net\/wp-content\/litespeed\/avatar\/dfe28a31cdd68b788da48a316e50db10.jpg?ver=1777707566","caption":"Azturismo"},"sameAs":["https:\/\/azturismo.net"],"url":"https:\/\/azturismo.net\/?author=1"}]}},"jetpack_publicize_connections":[],"jetpack_featured_media_url":"https:\/\/i0.wp.com\/azturismo.net\/wp-content\/uploads\/2025\/05\/sectur-empleo-turistico.jpg?fit=600%2C399&ssl=1","jetpack_sharing_enabled":true,"jetpack-related-posts":[{"id":2931,"url":"https:\/\/azturismo.net\/?p=2931","url_meta":{"origin":3903,"position":0},"title":"Crece  PIB Tur\u00edstico de M\u00e9xico en el 3er trimestre de 2024","author":"Azturismo","date":"febrero 10, 2025","format":false,"excerpt":"Por Staff AzTurismo La Secretar\u00eda de Turismo de M\u00e9xico, liderada por Josefina Rodr\u00edguez Zamora, inform\u00f3 que el Producto Interno Bruto Tur\u00edstico (PIBT) de M\u00e9xico registr\u00f3 un crecimiento del 1.2% durante el tercer trimestre de 2024, en comparaci\u00f3n con el mismo periodo del a\u00f1o anterior. Seg\u00fan los Indicadores Trimestrales de la\u2026","rel":"","context":"En &quot;Destacadas&quot;","block_context":{"text":"Destacadas","link":"https:\/\/azturismo.net\/?cat=30"},"img":{"alt_text":"","src":"https:\/\/i0.wp.com\/azturismo.net\/wp-content\/uploads\/2025\/02\/LosCabos.jpg?fit=600%2C399&ssl=1&resize=350%2C200","width":350,"height":200,"srcset":"https:\/\/i0.wp.com\/azturismo.net\/wp-content\/uploads\/2025\/02\/LosCabos.jpg?fit=600%2C399&ssl=1&resize=350%2C200 1x, https:\/\/i0.wp.com\/azturismo.net\/wp-content\/uploads\/2025\/02\/LosCabos.jpg?fit=600%2C399&ssl=1&resize=525%2C300 1.5x"},"classes":[]},{"id":3002,"url":"https:\/\/azturismo.net\/?p=3002","url_meta":{"origin":3903,"position":1},"title":"El Tianguis Tur\u00edstico 2025 ser\u00e1 binacional, M\u00e9xico-EU: Sectur","author":"Azturismo","date":"febrero 12, 2025","format":false,"excerpt":"Por Staff AzTurismo La secretaria de Turismo de M\u00e9xico, Josefina Rodr\u00edguez Zamora, anunci\u00f3 que la 49\u00aa edici\u00f3n del Tianguis Tur\u00edstico 2025 que se celebrar\u00e1 en Baja California, por primera vez, tendr\u00e1 un formato binacional. Este evento ser\u00e1 una plataforma \u00fanica donde la rica cultura, gastronom\u00eda, artesan\u00eda y turismo de M\u00e9xico\u2026","rel":"","context":"En &quot;Destacadas&quot;","block_context":{"text":"Destacadas","link":"https:\/\/azturismo.net\/?cat=30"},"img":{"alt_text":"","src":"https:\/\/i0.wp.com\/azturismo.net\/wp-content\/uploads\/2025\/02\/Sectur-Senado.jpg?fit=600%2C400&ssl=1&resize=350%2C200","width":350,"height":200,"srcset":"https:\/\/i0.wp.com\/azturismo.net\/wp-content\/uploads\/2025\/02\/Sectur-Senado.jpg?fit=600%2C400&ssl=1&resize=350%2C200 1x, https:\/\/i0.wp.com\/azturismo.net\/wp-content\/uploads\/2025\/02\/Sectur-Senado.jpg?fit=600%2C400&ssl=1&resize=525%2C300 1.5x"},"classes":[]},{"id":3158,"url":"https:\/\/azturismo.net\/?p=3158","url_meta":{"origin":3903,"position":2},"title":"M\u00e9xico ser\u00e1 sede de la feria tur\u00edstica ITB de las Am\u00e9ricas: Rodr\u00edguez Zamora","author":"Azturismo","date":"febrero 26, 2025","format":false,"excerpt":"Por Staff AzTurismo La secretar\u00eda de Turismo de M\u00e9xico (Sectur), Josefina Rodr\u00edguez Zamora, anunci\u00f3 que el pa\u00eds ser\u00e1 la sede de la feria International Tourism Berlin (ITB) Las Am\u00e9ricas durante tres a\u00f1os, a partir de noviembre de 2026. Este importante evento posicionar\u00e1 a M\u00e9xico como un referente del turismo en\u2026","rel":"","context":"En &quot;Destacadas&quot;","block_context":{"text":"Destacadas","link":"https:\/\/azturismo.net\/?cat=30"},"img":{"alt_text":"","src":"https:\/\/i0.wp.com\/azturismo.net\/wp-content\/uploads\/2025\/02\/PSX_20250225_230858.jpg?fit=600%2C400&ssl=1&resize=350%2C200","width":350,"height":200,"srcset":"https:\/\/i0.wp.com\/azturismo.net\/wp-content\/uploads\/2025\/02\/PSX_20250225_230858.jpg?fit=600%2C400&ssl=1&resize=350%2C200 1x, https:\/\/i0.wp.com\/azturismo.net\/wp-content\/uploads\/2025\/02\/PSX_20250225_230858.jpg?fit=600%2C400&ssl=1&resize=525%2C300 1.5x"},"classes":[]},{"id":6890,"url":"https:\/\/azturismo.net\/?p=6890","url_meta":{"origin":3903,"position":3},"title":"El turismo en M\u00e9xico se fortalece: PIB Tur\u00edstico y consumo crecen","author":"Azturismo","date":"febrero 11, 2026","format":false,"excerpt":"Por Staff AzTurismo El sector tur\u00edstico mexicano contin\u00faa mostrando resiliencia y una tendencia positiva. Seg\u00fan los m\u00e1s recientes Indicadores Trimestrales de la Actividad Tur\u00edstica (ITAT) publicados por el INEGI, tanto el Producto Interno Bruto (PIB) Tur\u00edstico como el Consumo Tur\u00edstico Interior registraron un avance del 0.8% en su comparaci\u00f3n anual\u2026","rel":"","context":"En &quot;Destacadas&quot;","block_context":{"text":"Destacadas","link":"https:\/\/azturismo.net\/?cat=30"},"img":{"alt_text":"","src":"https:\/\/i0.wp.com\/azturismo.net\/wp-content\/uploads\/2026\/02\/pib-turistico3.jpg?fit=1200%2C800&ssl=1&resize=350%2C200","width":350,"height":200,"srcset":"https:\/\/i0.wp.com\/azturismo.net\/wp-content\/uploads\/2026\/02\/pib-turistico3.jpg?fit=1200%2C800&ssl=1&resize=350%2C200 1x, https:\/\/i0.wp.com\/azturismo.net\/wp-content\/uploads\/2026\/02\/pib-turistico3.jpg?fit=1200%2C800&ssl=1&resize=525%2C300 1.5x, https:\/\/i0.wp.com\/azturismo.net\/wp-content\/uploads\/2026\/02\/pib-turistico3.jpg?fit=1200%2C800&ssl=1&resize=700%2C400 2x, https:\/\/i0.wp.com\/azturismo.net\/wp-content\/uploads\/2026\/02\/pib-turistico3.jpg?fit=1200%2C800&ssl=1&resize=1050%2C600 3x"},"classes":[]},{"id":3356,"url":"https:\/\/azturismo.net\/?p=3356","url_meta":{"origin":3903,"position":4},"title":"Puente vacacional de Marzo 2025 generar\u00e1 m\u00e1s de 63 mil mdp en M\u00e9xico: Sectur","author":"Azturismo","date":"marzo 14, 2025","format":false,"excerpt":"Por Staff AzTurismo La Secretar\u00eda de Turismo (Sectur), encabezada por Josefina Rodr\u00edguez Zamora, anunci\u00f3 que el puente vacacional de marzo de 2025, en conmemoraci\u00f3n del natalicio de Benito Ju\u00e1rez, generar\u00e1 una derrama econ\u00f3mica de 63,485 millones de pesos, un 2% m\u00e1s que en 2024. Turismo y Ocupaci\u00f3n Hotelera en Crecimiento\u2026","rel":"","context":"En &quot;Destacadas&quot;","block_context":{"text":"Destacadas","link":"https:\/\/azturismo.net\/?cat=30"},"img":{"alt_text":"","src":"https:\/\/i0.wp.com\/azturismo.net\/wp-content\/uploads\/2025\/03\/PSX_20250314_114034.jpg?fit=600%2C400&ssl=1&resize=350%2C200","width":350,"height":200,"srcset":"https:\/\/i0.wp.com\/azturismo.net\/wp-content\/uploads\/2025\/03\/PSX_20250314_114034.jpg?fit=600%2C400&ssl=1&resize=350%2C200 1x, https:\/\/i0.wp.com\/azturismo.net\/wp-content\/uploads\/2025\/03\/PSX_20250314_114034.jpg?fit=600%2C400&ssl=1&resize=525%2C300 1.5x"},"classes":[]},{"id":3643,"url":"https:\/\/azturismo.net\/?p=3643","url_meta":{"origin":3903,"position":5},"title":"\u00a1M\u00e9xico rompe r\u00e9cords en turismo!","author":"Azturismo","date":"abril 15, 2025","format":false,"excerpt":"La industria tur\u00edstica mexicana fortalece su posici\u00f3n internacional con un aumento del 4.5% en divisas y 15% en visitantes respecto al a\u00f1o anterior Por Oscar V\u00e1zquez C. M\u00e9xico consolida su posici\u00f3n como potencia tur\u00edstica mundial tras captar 6,601.4 millones de d\u00f3lares en divisas por turismo internacional durante enero y febrero\u2026","rel":"","context":"En &quot;Destacadas&quot;","block_context":{"text":"Destacadas","link":"https:\/\/azturismo.net\/?cat=30"},"img":{"alt_text":"","src":"https:\/\/i0.wp.com\/azturismo.net\/wp-content\/uploads\/2025\/04\/Comunicado-069-1.jpeg?fit=600%2C337&ssl=1&resize=350%2C200","width":350,"height":200,"srcset":"https:\/\/i0.wp.com\/azturismo.net\/wp-content\/uploads\/2025\/04\/Comunicado-069-1.jpeg?fit=600%2C337&ssl=1&resize=350%2C200 1x, https:\/\/i0.wp.com\/azturismo.net\/wp-content\/uploads\/2025\/04\/Comunicado-069-1.jpeg?fit=600%2C337&ssl=1&resize=525%2C300 1.5x"},"classes":[]}],"jetpack_shortlink":"https:\/\/wp.me\/pfqZGx-10X","amp_enabled":true,"_links":{"self":[{"href":"https:\/\/azturismo.net\/index.php?rest_route=\/wp\/v2\/posts\/3903","targetHints":{"allow":["GET"]}}],"collection":[{"href":"https:\/\/azturismo.net\/index.php?rest_route=\/wp\/v2\/posts"}],"about":[{"href":"https:\/\/azturismo.net\/index.php?rest_route=\/wp\/v2\/types\/post"}],"author":[{"embeddable":true,"href":"https:\/\/azturismo.net\/index.php?rest_route=\/wp\/v2\/users\/1"}],"replies":[{"embeddable":true,"href":"https:\/\/azturismo.net\/index.php?rest_route=%2Fwp%2Fv2%2Fcomments&post=3903"}],"version-history":[{"count":1,"href":"https:\/\/azturismo.net\/index.php?rest_route=\/wp\/v2\/posts\/3903\/revisions"}],"predecessor-version":[{"id":3905,"href":"https:\/\/azturismo.net\/index.php?rest_route=\/wp\/v2\/posts\/3903\/revisions\/3905"}],"wp:featuredmedia":[{"embeddable":true,"href":"https:\/\/azturismo.net\/index.php?rest_route=\/wp\/v2\/media\/3904"}],"wp:attachment":[{"href":"https:\/\/azturismo.net\/index.php?rest_route=%2Fwp%2Fv2%2Fmedia&parent=3903"}],"wp:term":[{"taxonomy":"category","embeddable":true,"href":"https:\/\/azturismo.net\/index.php?rest_route=%2Fwp%2Fv2%2Fcategories&post=3903"},{"taxonomy":"post_tag","embeddable":true,"href":"https:\/\/azturismo.net\/index.php?rest_route=%2Fwp%2Fv2%2Ftags&post=3903"}],"curies":[{"name":"wp","href":"https:\/\/api.w.org\/{rel}","templated":true}]}}