{"id":3846,"date":"2025-05-20T19:07:00","date_gmt":"2025-05-21T01:07:00","guid":{"rendered":"https:\/\/azturismo.net\/?p=3846"},"modified":"2025-05-21T21:16:47","modified_gmt":"2025-05-22T03:16:47","slug":"sting-encabeza-conclusion-del-mexican-caribbean-music-fest-2025","status":"publish","type":"post","link":"https:\/\/azturismo.net\/?p=3846","title":{"rendered":"Sting se apoder\u00f3 del Mexican Caribbean Music Fest 2025"},"content":{"rendered":"\n<p>La primera edici\u00f3n del <strong>Mexican Caribbean Music Fest (MCMF)<\/strong> concluy\u00f3 este fin de semana con un \u00e9xito sin precedentes, registrando un <strong>lleno total<\/strong> con m\u00e1s de <strong>20,000 asistentes<\/strong> que vibraron al ritmo de destacados artistas internacionales encabezados por la leyenda musical <strong>Sting<\/strong>. El evento, celebrado en el paradis\u00edaco entorno del <strong>Parque ZAMNA en Tulum<\/strong>, forma parte de las celebraciones por el 50 aniversario de la fundaci\u00f3n del estado de Quintana Roo.<\/p>\n\n\n\n<h2 class=\"wp-block-heading\">Un nuevo referente musical para el Caribe Mexicano<\/h2>\n\n\n\n<p>El MCMF surge como una evoluci\u00f3n natural del ic\u00f3nico Festival de Jazz de la Riviera Maya, reinvent\u00e1ndose con una propuesta musical renovada y un cartel de artistas de talla internacional. Este nuevo concepto refleja la <strong>nueva era del turismo en el Caribe Mexicano<\/strong>, posicionando a Tulum como un destino que fusiona perfectamente la riqueza cultural, hist\u00f3rica y natural con experiencias musicales de primer nivel.<\/p>\n\n\n<div class=\"wp-block-image\">\n<figure class=\"aligncenter size-full\"><img data-recalc-dims=\"1\" loading=\"lazy\" decoding=\"async\" width=\"600\" height=\"399\" data-attachment-id=\"3848\" data-permalink=\"https:\/\/azturismo.net\/?attachment_id=3848\" data-orig-file=\"https:\/\/i0.wp.com\/azturismo.net\/wp-content\/uploads\/2025\/05\/MCMF-2.jpeg?fit=600%2C399&amp;ssl=1\" data-orig-size=\"600,399\" data-comments-opened=\"1\" data-image-meta=\"{&quot;aperture&quot;:&quot;0&quot;,&quot;credit&quot;:&quot;&quot;,&quot;camera&quot;:&quot;&quot;,&quot;caption&quot;:&quot;&quot;,&quot;created_timestamp&quot;:&quot;0&quot;,&quot;copyright&quot;:&quot;&quot;,&quot;focal_length&quot;:&quot;0&quot;,&quot;iso&quot;:&quot;0&quot;,&quot;shutter_speed&quot;:&quot;0&quot;,&quot;title&quot;:&quot;&quot;,&quot;orientation&quot;:&quot;1&quot;}\" data-image-title=\"MCMF (2)\" data-image-description=\"\" data-image-caption=\"\" data-large-file=\"https:\/\/i0.wp.com\/azturismo.net\/wp-content\/uploads\/2025\/05\/MCMF-2.jpeg?fit=600%2C399&amp;ssl=1\" src=\"https:\/\/i0.wp.com\/azturismo.net\/wp-content\/uploads\/2025\/05\/MCMF-2.jpeg?resize=600%2C399&#038;ssl=1\" alt=\"\" class=\"wp-image-3848\" srcset=\"https:\/\/i0.wp.com\/azturismo.net\/wp-content\/uploads\/2025\/05\/MCMF-2.jpeg?w=600&amp;ssl=1 600w, https:\/\/i0.wp.com\/azturismo.net\/wp-content\/uploads\/2025\/05\/MCMF-2.jpeg?resize=300%2C200&amp;ssl=1 300w, https:\/\/i0.wp.com\/azturismo.net\/wp-content\/uploads\/2025\/05\/MCMF-2.jpeg?resize=150%2C100&amp;ssl=1 150w\" sizes=\"auto, (max-width: 600px) 100vw, 600px\" \/><\/figure><\/div>\n\n\n<p>&#8220;Nos sentimos muy orgullosos del \u00e9xito de esta primera edici\u00f3n del MCMF que representa el inicio de la transformaci\u00f3n del entretenimiento en la regi\u00f3n, estableci\u00e9ndose como un nuevo referente para enriquecer la experiencia de todos los que visitan el Caribe Mexicano&#8221;, destac\u00f3 <strong>Andr\u00e9s Mart\u00ednez<\/strong>, Director General del Consejo de Promoci\u00f3n Tur\u00edstica de Quintana Roo.<\/p>\n\n\n\n<h2 class=\"wp-block-heading\">Lineup estelar con propuestas musicales diversas<\/h2>\n\n\n\n<p>El festival ofreci\u00f3 una experiencia musical diversa que cruz\u00f3 fronteras generacionales con un cartel cuidadosamente curado:<\/p>\n\n\n\n<ul class=\"wp-block-list\">\n<li><strong>Leonardo Prakash<\/strong> abri\u00f3 el festival con su propuesta musical \u00fanica, estableciendo el tono para una noche inolvidable<\/li>\n\n\n\n<li><strong>Liquits<\/strong>, tras un descanso de m\u00e1s de 5 a\u00f1os, energiz\u00f3 al p\u00fablico con su regreso a los escenarios<\/li>\n\n\n\n<li><strong>Aterciopelados<\/strong> llev\u00f3 su caracter\u00edstico sonido latinoamericano, llenando de energ\u00eda y baile el escenario del MCMF<\/li>\n\n\n\n<li><strong>Sting<\/strong>, como acto principal, cerr\u00f3 la noche con una actuaci\u00f3n magistral que incluy\u00f3 sus m\u00e1s grandes \u00e9xitos y nuevas propuestas de su gira STING 3.0 World Tour<\/li>\n<\/ul>\n\n\n\n<p>El ganador de <strong>17 premios Grammy<\/strong> deleit\u00f3 a los asistentes con un repertorio que fusion\u00f3 jazz, rock, pop y reggae, demostrando por qu\u00e9 es considerado una de las figuras m\u00e1s influyentes de la m\u00fasica contempor\u00e1nea.<\/p>\n\n\n\n<h2 class=\"wp-block-heading\">Escenario natural incomparable en el coraz\u00f3n de la Riviera Maya<\/h2>\n\n\n\n<p>El <strong>Parque ZAMNA<\/strong> demostr\u00f3 ser el escenario perfecto para este evento de calibre internacional. Ubicado en el coraz\u00f3n de Tulum, este recinto natural proporcion\u00f3 un ambiente enigm\u00e1tico con su entorno selv\u00e1tico, creando una experiencia inmersiva \u00fanica para los asistentes al festival.<\/p>\n\n\n\n<p>La combinaci\u00f3n de m\u00fasica de clase mundial con la belleza natural de Tulum gener\u00f3 una atm\u00f3sfera m\u00e1gica que elev\u00f3 la experiencia del festival, permitiendo a los asistentes disfrutar de sus artistas favoritos bajo el cielo estrellado del Caribe Mexicano.<\/p>\n\n\n\n<h2 class=\"wp-block-heading\">Impacto positivo en la econom\u00eda local y el turismo<\/h2>\n\n\n\n<p>El evento no solo ofreci\u00f3 una experiencia musical extraordinaria, sino que tambi\u00e9n gener\u00f3 un importante impacto positivo en la econom\u00eda local. Seg\u00fan reportes preliminares, el festival contribuy\u00f3 a un <strong>significativo repunte en la ocupaci\u00f3n hotelera<\/strong> de Tulum y zonas aleda\u00f1as del Caribe Mexicano durante el fin de semana del evento.<\/p>\n\n\n\n<p>&#8220;Gracias a este maravilloso festival, se logr\u00f3 este fin de semana un importante repunte en la ocupaci\u00f3n hotelera de Tulum y en el Caribe Mexicano. Continuaremos con nuestro compromiso de contribuir al crecimiento y promoci\u00f3n del turismo en la regi\u00f3n y posicionar al Caribe Mexicano como un destino integral para todos los viajeros&#8221;, afirm\u00f3 Mart\u00ednez.<\/p>\n\n\n\n<h2 class=\"wp-block-heading\">Un futuro prometedor para el MCMF<\/h2>\n\n\n\n<p>La exitosa culminaci\u00f3n de esta primera edici\u00f3n del Mexican Caribbean Music Fest marca el comienzo de una nueva etapa para el turismo musical en Quintana Roo. El festival promete convertirse en un nuevo \u00edcono del entretenimiento en la regi\u00f3n, reafirmando el estatus del Caribe Mexicano como un destino tur\u00edstico l\u00edder a nivel global.<\/p>\n\n\n\n<p>Las autoridades tur\u00edsticas de Quintana Roo ya han anticipado que el MCMF regresar\u00e1 en 2026 con un cartel a\u00fan m\u00e1s ambicioso, consolidando a Tulum como un epicentro cultural y musical de primer nivel en Latinoam\u00e9rica.<\/p>\n\n\n\n<h2 class=\"wp-block-heading\">Sobre el Mexican Caribbean Music Fest<\/h2>\n\n\n\n<p>El Mexican Caribbean Music Fest (MCMF) es un festival de m\u00fasica que celebra la diversidad musical y cultural del Caribe Mexicano. Con sede en Tulum, Quintana Roo, el festival tiene como objetivo posicionar a la regi\u00f3n como un destino tur\u00edstico integral que ofrece no solo bellezas naturales, sino tambi\u00e9n experiencias culturales y de entretenimiento de clase mundial.<\/p>\n\n\n\n<p>Para m\u00e1s informaci\u00f3n sobre futuras ediciones del festival, los interesados pueden visitar el sitio web oficial del Consejo de Promoci\u00f3n Tur\u00edstica de Quintana Roo o seguir sus redes sociales oficiales. (<strong><em>Por Staff AzTurismo<\/em><\/strong>)<\/p>\n\n\n\n<p><\/p>\n","protected":false},"excerpt":{"rendered":"<p>La primera edici\u00f3n del Mexican Caribbean Music Fest (MCMF) concluy\u00f3 este fin de semana con un \u00e9xito sin precedentes, registrando un lleno total con m\u00e1s de 20,000 asistentes que vibraron al ritmo de destacados artistas internacionales encabezados por la leyenda musical Sting. El evento, celebrado en el paradis\u00edaco entorno del Parque ZAMNA en Tulum, forma [&hellip;]<\/p>\n","protected":false},"author":1,"featured_media":3847,"comment_status":"open","ping_status":"open","sticky":false,"template":"","format":"standard","meta":{"jetpack_post_was_ever_published":false,"_jetpack_newsletter_access":"","_jetpack_dont_email_post_to_subs":false,"_jetpack_newsletter_tier_id":0,"_jetpack_memberships_contains_paywalled_content":false,"_jetpack_memberships_contains_paid_content":false,"footnotes":"","jetpack_publicize_message":"","jetpack_publicize_feature_enabled":true,"jetpack_social_post_already_shared":true,"jetpack_social_options":{"image_generator_settings":{"template":"highway","default_image_id":0,"font":"","enabled":false},"version":2}},"categories":[30,31,33],"tags":[1623,99,1622,1621,1620,1618,617,1619,39],"class_list":{"0":"post-3846","1":"post","2":"type-post","3":"status-publish","4":"format-standard","5":"has-post-thumbnail","7":"category-e","8":"category-especiales","9":"category-especiales-segundarias","10":"tag-50-aniversario-de-quintana-roo","11":"tag-azturismo","12":"tag-festivales-musica-mexico","13":"tag-festivales-musica-riviera-maya","14":"tag-mcmf-tulum","15":"tag-mexican-caribbean-music-fest","16":"tag-riviera-maya","17":"tag-sting-en-tulum","18":"tag-turismo"},"yoast_head":"<!-- This site is optimized with the Yoast SEO plugin v27.5 - https:\/\/yoast.com\/product\/yoast-seo-wordpress\/ -->\n<title>Sting se apoder\u00f3 del Mexican Caribbean Music Fest 2025 - Azturismo Noticias<\/title>\n<meta name=\"description\" content=\"La primera edici\u00f3n del Mexican Caribbean Music Fest (MCMF) concluy\u00f3 este fin de semana con un \u00e9xito sin precedentes, registrando un lleno total con m\u00e1s de 20,000 asistentes que vibraron al ritmo de destacados artistas internacionales encabezados por la leyenda musical Sting. El evento, celebrado en el paradis\u00edaco entorno del Parque ZAMNA en Tulum, forma parte de las celebraciones por el 50 aniversario de la fundaci\u00f3n del estado de Quintana Roo.\" \/>\n<meta name=\"robots\" content=\"index, follow, max-snippet:-1, max-image-preview:large, max-video-preview:-1\" \/>\n<link rel=\"canonical\" href=\"https:\/\/azturismo.net\/?p=3846\" \/>\n<meta property=\"og:locale\" content=\"es_MX\" \/>\n<meta property=\"og:type\" content=\"article\" \/>\n<meta property=\"og:title\" content=\"Sting se apoder\u00f3 del Mexican Caribbean Music Fest 2025 - Azturismo Noticias\" \/>\n<meta property=\"og:description\" content=\"La primera edici\u00f3n del Mexican Caribbean Music Fest (MCMF) concluy\u00f3 este fin de semana con un \u00e9xito sin precedentes, registrando un lleno total con m\u00e1s de 20,000 asistentes que vibraron al ritmo de destacados artistas internacionales encabezados por la leyenda musical Sting. El evento, celebrado en el paradis\u00edaco entorno del Parque ZAMNA en Tulum, forma parte de las celebraciones por el 50 aniversario de la fundaci\u00f3n del estado de Quintana Roo.\" \/>\n<meta property=\"og:url\" content=\"https:\/\/azturismo.net\/?p=3846\" \/>\n<meta property=\"og:site_name\" content=\"Azturismo Noticias\" \/>\n<meta property=\"article:publisher\" content=\"https:\/\/www.facebook.com\/AzturismoNoticias\" \/>\n<meta property=\"article:published_time\" content=\"2025-05-21T01:07:00+00:00\" \/>\n<meta property=\"article:modified_time\" content=\"2025-05-22T03:16:47+00:00\" \/>\n<meta property=\"og:image\" content=\"https:\/\/azturismo.net\/wp-content\/uploads\/2025\/05\/Sting-2.jpeg\" \/>\n\t<meta property=\"og:image:width\" content=\"600\" \/>\n\t<meta property=\"og:image:height\" content=\"399\" \/>\n\t<meta property=\"og:image:type\" content=\"image\/jpeg\" \/>\n<meta name=\"author\" content=\"Azturismo\" \/>\n<meta name=\"twitter:card\" content=\"summary_large_image\" \/>\n<meta name=\"twitter:creator\" content=\"@AzTurismo\" \/>\n<meta name=\"twitter:site\" content=\"@AzTurismo\" \/>\n<meta name=\"twitter:label1\" content=\"Escrito por\" \/>\n\t<meta name=\"twitter:data1\" content=\"Azturismo\" \/>\n\t<meta name=\"twitter:label2\" content=\"Tiempo de lectura\" \/>\n\t<meta name=\"twitter:data2\" content=\"4 minutos\" \/>\n<script type=\"application\/ld+json\" class=\"yoast-schema-graph\">{\"@context\":\"https:\\\/\\\/schema.org\",\"@graph\":[{\"@type\":\"Article\",\"@id\":\"https:\\\/\\\/azturismo.net\\\/?p=3846#article\",\"isPartOf\":{\"@id\":\"https:\\\/\\\/azturismo.net\\\/?p=3846\"},\"author\":{\"name\":\"Azturismo\",\"@id\":\"https:\\\/\\\/azturismo.net\\\/#\\\/schema\\\/person\\\/4b56d87f51c4d1b518c650739ad3bbc1\"},\"headline\":\"Sting se apoder\u00f3 del Mexican Caribbean Music Fest 2025\",\"datePublished\":\"2025-05-21T01:07:00+00:00\",\"dateModified\":\"2025-05-22T03:16:47+00:00\",\"mainEntityOfPage\":{\"@id\":\"https:\\\/\\\/azturismo.net\\\/?p=3846\"},\"wordCount\":788,\"commentCount\":0,\"publisher\":{\"@id\":\"https:\\\/\\\/azturismo.net\\\/#organization\"},\"image\":{\"@id\":\"https:\\\/\\\/azturismo.net\\\/?p=3846#primaryimage\"},\"thumbnailUrl\":\"https:\\\/\\\/i0.wp.com\\\/azturismo.net\\\/wp-content\\\/uploads\\\/2025\\\/05\\\/Sting-2.jpeg?fit=600%2C399&ssl=1\",\"keywords\":[\"50 aniversario de Quintana Roo\",\"azturismo\",\"festivales m\u00fasica M\u00e9xico\",\"festivales m\u00fasica Riviera Maya\",\"MCMF Tulum\",\"Mexican Caribbean Music Fest\",\"Riviera Maya\",\"Sting en Tulum\",\"Turismo\"],\"articleSection\":[\"Destacadas\",\"ESPECIALES 1\",\"ESPECIALES 2\"],\"inLanguage\":\"es\",\"potentialAction\":[{\"@type\":\"CommentAction\",\"name\":\"Comment\",\"target\":[\"https:\\\/\\\/azturismo.net\\\/?p=3846#respond\"]}]},{\"@type\":\"WebPage\",\"@id\":\"https:\\\/\\\/azturismo.net\\\/?p=3846\",\"url\":\"https:\\\/\\\/azturismo.net\\\/?p=3846\",\"name\":\"Sting se apoder\u00f3 del Mexican Caribbean Music Fest 2025 - Azturismo Noticias\",\"isPartOf\":{\"@id\":\"https:\\\/\\\/azturismo.net\\\/#website\"},\"primaryImageOfPage\":{\"@id\":\"https:\\\/\\\/azturismo.net\\\/?p=3846#primaryimage\"},\"image\":{\"@id\":\"https:\\\/\\\/azturismo.net\\\/?p=3846#primaryimage\"},\"thumbnailUrl\":\"https:\\\/\\\/i0.wp.com\\\/azturismo.net\\\/wp-content\\\/uploads\\\/2025\\\/05\\\/Sting-2.jpeg?fit=600%2C399&ssl=1\",\"datePublished\":\"2025-05-21T01:07:00+00:00\",\"dateModified\":\"2025-05-22T03:16:47+00:00\",\"description\":\"La primera edici\u00f3n del Mexican Caribbean Music Fest (MCMF) concluy\u00f3 este fin de semana con un \u00e9xito sin precedentes, registrando un lleno total con m\u00e1s de 20,000 asistentes que vibraron al ritmo de destacados artistas internacionales encabezados por la leyenda musical Sting. El evento, celebrado en el paradis\u00edaco entorno del Parque ZAMNA en Tulum, forma parte de las celebraciones por el 50 aniversario de la fundaci\u00f3n del estado de Quintana Roo.\",\"breadcrumb\":{\"@id\":\"https:\\\/\\\/azturismo.net\\\/?p=3846#breadcrumb\"},\"inLanguage\":\"es\",\"potentialAction\":[{\"@type\":\"ReadAction\",\"target\":[\"https:\\\/\\\/azturismo.net\\\/?p=3846\"]}]},{\"@type\":\"ImageObject\",\"inLanguage\":\"es\",\"@id\":\"https:\\\/\\\/azturismo.net\\\/?p=3846#primaryimage\",\"url\":\"https:\\\/\\\/i0.wp.com\\\/azturismo.net\\\/wp-content\\\/uploads\\\/2025\\\/05\\\/Sting-2.jpeg?fit=600%2C399&ssl=1\",\"contentUrl\":\"https:\\\/\\\/i0.wp.com\\\/azturismo.net\\\/wp-content\\\/uploads\\\/2025\\\/05\\\/Sting-2.jpeg?fit=600%2C399&ssl=1\",\"width\":600,\"height\":399},{\"@type\":\"BreadcrumbList\",\"@id\":\"https:\\\/\\\/azturismo.net\\\/?p=3846#breadcrumb\",\"itemListElement\":[{\"@type\":\"ListItem\",\"position\":1,\"name\":\"Home\",\"item\":\"https:\\\/\\\/azturismo.net\\\/\"},{\"@type\":\"ListItem\",\"position\":2,\"name\":\"Sting se apoder\u00f3 del Mexican Caribbean Music Fest 2025\"}]},{\"@type\":\"WebSite\",\"@id\":\"https:\\\/\\\/azturismo.net\\\/#website\",\"url\":\"https:\\\/\\\/azturismo.net\\\/\",\"name\":\"Azturismo\",\"description\":\"Azturismo Noticias\",\"publisher\":{\"@id\":\"https:\\\/\\\/azturismo.net\\\/#organization\"},\"potentialAction\":[{\"@type\":\"SearchAction\",\"target\":{\"@type\":\"EntryPoint\",\"urlTemplate\":\"https:\\\/\\\/azturismo.net\\\/?s={search_term_string}\"},\"query-input\":{\"@type\":\"PropertyValueSpecification\",\"valueRequired\":true,\"valueName\":\"search_term_string\"}}],\"inLanguage\":\"es\"},{\"@type\":\"Organization\",\"@id\":\"https:\\\/\\\/azturismo.net\\\/#organization\",\"name\":\"Azturismo\",\"url\":\"https:\\\/\\\/azturismo.net\\\/\",\"logo\":{\"@type\":\"ImageObject\",\"inLanguage\":\"es\",\"@id\":\"https:\\\/\\\/azturismo.net\\\/#\\\/schema\\\/logo\\\/image\\\/\",\"url\":\"https:\\\/\\\/i0.wp.com\\\/azturismo.net\\\/wp-content\\\/uploads\\\/2024\\\/03\\\/logo-el-bueno-.png?fit=294%2C69&ssl=1\",\"contentUrl\":\"https:\\\/\\\/i0.wp.com\\\/azturismo.net\\\/wp-content\\\/uploads\\\/2024\\\/03\\\/logo-el-bueno-.png?fit=294%2C69&ssl=1\",\"width\":294,\"height\":69,\"caption\":\"Azturismo\"},\"image\":{\"@id\":\"https:\\\/\\\/azturismo.net\\\/#\\\/schema\\\/logo\\\/image\\\/\"},\"sameAs\":[\"https:\\\/\\\/www.facebook.com\\\/AzturismoNoticias\",\"https:\\\/\\\/x.com\\\/AzTurismo\",\"https:\\\/\\\/www.instagram.com\\\/azturismo_noticias\\\/?fbclid=IwAR2xMiuoHbs6eLeIHKP8P5sSGa-xFrw7FfejscXO7kDghWa7wKLjGczKOwE\",\"https:\\\/\\\/www.tiktok.com\\\/@azturismo\"]},{\"@type\":\"Person\",\"@id\":\"https:\\\/\\\/azturismo.net\\\/#\\\/schema\\\/person\\\/4b56d87f51c4d1b518c650739ad3bbc1\",\"name\":\"Azturismo\",\"image\":{\"@type\":\"ImageObject\",\"inLanguage\":\"es\",\"@id\":\"https:\\\/\\\/azturismo.net\\\/wp-content\\\/litespeed\\\/avatar\\\/dfe28a31cdd68b788da48a316e50db10.jpg?ver=1777707566\",\"url\":\"https:\\\/\\\/azturismo.net\\\/wp-content\\\/litespeed\\\/avatar\\\/dfe28a31cdd68b788da48a316e50db10.jpg?ver=1777707566\",\"contentUrl\":\"https:\\\/\\\/azturismo.net\\\/wp-content\\\/litespeed\\\/avatar\\\/dfe28a31cdd68b788da48a316e50db10.jpg?ver=1777707566\",\"caption\":\"Azturismo\"},\"sameAs\":[\"https:\\\/\\\/azturismo.net\"],\"url\":\"https:\\\/\\\/azturismo.net\\\/?author=1\"}]}<\/script>\n<!-- \/ Yoast SEO plugin. -->","yoast_head_json":{"title":"Sting se apoder\u00f3 del Mexican Caribbean Music Fest 2025 - Azturismo Noticias","description":"La primera edici\u00f3n del Mexican Caribbean Music Fest (MCMF) concluy\u00f3 este fin de semana con un \u00e9xito sin precedentes, registrando un lleno total con m\u00e1s de 20,000 asistentes que vibraron al ritmo de destacados artistas internacionales encabezados por la leyenda musical Sting. El evento, celebrado en el paradis\u00edaco entorno del Parque ZAMNA en Tulum, forma parte de las celebraciones por el 50 aniversario de la fundaci\u00f3n del estado de Quintana Roo.","robots":{"index":"index","follow":"follow","max-snippet":"max-snippet:-1","max-image-preview":"max-image-preview:large","max-video-preview":"max-video-preview:-1"},"canonical":"https:\/\/azturismo.net\/?p=3846","og_locale":"es_MX","og_type":"article","og_title":"Sting se apoder\u00f3 del Mexican Caribbean Music Fest 2025 - Azturismo Noticias","og_description":"La primera edici\u00f3n del Mexican Caribbean Music Fest (MCMF) concluy\u00f3 este fin de semana con un \u00e9xito sin precedentes, registrando un lleno total con m\u00e1s de 20,000 asistentes que vibraron al ritmo de destacados artistas internacionales encabezados por la leyenda musical Sting. El evento, celebrado en el paradis\u00edaco entorno del Parque ZAMNA en Tulum, forma parte de las celebraciones por el 50 aniversario de la fundaci\u00f3n del estado de Quintana Roo.","og_url":"https:\/\/azturismo.net\/?p=3846","og_site_name":"Azturismo Noticias","article_publisher":"https:\/\/www.facebook.com\/AzturismoNoticias","article_published_time":"2025-05-21T01:07:00+00:00","article_modified_time":"2025-05-22T03:16:47+00:00","og_image":[{"width":600,"height":399,"url":"https:\/\/azturismo.net\/wp-content\/uploads\/2025\/05\/Sting-2.jpeg","type":"image\/jpeg"}],"author":"Azturismo","twitter_card":"summary_large_image","twitter_creator":"@AzTurismo","twitter_site":"@AzTurismo","twitter_misc":{"Escrito por":"Azturismo","Tiempo de lectura":"4 minutos"},"schema":{"@context":"https:\/\/schema.org","@graph":[{"@type":"Article","@id":"https:\/\/azturismo.net\/?p=3846#article","isPartOf":{"@id":"https:\/\/azturismo.net\/?p=3846"},"author":{"name":"Azturismo","@id":"https:\/\/azturismo.net\/#\/schema\/person\/4b56d87f51c4d1b518c650739ad3bbc1"},"headline":"Sting se apoder\u00f3 del Mexican Caribbean Music Fest 2025","datePublished":"2025-05-21T01:07:00+00:00","dateModified":"2025-05-22T03:16:47+00:00","mainEntityOfPage":{"@id":"https:\/\/azturismo.net\/?p=3846"},"wordCount":788,"commentCount":0,"publisher":{"@id":"https:\/\/azturismo.net\/#organization"},"image":{"@id":"https:\/\/azturismo.net\/?p=3846#primaryimage"},"thumbnailUrl":"https:\/\/i0.wp.com\/azturismo.net\/wp-content\/uploads\/2025\/05\/Sting-2.jpeg?fit=600%2C399&ssl=1","keywords":["50 aniversario de Quintana Roo","azturismo","festivales m\u00fasica M\u00e9xico","festivales m\u00fasica Riviera Maya","MCMF Tulum","Mexican Caribbean Music Fest","Riviera Maya","Sting en Tulum","Turismo"],"articleSection":["Destacadas","ESPECIALES 1","ESPECIALES 2"],"inLanguage":"es","potentialAction":[{"@type":"CommentAction","name":"Comment","target":["https:\/\/azturismo.net\/?p=3846#respond"]}]},{"@type":"WebPage","@id":"https:\/\/azturismo.net\/?p=3846","url":"https:\/\/azturismo.net\/?p=3846","name":"Sting se apoder\u00f3 del Mexican Caribbean Music Fest 2025 - Azturismo Noticias","isPartOf":{"@id":"https:\/\/azturismo.net\/#website"},"primaryImageOfPage":{"@id":"https:\/\/azturismo.net\/?p=3846#primaryimage"},"image":{"@id":"https:\/\/azturismo.net\/?p=3846#primaryimage"},"thumbnailUrl":"https:\/\/i0.wp.com\/azturismo.net\/wp-content\/uploads\/2025\/05\/Sting-2.jpeg?fit=600%2C399&ssl=1","datePublished":"2025-05-21T01:07:00+00:00","dateModified":"2025-05-22T03:16:47+00:00","description":"La primera edici\u00f3n del Mexican Caribbean Music Fest (MCMF) concluy\u00f3 este fin de semana con un \u00e9xito sin precedentes, registrando un lleno total con m\u00e1s de 20,000 asistentes que vibraron al ritmo de destacados artistas internacionales encabezados por la leyenda musical Sting. El evento, celebrado en el paradis\u00edaco entorno del Parque ZAMNA en Tulum, forma parte de las celebraciones por el 50 aniversario de la fundaci\u00f3n del estado de Quintana Roo.","breadcrumb":{"@id":"https:\/\/azturismo.net\/?p=3846#breadcrumb"},"inLanguage":"es","potentialAction":[{"@type":"ReadAction","target":["https:\/\/azturismo.net\/?p=3846"]}]},{"@type":"ImageObject","inLanguage":"es","@id":"https:\/\/azturismo.net\/?p=3846#primaryimage","url":"https:\/\/i0.wp.com\/azturismo.net\/wp-content\/uploads\/2025\/05\/Sting-2.jpeg?fit=600%2C399&ssl=1","contentUrl":"https:\/\/i0.wp.com\/azturismo.net\/wp-content\/uploads\/2025\/05\/Sting-2.jpeg?fit=600%2C399&ssl=1","width":600,"height":399},{"@type":"BreadcrumbList","@id":"https:\/\/azturismo.net\/?p=3846#breadcrumb","itemListElement":[{"@type":"ListItem","position":1,"name":"Home","item":"https:\/\/azturismo.net\/"},{"@type":"ListItem","position":2,"name":"Sting se apoder\u00f3 del Mexican Caribbean Music Fest 2025"}]},{"@type":"WebSite","@id":"https:\/\/azturismo.net\/#website","url":"https:\/\/azturismo.net\/","name":"Azturismo","description":"Azturismo Noticias","publisher":{"@id":"https:\/\/azturismo.net\/#organization"},"potentialAction":[{"@type":"SearchAction","target":{"@type":"EntryPoint","urlTemplate":"https:\/\/azturismo.net\/?s={search_term_string}"},"query-input":{"@type":"PropertyValueSpecification","valueRequired":true,"valueName":"search_term_string"}}],"inLanguage":"es"},{"@type":"Organization","@id":"https:\/\/azturismo.net\/#organization","name":"Azturismo","url":"https:\/\/azturismo.net\/","logo":{"@type":"ImageObject","inLanguage":"es","@id":"https:\/\/azturismo.net\/#\/schema\/logo\/image\/","url":"https:\/\/i0.wp.com\/azturismo.net\/wp-content\/uploads\/2024\/03\/logo-el-bueno-.png?fit=294%2C69&ssl=1","contentUrl":"https:\/\/i0.wp.com\/azturismo.net\/wp-content\/uploads\/2024\/03\/logo-el-bueno-.png?fit=294%2C69&ssl=1","width":294,"height":69,"caption":"Azturismo"},"image":{"@id":"https:\/\/azturismo.net\/#\/schema\/logo\/image\/"},"sameAs":["https:\/\/www.facebook.com\/AzturismoNoticias","https:\/\/x.com\/AzTurismo","https:\/\/www.instagram.com\/azturismo_noticias\/?fbclid=IwAR2xMiuoHbs6eLeIHKP8P5sSGa-xFrw7FfejscXO7kDghWa7wKLjGczKOwE","https:\/\/www.tiktok.com\/@azturismo"]},{"@type":"Person","@id":"https:\/\/azturismo.net\/#\/schema\/person\/4b56d87f51c4d1b518c650739ad3bbc1","name":"Azturismo","image":{"@type":"ImageObject","inLanguage":"es","@id":"https:\/\/azturismo.net\/wp-content\/litespeed\/avatar\/dfe28a31cdd68b788da48a316e50db10.jpg?ver=1777707566","url":"https:\/\/azturismo.net\/wp-content\/litespeed\/avatar\/dfe28a31cdd68b788da48a316e50db10.jpg?ver=1777707566","contentUrl":"https:\/\/azturismo.net\/wp-content\/litespeed\/avatar\/dfe28a31cdd68b788da48a316e50db10.jpg?ver=1777707566","caption":"Azturismo"},"sameAs":["https:\/\/azturismo.net"],"url":"https:\/\/azturismo.net\/?author=1"}]}},"jetpack_publicize_connections":[],"jetpack_featured_media_url":"https:\/\/i0.wp.com\/azturismo.net\/wp-content\/uploads\/2025\/05\/Sting-2.jpeg?fit=600%2C399&ssl=1","jetpack_sharing_enabled":true,"jetpack-related-posts":[{"id":4740,"url":"https:\/\/azturismo.net\/?p=4740","url_meta":{"origin":3846,"position":0},"title":"\u00a1Si vas a Tulum conoce el colmillo del depredador m\u00e1s feroz de la prehistoria!","author":"Azturismo","date":"agosto 7, 2025","format":false,"excerpt":"Por Staff AzTurismo \u00bfSab\u00edas que el depredador m\u00e1s feroz de la prehistoria nadaba donde hoy est\u00e1n los cenotes de la Riviera Maya? Un descubrimiento que est\u00e1 cambiando para siempre la forma en que vemos Quintana Roo y se puede apreciar en el Museo Regional de la Costa Oriental en Tulum,\u2026","rel":"","context":"En &quot;Destacadas&quot;","block_context":{"text":"Destacadas","link":"https:\/\/azturismo.net\/?cat=30"},"img":{"alt_text":"","src":"https:\/\/i0.wp.com\/azturismo.net\/wp-content\/uploads\/2025\/08\/Cenote-Maravilla.-Foto-Pedro-Almada.-Proyecto-GAM.png?fit=600%2C392&ssl=1&resize=350%2C200","width":350,"height":200,"srcset":"https:\/\/i0.wp.com\/azturismo.net\/wp-content\/uploads\/2025\/08\/Cenote-Maravilla.-Foto-Pedro-Almada.-Proyecto-GAM.png?fit=600%2C392&ssl=1&resize=350%2C200 1x, https:\/\/i0.wp.com\/azturismo.net\/wp-content\/uploads\/2025\/08\/Cenote-Maravilla.-Foto-Pedro-Almada.-Proyecto-GAM.png?fit=600%2C392&ssl=1&resize=525%2C300 1.5x"},"classes":[]},{"id":6158,"url":"https:\/\/azturismo.net\/?p=6158","url_meta":{"origin":3846,"position":1},"title":"Necesario equilibrio entre crecimiento tur\u00edstico y sostenibilidad en Tulum","author":"Azturismo","date":"octubre 22, 2025","format":false,"excerpt":"Por Staff AzTurismo \ud83c\udf3f En medio de los desaf\u00edos que enfrenta Tulum por el crecimiento acelerado del turismo y la presi\u00f3n sobre sus ecosistemas, la secretaria de Turismo del Gobierno de M\u00e9xico, Josefina Rodr\u00edguez Zamora, realiz\u00f3 una visita de trabajo para atender los principales temas que afectan la sostenibilidad y\u2026","rel":"","context":"En &quot;Destacadas&quot;","block_context":{"text":"Destacadas","link":"https:\/\/azturismo.net\/?cat=30"},"img":{"alt_text":"","src":"https:\/\/i0.wp.com\/azturismo.net\/wp-content\/uploads\/2025\/10\/Sectur-Tulum2.jpeg?fit=600%2C399&ssl=1&resize=350%2C200","width":350,"height":200,"srcset":"https:\/\/i0.wp.com\/azturismo.net\/wp-content\/uploads\/2025\/10\/Sectur-Tulum2.jpeg?fit=600%2C399&ssl=1&resize=350%2C200 1x, https:\/\/i0.wp.com\/azturismo.net\/wp-content\/uploads\/2025\/10\/Sectur-Tulum2.jpeg?fit=600%2C399&ssl=1&resize=525%2C300 1.5x"},"classes":[]},{"id":6753,"url":"https:\/\/azturismo.net\/?p=6753","url_meta":{"origin":3846,"position":2},"title":"\u00a1Reabre el enigm\u00e1tico Nohoch Mul en Cob\u00e1!","author":"Azturismo","date":"diciembre 11, 2025","format":false,"excerpt":"Por Staff AzTurismo \ud83c\udf89Despu\u00e9s de seis a\u00f1os de cierre, el emblem\u00e1tico basamento Nohoch Mul \u2013gran mont\u00edculo, en maya yucateco\u2013 , la estructura prehisp\u00e1nica m\u00e1s elevada del norte del \u00e1rea maya, volvi\u00f3 a abrir al p\u00fablico con una nueva escalinata de madera y una Unidad de Servicios renovada, como parte del\u2026","rel":"","context":"En &quot;Destacadas&quot;","block_context":{"text":"Destacadas","link":"https:\/\/azturismo.net\/?cat=30"},"img":{"alt_text":"","src":"https:\/\/i0.wp.com\/azturismo.net\/wp-content\/uploads\/2025\/12\/Con-una-inversion-cercana-a-los-cinco-millones-de-pesos-la-Secretaria-de-Cultura-del-Gobierno-de-Mexico-y-el-INAH-fortalecen-la-proteccion-del-patrimonio.-Foto-Secretaria-de-Cultura.jpeg?fit=600%2C400&ssl=1&resize=350%2C200","width":350,"height":200,"srcset":"https:\/\/i0.wp.com\/azturismo.net\/wp-content\/uploads\/2025\/12\/Con-una-inversion-cercana-a-los-cinco-millones-de-pesos-la-Secretaria-de-Cultura-del-Gobierno-de-Mexico-y-el-INAH-fortalecen-la-proteccion-del-patrimonio.-Foto-Secretaria-de-Cultura.jpeg?fit=600%2C400&ssl=1&resize=350%2C200 1x, https:\/\/i0.wp.com\/azturismo.net\/wp-content\/uploads\/2025\/12\/Con-una-inversion-cercana-a-los-cinco-millones-de-pesos-la-Secretaria-de-Cultura-del-Gobierno-de-Mexico-y-el-INAH-fortalecen-la-proteccion-del-patrimonio.-Foto-Secretaria-de-Cultura.jpeg?fit=600%2C400&ssl=1&resize=525%2C300 1.5x"},"classes":[]},{"id":3990,"url":"https:\/\/azturismo.net\/?p=3990","url_meta":{"origin":3846,"position":3},"title":"La Meliponicultura Maya florece en Quintana Roo","author":"Azturismo","date":"junio 4, 2025","format":false,"excerpt":"Por Staff AzTurismo La dulce tradici\u00f3n de la meliponicultura prehisp\u00e1nica sigue viva en Quintana Roo, un legado maya que el Instituto Nacional de Antropolog\u00eda e Historia (INAH) y especialistas locales se esmeran en preservar. Recientemente, en el Museo Hist\u00f3rico de Felipe Carrillo Puerto, parte de la red INAH, se destac\u00f3\u2026","rel":"","context":"En &quot;Destacadas&quot;","block_context":{"text":"Destacadas","link":"https:\/\/azturismo.net\/?cat=30"},"img":{"alt_text":"","src":"https:\/\/i0.wp.com\/azturismo.net\/wp-content\/uploads\/2025\/06\/Fotos-cortesia-CINAH-Quintana-Roo.jpeg?fit=600%2C328&ssl=1&resize=350%2C200","width":350,"height":200,"srcset":"https:\/\/i0.wp.com\/azturismo.net\/wp-content\/uploads\/2025\/06\/Fotos-cortesia-CINAH-Quintana-Roo.jpeg?fit=600%2C328&ssl=1&resize=350%2C200 1x, https:\/\/i0.wp.com\/azturismo.net\/wp-content\/uploads\/2025\/06\/Fotos-cortesia-CINAH-Quintana-Roo.jpeg?fit=600%2C328&ssl=1&resize=525%2C300 1.5x"},"classes":[]},{"id":6936,"url":"https:\/\/azturismo.net\/?p=6936","url_meta":{"origin":3846,"position":4},"title":"Bandas y  50 cervecer\u00edas estar\u00e1n en el Beer Fest 2026 en Jardines de M\u00e9xico","author":"Azturismo","date":"abril 1, 2026","format":false,"excerpt":"Por Oscar V\u00e1zquez C. Con un cartel estelar encabezado por\u00a0Alison, Los Blenders, La Gusana Ciega y Camilo S\u00e9ptimo, el estado de Morelos se prepara para recibir una de las fiestas m\u00e1s esperadas del a\u00f1o: el\u00a0Beer Fest 2026. El evento, que promete convertirse en el epicentro del entretenimiento, se llevar\u00e1 a\u2026","rel":"","context":"En &quot;Destacadas&quot;","block_context":{"text":"Destacadas","link":"https:\/\/azturismo.net\/?cat=30"},"img":{"alt_text":"","src":"https:\/\/i0.wp.com\/azturismo.net\/wp-content\/uploads\/2026\/03\/beerfest-morelos2.jpeg?fit=600%2C424&ssl=1&resize=350%2C200","width":350,"height":200,"srcset":"https:\/\/i0.wp.com\/azturismo.net\/wp-content\/uploads\/2026\/03\/beerfest-morelos2.jpeg?fit=600%2C424&ssl=1&resize=350%2C200 1x, https:\/\/i0.wp.com\/azturismo.net\/wp-content\/uploads\/2026\/03\/beerfest-morelos2.jpeg?fit=600%2C424&ssl=1&resize=525%2C300 1.5x"},"classes":[]},{"id":7055,"url":"https:\/\/azturismo.net\/?p=7055","url_meta":{"origin":3846,"position":5},"title":"Tulum frente a su momento de madurez inmobiliaria","author":"Azturismo","date":"abril 14, 2026","format":false,"excerpt":"Por Ronaldo Zanon Durante m\u00e1s de una d\u00e9cada, Tulum se consolid\u00f3 como el s\u00edmbolo del boom inmobiliario y tur\u00edstico en M\u00e9xico. Sin embargo, al cierre de 2025, el destino atraviesa una fase natural de ajuste, impulsada por la sobreoferta de vivienda vertical, cambios en la demanda tur\u00edstica y la necesidad\u2026","rel":"","context":"En &quot;Destacadas&quot;","block_context":{"text":"Destacadas","link":"https:\/\/azturismo.net\/?cat=30"},"img":{"alt_text":"","src":"https:\/\/i0.wp.com\/azturismo.net\/wp-content\/uploads\/2026\/04\/Tulum-1.jpeg?fit=600%2C400&ssl=1&resize=350%2C200","width":350,"height":200,"srcset":"https:\/\/i0.wp.com\/azturismo.net\/wp-content\/uploads\/2026\/04\/Tulum-1.jpeg?fit=600%2C400&ssl=1&resize=350%2C200 1x, https:\/\/i0.wp.com\/azturismo.net\/wp-content\/uploads\/2026\/04\/Tulum-1.jpeg?fit=600%2C400&ssl=1&resize=525%2C300 1.5x"},"classes":[]}],"jetpack_shortlink":"https:\/\/wp.me\/pfqZGx-102","amp_enabled":true,"_links":{"self":[{"href":"https:\/\/azturismo.net\/index.php?rest_route=\/wp\/v2\/posts\/3846","targetHints":{"allow":["GET"]}}],"collection":[{"href":"https:\/\/azturismo.net\/index.php?rest_route=\/wp\/v2\/posts"}],"about":[{"href":"https:\/\/azturismo.net\/index.php?rest_route=\/wp\/v2\/types\/post"}],"author":[{"embeddable":true,"href":"https:\/\/azturismo.net\/index.php?rest_route=\/wp\/v2\/users\/1"}],"replies":[{"embeddable":true,"href":"https:\/\/azturismo.net\/index.php?rest_route=%2Fwp%2Fv2%2Fcomments&post=3846"}],"version-history":[{"count":2,"href":"https:\/\/azturismo.net\/index.php?rest_route=\/wp\/v2\/posts\/3846\/revisions"}],"predecessor-version":[{"id":3893,"href":"https:\/\/azturismo.net\/index.php?rest_route=\/wp\/v2\/posts\/3846\/revisions\/3893"}],"wp:featuredmedia":[{"embeddable":true,"href":"https:\/\/azturismo.net\/index.php?rest_route=\/wp\/v2\/media\/3847"}],"wp:attachment":[{"href":"https:\/\/azturismo.net\/index.php?rest_route=%2Fwp%2Fv2%2Fmedia&parent=3846"}],"wp:term":[{"taxonomy":"category","embeddable":true,"href":"https:\/\/azturismo.net\/index.php?rest_route=%2Fwp%2Fv2%2Fcategories&post=3846"},{"taxonomy":"post_tag","embeddable":true,"href":"https:\/\/azturismo.net\/index.php?rest_route=%2Fwp%2Fv2%2Ftags&post=3846"}],"curies":[{"name":"wp","href":"https:\/\/api.w.org\/{rel}","templated":true}]}}