{"id":3761,"date":"2025-05-15T17:43:14","date_gmt":"2025-05-15T23:43:14","guid":{"rendered":"https:\/\/azturismo.net\/?p=3761"},"modified":"2025-05-16T18:45:17","modified_gmt":"2025-05-17T00:45:17","slug":"premiaran-en-jalisco-lo-mejor-de-la-gastronomia-y-hoteleria-mexicana-en-los-premios-mexbest-2025","status":"publish","type":"post","link":"https:\/\/azturismo.net\/?p=3761","title":{"rendered":"Jalisco sede de los premios MexBest 2025"},"content":{"rendered":"\n<p>Por Ricardo Aguirre<\/p>\n\n\n\n<p>Por primera vez, Jalisco se convertir\u00e1 en el epicentro gastron\u00f3mico y hotelero de M\u00e9xico al albergar la prestigiosa quinta edici\u00f3n de los <strong>Premios MexBest 2025<\/strong> , organizados por Grupo Expansi\u00f3n, que reconocer\u00e1 la excelencia culinaria y hospitalaria nacional en 30 categor\u00edas diferentes.<\/p>\n\n\n\n<h2 class=\"wp-block-heading\">Jalisco: Nueva Capital Gastron\u00f3mica para los MexBest<\/h2>\n\n\n\n<p>La elecci\u00f3n de Jalisco como sede de MexBest 2025 no es casualidad. La entidad fue seleccionada gracias a su destacado <strong>liderazgo en el sector tur\u00edstico nacional<\/strong> , su robusta infraestructura hotelera de primer nivel y su extraordinaria oferta gastron\u00f3mica que fusiona perfectamente la cocina tradicional mexicana con innovadoras propuestas de autor.<\/p>\n\n\n<div class=\"wp-block-image\">\n<figure class=\"alignright size-full is-resized\"><img data-recalc-dims=\"1\" loading=\"lazy\" decoding=\"async\" width=\"600\" height=\"600\" data-attachment-id=\"3763\" data-permalink=\"https:\/\/azturismo.net\/?attachment_id=3763\" data-orig-file=\"https:\/\/i0.wp.com\/azturismo.net\/wp-content\/uploads\/2025\/05\/unnamed-4.jpg?fit=600%2C600&amp;ssl=1\" data-orig-size=\"600,600\" data-comments-opened=\"1\" data-image-meta=\"{&quot;aperture&quot;:&quot;0&quot;,&quot;credit&quot;:&quot;&quot;,&quot;camera&quot;:&quot;&quot;,&quot;caption&quot;:&quot;&quot;,&quot;created_timestamp&quot;:&quot;0&quot;,&quot;copyright&quot;:&quot;&quot;,&quot;focal_length&quot;:&quot;0&quot;,&quot;iso&quot;:&quot;0&quot;,&quot;shutter_speed&quot;:&quot;0&quot;,&quot;title&quot;:&quot;&quot;,&quot;orientation&quot;:&quot;1&quot;}\" data-image-title=\"mexbest\" data-image-description=\"\" data-image-caption=\"\" data-large-file=\"https:\/\/i0.wp.com\/azturismo.net\/wp-content\/uploads\/2025\/05\/unnamed-4.jpg?fit=600%2C600&amp;ssl=1\" src=\"https:\/\/i0.wp.com\/azturismo.net\/wp-content\/uploads\/2025\/05\/unnamed-4.jpg?resize=600%2C600&#038;ssl=1\" alt=\"\" class=\"wp-image-3763\" style=\"width:343px;height:auto\" srcset=\"https:\/\/i0.wp.com\/azturismo.net\/wp-content\/uploads\/2025\/05\/unnamed-4.jpg?w=600&amp;ssl=1 600w, https:\/\/i0.wp.com\/azturismo.net\/wp-content\/uploads\/2025\/05\/unnamed-4.jpg?resize=300%2C300&amp;ssl=1 300w, https:\/\/i0.wp.com\/azturismo.net\/wp-content\/uploads\/2025\/05\/unnamed-4.jpg?resize=150%2C150&amp;ssl=1 150w\" sizes=\"auto, (max-width: 600px) 100vw, 600px\" \/><\/figure><\/div>\n\n\n<p>Durante la presentaci\u00f3n del evento realizado en Foro Castalia, de la Ciudad de M\u00e9xico y encabezado por <strong>Michelle Fridman Hirsch,\u00a0<\/strong>secretaria de Turismo de Jalisco y <strong>Claudia C\u00e1ndano,<\/strong>\u00a0directora general MEXBEST, se estableci\u00f3 que la premiaci\u00f3n, programada para agosto de 2025 en Guadalajara, reunir\u00e1 a los principales exponentes de la industria gastron\u00f3mica y hotelera mexicana, consolidando a Jalisco como referente nacional en ambos sectores.<\/p>\n\n\n\n<h2 class=\"wp-block-heading\">30 Categor\u00edas y el Poder del Voto Popular<\/h2>\n\n\n\n<p>Los MexBest 2025 destacar\u00e1n por su amplia gama de reconocimientos distribuidos en 30 categor\u00edas que abarcan:<\/p>\n\n\n\n<ul class=\"wp-block-list\">\n<li>Excelencia en restaurantes<\/li>\n\n\n\n<li>Innovaci\u00f3n en hoteler\u00eda<\/li>\n\n\n\n<li>Mejores bares y espacios de mixolog\u00eda<\/li>\n\n\n\n<li>Experiencias gastron\u00f3micas sobresalientes.<\/li>\n\n\n\n<li>Proyectos sustentables en la industria<\/li>\n<\/ul>\n\n\n\n<p>Adem\u00e1s, el galard\u00f3n &#8220;Reader&#8217;s Choice&#8221; ser\u00e1 el \u00fanico premio otorgado mediante votaci\u00f3n p\u00fablica, permitiendo a los amantes de la gastronom\u00eda y el turismo expresar sus preferencias.<\/p>\n\n\n\n<h2 class=\"wp-block-heading\">Un Calendario de Experiencias Gastron\u00f3micas y Culturales<\/h2>\n\n\n\n<p>El programa de MexBest 2025 va m\u00e1s all\u00e1 de la ceremonia de premiaci\u00f3n. Durante todo agosto, Jalisco ofrecer\u00e1:<\/p>\n\n\n\n<ul class=\"wp-block-list\">\n<li>Experiencias gastron\u00f3micas exclusivas<\/li>\n\n\n\n<li>Catas especializadas<\/li>\n\n\n\n<li>Talleres con chefs reconocidos<\/li>\n\n\n\n<li>Visitas a productores locales<\/li>\n\n\n\n<li>Recorridos por la ruta del tequila<\/li>\n<\/ul>\n\n\n\n<p>&#8220;Con este evento, Jalisco demuestra su capacidad para albergar celebraciones de talla internacional que destacan lo mejor de nuestra gastronom\u00eda y hospitalidad&#8221;, se\u00f1alan los organizadores.<\/p>\n\n\n\n<h2 class=\"wp-block-heading\">Jalisco: Consolidando su Posici\u00f3n como Centro de Eventos Internacionales<\/h2>\n\n\n\n<p>Los Premios MexBest 2025 se suman a una impresionante agenda de eventos internacionales que tendr\u00e1n lugar en Jalisco pr\u00f3ximamente:<\/p>\n\n\n<div class=\"wp-block-image\">\n<figure class=\"alignleft size-full is-resized\"><img data-recalc-dims=\"1\" loading=\"lazy\" decoding=\"async\" width=\"600\" height=\"900\" data-attachment-id=\"3764\" data-permalink=\"https:\/\/azturismo.net\/?attachment_id=3764\" data-orig-file=\"https:\/\/i0.wp.com\/azturismo.net\/wp-content\/uploads\/2025\/05\/MEXBEST.jpg?fit=600%2C900&amp;ssl=1\" data-orig-size=\"600,900\" data-comments-opened=\"1\" data-image-meta=\"{&quot;aperture&quot;:&quot;4&quot;,&quot;credit&quot;:&quot;Hermes Quetzalcoatl&quot;,&quot;camera&quot;:&quot;ILCE-7M4&quot;,&quot;caption&quot;:&quot;&quot;,&quot;created_timestamp&quot;:&quot;1747306183&quot;,&quot;copyright&quot;:&quot;Hermes Quetzalcoatl&quot;,&quot;focal_length&quot;:&quot;27&quot;,&quot;iso&quot;:&quot;800&quot;,&quot;shutter_speed&quot;:&quot;0.008&quot;,&quot;title&quot;:&quot;&quot;,&quot;orientation&quot;:&quot;1&quot;}\" data-image-title=\"MEXBEST\" data-image-description=\"\" data-image-caption=\"\" data-large-file=\"https:\/\/i0.wp.com\/azturismo.net\/wp-content\/uploads\/2025\/05\/MEXBEST.jpg?fit=600%2C900&amp;ssl=1\" src=\"https:\/\/i0.wp.com\/azturismo.net\/wp-content\/uploads\/2025\/05\/MEXBEST.jpg?resize=600%2C900&#038;ssl=1\" alt=\"\" class=\"wp-image-3764\" style=\"width:305px;height:auto\" srcset=\"https:\/\/i0.wp.com\/azturismo.net\/wp-content\/uploads\/2025\/05\/MEXBEST.jpg?w=600&amp;ssl=1 600w, https:\/\/i0.wp.com\/azturismo.net\/wp-content\/uploads\/2025\/05\/MEXBEST.jpg?resize=200%2C300&amp;ssl=1 200w, https:\/\/i0.wp.com\/azturismo.net\/wp-content\/uploads\/2025\/05\/MEXBEST.jpg?resize=150%2C225&amp;ssl=1 150w, https:\/\/i0.wp.com\/azturismo.net\/wp-content\/uploads\/2025\/05\/MEXBEST.jpg?resize=300%2C450&amp;ssl=1 300w\" sizes=\"auto, (max-width: 600px) 100vw, 600px\" \/><\/figure><\/div>\n\n\n<ul class=\"wp-block-list\">\n<li>ITB Am\u00e9ricas<\/li>\n\n\n\n<li>Concurso Mundial de Bebidas Espirituosas Bruselas 2025<\/li>\n\n\n\n<li>Sede de partidos para el Mundial de F\u00fatbol 2026<\/li>\n<\/ul>\n\n\n\n<p>Esta serie de eventos internacionales refuerza el posicionamiento de Jalisco como destino global para el turismo gastron\u00f3mico, cultural y deportivo, generando importantes beneficios econ\u00f3micos para la regi\u00f3n y consolidando su prestigio internacional.<\/p>\n\n\n\n<h2 class=\"wp-block-heading\">Sobre MexBest<\/h2>\n\n\n\n<p>MexBest, organizado por Grupo Expansi\u00f3n, se ha convertido en uno de los reconocimientos m\u00e1s importantes del sector gastron\u00f3mico y hotelero en M\u00e9xico desde su creaci\u00f3n. A lo largo de sus cuatro ediciones anteriores, se ha destacado la excelencia, innovaci\u00f3n y calidad de servicios que elevan constantemente los est\u00e1ndares nacionales.<\/p>\n\n\n\n<p>Para m\u00e1s informaci\u00f3n sobre MexBest 2025 y c\u00f3mo participar en las votaciones del Reader&#8217;s Choice, visita el sitio oficial: <a href=\"http:\/\/www.mexbest.mx\">www.mexbest.mx<\/a><\/p>\n\n\n\n<p><\/p>\n\n\n\n<p><\/p>\n","protected":false},"excerpt":{"rendered":"<p>Por Ricardo Aguirre Por primera vez, Jalisco se convertir\u00e1 en el epicentro gastron\u00f3mico y hotelero de M\u00e9xico al albergar la prestigiosa quinta edici\u00f3n de los Premios MexBest 2025 , organizados por Grupo Expansi\u00f3n, que reconocer\u00e1 la excelencia culinaria y hospitalaria nacional en 30 categor\u00edas diferentes. Jalisco: Nueva Capital Gastron\u00f3mica para los MexBest La elecci\u00f3n de [&hellip;]<\/p>\n","protected":false},"author":1,"featured_media":3762,"comment_status":"open","ping_status":"open","sticky":false,"template":"","format":"standard","meta":{"jetpack_post_was_ever_published":false,"_jetpack_newsletter_access":"","_jetpack_dont_email_post_to_subs":false,"_jetpack_newsletter_tier_id":0,"_jetpack_memberships_contains_paywalled_content":false,"_jetpack_memberships_contains_paid_content":false,"footnotes":"","jetpack_publicize_message":"","jetpack_publicize_feature_enabled":true,"jetpack_social_post_already_shared":true,"jetpack_social_options":{"image_generator_settings":{"template":"highway","default_image_id":0,"font":"","enabled":false},"version":2}},"categories":[30,25],"tags":[99,1569,387,1568,1566,1567,1564,1565,1570,39,1563],"class_list":{"0":"post-3761","1":"post","2":"type-post","3":"status-publish","4":"format-standard","5":"has-post-thumbnail","7":"category-e","8":"category-notitar","9":"tag-azturismo","10":"tag-eventos-gastronomicos-jalisco","11":"tag-gastronomia-mexicana","12":"tag-grupo-expansion","13":"tag-guadalajara-eventos-2025","14":"tag-hoteleria-mexicana","15":"tag-mexbest-2025","16":"tag-premios-gastronomia-mexico","17":"tag-readers-choice","18":"tag-turismo","19":"tag-turismo-jalisco"},"yoast_head":"<!-- This site is optimized with the Yoast SEO plugin v27.5 - https:\/\/yoast.com\/product\/yoast-seo-wordpress\/ -->\n<title>Jalisco sede de los premios MexBest 2025 - Azturismo Noticias<\/title>\n<meta name=\"description\" content=\"Por primera vez, Jalisco se convertir\u00e1 en el epicentro gastron\u00f3mico y hotelero de M\u00e9xico al albergar la prestigiosa quinta edici\u00f3n de los Premios MexBest 2025 , organizados por Grupo Expansi\u00f3n, que reconocer\u00e1 la excelencia culinaria y hospitalaria nacional en 30 categor\u00edas diferentes.\" \/>\n<meta name=\"robots\" content=\"index, follow, max-snippet:-1, max-image-preview:large, max-video-preview:-1\" \/>\n<link rel=\"canonical\" href=\"https:\/\/azturismo.net\/?p=3761\" \/>\n<meta property=\"og:locale\" content=\"es_MX\" \/>\n<meta property=\"og:type\" content=\"article\" \/>\n<meta property=\"og:title\" content=\"Jalisco sede de los premios MexBest 2025 - Azturismo Noticias\" \/>\n<meta property=\"og:description\" content=\"Por primera vez, Jalisco se convertir\u00e1 en el epicentro gastron\u00f3mico y hotelero de M\u00e9xico al albergar la prestigiosa quinta edici\u00f3n de los Premios MexBest 2025 , organizados por Grupo Expansi\u00f3n, que reconocer\u00e1 la excelencia culinaria y hospitalaria nacional en 30 categor\u00edas diferentes.\" \/>\n<meta property=\"og:url\" content=\"https:\/\/azturismo.net\/?p=3761\" \/>\n<meta property=\"og:site_name\" content=\"Azturismo Noticias\" \/>\n<meta property=\"article:publisher\" content=\"https:\/\/www.facebook.com\/AzturismoNoticias\" \/>\n<meta property=\"article:published_time\" content=\"2025-05-15T23:43:14+00:00\" \/>\n<meta property=\"article:modified_time\" content=\"2025-05-17T00:45:17+00:00\" \/>\n<meta property=\"og:image\" content=\"https:\/\/azturismo.net\/wp-content\/uploads\/2025\/05\/unnamed-3.jpg\" \/>\n\t<meta property=\"og:image:width\" content=\"600\" \/>\n\t<meta property=\"og:image:height\" content=\"400\" \/>\n\t<meta property=\"og:image:type\" content=\"image\/jpeg\" \/>\n<meta name=\"author\" content=\"Azturismo\" \/>\n<meta name=\"twitter:card\" content=\"summary_large_image\" \/>\n<meta name=\"twitter:creator\" content=\"@AzTurismo\" \/>\n<meta name=\"twitter:site\" content=\"@AzTurismo\" \/>\n<meta name=\"twitter:label1\" content=\"Escrito por\" \/>\n\t<meta name=\"twitter:data1\" content=\"Azturismo\" \/>\n\t<meta name=\"twitter:label2\" content=\"Tiempo de lectura\" \/>\n\t<meta name=\"twitter:data2\" content=\"3 minutos\" \/>\n<script type=\"application\/ld+json\" class=\"yoast-schema-graph\">{\"@context\":\"https:\\\/\\\/schema.org\",\"@graph\":[{\"@type\":\"Article\",\"@id\":\"https:\\\/\\\/azturismo.net\\\/?p=3761#article\",\"isPartOf\":{\"@id\":\"https:\\\/\\\/azturismo.net\\\/?p=3761\"},\"author\":{\"name\":\"Azturismo\",\"@id\":\"https:\\\/\\\/azturismo.net\\\/#\\\/schema\\\/person\\\/4b56d87f51c4d1b518c650739ad3bbc1\"},\"headline\":\"Jalisco sede de los premios MexBest 2025\",\"datePublished\":\"2025-05-15T23:43:14+00:00\",\"dateModified\":\"2025-05-17T00:45:17+00:00\",\"mainEntityOfPage\":{\"@id\":\"https:\\\/\\\/azturismo.net\\\/?p=3761\"},\"wordCount\":501,\"commentCount\":0,\"publisher\":{\"@id\":\"https:\\\/\\\/azturismo.net\\\/#organization\"},\"image\":{\"@id\":\"https:\\\/\\\/azturismo.net\\\/?p=3761#primaryimage\"},\"thumbnailUrl\":\"https:\\\/\\\/i0.wp.com\\\/azturismo.net\\\/wp-content\\\/uploads\\\/2025\\\/05\\\/unnamed-3.jpg?fit=600%2C400&ssl=1\",\"keywords\":[\"azturismo\",\"Eventos Gastron\u00f3micos Jalisco\",\"gastronom\u00eda mexicana\",\"Grupo Expansi\u00f3n\",\"Guadalajara Eventos 2025\",\"Hoteler\u00eda Mexicana\",\"MexBest 2025\",\"Premios Gastronom\u00eda M\u00e9xico\",\"Reader's Choice\",\"Turismo\",\"Turismo Jalisco\"],\"articleSection\":[\"Destacadas\",\"NOTITUR\"],\"inLanguage\":\"es\",\"potentialAction\":[{\"@type\":\"CommentAction\",\"name\":\"Comment\",\"target\":[\"https:\\\/\\\/azturismo.net\\\/?p=3761#respond\"]}]},{\"@type\":\"WebPage\",\"@id\":\"https:\\\/\\\/azturismo.net\\\/?p=3761\",\"url\":\"https:\\\/\\\/azturismo.net\\\/?p=3761\",\"name\":\"Jalisco sede de los premios MexBest 2025 - Azturismo Noticias\",\"isPartOf\":{\"@id\":\"https:\\\/\\\/azturismo.net\\\/#website\"},\"primaryImageOfPage\":{\"@id\":\"https:\\\/\\\/azturismo.net\\\/?p=3761#primaryimage\"},\"image\":{\"@id\":\"https:\\\/\\\/azturismo.net\\\/?p=3761#primaryimage\"},\"thumbnailUrl\":\"https:\\\/\\\/i0.wp.com\\\/azturismo.net\\\/wp-content\\\/uploads\\\/2025\\\/05\\\/unnamed-3.jpg?fit=600%2C400&ssl=1\",\"datePublished\":\"2025-05-15T23:43:14+00:00\",\"dateModified\":\"2025-05-17T00:45:17+00:00\",\"description\":\"Por primera vez, Jalisco se convertir\u00e1 en el epicentro gastron\u00f3mico y hotelero de M\u00e9xico al albergar la prestigiosa quinta edici\u00f3n de los Premios MexBest 2025 , organizados por Grupo Expansi\u00f3n, que reconocer\u00e1 la excelencia culinaria y hospitalaria nacional en 30 categor\u00edas diferentes.\",\"breadcrumb\":{\"@id\":\"https:\\\/\\\/azturismo.net\\\/?p=3761#breadcrumb\"},\"inLanguage\":\"es\",\"potentialAction\":[{\"@type\":\"ReadAction\",\"target\":[\"https:\\\/\\\/azturismo.net\\\/?p=3761\"]}]},{\"@type\":\"ImageObject\",\"inLanguage\":\"es\",\"@id\":\"https:\\\/\\\/azturismo.net\\\/?p=3761#primaryimage\",\"url\":\"https:\\\/\\\/i0.wp.com\\\/azturismo.net\\\/wp-content\\\/uploads\\\/2025\\\/05\\\/unnamed-3.jpg?fit=600%2C400&ssl=1\",\"contentUrl\":\"https:\\\/\\\/i0.wp.com\\\/azturismo.net\\\/wp-content\\\/uploads\\\/2025\\\/05\\\/unnamed-3.jpg?fit=600%2C400&ssl=1\",\"width\":600,\"height\":400},{\"@type\":\"BreadcrumbList\",\"@id\":\"https:\\\/\\\/azturismo.net\\\/?p=3761#breadcrumb\",\"itemListElement\":[{\"@type\":\"ListItem\",\"position\":1,\"name\":\"Home\",\"item\":\"https:\\\/\\\/azturismo.net\\\/\"},{\"@type\":\"ListItem\",\"position\":2,\"name\":\"Jalisco sede de los premios MexBest 2025\"}]},{\"@type\":\"WebSite\",\"@id\":\"https:\\\/\\\/azturismo.net\\\/#website\",\"url\":\"https:\\\/\\\/azturismo.net\\\/\",\"name\":\"Azturismo\",\"description\":\"Azturismo Noticias\",\"publisher\":{\"@id\":\"https:\\\/\\\/azturismo.net\\\/#organization\"},\"potentialAction\":[{\"@type\":\"SearchAction\",\"target\":{\"@type\":\"EntryPoint\",\"urlTemplate\":\"https:\\\/\\\/azturismo.net\\\/?s={search_term_string}\"},\"query-input\":{\"@type\":\"PropertyValueSpecification\",\"valueRequired\":true,\"valueName\":\"search_term_string\"}}],\"inLanguage\":\"es\"},{\"@type\":\"Organization\",\"@id\":\"https:\\\/\\\/azturismo.net\\\/#organization\",\"name\":\"Azturismo\",\"url\":\"https:\\\/\\\/azturismo.net\\\/\",\"logo\":{\"@type\":\"ImageObject\",\"inLanguage\":\"es\",\"@id\":\"https:\\\/\\\/azturismo.net\\\/#\\\/schema\\\/logo\\\/image\\\/\",\"url\":\"https:\\\/\\\/i0.wp.com\\\/azturismo.net\\\/wp-content\\\/uploads\\\/2024\\\/03\\\/logo-el-bueno-.png?fit=294%2C69&ssl=1\",\"contentUrl\":\"https:\\\/\\\/i0.wp.com\\\/azturismo.net\\\/wp-content\\\/uploads\\\/2024\\\/03\\\/logo-el-bueno-.png?fit=294%2C69&ssl=1\",\"width\":294,\"height\":69,\"caption\":\"Azturismo\"},\"image\":{\"@id\":\"https:\\\/\\\/azturismo.net\\\/#\\\/schema\\\/logo\\\/image\\\/\"},\"sameAs\":[\"https:\\\/\\\/www.facebook.com\\\/AzturismoNoticias\",\"https:\\\/\\\/x.com\\\/AzTurismo\",\"https:\\\/\\\/www.instagram.com\\\/azturismo_noticias\\\/?fbclid=IwAR2xMiuoHbs6eLeIHKP8P5sSGa-xFrw7FfejscXO7kDghWa7wKLjGczKOwE\",\"https:\\\/\\\/www.tiktok.com\\\/@azturismo\"]},{\"@type\":\"Person\",\"@id\":\"https:\\\/\\\/azturismo.net\\\/#\\\/schema\\\/person\\\/4b56d87f51c4d1b518c650739ad3bbc1\",\"name\":\"Azturismo\",\"image\":{\"@type\":\"ImageObject\",\"inLanguage\":\"es\",\"@id\":\"https:\\\/\\\/azturismo.net\\\/wp-content\\\/litespeed\\\/avatar\\\/dfe28a31cdd68b788da48a316e50db10.jpg?ver=1777707566\",\"url\":\"https:\\\/\\\/azturismo.net\\\/wp-content\\\/litespeed\\\/avatar\\\/dfe28a31cdd68b788da48a316e50db10.jpg?ver=1777707566\",\"contentUrl\":\"https:\\\/\\\/azturismo.net\\\/wp-content\\\/litespeed\\\/avatar\\\/dfe28a31cdd68b788da48a316e50db10.jpg?ver=1777707566\",\"caption\":\"Azturismo\"},\"sameAs\":[\"https:\\\/\\\/azturismo.net\"],\"url\":\"https:\\\/\\\/azturismo.net\\\/?author=1\"}]}<\/script>\n<!-- \/ Yoast SEO plugin. -->","yoast_head_json":{"title":"Jalisco sede de los premios MexBest 2025 - Azturismo Noticias","description":"Por primera vez, Jalisco se convertir\u00e1 en el epicentro gastron\u00f3mico y hotelero de M\u00e9xico al albergar la prestigiosa quinta edici\u00f3n de los Premios MexBest 2025 , organizados por Grupo Expansi\u00f3n, que reconocer\u00e1 la excelencia culinaria y hospitalaria nacional en 30 categor\u00edas diferentes.","robots":{"index":"index","follow":"follow","max-snippet":"max-snippet:-1","max-image-preview":"max-image-preview:large","max-video-preview":"max-video-preview:-1"},"canonical":"https:\/\/azturismo.net\/?p=3761","og_locale":"es_MX","og_type":"article","og_title":"Jalisco sede de los premios MexBest 2025 - Azturismo Noticias","og_description":"Por primera vez, Jalisco se convertir\u00e1 en el epicentro gastron\u00f3mico y hotelero de M\u00e9xico al albergar la prestigiosa quinta edici\u00f3n de los Premios MexBest 2025 , organizados por Grupo Expansi\u00f3n, que reconocer\u00e1 la excelencia culinaria y hospitalaria nacional en 30 categor\u00edas diferentes.","og_url":"https:\/\/azturismo.net\/?p=3761","og_site_name":"Azturismo Noticias","article_publisher":"https:\/\/www.facebook.com\/AzturismoNoticias","article_published_time":"2025-05-15T23:43:14+00:00","article_modified_time":"2025-05-17T00:45:17+00:00","og_image":[{"width":600,"height":400,"url":"https:\/\/azturismo.net\/wp-content\/uploads\/2025\/05\/unnamed-3.jpg","type":"image\/jpeg"}],"author":"Azturismo","twitter_card":"summary_large_image","twitter_creator":"@AzTurismo","twitter_site":"@AzTurismo","twitter_misc":{"Escrito por":"Azturismo","Tiempo de lectura":"3 minutos"},"schema":{"@context":"https:\/\/schema.org","@graph":[{"@type":"Article","@id":"https:\/\/azturismo.net\/?p=3761#article","isPartOf":{"@id":"https:\/\/azturismo.net\/?p=3761"},"author":{"name":"Azturismo","@id":"https:\/\/azturismo.net\/#\/schema\/person\/4b56d87f51c4d1b518c650739ad3bbc1"},"headline":"Jalisco sede de los premios MexBest 2025","datePublished":"2025-05-15T23:43:14+00:00","dateModified":"2025-05-17T00:45:17+00:00","mainEntityOfPage":{"@id":"https:\/\/azturismo.net\/?p=3761"},"wordCount":501,"commentCount":0,"publisher":{"@id":"https:\/\/azturismo.net\/#organization"},"image":{"@id":"https:\/\/azturismo.net\/?p=3761#primaryimage"},"thumbnailUrl":"https:\/\/i0.wp.com\/azturismo.net\/wp-content\/uploads\/2025\/05\/unnamed-3.jpg?fit=600%2C400&ssl=1","keywords":["azturismo","Eventos Gastron\u00f3micos Jalisco","gastronom\u00eda mexicana","Grupo Expansi\u00f3n","Guadalajara Eventos 2025","Hoteler\u00eda Mexicana","MexBest 2025","Premios Gastronom\u00eda M\u00e9xico","Reader's Choice","Turismo","Turismo Jalisco"],"articleSection":["Destacadas","NOTITUR"],"inLanguage":"es","potentialAction":[{"@type":"CommentAction","name":"Comment","target":["https:\/\/azturismo.net\/?p=3761#respond"]}]},{"@type":"WebPage","@id":"https:\/\/azturismo.net\/?p=3761","url":"https:\/\/azturismo.net\/?p=3761","name":"Jalisco sede de los premios MexBest 2025 - Azturismo Noticias","isPartOf":{"@id":"https:\/\/azturismo.net\/#website"},"primaryImageOfPage":{"@id":"https:\/\/azturismo.net\/?p=3761#primaryimage"},"image":{"@id":"https:\/\/azturismo.net\/?p=3761#primaryimage"},"thumbnailUrl":"https:\/\/i0.wp.com\/azturismo.net\/wp-content\/uploads\/2025\/05\/unnamed-3.jpg?fit=600%2C400&ssl=1","datePublished":"2025-05-15T23:43:14+00:00","dateModified":"2025-05-17T00:45:17+00:00","description":"Por primera vez, Jalisco se convertir\u00e1 en el epicentro gastron\u00f3mico y hotelero de M\u00e9xico al albergar la prestigiosa quinta edici\u00f3n de los Premios MexBest 2025 , organizados por Grupo Expansi\u00f3n, que reconocer\u00e1 la excelencia culinaria y hospitalaria nacional en 30 categor\u00edas diferentes.","breadcrumb":{"@id":"https:\/\/azturismo.net\/?p=3761#breadcrumb"},"inLanguage":"es","potentialAction":[{"@type":"ReadAction","target":["https:\/\/azturismo.net\/?p=3761"]}]},{"@type":"ImageObject","inLanguage":"es","@id":"https:\/\/azturismo.net\/?p=3761#primaryimage","url":"https:\/\/i0.wp.com\/azturismo.net\/wp-content\/uploads\/2025\/05\/unnamed-3.jpg?fit=600%2C400&ssl=1","contentUrl":"https:\/\/i0.wp.com\/azturismo.net\/wp-content\/uploads\/2025\/05\/unnamed-3.jpg?fit=600%2C400&ssl=1","width":600,"height":400},{"@type":"BreadcrumbList","@id":"https:\/\/azturismo.net\/?p=3761#breadcrumb","itemListElement":[{"@type":"ListItem","position":1,"name":"Home","item":"https:\/\/azturismo.net\/"},{"@type":"ListItem","position":2,"name":"Jalisco sede de los premios MexBest 2025"}]},{"@type":"WebSite","@id":"https:\/\/azturismo.net\/#website","url":"https:\/\/azturismo.net\/","name":"Azturismo","description":"Azturismo Noticias","publisher":{"@id":"https:\/\/azturismo.net\/#organization"},"potentialAction":[{"@type":"SearchAction","target":{"@type":"EntryPoint","urlTemplate":"https:\/\/azturismo.net\/?s={search_term_string}"},"query-input":{"@type":"PropertyValueSpecification","valueRequired":true,"valueName":"search_term_string"}}],"inLanguage":"es"},{"@type":"Organization","@id":"https:\/\/azturismo.net\/#organization","name":"Azturismo","url":"https:\/\/azturismo.net\/","logo":{"@type":"ImageObject","inLanguage":"es","@id":"https:\/\/azturismo.net\/#\/schema\/logo\/image\/","url":"https:\/\/i0.wp.com\/azturismo.net\/wp-content\/uploads\/2024\/03\/logo-el-bueno-.png?fit=294%2C69&ssl=1","contentUrl":"https:\/\/i0.wp.com\/azturismo.net\/wp-content\/uploads\/2024\/03\/logo-el-bueno-.png?fit=294%2C69&ssl=1","width":294,"height":69,"caption":"Azturismo"},"image":{"@id":"https:\/\/azturismo.net\/#\/schema\/logo\/image\/"},"sameAs":["https:\/\/www.facebook.com\/AzturismoNoticias","https:\/\/x.com\/AzTurismo","https:\/\/www.instagram.com\/azturismo_noticias\/?fbclid=IwAR2xMiuoHbs6eLeIHKP8P5sSGa-xFrw7FfejscXO7kDghWa7wKLjGczKOwE","https:\/\/www.tiktok.com\/@azturismo"]},{"@type":"Person","@id":"https:\/\/azturismo.net\/#\/schema\/person\/4b56d87f51c4d1b518c650739ad3bbc1","name":"Azturismo","image":{"@type":"ImageObject","inLanguage":"es","@id":"https:\/\/azturismo.net\/wp-content\/litespeed\/avatar\/dfe28a31cdd68b788da48a316e50db10.jpg?ver=1777707566","url":"https:\/\/azturismo.net\/wp-content\/litespeed\/avatar\/dfe28a31cdd68b788da48a316e50db10.jpg?ver=1777707566","contentUrl":"https:\/\/azturismo.net\/wp-content\/litespeed\/avatar\/dfe28a31cdd68b788da48a316e50db10.jpg?ver=1777707566","caption":"Azturismo"},"sameAs":["https:\/\/azturismo.net"],"url":"https:\/\/azturismo.net\/?author=1"}]}},"jetpack_publicize_connections":[],"jetpack_featured_media_url":"https:\/\/i0.wp.com\/azturismo.net\/wp-content\/uploads\/2025\/05\/unnamed-3.jpg?fit=600%2C400&ssl=1","jetpack_sharing_enabled":true,"jetpack-related-posts":[{"id":4891,"url":"https:\/\/azturismo.net\/?p=4891","url_meta":{"origin":3761,"position":0},"title":"Jalisco ser\u00e1 el epicentro mundial del mariachi, el tequila y los destilados en septiembre","author":"Azturismo","date":"agosto 15, 2025","format":false,"excerpt":"Por Oscar V\u00e1zquez C. Entre el sonido del mariachi, la pasi\u00f3n de la charrer\u00eda y los destilados de renombre internacional, Jalisco se prepara para mostrar al mundo su esencia m\u00e1s aut\u00e9ntica. Este 2025, el estado ser\u00e1 sede de dos eventos de talla internacional: la 27\u00aa edici\u00f3n del Spirits Selection by\u2026","rel":"","context":"En &quot;Destacadas&quot;","block_context":{"text":"Destacadas","link":"https:\/\/azturismo.net\/?cat=30"},"img":{"alt_text":"","src":"https:\/\/i0.wp.com\/azturismo.net\/wp-content\/uploads\/2025\/08\/jalisco.jpeg?fit=600%2C450&ssl=1&resize=350%2C200","width":350,"height":200,"srcset":"https:\/\/i0.wp.com\/azturismo.net\/wp-content\/uploads\/2025\/08\/jalisco.jpeg?fit=600%2C450&ssl=1&resize=350%2C200 1x, https:\/\/i0.wp.com\/azturismo.net\/wp-content\/uploads\/2025\/08\/jalisco.jpeg?fit=600%2C450&ssl=1&resize=525%2C300 1.5x"},"classes":[]},{"id":5978,"url":"https:\/\/azturismo.net\/?p=5978","url_meta":{"origin":3761,"position":1},"title":"Afianza Jalisco su presencia en Europa","author":"Azturismo","date":"octubre 15, 2025","format":false,"excerpt":"Por Staff AzTurismo \ud83c\udf0d Jalisco consolida su liderazgo tur\u00edstico a nivel global tras una exitosa gira de promoci\u00f3n por cinco pa\u00edses europeos: Francia, Polonia, Alemania, Espa\u00f1a e Italia.La Secretar\u00eda de Turismo de Jalisco (Setujal) present\u00f3 la oferta tur\u00edstica, cultural y gastron\u00f3mica de Jalisco con el objetivo de atraer inversiones, promover\u2026","rel":"","context":"En &quot;Destacadas&quot;","block_context":{"text":"Destacadas","link":"https:\/\/azturismo.net\/?cat=30"},"img":{"alt_text":"","src":"https:\/\/i0.wp.com\/azturismo.net\/wp-content\/uploads\/2025\/10\/Jalisco-Europa1.jpg?fit=600%2C400&ssl=1&resize=350%2C200","width":350,"height":200,"srcset":"https:\/\/i0.wp.com\/azturismo.net\/wp-content\/uploads\/2025\/10\/Jalisco-Europa1.jpg?fit=600%2C400&ssl=1&resize=350%2C200 1x, https:\/\/i0.wp.com\/azturismo.net\/wp-content\/uploads\/2025\/10\/Jalisco-Europa1.jpg?fit=600%2C400&ssl=1&resize=525%2C300 1.5x"},"classes":[]},{"id":7028,"url":"https:\/\/azturismo.net\/?p=7028","url_meta":{"origin":3761,"position":2},"title":"Jalisco, Yucat\u00e1n y Puebla entran al escenario gastron\u00f3mico mundial","author":"Azturismo","date":"abril 10, 2026","format":false,"excerpt":"Por Oscar V\u00e1zquez C. \ud83c\udf74\ud83c\udf2eLa cocina mexicana sigue conquistando al mundo. La reciente incorporaci\u00f3n de Jalisco, Yucat\u00e1n y Puebla a la Gu\u00eda Michelin M\u00e9xico marca un paso decisivo para consolidar al pa\u00eds como uno de los destinos culinarios m\u00e1s importantes a nivel global, con impacto directo en el turismo, la\u2026","rel":"","context":"En &quot;Destacadas&quot;","block_context":{"text":"Destacadas","link":"https:\/\/azturismo.net\/?cat=30"},"img":{"alt_text":"","src":"https:\/\/i0.wp.com\/azturismo.net\/wp-content\/uploads\/2026\/04\/Sectur-yucatan-gastronomia.jpeg?fit=600%2C723&ssl=1&resize=350%2C200","width":350,"height":200,"srcset":"https:\/\/i0.wp.com\/azturismo.net\/wp-content\/uploads\/2026\/04\/Sectur-yucatan-gastronomia.jpeg?fit=600%2C723&ssl=1&resize=350%2C200 1x, https:\/\/i0.wp.com\/azturismo.net\/wp-content\/uploads\/2026\/04\/Sectur-yucatan-gastronomia.jpeg?fit=600%2C723&ssl=1&resize=525%2C300 1.5x"},"classes":[]},{"id":4060,"url":"https:\/\/azturismo.net\/?p=4060","url_meta":{"origin":3761,"position":3},"title":"Los Premios Ariel 2025 se realizar\u00e1n en Puerto Vallarta","author":"Azturismo","date":"junio 10, 2025","format":false,"excerpt":"La Secretar\u00eda de Turismo de Jalisco (Secturjal) anunci\u00f3 oficialmente durante el Festival Internacional de Cine en Guadalajara (FICG) que Puerto Vallarta ser\u00e1 la sede de la ceremonia de premiaci\u00f3n de la edici\u00f3n n\u00famero 67 de los Premios Ariel, el galard\u00f3n m\u00e1s prestigioso del cine mexicano. El evento, programado para el\u2026","rel":"","context":"En &quot;Destacadas&quot;","block_context":{"text":"Destacadas","link":"https:\/\/azturismo.net\/?cat=30"},"img":{"alt_text":"","src":"https:\/\/i0.wp.com\/azturismo.net\/wp-content\/uploads\/2025\/06\/54573465956_9e8c06c281_w-1.jpg?fit=400%2C267&ssl=1&resize=350%2C200","width":350,"height":200},"classes":[]},{"id":3246,"url":"https:\/\/azturismo.net\/?p=3246","url_meta":{"origin":3761,"position":4},"title":"Jalisco ser\u00e1 sede de la primera edici\u00f3n de ITB Am\u00e9ricas en 2026","author":"Azturismo","date":"marzo 6, 2025","format":false,"excerpt":"Por Oscar V\u00e1zquez C. La Internationale Tourismus-B\u00f6rse (ITB) Berl\u00edn, el evento de turismo m\u00e1s relevante a nivel mundial, anunci\u00f3 oficialmente que Jalisco ser\u00e1 la sede de la primera edici\u00f3n de ITB Am\u00e9ricas, consolid\u00e1ndose como un destino clave para el turismo y los negocios en la regi\u00f3n. La secretaria de Turismo\u2026","rel":"","context":"En &quot;Destacadas&quot;","block_context":{"text":"Destacadas","link":"https:\/\/azturismo.net\/?cat=30"},"img":{"alt_text":"","src":"https:\/\/i0.wp.com\/azturismo.net\/wp-content\/uploads\/2025\/03\/PSX_20250306_183354.jpg?fit=600%2C487&ssl=1&resize=350%2C200","width":350,"height":200,"srcset":"https:\/\/i0.wp.com\/azturismo.net\/wp-content\/uploads\/2025\/03\/PSX_20250306_183354.jpg?fit=600%2C487&ssl=1&resize=350%2C200 1x, https:\/\/i0.wp.com\/azturismo.net\/wp-content\/uploads\/2025\/03\/PSX_20250306_183354.jpg?fit=600%2C487&ssl=1&resize=525%2C300 1.5x"},"classes":[]},{"id":5676,"url":"https:\/\/azturismo.net\/?p=5676","url_meta":{"origin":3761,"position":5},"title":"Sayula se viste de fiesta con la 2a edici\u00f3n del Tianguis Tur\u00edstico Regional en Jalisco","author":"Azturismo","date":"septiembre 26, 2025","format":false,"excerpt":"Por Staff AzTurismo El Pueblo M\u00e1gico de Sayula, famoso por su cajeta artesanal, sus calles empedradas y su riqueza cultural, ser\u00e1 anfitri\u00f3n de la segunda edici\u00f3n del Tianguis Tur\u00edstico Regional, que se llevar\u00e1 a cabo los d\u00edas 27 y 28 de septiembre en la Plaza Principal. Este evento reunir\u00e1 a\u2026","rel":"","context":"En &quot;Destacadas&quot;","block_context":{"text":"Destacadas","link":"https:\/\/azturismo.net\/?cat=30"},"img":{"alt_text":"","src":"https:\/\/i0.wp.com\/azturismo.net\/wp-content\/uploads\/2025\/09\/Jalisco-Sayula.jpg?fit=600%2C400&ssl=1&resize=350%2C200","width":350,"height":200,"srcset":"https:\/\/i0.wp.com\/azturismo.net\/wp-content\/uploads\/2025\/09\/Jalisco-Sayula.jpg?fit=600%2C400&ssl=1&resize=350%2C200 1x, https:\/\/i0.wp.com\/azturismo.net\/wp-content\/uploads\/2025\/09\/Jalisco-Sayula.jpg?fit=600%2C400&ssl=1&resize=525%2C300 1.5x"},"classes":[]}],"jetpack_shortlink":"https:\/\/wp.me\/pfqZGx-YF","amp_enabled":true,"_links":{"self":[{"href":"https:\/\/azturismo.net\/index.php?rest_route=\/wp\/v2\/posts\/3761","targetHints":{"allow":["GET"]}}],"collection":[{"href":"https:\/\/azturismo.net\/index.php?rest_route=\/wp\/v2\/posts"}],"about":[{"href":"https:\/\/azturismo.net\/index.php?rest_route=\/wp\/v2\/types\/post"}],"author":[{"embeddable":true,"href":"https:\/\/azturismo.net\/index.php?rest_route=\/wp\/v2\/users\/1"}],"replies":[{"embeddable":true,"href":"https:\/\/azturismo.net\/index.php?rest_route=%2Fwp%2Fv2%2Fcomments&post=3761"}],"version-history":[{"count":2,"href":"https:\/\/azturismo.net\/index.php?rest_route=\/wp\/v2\/posts\/3761\/revisions"}],"predecessor-version":[{"id":3786,"href":"https:\/\/azturismo.net\/index.php?rest_route=\/wp\/v2\/posts\/3761\/revisions\/3786"}],"wp:featuredmedia":[{"embeddable":true,"href":"https:\/\/azturismo.net\/index.php?rest_route=\/wp\/v2\/media\/3762"}],"wp:attachment":[{"href":"https:\/\/azturismo.net\/index.php?rest_route=%2Fwp%2Fv2%2Fmedia&parent=3761"}],"wp:term":[{"taxonomy":"category","embeddable":true,"href":"https:\/\/azturismo.net\/index.php?rest_route=%2Fwp%2Fv2%2Fcategories&post=3761"},{"taxonomy":"post_tag","embeddable":true,"href":"https:\/\/azturismo.net\/index.php?rest_route=%2Fwp%2Fv2%2Ftags&post=3761"}],"curies":[{"name":"wp","href":"https:\/\/api.w.org\/{rel}","templated":true}]}}