{"id":3759,"date":"2025-05-16T18:56:24","date_gmt":"2025-05-17T00:56:24","guid":{"rendered":"https:\/\/azturismo.net\/?p=3759"},"modified":"2025-05-16T18:56:26","modified_gmt":"2025-05-17T00:56:26","slug":"iberojet-unir-el-bajio-mexicano-con-europa","status":"publish","type":"post","link":"https:\/\/azturismo.net\/?p=3759","title":{"rendered":"Iberojet Unir El Baj\u00edo Mexicano con Europa"},"content":{"rendered":"\n<p>La aerol\u00ednea espa\u00f1ola Iberojet anunci\u00f3 oficialmente la apertura de una nueva ruta directa entre <strong>Quer\u00e9taro y Madrid<\/strong>, que comenzar\u00e1 operaciones en <strong>octubre de 2025<\/strong>. Este importante logro para la conectividad internacional de la regi\u00f3n fue presentado durante un evento en el Teatro Experimental del Quer\u00e9taro Centro de Congresos, donde autoridades estatales y representantes de Grupo \u00c1voris destacaron el impacto positivo que tendr\u00e1 en m\u00faltiples sectores.<\/p>\n\n\n\n<p>Para el gobernador de Quer\u00e9taro, <strong>Mauricio Kuri Gonz\u00e1lez<\/strong>, esta nueva conexi\u00f3n a\u00e9rea representa una valiosa oportunidad para promover el ecosistema empresarial, social y tur\u00edstico del estado, adem\u00e1s de facilitar la movilidad en \u00e1mbitos acad\u00e9micos y tur\u00edsticos.<\/p>\n\n\n\n<p>&#8220;Esta ruta no solo une dos ciudades, sino que acerca dos continentes, fortaleciendo los lazos hist\u00f3ricos, culturales y comerciales entre M\u00e9xico y Espa\u00f1a&#8221;, destac\u00f3 Kuri Gonz\u00e1lez durante su intervenci\u00f3n.<\/p>\n\n\n\n<h2 class=\"wp-block-heading\">Dos Frecuencias Semanales para Potenciar la Conectividad Internacional<\/h2>\n\n\n\n<p>La nueva ruta <strong>Quer\u00e9taro-Madrid<\/strong> iniciar\u00e1 con dos frecuencias semanales, programadas para los d\u00edas <strong>jueves y domingo<\/strong>, respondiendo a una creciente demanda de conexiones tur\u00edsticas y de negocios entre Europa y la regi\u00f3n de El Baj\u00edo mexicano.<\/p>\n\n\n\n<p>Este vuelo directo beneficiar\u00e1 especialmente a:<\/p>\n\n\n\n<ul class=\"wp-block-list\">\n<li><strong>Empresarios y ejecutivos<\/strong> de las 196 compa\u00f1\u00edas espa\u00f1olas establecidas en Quer\u00e9taro<\/li>\n\n\n\n<li><strong>Turistas europeos<\/strong> interesados en explorar las riquezas culturales y naturales del centro de M\u00e9xico<\/li>\n\n\n\n<li><strong>Estudiantes y acad\u00e9micos<\/strong> participantes en programas de intercambio<\/li>\n\n\n\n<li><strong>Familias<\/strong> con conexiones en ambos pa\u00edses<\/li>\n<\/ul>\n\n\n\n<h2 class=\"wp-block-heading\">Un Mercado Potencial de 119 Mil Pasajeros Anuales<\/h2>\n\n\n\n<p>Las estad\u00edsticas presentadas durante el evento revelan que en un radio de 200 kil\u00f3metros alrededor de Quer\u00e9taro se registran aproximadamente <strong>119 mil pasajeros que viajan a Espa\u00f1a anualmente<\/strong>, lo que representa el 11% del total de mexicanos que visitan el pa\u00eds europeo.<\/p>\n\n\n\n<p>Esta significativa demanda existente garantiza la viabilidad y sostenibilidad de la nueva ruta, que se proyecta como un importante impulsor del desarrollo econ\u00f3mico regional.<\/p>\n\n\n\n<h2 class=\"wp-block-heading\">Respaldo de un Gigante del Turismo Global<\/h2>\n\n\n\n<p>Iberojet, perteneciente al Grupo \u00c1voris (divisi\u00f3n de viajes del Grupo Barcel\u00f3), cuenta con una s\u00f3lida infraestructura que incluye:<\/p>\n\n\n\n<ul class=\"wp-block-list\">\n<li>Presencia en <strong>30 pa\u00edses<\/strong><\/li>\n\n\n\n<li>Una red de <strong>300 hoteles<\/strong> de la reconocida cadena Barcel\u00f3<\/li>\n\n\n\n<li>El respaldo de <strong>3,000 agencias de viajes<\/strong> en Espa\u00f1a<\/li>\n<\/ul>\n\n\n\n<p>Fundada en 2013 y con sede en Palma de Mallorca, Iberojet opera vuelos regulares y ch\u00e1rter en Espa\u00f1a, Europa, Am\u00e9rica y \u00c1frica, lo que garantiza un servicio de alta calidad para los pasajeros de esta nueva ruta internacional.<\/p>\n\n\n\n<h2 class=\"wp-block-heading\">Impacto en el Desarrollo Regional<\/h2>\n\n\n\n<p>La apertura de esta conexi\u00f3n directa con Europa potenciar\u00e1 diversos sectores econ\u00f3micos en Quer\u00e9taro y la regi\u00f3n de El Baj\u00edo:<\/p>\n\n\n\n<ul class=\"wp-block-list\">\n<li><strong>Turismo:<\/strong> Incremento en la llegada de visitantes europeos<\/li>\n\n\n\n<li><strong>Comercio internacional:<\/strong> Facilitaci\u00f3n de exportaciones e importaciones<\/li>\n\n\n\n<li><strong>Inversi\u00f3n extranjera:<\/strong> Mayor atractivo para empresas europeas<\/li>\n\n\n\n<li><strong>Educaci\u00f3n:<\/strong> Fortalecimiento de programas de intercambio acad\u00e9mico<\/li>\n<\/ul>\n\n\n\n<h2 class=\"wp-block-heading\">Reserva Tu Vuelo<\/h2>\n\n\n\n<p>La venta de boletos para la ruta Quer\u00e9taro-Madrid comenzar\u00e1 pr\u00f3ximamente a trav\u00e9s de los canales oficiales de Iberojet y agencias de viajes autorizadas. Se recomienda a los interesados estar atentos a los anuncios oficiales sobre tarifas promocionales de lanzamiento. (<strong><em>Por Staff AzTurismo<\/em><\/strong>)<\/p>\n\n\n\n<p><\/p>\n\n\n\n<p><\/p>\n","protected":false},"excerpt":{"rendered":"<p>La aerol\u00ednea espa\u00f1ola Iberojet anunci\u00f3 oficialmente la apertura de una nueva ruta directa entre Quer\u00e9taro y Madrid, que comenzar\u00e1 operaciones en octubre de 2025. Este importante logro para la conectividad internacional de la regi\u00f3n fue presentado durante un evento en el Teatro Experimental del Quer\u00e9taro Centro de Congresos, donde autoridades estatales y representantes de Grupo [&hellip;]<\/p>\n","protected":false},"author":1,"featured_media":3787,"comment_status":"open","ping_status":"open","sticky":false,"template":"","format":"standard","meta":{"jetpack_post_was_ever_published":false,"_jetpack_newsletter_access":"","_jetpack_dont_email_post_to_subs":false,"_jetpack_newsletter_tier_id":0,"_jetpack_memberships_contains_paywalled_content":false,"_jetpack_memberships_contains_paid_content":false,"footnotes":"","jetpack_publicize_message":"","jetpack_publicize_feature_enabled":true,"jetpack_social_post_already_shared":true,"jetpack_social_options":{"image_generator_settings":{"template":"highway","default_image_id":0,"font":"","enabled":false},"version":2}},"categories":[30,29],"tags":[99,1575,1577,1572,1576,1574,116,39,1573,38,1571],"class_list":{"0":"post-3759","1":"post","2":"type-post","3":"status-publish","4":"format-standard","5":"has-post-thumbnail","7":"category-e","8":"category-nacionales","9":"tag-azturismo","10":"tag-conectividad-internacional-el-bajio","11":"tag-grupo-avoris","12":"tag-iberojet-mexico","14":"tag-nueva-ruta-aerea-mexico-espana","15":"tag-sectur","16":"tag-turismo","17":"tag-turismo-queretaro","18":"tag-viajes","19":"tag-vuelo-directo-queretaro-madrid"},"yoast_head":"<!-- This site is optimized with the Yoast SEO plugin v27.5 - https:\/\/yoast.com\/product\/yoast-seo-wordpress\/ -->\n<title>Iberojet Unir El Baj\u00edo Mexicano con Europa - Azturismo Noticias<\/title>\n<meta name=\"description\" content=\"La aerol\u00ednea espa\u00f1ola Iberojet anunci\u00f3 oficialmente la apertura de una nueva ruta directa entre Quer\u00e9taro y Madrid, que comenzar\u00e1 operaciones en octubre de 2025.\" \/>\n<meta name=\"robots\" content=\"index, follow, max-snippet:-1, max-image-preview:large, max-video-preview:-1\" \/>\n<link rel=\"canonical\" href=\"https:\/\/azturismo.net\/?p=3759\" \/>\n<meta property=\"og:locale\" content=\"es_MX\" \/>\n<meta property=\"og:type\" content=\"article\" \/>\n<meta property=\"og:title\" content=\"Iberojet Unir El Baj\u00edo Mexicano con Europa - Azturismo Noticias\" \/>\n<meta property=\"og:description\" content=\"La aerol\u00ednea espa\u00f1ola Iberojet anunci\u00f3 oficialmente la apertura de una nueva ruta directa entre Quer\u00e9taro y Madrid, que comenzar\u00e1 operaciones en octubre de 2025.\" \/>\n<meta property=\"og:url\" content=\"https:\/\/azturismo.net\/?p=3759\" \/>\n<meta property=\"og:site_name\" content=\"Azturismo Noticias\" \/>\n<meta property=\"article:publisher\" content=\"https:\/\/www.facebook.com\/AzturismoNoticias\" \/>\n<meta property=\"article:published_time\" content=\"2025-05-17T00:56:24+00:00\" \/>\n<meta property=\"article:modified_time\" content=\"2025-05-17T00:56:26+00:00\" \/>\n<meta property=\"og:image\" content=\"https:\/\/azturismo.net\/wp-content\/uploads\/2025\/05\/iberojet-Queretaro.jpeg\" \/>\n\t<meta property=\"og:image:width\" content=\"600\" \/>\n\t<meta property=\"og:image:height\" content=\"400\" \/>\n\t<meta property=\"og:image:type\" content=\"image\/jpeg\" \/>\n<meta name=\"author\" content=\"Azturismo\" \/>\n<meta name=\"twitter:card\" content=\"summary_large_image\" \/>\n<meta name=\"twitter:creator\" content=\"@AzTurismo\" \/>\n<meta name=\"twitter:site\" content=\"@AzTurismo\" \/>\n<meta name=\"twitter:label1\" content=\"Escrito por\" \/>\n\t<meta name=\"twitter:data1\" content=\"Azturismo\" \/>\n\t<meta name=\"twitter:label2\" content=\"Tiempo de lectura\" \/>\n\t<meta name=\"twitter:data2\" content=\"3 minutos\" \/>\n<script type=\"application\/ld+json\" class=\"yoast-schema-graph\">{\"@context\":\"https:\\\/\\\/schema.org\",\"@graph\":[{\"@type\":\"Article\",\"@id\":\"https:\\\/\\\/azturismo.net\\\/?p=3759#article\",\"isPartOf\":{\"@id\":\"https:\\\/\\\/azturismo.net\\\/?p=3759\"},\"author\":{\"name\":\"Azturismo\",\"@id\":\"https:\\\/\\\/azturismo.net\\\/#\\\/schema\\\/person\\\/4b56d87f51c4d1b518c650739ad3bbc1\"},\"headline\":\"Iberojet Unir El Baj\u00edo Mexicano con Europa\",\"datePublished\":\"2025-05-17T00:56:24+00:00\",\"dateModified\":\"2025-05-17T00:56:26+00:00\",\"mainEntityOfPage\":{\"@id\":\"https:\\\/\\\/azturismo.net\\\/?p=3759\"},\"wordCount\":531,\"commentCount\":0,\"publisher\":{\"@id\":\"https:\\\/\\\/azturismo.net\\\/#organization\"},\"image\":{\"@id\":\"https:\\\/\\\/azturismo.net\\\/?p=3759#primaryimage\"},\"thumbnailUrl\":\"https:\\\/\\\/i0.wp.com\\\/azturismo.net\\\/wp-content\\\/uploads\\\/2025\\\/05\\\/iberojet-Queretaro.jpeg?fit=600%2C400&ssl=1\",\"keywords\":[\"azturismo\",\"conectividad internacional El Baj\u00edo\",\"Grupo \u00c1voris\",\"Iberojet M\u00e9xico\",\"Mauricio Kuri Gonz\u00e1lez\",\"nueva ruta a\u00e9rea M\u00e9xico Espa\u00f1a\",\"Sectur\",\"Turismo\",\"turismo Quer\u00e9taro\",\"Viajes\",\"vuelo directo Quer\u00e9taro Madrid\"],\"articleSection\":[\"Destacadas\",\"NACIONALES\"],\"inLanguage\":\"es\",\"potentialAction\":[{\"@type\":\"CommentAction\",\"name\":\"Comment\",\"target\":[\"https:\\\/\\\/azturismo.net\\\/?p=3759#respond\"]}]},{\"@type\":\"WebPage\",\"@id\":\"https:\\\/\\\/azturismo.net\\\/?p=3759\",\"url\":\"https:\\\/\\\/azturismo.net\\\/?p=3759\",\"name\":\"Iberojet Unir El Baj\u00edo Mexicano con Europa - Azturismo Noticias\",\"isPartOf\":{\"@id\":\"https:\\\/\\\/azturismo.net\\\/#website\"},\"primaryImageOfPage\":{\"@id\":\"https:\\\/\\\/azturismo.net\\\/?p=3759#primaryimage\"},\"image\":{\"@id\":\"https:\\\/\\\/azturismo.net\\\/?p=3759#primaryimage\"},\"thumbnailUrl\":\"https:\\\/\\\/i0.wp.com\\\/azturismo.net\\\/wp-content\\\/uploads\\\/2025\\\/05\\\/iberojet-Queretaro.jpeg?fit=600%2C400&ssl=1\",\"datePublished\":\"2025-05-17T00:56:24+00:00\",\"dateModified\":\"2025-05-17T00:56:26+00:00\",\"description\":\"La aerol\u00ednea espa\u00f1ola Iberojet anunci\u00f3 oficialmente la apertura de una nueva ruta directa entre Quer\u00e9taro y Madrid, que comenzar\u00e1 operaciones en octubre de 2025.\",\"breadcrumb\":{\"@id\":\"https:\\\/\\\/azturismo.net\\\/?p=3759#breadcrumb\"},\"inLanguage\":\"es\",\"potentialAction\":[{\"@type\":\"ReadAction\",\"target\":[\"https:\\\/\\\/azturismo.net\\\/?p=3759\"]}]},{\"@type\":\"ImageObject\",\"inLanguage\":\"es\",\"@id\":\"https:\\\/\\\/azturismo.net\\\/?p=3759#primaryimage\",\"url\":\"https:\\\/\\\/i0.wp.com\\\/azturismo.net\\\/wp-content\\\/uploads\\\/2025\\\/05\\\/iberojet-Queretaro.jpeg?fit=600%2C400&ssl=1\",\"contentUrl\":\"https:\\\/\\\/i0.wp.com\\\/azturismo.net\\\/wp-content\\\/uploads\\\/2025\\\/05\\\/iberojet-Queretaro.jpeg?fit=600%2C400&ssl=1\",\"width\":600,\"height\":400},{\"@type\":\"BreadcrumbList\",\"@id\":\"https:\\\/\\\/azturismo.net\\\/?p=3759#breadcrumb\",\"itemListElement\":[{\"@type\":\"ListItem\",\"position\":1,\"name\":\"Home\",\"item\":\"https:\\\/\\\/azturismo.net\\\/\"},{\"@type\":\"ListItem\",\"position\":2,\"name\":\"Iberojet Unir El Baj\u00edo Mexicano con Europa\"}]},{\"@type\":\"WebSite\",\"@id\":\"https:\\\/\\\/azturismo.net\\\/#website\",\"url\":\"https:\\\/\\\/azturismo.net\\\/\",\"name\":\"Azturismo\",\"description\":\"Azturismo Noticias\",\"publisher\":{\"@id\":\"https:\\\/\\\/azturismo.net\\\/#organization\"},\"potentialAction\":[{\"@type\":\"SearchAction\",\"target\":{\"@type\":\"EntryPoint\",\"urlTemplate\":\"https:\\\/\\\/azturismo.net\\\/?s={search_term_string}\"},\"query-input\":{\"@type\":\"PropertyValueSpecification\",\"valueRequired\":true,\"valueName\":\"search_term_string\"}}],\"inLanguage\":\"es\"},{\"@type\":\"Organization\",\"@id\":\"https:\\\/\\\/azturismo.net\\\/#organization\",\"name\":\"Azturismo\",\"url\":\"https:\\\/\\\/azturismo.net\\\/\",\"logo\":{\"@type\":\"ImageObject\",\"inLanguage\":\"es\",\"@id\":\"https:\\\/\\\/azturismo.net\\\/#\\\/schema\\\/logo\\\/image\\\/\",\"url\":\"https:\\\/\\\/i0.wp.com\\\/azturismo.net\\\/wp-content\\\/uploads\\\/2024\\\/03\\\/logo-el-bueno-.png?fit=294%2C69&ssl=1\",\"contentUrl\":\"https:\\\/\\\/i0.wp.com\\\/azturismo.net\\\/wp-content\\\/uploads\\\/2024\\\/03\\\/logo-el-bueno-.png?fit=294%2C69&ssl=1\",\"width\":294,\"height\":69,\"caption\":\"Azturismo\"},\"image\":{\"@id\":\"https:\\\/\\\/azturismo.net\\\/#\\\/schema\\\/logo\\\/image\\\/\"},\"sameAs\":[\"https:\\\/\\\/www.facebook.com\\\/AzturismoNoticias\",\"https:\\\/\\\/x.com\\\/AzTurismo\",\"https:\\\/\\\/www.instagram.com\\\/azturismo_noticias\\\/?fbclid=IwAR2xMiuoHbs6eLeIHKP8P5sSGa-xFrw7FfejscXO7kDghWa7wKLjGczKOwE\",\"https:\\\/\\\/www.tiktok.com\\\/@azturismo\"]},{\"@type\":\"Person\",\"@id\":\"https:\\\/\\\/azturismo.net\\\/#\\\/schema\\\/person\\\/4b56d87f51c4d1b518c650739ad3bbc1\",\"name\":\"Azturismo\",\"image\":{\"@type\":\"ImageObject\",\"inLanguage\":\"es\",\"@id\":\"https:\\\/\\\/azturismo.net\\\/wp-content\\\/litespeed\\\/avatar\\\/dfe28a31cdd68b788da48a316e50db10.jpg?ver=1777707566\",\"url\":\"https:\\\/\\\/azturismo.net\\\/wp-content\\\/litespeed\\\/avatar\\\/dfe28a31cdd68b788da48a316e50db10.jpg?ver=1777707566\",\"contentUrl\":\"https:\\\/\\\/azturismo.net\\\/wp-content\\\/litespeed\\\/avatar\\\/dfe28a31cdd68b788da48a316e50db10.jpg?ver=1777707566\",\"caption\":\"Azturismo\"},\"sameAs\":[\"https:\\\/\\\/azturismo.net\"],\"url\":\"https:\\\/\\\/azturismo.net\\\/?author=1\"}]}<\/script>\n<!-- \/ Yoast SEO plugin. -->","yoast_head_json":{"title":"Iberojet Unir El Baj\u00edo Mexicano con Europa - Azturismo Noticias","description":"La aerol\u00ednea espa\u00f1ola Iberojet anunci\u00f3 oficialmente la apertura de una nueva ruta directa entre Quer\u00e9taro y Madrid, que comenzar\u00e1 operaciones en octubre de 2025.","robots":{"index":"index","follow":"follow","max-snippet":"max-snippet:-1","max-image-preview":"max-image-preview:large","max-video-preview":"max-video-preview:-1"},"canonical":"https:\/\/azturismo.net\/?p=3759","og_locale":"es_MX","og_type":"article","og_title":"Iberojet Unir El Baj\u00edo Mexicano con Europa - Azturismo Noticias","og_description":"La aerol\u00ednea espa\u00f1ola Iberojet anunci\u00f3 oficialmente la apertura de una nueva ruta directa entre Quer\u00e9taro y Madrid, que comenzar\u00e1 operaciones en octubre de 2025.","og_url":"https:\/\/azturismo.net\/?p=3759","og_site_name":"Azturismo Noticias","article_publisher":"https:\/\/www.facebook.com\/AzturismoNoticias","article_published_time":"2025-05-17T00:56:24+00:00","article_modified_time":"2025-05-17T00:56:26+00:00","og_image":[{"width":600,"height":400,"url":"https:\/\/azturismo.net\/wp-content\/uploads\/2025\/05\/iberojet-Queretaro.jpeg","type":"image\/jpeg"}],"author":"Azturismo","twitter_card":"summary_large_image","twitter_creator":"@AzTurismo","twitter_site":"@AzTurismo","twitter_misc":{"Escrito por":"Azturismo","Tiempo de lectura":"3 minutos"},"schema":{"@context":"https:\/\/schema.org","@graph":[{"@type":"Article","@id":"https:\/\/azturismo.net\/?p=3759#article","isPartOf":{"@id":"https:\/\/azturismo.net\/?p=3759"},"author":{"name":"Azturismo","@id":"https:\/\/azturismo.net\/#\/schema\/person\/4b56d87f51c4d1b518c650739ad3bbc1"},"headline":"Iberojet Unir El Baj\u00edo Mexicano con Europa","datePublished":"2025-05-17T00:56:24+00:00","dateModified":"2025-05-17T00:56:26+00:00","mainEntityOfPage":{"@id":"https:\/\/azturismo.net\/?p=3759"},"wordCount":531,"commentCount":0,"publisher":{"@id":"https:\/\/azturismo.net\/#organization"},"image":{"@id":"https:\/\/azturismo.net\/?p=3759#primaryimage"},"thumbnailUrl":"https:\/\/i0.wp.com\/azturismo.net\/wp-content\/uploads\/2025\/05\/iberojet-Queretaro.jpeg?fit=600%2C400&ssl=1","keywords":["azturismo","conectividad internacional El Baj\u00edo","Grupo \u00c1voris","Iberojet M\u00e9xico","Mauricio Kuri Gonz\u00e1lez","nueva ruta a\u00e9rea M\u00e9xico Espa\u00f1a","Sectur","Turismo","turismo Quer\u00e9taro","Viajes","vuelo directo Quer\u00e9taro Madrid"],"articleSection":["Destacadas","NACIONALES"],"inLanguage":"es","potentialAction":[{"@type":"CommentAction","name":"Comment","target":["https:\/\/azturismo.net\/?p=3759#respond"]}]},{"@type":"WebPage","@id":"https:\/\/azturismo.net\/?p=3759","url":"https:\/\/azturismo.net\/?p=3759","name":"Iberojet Unir El Baj\u00edo Mexicano con Europa - Azturismo Noticias","isPartOf":{"@id":"https:\/\/azturismo.net\/#website"},"primaryImageOfPage":{"@id":"https:\/\/azturismo.net\/?p=3759#primaryimage"},"image":{"@id":"https:\/\/azturismo.net\/?p=3759#primaryimage"},"thumbnailUrl":"https:\/\/i0.wp.com\/azturismo.net\/wp-content\/uploads\/2025\/05\/iberojet-Queretaro.jpeg?fit=600%2C400&ssl=1","datePublished":"2025-05-17T00:56:24+00:00","dateModified":"2025-05-17T00:56:26+00:00","description":"La aerol\u00ednea espa\u00f1ola Iberojet anunci\u00f3 oficialmente la apertura de una nueva ruta directa entre Quer\u00e9taro y Madrid, que comenzar\u00e1 operaciones en octubre de 2025.","breadcrumb":{"@id":"https:\/\/azturismo.net\/?p=3759#breadcrumb"},"inLanguage":"es","potentialAction":[{"@type":"ReadAction","target":["https:\/\/azturismo.net\/?p=3759"]}]},{"@type":"ImageObject","inLanguage":"es","@id":"https:\/\/azturismo.net\/?p=3759#primaryimage","url":"https:\/\/i0.wp.com\/azturismo.net\/wp-content\/uploads\/2025\/05\/iberojet-Queretaro.jpeg?fit=600%2C400&ssl=1","contentUrl":"https:\/\/i0.wp.com\/azturismo.net\/wp-content\/uploads\/2025\/05\/iberojet-Queretaro.jpeg?fit=600%2C400&ssl=1","width":600,"height":400},{"@type":"BreadcrumbList","@id":"https:\/\/azturismo.net\/?p=3759#breadcrumb","itemListElement":[{"@type":"ListItem","position":1,"name":"Home","item":"https:\/\/azturismo.net\/"},{"@type":"ListItem","position":2,"name":"Iberojet Unir El Baj\u00edo Mexicano con Europa"}]},{"@type":"WebSite","@id":"https:\/\/azturismo.net\/#website","url":"https:\/\/azturismo.net\/","name":"Azturismo","description":"Azturismo Noticias","publisher":{"@id":"https:\/\/azturismo.net\/#organization"},"potentialAction":[{"@type":"SearchAction","target":{"@type":"EntryPoint","urlTemplate":"https:\/\/azturismo.net\/?s={search_term_string}"},"query-input":{"@type":"PropertyValueSpecification","valueRequired":true,"valueName":"search_term_string"}}],"inLanguage":"es"},{"@type":"Organization","@id":"https:\/\/azturismo.net\/#organization","name":"Azturismo","url":"https:\/\/azturismo.net\/","logo":{"@type":"ImageObject","inLanguage":"es","@id":"https:\/\/azturismo.net\/#\/schema\/logo\/image\/","url":"https:\/\/i0.wp.com\/azturismo.net\/wp-content\/uploads\/2024\/03\/logo-el-bueno-.png?fit=294%2C69&ssl=1","contentUrl":"https:\/\/i0.wp.com\/azturismo.net\/wp-content\/uploads\/2024\/03\/logo-el-bueno-.png?fit=294%2C69&ssl=1","width":294,"height":69,"caption":"Azturismo"},"image":{"@id":"https:\/\/azturismo.net\/#\/schema\/logo\/image\/"},"sameAs":["https:\/\/www.facebook.com\/AzturismoNoticias","https:\/\/x.com\/AzTurismo","https:\/\/www.instagram.com\/azturismo_noticias\/?fbclid=IwAR2xMiuoHbs6eLeIHKP8P5sSGa-xFrw7FfejscXO7kDghWa7wKLjGczKOwE","https:\/\/www.tiktok.com\/@azturismo"]},{"@type":"Person","@id":"https:\/\/azturismo.net\/#\/schema\/person\/4b56d87f51c4d1b518c650739ad3bbc1","name":"Azturismo","image":{"@type":"ImageObject","inLanguage":"es","@id":"https:\/\/azturismo.net\/wp-content\/litespeed\/avatar\/dfe28a31cdd68b788da48a316e50db10.jpg?ver=1777707566","url":"https:\/\/azturismo.net\/wp-content\/litespeed\/avatar\/dfe28a31cdd68b788da48a316e50db10.jpg?ver=1777707566","contentUrl":"https:\/\/azturismo.net\/wp-content\/litespeed\/avatar\/dfe28a31cdd68b788da48a316e50db10.jpg?ver=1777707566","caption":"Azturismo"},"sameAs":["https:\/\/azturismo.net"],"url":"https:\/\/azturismo.net\/?author=1"}]}},"jetpack_publicize_connections":[],"jetpack_featured_media_url":"https:\/\/i0.wp.com\/azturismo.net\/wp-content\/uploads\/2025\/05\/iberojet-Queretaro.jpeg?fit=600%2C400&ssl=1","jetpack_sharing_enabled":true,"jetpack-related-posts":[{"id":3928,"url":"https:\/\/azturismo.net\/?p=3928","url_meta":{"origin":3759,"position":0},"title":"Vuelo directo Quer\u00e9taro-Madrid fortalece la conexi\u00f3n entre M\u00e9xico y Espa\u00f1a","author":"Azturismo","date":"mayo 29, 2025","format":false,"excerpt":"Madrid, Espa\u00f1a \u2013 29 de mayo de 2025.\u2013 El gobernador de Quer\u00e9taro, Mauricio Kuri Gonz\u00e1lez, present\u00f3 oficialmente el nuevo vuelo directo entre Quer\u00e9taro y Madrid, operado por la aerol\u00ednea Iberojet, filial del Grupo \u00c1voris. Esta nueva ruta a\u00e9rea marca un paso estrat\u00e9gico hacia la internacionalizaci\u00f3n del estado de Quer\u00e9taro y\u2026","rel":"","context":"En &quot;Destacadas&quot;","block_context":{"text":"Destacadas","link":"https:\/\/azturismo.net\/?cat=30"},"img":{"alt_text":"","src":"https:\/\/i0.wp.com\/azturismo.net\/wp-content\/uploads\/2025\/05\/PSX_20250529_154634.jpg?fit=600%2C400&ssl=1&resize=350%2C200","width":350,"height":200,"srcset":"https:\/\/i0.wp.com\/azturismo.net\/wp-content\/uploads\/2025\/05\/PSX_20250529_154634.jpg?fit=600%2C400&ssl=1&resize=350%2C200 1x, https:\/\/i0.wp.com\/azturismo.net\/wp-content\/uploads\/2025\/05\/PSX_20250529_154634.jpg?fit=600%2C400&ssl=1&resize=525%2C300 1.5x"},"classes":[]},{"id":6387,"url":"https:\/\/azturismo.net\/?p=6387","url_meta":{"origin":3759,"position":1},"title":"Vuelo directo Acapulco-Quer\u00e9taro en Diciembre","author":"Azturismo","date":"noviembre 13, 2025","format":false,"excerpt":"Por Staff AzTurismo En una se\u00f1al clara de su s\u00f3lida recuperaci\u00f3n, Acapulco anuncia un nuevo logro en su conectividad a\u00e9rea: el regreso del vuelo directo Quer\u00e9taro-Acapulco. Operado por TAR Aerol\u00edneas, esta ruta representa un impulso estrat\u00e9gico para el turismo y la econom\u00eda del emblem\u00e1tico puerto guerrerense. Detalles del Nuevo Vuelo\u2026","rel":"","context":"En &quot;Destacadas&quot;","block_context":{"text":"Destacadas","link":"https:\/\/azturismo.net\/?cat=30"},"img":{"alt_text":"","src":"https:\/\/i0.wp.com\/azturismo.net\/wp-content\/uploads\/2025\/11\/TAR.jpg?fit=600%2C306&ssl=1&resize=350%2C200","width":350,"height":200,"srcset":"https:\/\/i0.wp.com\/azturismo.net\/wp-content\/uploads\/2025\/11\/TAR.jpg?fit=600%2C306&ssl=1&resize=350%2C200 1x, https:\/\/i0.wp.com\/azturismo.net\/wp-content\/uploads\/2025\/11\/TAR.jpg?fit=600%2C306&ssl=1&resize=525%2C300 1.5x"},"classes":[]},{"id":3736,"url":"https:\/\/azturismo.net\/?p=3736","url_meta":{"origin":3759,"position":2},"title":"Concretan en Tianguis Tur\u00edstico 35 nuevas rutas a\u00e9reas","author":"Azturismo","date":"mayo 2, 2025","format":false,"excerpt":"El Tianguis Tur\u00edstico M\u00e9xico 2025, fue el escenario para concretar la incorporaci\u00f3n de 35 nuevas rutas a\u00e9reas que potenciar\u00e1n el turismo receptivo y facilitar\u00e1n la movilidad de viajeros desde y hacia m\u00faltiples destinos. La secretaria de Turismo del Gobierno de M\u00e9xico, Josefina Rodr\u00edguez Zamora, manifest\u00f3 que \"la conectividad a\u00e9rea es\u2026","rel":"","context":"En &quot;Destacadas&quot;","block_context":{"text":"Destacadas","link":"https:\/\/azturismo.net\/?cat=30"},"img":{"alt_text":"","src":"https:\/\/i0.wp.com\/azturismo.net\/wp-content\/uploads\/2025\/05\/sectur-aeromexico-tianguis02.jpg?fit=600%2C399&ssl=1&resize=350%2C200","width":350,"height":200,"srcset":"https:\/\/i0.wp.com\/azturismo.net\/wp-content\/uploads\/2025\/05\/sectur-aeromexico-tianguis02.jpg?fit=600%2C399&ssl=1&resize=350%2C200 1x, https:\/\/i0.wp.com\/azturismo.net\/wp-content\/uploads\/2025\/05\/sectur-aeromexico-tianguis02.jpg?fit=600%2C399&ssl=1&resize=525%2C300 1.5x"},"classes":[]},{"id":3447,"url":"https:\/\/azturismo.net\/?p=3447","url_meta":{"origin":3759,"position":3},"title":"Quer\u00e9taro recibe la Indicaci\u00f3n Geogr\u00e1fica Protegida para sus vinos","author":"Azturismo","date":"marzo 25, 2025","format":false,"excerpt":"Por Oscar V\u00e1zquez C. En un hecho hist\u00f3rico para la vitivinicultura mexicana, Quer\u00e9taro recibi\u00f3 oficialmente la Indicaci\u00f3n Geogr\u00e1fica Protegida (IGP) para los vinos de su regi\u00f3n, consolidando su prestigio como una de las zonas vin\u00edcolas m\u00e1s importantes del pa\u00eds. Esta distinci\u00f3n, otorgada por el Instituto Mexicano de la Propiedad Industrial\u2026","rel":"","context":"En &quot;Destacadas&quot;","block_context":{"text":"Destacadas","link":"https:\/\/azturismo.net\/?cat=30"},"img":{"alt_text":"","src":"https:\/\/i0.wp.com\/azturismo.net\/wp-content\/uploads\/2025\/03\/Foto-Vaco-Declaracionvinosqueretaro-presidium.jpg?fit=600%2C400&ssl=1&resize=350%2C200","width":350,"height":200,"srcset":"https:\/\/i0.wp.com\/azturismo.net\/wp-content\/uploads\/2025\/03\/Foto-Vaco-Declaracionvinosqueretaro-presidium.jpg?fit=600%2C400&ssl=1&resize=350%2C200 1x, https:\/\/i0.wp.com\/azturismo.net\/wp-content\/uploads\/2025\/03\/Foto-Vaco-Declaracionvinosqueretaro-presidium.jpg?fit=600%2C400&ssl=1&resize=525%2C300 1.5x"},"classes":[]},{"id":4526,"url":"https:\/\/azturismo.net\/?p=4526","url_meta":{"origin":3759,"position":4},"title":"Volaris inaugura gficialmente la Ruta Morelia-Puerto Vallarta","author":"Azturismo","date":"julio 22, 2025","format":false,"excerpt":"Por Staff AzTurismo El pasado viernes 18 de julio, autoridades tur\u00edsticas y aeroportuarias inauguraron formalmente la nueva ruta de Volaris que conecta Morelia, Michoac\u00e1n con Puerto Vallarta, Jalisco, tras iniciar operaciones a principios de mes. Detalles de la Nueva Ruta La conexi\u00f3n a\u00e9rea opera con tres frecuencias semanales (mi\u00e9rcoles, viernes\u2026","rel":"","context":"En &quot;Blog&quot;","block_context":{"text":"Blog","link":"https:\/\/azturismo.net\/?cat=1"},"img":{"alt_text":"","src":"https:\/\/i0.wp.com\/azturismo.net\/wp-content\/uploads\/2025\/07\/volaris-pasajeros.jpg?fit=600%2C400&ssl=1&resize=350%2C200","width":350,"height":200,"srcset":"https:\/\/i0.wp.com\/azturismo.net\/wp-content\/uploads\/2025\/07\/volaris-pasajeros.jpg?fit=600%2C400&ssl=1&resize=350%2C200 1x, https:\/\/i0.wp.com\/azturismo.net\/wp-content\/uploads\/2025\/07\/volaris-pasajeros.jpg?fit=600%2C400&ssl=1&resize=525%2C300 1.5x"},"classes":[]},{"id":4084,"url":"https:\/\/azturismo.net\/?p=4084","url_meta":{"origin":3759,"position":5},"title":"Quer\u00e9taro muestra su riqueza tur\u00edstica, en Punto M\u00e9xico de CDMX","author":"Azturismo","date":"junio 16, 2025","format":false,"excerpt":"Por Ricardo Aguirre La Secretar\u00eda de Turismo de Quer\u00e9taro, en colaboraci\u00f3n con la Secretar\u00eda de Turismo del Gobierno de M\u00e9xico, inaugur\u00f3 la Presencia de Quer\u00e9taro en Punto M\u00e9xico, ubicado en la Ciudad de M\u00e9xico. Durante todo el mes de junio, los visitantes podr\u00e1n conocer lo mejor del turismo queretano, su\u2026","rel":"","context":"En &quot;Destacadas&quot;","block_context":{"text":"Destacadas","link":"https:\/\/azturismo.net\/?cat=30"},"img":{"alt_text":"","src":"https:\/\/i0.wp.com\/azturismo.net\/wp-content\/uploads\/2025\/06\/PSX_20250610_225716.jpg?fit=600%2C400&ssl=1&resize=350%2C200","width":350,"height":200,"srcset":"https:\/\/i0.wp.com\/azturismo.net\/wp-content\/uploads\/2025\/06\/PSX_20250610_225716.jpg?fit=600%2C400&ssl=1&resize=350%2C200 1x, https:\/\/i0.wp.com\/azturismo.net\/wp-content\/uploads\/2025\/06\/PSX_20250610_225716.jpg?fit=600%2C400&ssl=1&resize=525%2C300 1.5x"},"classes":[]}],"jetpack_shortlink":"https:\/\/wp.me\/pfqZGx-YD","amp_enabled":true,"_links":{"self":[{"href":"https:\/\/azturismo.net\/index.php?rest_route=\/wp\/v2\/posts\/3759","targetHints":{"allow":["GET"]}}],"collection":[{"href":"https:\/\/azturismo.net\/index.php?rest_route=\/wp\/v2\/posts"}],"about":[{"href":"https:\/\/azturismo.net\/index.php?rest_route=\/wp\/v2\/types\/post"}],"author":[{"embeddable":true,"href":"https:\/\/azturismo.net\/index.php?rest_route=\/wp\/v2\/users\/1"}],"replies":[{"embeddable":true,"href":"https:\/\/azturismo.net\/index.php?rest_route=%2Fwp%2Fv2%2Fcomments&post=3759"}],"version-history":[{"count":1,"href":"https:\/\/azturismo.net\/index.php?rest_route=\/wp\/v2\/posts\/3759\/revisions"}],"predecessor-version":[{"id":3788,"href":"https:\/\/azturismo.net\/index.php?rest_route=\/wp\/v2\/posts\/3759\/revisions\/3788"}],"wp:featuredmedia":[{"embeddable":true,"href":"https:\/\/azturismo.net\/index.php?rest_route=\/wp\/v2\/media\/3787"}],"wp:attachment":[{"href":"https:\/\/azturismo.net\/index.php?rest_route=%2Fwp%2Fv2%2Fmedia&parent=3759"}],"wp:term":[{"taxonomy":"category","embeddable":true,"href":"https:\/\/azturismo.net\/index.php?rest_route=%2Fwp%2Fv2%2Fcategories&post=3759"},{"taxonomy":"post_tag","embeddable":true,"href":"https:\/\/azturismo.net\/index.php?rest_route=%2Fwp%2Fv2%2Ftags&post=3759"}],"curies":[{"name":"wp","href":"https:\/\/api.w.org\/{rel}","templated":true}]}}