{"id":3753,"date":"2025-05-05T19:07:00","date_gmt":"2025-05-06T01:07:00","guid":{"rendered":"https:\/\/azturismo.net\/?p=3753"},"modified":"2025-05-05T16:39:08","modified_gmt":"2025-05-05T22:39:08","slug":"si-eres-fan-de-las-pitayas-amacueca-te-espera","status":"publish","type":"post","link":"https:\/\/azturismo.net\/?p=3753","title":{"rendered":"\u00a1Si eres fan de las pitayas, Amacueca te espera!"},"content":{"rendered":"\n<p>El municipio de <strong>Amacueca<\/strong>, reconocido por su rica tradici\u00f3n agr\u00edcola y ubicado en la regi\u00f3n sur de Jalisco, se prepara para recibir con entusiasmo una nueva edici\u00f3n del <strong>Festival de la Pitaya 2025<\/strong>, una de las celebraciones m\u00e1s esperadas del a\u00f1o.<\/p>\n\n\n\n<p>Este colorido festival inicio este <strong>4 de mayo y continuar\u00e1 el 16, 17, 18 y 24 de mayo<\/strong> en la explanada principal del municipio, donde locales y visitantes podr\u00e1n disfrutar de una experiencia \u00fanica entre sabores, m\u00fasica y tradici\u00f3n.<\/p>\n\n\n\n<h2 class=\"wp-block-heading\">\ud83c\udf49 Una fiesta dedicada a la reina de las frutas: la pitaya<\/h2>\n\n\n\n<p>Amacueca es uno de los principales productores de <strong>pitaya en Jalisco<\/strong>, fruta ex\u00f3tica de colores vibrantes y sabor inigualable que crece en esta zona monta\u00f1osa gracias al clima y suelo ideales. Durante el festival, podr\u00e1s degustar productos artesanales como:<\/p>\n\n\n\n<ul class=\"wp-block-list\">\n<li>Mermeladas y chiles en aceite con pitaya<\/li>\n\n\n\n<li>Nieves y panes tradicionales<\/li>\n\n\n\n<li>Caf\u00e9 de altura<\/li>\n\n\n\n<li>Nueces locales<\/li>\n<\/ul>\n\n\n\n<p>Todo elaborado por familias productoras de la regi\u00f3n que mantienen vivas sus costumbres y generan sustento a trav\u00e9s de la agricultura artesanal.<\/p>\n\n\n\n<h2 class=\"wp-block-heading\">\ud83c\udf89 Actividades culturales, m\u00fasica y gastronom\u00eda<\/h2>\n\n\n\n<p>El <strong>Festival de la Pitaya 2025<\/strong> ofrecer\u00e1 cinco d\u00edas llenos de actividades para toda la familia. El programa incluye:<\/p>\n\n\n\n<ul class=\"wp-block-list\">\n<li><strong>Espect\u00e1culos de m\u00fasica en vivo<\/strong><\/li>\n\n\n\n<li><strong>Bailables tradicionales<\/strong><\/li>\n\n\n\n<li><strong>Shows de comedia e imitaci\u00f3n<\/strong><\/li>\n\n\n\n<li><strong>Exhibiciones culturales y venta de productos locales<\/strong><\/li>\n<\/ul>\n\n\n\n<p>Adem\u00e1s, se realizar\u00e1n <strong>recorridos guiados por cafetales<\/strong>, donde los visitantes podr\u00e1n conocer el proceso de producci\u00f3n del caf\u00e9 de Amacueca, desde la cosecha hasta la taza, sumergi\u00e9ndose en una experiencia sensorial \u00fanica.<\/p>\n\n\n\n<h2 class=\"wp-block-heading\">\ud83d\uddfa\ufe0f \u00bfC\u00f3mo llegar a Amacueca?<\/h2>\n\n\n\n<p>El municipio de <strong>Amacueca se ubica a aproximadamente una hora y media de Guadalajara<\/strong>, en direcci\u00f3n sur, rodeado de monta\u00f1as y hermosos paisajes naturales. Durante el trayecto, los visitantes podr\u00e1n disfrutar de un colorido desfile de cultivos de pitaya que embellecen el camino, una antesala perfecta para adentrarse en este para\u00edso rural.<\/p>\n\n\n\n<h2 class=\"wp-block-heading\">\ud83c\udf3f Amacueca: tradici\u00f3n, sabor y hospitalidad<\/h2>\n\n\n\n<p>Amacueca no solo celebra la pitaya: es tierra de <strong>caf\u00e9 de calidad<\/strong>, <strong>nueces cultivadas artesanalmente<\/strong> y <strong>una comunidad orgullosa de su cultura<\/strong>. El Festival de la Pitaya es una oportunidad para vivir de cerca sus ra\u00edces, sabores y paisajes. <strong><em>(Por Staff AzTurismo)<\/em><\/strong><\/p>\n\n\n\n<h3 class=\"wp-block-heading\"><\/h3>\n","protected":false},"excerpt":{"rendered":"<p>El municipio de Amacueca, reconocido por su rica tradici\u00f3n agr\u00edcola y ubicado en la regi\u00f3n sur de Jalisco, se prepara para recibir con entusiasmo una nueva edici\u00f3n del Festival de la Pitaya 2025, una de las celebraciones m\u00e1s esperadas del a\u00f1o. Este colorido festival inicio este 4 de mayo y continuar\u00e1 el 16, 17, 18 [&hellip;]<\/p>\n","protected":false},"author":1,"featured_media":3754,"comment_status":"open","ping_status":"open","sticky":false,"template":"","format":"standard","meta":{"jetpack_post_was_ever_published":false,"_jetpack_newsletter_access":"","_jetpack_dont_email_post_to_subs":false,"_jetpack_newsletter_tier_id":0,"_jetpack_memberships_contains_paywalled_content":false,"_jetpack_memberships_contains_paid_content":false,"footnotes":"","jetpack_publicize_message":"","jetpack_publicize_feature_enabled":true,"jetpack_social_post_already_shared":true,"jetpack_social_options":{"image_generator_settings":{"template":"highway","default_image_id":0,"font":"","enabled":false},"version":2}},"categories":[26],"tags":[1558,99,1560,1561,130,1559,1562,38],"class_list":{"0":"post-3753","1":"post","2":"type-post","3":"status-publish","4":"format-standard","5":"has-post-thumbnail","7":"category-viajar","8":"tag-amacueca","9":"tag-azturismo","10":"tag-cafe-artesanal-jalisco","11":"tag-eventos-en-jalisco-mayo-2025","12":"tag-festivales","13":"tag-frutas-exoticas-mexico","14":"tag-pitaya","15":"tag-viajes"},"yoast_head":"<!-- This site is optimized with the Yoast SEO plugin v27.5 - https:\/\/yoast.com\/product\/yoast-seo-wordpress\/ -->\n<title>\u00a1Si eres fan de las pitayas, Amacueca te espera! - Azturismo Noticias<\/title>\n<meta name=\"description\" content=\"El municipio de Amacueca, reconocido por su rica tradici\u00f3n agr\u00edcola y ubicado en la regi\u00f3n sur de Jalisco, se prepara para recibir con entusiasmo una nueva edici\u00f3n del Festival de la Pitaya 2025, una de las celebraciones m\u00e1s esperadas del a\u00f1o.\" \/>\n<meta name=\"robots\" content=\"index, follow, max-snippet:-1, max-image-preview:large, max-video-preview:-1\" \/>\n<link rel=\"canonical\" href=\"https:\/\/azturismo.net\/?p=3753\" \/>\n<meta property=\"og:locale\" content=\"es_MX\" \/>\n<meta property=\"og:type\" content=\"article\" \/>\n<meta property=\"og:title\" content=\"\u00a1Si eres fan de las pitayas, Amacueca te espera! - Azturismo Noticias\" \/>\n<meta property=\"og:description\" content=\"El municipio de Amacueca, reconocido por su rica tradici\u00f3n agr\u00edcola y ubicado en la regi\u00f3n sur de Jalisco, se prepara para recibir con entusiasmo una nueva edici\u00f3n del Festival de la Pitaya 2025, una de las celebraciones m\u00e1s esperadas del a\u00f1o.\" \/>\n<meta property=\"og:url\" content=\"https:\/\/azturismo.net\/?p=3753\" \/>\n<meta property=\"og:site_name\" content=\"Azturismo Noticias\" \/>\n<meta property=\"article:publisher\" content=\"https:\/\/www.facebook.com\/AzturismoNoticias\" \/>\n<meta property=\"article:published_time\" content=\"2025-05-06T01:07:00+00:00\" \/>\n<meta property=\"og:image\" content=\"https:\/\/i0.wp.com\/azturismo.net\/wp-content\/uploads\/2025\/05\/pitayas.jpeg?fit=600%2C450&ssl=1\" \/>\n\t<meta property=\"og:image:width\" content=\"600\" \/>\n\t<meta property=\"og:image:height\" content=\"450\" \/>\n\t<meta property=\"og:image:type\" content=\"image\/jpeg\" \/>\n<meta name=\"author\" content=\"Azturismo\" \/>\n<meta name=\"twitter:card\" content=\"summary_large_image\" \/>\n<meta name=\"twitter:creator\" content=\"@AzTurismo\" \/>\n<meta name=\"twitter:site\" content=\"@AzTurismo\" \/>\n<meta name=\"twitter:label1\" content=\"Escrito por\" \/>\n\t<meta name=\"twitter:data1\" content=\"Azturismo\" \/>\n\t<meta name=\"twitter:label2\" content=\"Tiempo de lectura\" \/>\n\t<meta name=\"twitter:data2\" content=\"2 minutos\" \/>\n<script type=\"application\/ld+json\" class=\"yoast-schema-graph\">{\"@context\":\"https:\\\/\\\/schema.org\",\"@graph\":[{\"@type\":\"Article\",\"@id\":\"https:\\\/\\\/azturismo.net\\\/?p=3753#article\",\"isPartOf\":{\"@id\":\"https:\\\/\\\/azturismo.net\\\/?p=3753\"},\"author\":{\"name\":\"Azturismo\",\"@id\":\"https:\\\/\\\/azturismo.net\\\/#\\\/schema\\\/person\\\/4b56d87f51c4d1b518c650739ad3bbc1\"},\"headline\":\"\u00a1Si eres fan de las pitayas, Amacueca te espera!\",\"datePublished\":\"2025-05-06T01:07:00+00:00\",\"mainEntityOfPage\":{\"@id\":\"https:\\\/\\\/azturismo.net\\\/?p=3753\"},\"wordCount\":380,\"commentCount\":0,\"publisher\":{\"@id\":\"https:\\\/\\\/azturismo.net\\\/#organization\"},\"image\":{\"@id\":\"https:\\\/\\\/azturismo.net\\\/?p=3753#primaryimage\"},\"thumbnailUrl\":\"https:\\\/\\\/i0.wp.com\\\/azturismo.net\\\/wp-content\\\/uploads\\\/2025\\\/05\\\/pitayas.jpeg?fit=600%2C450&ssl=1\",\"keywords\":[\"Amacueca\",\"azturismo\",\"caf\u00e9 artesanal Jalisco\",\"eventos en Jalisco mayo 2025\",\"festivales\",\"frutas ex\u00f3ticas M\u00e9xico\",\"pitaya\",\"Viajes\"],\"articleSection\":[\"VIAJES\"],\"inLanguage\":\"es\",\"potentialAction\":[{\"@type\":\"CommentAction\",\"name\":\"Comment\",\"target\":[\"https:\\\/\\\/azturismo.net\\\/?p=3753#respond\"]}]},{\"@type\":\"WebPage\",\"@id\":\"https:\\\/\\\/azturismo.net\\\/?p=3753\",\"url\":\"https:\\\/\\\/azturismo.net\\\/?p=3753\",\"name\":\"\u00a1Si eres fan de las pitayas, Amacueca te espera! - Azturismo Noticias\",\"isPartOf\":{\"@id\":\"https:\\\/\\\/azturismo.net\\\/#website\"},\"primaryImageOfPage\":{\"@id\":\"https:\\\/\\\/azturismo.net\\\/?p=3753#primaryimage\"},\"image\":{\"@id\":\"https:\\\/\\\/azturismo.net\\\/?p=3753#primaryimage\"},\"thumbnailUrl\":\"https:\\\/\\\/i0.wp.com\\\/azturismo.net\\\/wp-content\\\/uploads\\\/2025\\\/05\\\/pitayas.jpeg?fit=600%2C450&ssl=1\",\"datePublished\":\"2025-05-06T01:07:00+00:00\",\"description\":\"El municipio de Amacueca, reconocido por su rica tradici\u00f3n agr\u00edcola y ubicado en la regi\u00f3n sur de Jalisco, se prepara para recibir con entusiasmo una nueva edici\u00f3n del Festival de la Pitaya 2025, una de las celebraciones m\u00e1s esperadas del a\u00f1o.\",\"breadcrumb\":{\"@id\":\"https:\\\/\\\/azturismo.net\\\/?p=3753#breadcrumb\"},\"inLanguage\":\"es\",\"potentialAction\":[{\"@type\":\"ReadAction\",\"target\":[\"https:\\\/\\\/azturismo.net\\\/?p=3753\"]}]},{\"@type\":\"ImageObject\",\"inLanguage\":\"es\",\"@id\":\"https:\\\/\\\/azturismo.net\\\/?p=3753#primaryimage\",\"url\":\"https:\\\/\\\/i0.wp.com\\\/azturismo.net\\\/wp-content\\\/uploads\\\/2025\\\/05\\\/pitayas.jpeg?fit=600%2C450&ssl=1\",\"contentUrl\":\"https:\\\/\\\/i0.wp.com\\\/azturismo.net\\\/wp-content\\\/uploads\\\/2025\\\/05\\\/pitayas.jpeg?fit=600%2C450&ssl=1\",\"width\":600,\"height\":450},{\"@type\":\"BreadcrumbList\",\"@id\":\"https:\\\/\\\/azturismo.net\\\/?p=3753#breadcrumb\",\"itemListElement\":[{\"@type\":\"ListItem\",\"position\":1,\"name\":\"Home\",\"item\":\"https:\\\/\\\/azturismo.net\\\/\"},{\"@type\":\"ListItem\",\"position\":2,\"name\":\"\u00a1Si eres fan de las pitayas, Amacueca te espera!\"}]},{\"@type\":\"WebSite\",\"@id\":\"https:\\\/\\\/azturismo.net\\\/#website\",\"url\":\"https:\\\/\\\/azturismo.net\\\/\",\"name\":\"Azturismo\",\"description\":\"Azturismo Noticias\",\"publisher\":{\"@id\":\"https:\\\/\\\/azturismo.net\\\/#organization\"},\"potentialAction\":[{\"@type\":\"SearchAction\",\"target\":{\"@type\":\"EntryPoint\",\"urlTemplate\":\"https:\\\/\\\/azturismo.net\\\/?s={search_term_string}\"},\"query-input\":{\"@type\":\"PropertyValueSpecification\",\"valueRequired\":true,\"valueName\":\"search_term_string\"}}],\"inLanguage\":\"es\"},{\"@type\":\"Organization\",\"@id\":\"https:\\\/\\\/azturismo.net\\\/#organization\",\"name\":\"Azturismo\",\"url\":\"https:\\\/\\\/azturismo.net\\\/\",\"logo\":{\"@type\":\"ImageObject\",\"inLanguage\":\"es\",\"@id\":\"https:\\\/\\\/azturismo.net\\\/#\\\/schema\\\/logo\\\/image\\\/\",\"url\":\"https:\\\/\\\/i0.wp.com\\\/azturismo.net\\\/wp-content\\\/uploads\\\/2024\\\/03\\\/logo-el-bueno-.png?fit=294%2C69&ssl=1\",\"contentUrl\":\"https:\\\/\\\/i0.wp.com\\\/azturismo.net\\\/wp-content\\\/uploads\\\/2024\\\/03\\\/logo-el-bueno-.png?fit=294%2C69&ssl=1\",\"width\":294,\"height\":69,\"caption\":\"Azturismo\"},\"image\":{\"@id\":\"https:\\\/\\\/azturismo.net\\\/#\\\/schema\\\/logo\\\/image\\\/\"},\"sameAs\":[\"https:\\\/\\\/www.facebook.com\\\/AzturismoNoticias\",\"https:\\\/\\\/x.com\\\/AzTurismo\",\"https:\\\/\\\/www.instagram.com\\\/azturismo_noticias\\\/?fbclid=IwAR2xMiuoHbs6eLeIHKP8P5sSGa-xFrw7FfejscXO7kDghWa7wKLjGczKOwE\",\"https:\\\/\\\/www.tiktok.com\\\/@azturismo\"]},{\"@type\":\"Person\",\"@id\":\"https:\\\/\\\/azturismo.net\\\/#\\\/schema\\\/person\\\/4b56d87f51c4d1b518c650739ad3bbc1\",\"name\":\"Azturismo\",\"image\":{\"@type\":\"ImageObject\",\"inLanguage\":\"es\",\"@id\":\"https:\\\/\\\/azturismo.net\\\/wp-content\\\/litespeed\\\/avatar\\\/dfe28a31cdd68b788da48a316e50db10.jpg?ver=1777707566\",\"url\":\"https:\\\/\\\/azturismo.net\\\/wp-content\\\/litespeed\\\/avatar\\\/dfe28a31cdd68b788da48a316e50db10.jpg?ver=1777707566\",\"contentUrl\":\"https:\\\/\\\/azturismo.net\\\/wp-content\\\/litespeed\\\/avatar\\\/dfe28a31cdd68b788da48a316e50db10.jpg?ver=1777707566\",\"caption\":\"Azturismo\"},\"sameAs\":[\"https:\\\/\\\/azturismo.net\"],\"url\":\"https:\\\/\\\/azturismo.net\\\/?author=1\"}]}<\/script>\n<!-- \/ Yoast SEO plugin. -->","yoast_head_json":{"title":"\u00a1Si eres fan de las pitayas, Amacueca te espera! - Azturismo Noticias","description":"El municipio de Amacueca, reconocido por su rica tradici\u00f3n agr\u00edcola y ubicado en la regi\u00f3n sur de Jalisco, se prepara para recibir con entusiasmo una nueva edici\u00f3n del Festival de la Pitaya 2025, una de las celebraciones m\u00e1s esperadas del a\u00f1o.","robots":{"index":"index","follow":"follow","max-snippet":"max-snippet:-1","max-image-preview":"max-image-preview:large","max-video-preview":"max-video-preview:-1"},"canonical":"https:\/\/azturismo.net\/?p=3753","og_locale":"es_MX","og_type":"article","og_title":"\u00a1Si eres fan de las pitayas, Amacueca te espera! - Azturismo Noticias","og_description":"El municipio de Amacueca, reconocido por su rica tradici\u00f3n agr\u00edcola y ubicado en la regi\u00f3n sur de Jalisco, se prepara para recibir con entusiasmo una nueva edici\u00f3n del Festival de la Pitaya 2025, una de las celebraciones m\u00e1s esperadas del a\u00f1o.","og_url":"https:\/\/azturismo.net\/?p=3753","og_site_name":"Azturismo Noticias","article_publisher":"https:\/\/www.facebook.com\/AzturismoNoticias","article_published_time":"2025-05-06T01:07:00+00:00","og_image":[{"width":600,"height":450,"url":"https:\/\/i0.wp.com\/azturismo.net\/wp-content\/uploads\/2025\/05\/pitayas.jpeg?fit=600%2C450&ssl=1","type":"image\/jpeg"}],"author":"Azturismo","twitter_card":"summary_large_image","twitter_creator":"@AzTurismo","twitter_site":"@AzTurismo","twitter_misc":{"Escrito por":"Azturismo","Tiempo de lectura":"2 minutos"},"schema":{"@context":"https:\/\/schema.org","@graph":[{"@type":"Article","@id":"https:\/\/azturismo.net\/?p=3753#article","isPartOf":{"@id":"https:\/\/azturismo.net\/?p=3753"},"author":{"name":"Azturismo","@id":"https:\/\/azturismo.net\/#\/schema\/person\/4b56d87f51c4d1b518c650739ad3bbc1"},"headline":"\u00a1Si eres fan de las pitayas, Amacueca te espera!","datePublished":"2025-05-06T01:07:00+00:00","mainEntityOfPage":{"@id":"https:\/\/azturismo.net\/?p=3753"},"wordCount":380,"commentCount":0,"publisher":{"@id":"https:\/\/azturismo.net\/#organization"},"image":{"@id":"https:\/\/azturismo.net\/?p=3753#primaryimage"},"thumbnailUrl":"https:\/\/i0.wp.com\/azturismo.net\/wp-content\/uploads\/2025\/05\/pitayas.jpeg?fit=600%2C450&ssl=1","keywords":["Amacueca","azturismo","caf\u00e9 artesanal Jalisco","eventos en Jalisco mayo 2025","festivales","frutas ex\u00f3ticas M\u00e9xico","pitaya","Viajes"],"articleSection":["VIAJES"],"inLanguage":"es","potentialAction":[{"@type":"CommentAction","name":"Comment","target":["https:\/\/azturismo.net\/?p=3753#respond"]}]},{"@type":"WebPage","@id":"https:\/\/azturismo.net\/?p=3753","url":"https:\/\/azturismo.net\/?p=3753","name":"\u00a1Si eres fan de las pitayas, Amacueca te espera! - Azturismo Noticias","isPartOf":{"@id":"https:\/\/azturismo.net\/#website"},"primaryImageOfPage":{"@id":"https:\/\/azturismo.net\/?p=3753#primaryimage"},"image":{"@id":"https:\/\/azturismo.net\/?p=3753#primaryimage"},"thumbnailUrl":"https:\/\/i0.wp.com\/azturismo.net\/wp-content\/uploads\/2025\/05\/pitayas.jpeg?fit=600%2C450&ssl=1","datePublished":"2025-05-06T01:07:00+00:00","description":"El municipio de Amacueca, reconocido por su rica tradici\u00f3n agr\u00edcola y ubicado en la regi\u00f3n sur de Jalisco, se prepara para recibir con entusiasmo una nueva edici\u00f3n del Festival de la Pitaya 2025, una de las celebraciones m\u00e1s esperadas del a\u00f1o.","breadcrumb":{"@id":"https:\/\/azturismo.net\/?p=3753#breadcrumb"},"inLanguage":"es","potentialAction":[{"@type":"ReadAction","target":["https:\/\/azturismo.net\/?p=3753"]}]},{"@type":"ImageObject","inLanguage":"es","@id":"https:\/\/azturismo.net\/?p=3753#primaryimage","url":"https:\/\/i0.wp.com\/azturismo.net\/wp-content\/uploads\/2025\/05\/pitayas.jpeg?fit=600%2C450&ssl=1","contentUrl":"https:\/\/i0.wp.com\/azturismo.net\/wp-content\/uploads\/2025\/05\/pitayas.jpeg?fit=600%2C450&ssl=1","width":600,"height":450},{"@type":"BreadcrumbList","@id":"https:\/\/azturismo.net\/?p=3753#breadcrumb","itemListElement":[{"@type":"ListItem","position":1,"name":"Home","item":"https:\/\/azturismo.net\/"},{"@type":"ListItem","position":2,"name":"\u00a1Si eres fan de las pitayas, Amacueca te espera!"}]},{"@type":"WebSite","@id":"https:\/\/azturismo.net\/#website","url":"https:\/\/azturismo.net\/","name":"Azturismo","description":"Azturismo Noticias","publisher":{"@id":"https:\/\/azturismo.net\/#organization"},"potentialAction":[{"@type":"SearchAction","target":{"@type":"EntryPoint","urlTemplate":"https:\/\/azturismo.net\/?s={search_term_string}"},"query-input":{"@type":"PropertyValueSpecification","valueRequired":true,"valueName":"search_term_string"}}],"inLanguage":"es"},{"@type":"Organization","@id":"https:\/\/azturismo.net\/#organization","name":"Azturismo","url":"https:\/\/azturismo.net\/","logo":{"@type":"ImageObject","inLanguage":"es","@id":"https:\/\/azturismo.net\/#\/schema\/logo\/image\/","url":"https:\/\/i0.wp.com\/azturismo.net\/wp-content\/uploads\/2024\/03\/logo-el-bueno-.png?fit=294%2C69&ssl=1","contentUrl":"https:\/\/i0.wp.com\/azturismo.net\/wp-content\/uploads\/2024\/03\/logo-el-bueno-.png?fit=294%2C69&ssl=1","width":294,"height":69,"caption":"Azturismo"},"image":{"@id":"https:\/\/azturismo.net\/#\/schema\/logo\/image\/"},"sameAs":["https:\/\/www.facebook.com\/AzturismoNoticias","https:\/\/x.com\/AzTurismo","https:\/\/www.instagram.com\/azturismo_noticias\/?fbclid=IwAR2xMiuoHbs6eLeIHKP8P5sSGa-xFrw7FfejscXO7kDghWa7wKLjGczKOwE","https:\/\/www.tiktok.com\/@azturismo"]},{"@type":"Person","@id":"https:\/\/azturismo.net\/#\/schema\/person\/4b56d87f51c4d1b518c650739ad3bbc1","name":"Azturismo","image":{"@type":"ImageObject","inLanguage":"es","@id":"https:\/\/azturismo.net\/wp-content\/litespeed\/avatar\/dfe28a31cdd68b788da48a316e50db10.jpg?ver=1777707566","url":"https:\/\/azturismo.net\/wp-content\/litespeed\/avatar\/dfe28a31cdd68b788da48a316e50db10.jpg?ver=1777707566","contentUrl":"https:\/\/azturismo.net\/wp-content\/litespeed\/avatar\/dfe28a31cdd68b788da48a316e50db10.jpg?ver=1777707566","caption":"Azturismo"},"sameAs":["https:\/\/azturismo.net"],"url":"https:\/\/azturismo.net\/?author=1"}]}},"jetpack_publicize_connections":[],"jetpack_featured_media_url":"https:\/\/i0.wp.com\/azturismo.net\/wp-content\/uploads\/2025\/05\/pitayas.jpeg?fit=600%2C450&ssl=1","jetpack_sharing_enabled":true,"jetpack-related-posts":[{"id":6077,"url":"https:\/\/azturismo.net\/?p=6077","url_meta":{"origin":3753,"position":0},"title":"\ud83d\udc80 Vive el D\u00eda de Muertos al estilo Jalisco","author":"Azturismo","date":"octubre 26, 2025","format":false,"excerpt":"Por Staff AzTurismo El estado de Jalisco es sin\u00f3nimo de cultura, historia y tradici\u00f3n. En el D\u00eda de Muertos, sus calles, plazas y haciendas se transforman en escenarios vivos donde los altares, las flores de cempas\u00fachil y la m\u00fasica mexicana rinden homenaje a los que ya partieron. Entre aromas de\u2026","rel":"","context":"En &quot;Destacadas&quot;","block_context":{"text":"Destacadas","link":"https:\/\/azturismo.net\/?cat=30"},"img":{"alt_text":"","src":"https:\/\/i0.wp.com\/azturismo.net\/wp-content\/uploads\/2025\/10\/DiaMuertosJalisco6.jpg?fit=600%2C400&ssl=1&resize=350%2C200","width":350,"height":200,"srcset":"https:\/\/i0.wp.com\/azturismo.net\/wp-content\/uploads\/2025\/10\/DiaMuertosJalisco6.jpg?fit=600%2C400&ssl=1&resize=350%2C200 1x, https:\/\/i0.wp.com\/azturismo.net\/wp-content\/uploads\/2025\/10\/DiaMuertosJalisco6.jpg?fit=600%2C400&ssl=1&resize=525%2C300 1.5x"},"classes":[]},{"id":3341,"url":"https:\/\/azturismo.net\/?p=3341","url_meta":{"origin":3753,"position":1},"title":"Quer\u00e9taro impulsa la charrer\u00eda con el Torneo \u201cRecuerdo Don Esteban\u201d","author":"Azturismo","date":"marzo 13, 2025","format":false,"excerpt":"Por Staff AzTurismo Quer\u00e9taro reafirma su compromiso con la tradici\u00f3n y el turismo deportivo al presentar el Torneo \u201cRecuerdo Don Esteban\u201d, un evento de charrer\u00eda de alto nivel que se llevar\u00e1 a cabo del 11 al 16 de marzo en el Lienzo Charro del Rancho El Pitayo. Los mejores equipos\u2026","rel":"","context":"En &quot;ESPECIALES 1&quot;","block_context":{"text":"ESPECIALES 1","link":"https:\/\/azturismo.net\/?cat=31"},"img":{"alt_text":"","src":"https:\/\/i0.wp.com\/azturismo.net\/wp-content\/uploads\/2025\/03\/PSX_20250312_234917.jpg?fit=600%2C400&ssl=1&resize=350%2C200","width":350,"height":200,"srcset":"https:\/\/i0.wp.com\/azturismo.net\/wp-content\/uploads\/2025\/03\/PSX_20250312_234917.jpg?fit=600%2C400&ssl=1&resize=350%2C200 1x, https:\/\/i0.wp.com\/azturismo.net\/wp-content\/uploads\/2025\/03\/PSX_20250312_234917.jpg?fit=600%2C400&ssl=1&resize=525%2C300 1.5x"},"classes":[]},{"id":5832,"url":"https:\/\/azturismo.net\/?p=5832","url_meta":{"origin":3753,"position":2},"title":"Tecalitl\u00e1n celebra el Festival Cultural del Mariachi  2025","author":"Azturismo","date":"octubre 2, 2025","format":false,"excerpt":"Por Staff AzTurismo A partir de este emblem\u00e1tico d\u00eda 2 y hasta el 12 de octubre, el municipio de Tecalitl\u00e1n, Jalisco, cuna del mariachi, celebrar\u00e1 la octava edici\u00f3n del Festival Cultural del Mariachi \u201cDe Tecalitl\u00e1n los Sones\u201d, un homenaje vivo al legado musical de M\u00e9xico que promete once d\u00edas de\u2026","rel":"","context":"En &quot;Destacadas&quot;","block_context":{"text":"Destacadas","link":"https:\/\/azturismo.net\/?cat=30"},"img":{"alt_text":"","src":"https:\/\/i0.wp.com\/azturismo.net\/wp-content\/uploads\/2025\/10\/mariachi.jpg?fit=600%2C603&ssl=1&resize=350%2C200","width":350,"height":200,"srcset":"https:\/\/i0.wp.com\/azturismo.net\/wp-content\/uploads\/2025\/10\/mariachi.jpg?fit=600%2C603&ssl=1&resize=350%2C200 1x, https:\/\/i0.wp.com\/azturismo.net\/wp-content\/uploads\/2025\/10\/mariachi.jpg?fit=600%2C603&ssl=1&resize=525%2C300 1.5x"},"classes":[]},{"id":7028,"url":"https:\/\/azturismo.net\/?p=7028","url_meta":{"origin":3753,"position":3},"title":"Jalisco, Yucat\u00e1n y Puebla entran al escenario gastron\u00f3mico mundial","author":"Azturismo","date":"abril 10, 2026","format":false,"excerpt":"Por Oscar V\u00e1zquez C. \ud83c\udf74\ud83c\udf2eLa cocina mexicana sigue conquistando al mundo. La reciente incorporaci\u00f3n de Jalisco, Yucat\u00e1n y Puebla a la Gu\u00eda Michelin M\u00e9xico marca un paso decisivo para consolidar al pa\u00eds como uno de los destinos culinarios m\u00e1s importantes a nivel global, con impacto directo en el turismo, la\u2026","rel":"","context":"En &quot;Destacadas&quot;","block_context":{"text":"Destacadas","link":"https:\/\/azturismo.net\/?cat=30"},"img":{"alt_text":"","src":"https:\/\/i0.wp.com\/azturismo.net\/wp-content\/uploads\/2026\/04\/Sectur-yucatan-gastronomia.jpeg?fit=600%2C723&ssl=1&resize=350%2C200","width":350,"height":200,"srcset":"https:\/\/i0.wp.com\/azturismo.net\/wp-content\/uploads\/2026\/04\/Sectur-yucatan-gastronomia.jpeg?fit=600%2C723&ssl=1&resize=350%2C200 1x, https:\/\/i0.wp.com\/azturismo.net\/wp-content\/uploads\/2026\/04\/Sectur-yucatan-gastronomia.jpeg?fit=600%2C723&ssl=1&resize=525%2C300 1.5x"},"classes":[]},{"id":5676,"url":"https:\/\/azturismo.net\/?p=5676","url_meta":{"origin":3753,"position":4},"title":"Sayula se viste de fiesta con la 2a edici\u00f3n del Tianguis Tur\u00edstico Regional en Jalisco","author":"Azturismo","date":"septiembre 26, 2025","format":false,"excerpt":"Por Staff AzTurismo El Pueblo M\u00e1gico de Sayula, famoso por su cajeta artesanal, sus calles empedradas y su riqueza cultural, ser\u00e1 anfitri\u00f3n de la segunda edici\u00f3n del Tianguis Tur\u00edstico Regional, que se llevar\u00e1 a cabo los d\u00edas 27 y 28 de septiembre en la Plaza Principal. Este evento reunir\u00e1 a\u2026","rel":"","context":"En &quot;Destacadas&quot;","block_context":{"text":"Destacadas","link":"https:\/\/azturismo.net\/?cat=30"},"img":{"alt_text":"","src":"https:\/\/i0.wp.com\/azturismo.net\/wp-content\/uploads\/2025\/09\/Jalisco-Sayula.jpg?fit=600%2C400&ssl=1&resize=350%2C200","width":350,"height":200,"srcset":"https:\/\/i0.wp.com\/azturismo.net\/wp-content\/uploads\/2025\/09\/Jalisco-Sayula.jpg?fit=600%2C400&ssl=1&resize=350%2C200 1x, https:\/\/i0.wp.com\/azturismo.net\/wp-content\/uploads\/2025\/09\/Jalisco-Sayula.jpg?fit=600%2C400&ssl=1&resize=525%2C300 1.5x"},"classes":[]},{"id":5166,"url":"https:\/\/azturismo.net\/?p=5166","url_meta":{"origin":3753,"position":5},"title":"Conoce las bebidas espirituosas de Jalisco: tequila y raicilla, orgullo de M\u00e9xico","author":"Azturismo","date":"septiembre 1, 2025","format":false,"excerpt":"Por Scarlett V\u00e1zquez Flores Hablar de Jalisco es hablar de M\u00e9xico en su m\u00e1xima expresi\u00f3n cultural y gastron\u00f3mica. Este estado no solo es cuna del mariachi, tambi\u00e9n es el lugar donde nacen dos de las bebidas espirituosas m\u00e1s emblem\u00e1ticas del pa\u00eds: el tequila y la raicilla, destilados con Denominaci\u00f3n de\u2026","rel":"","context":"En &quot;Destacadas&quot;","block_context":{"text":"Destacadas","link":"https:\/\/azturismo.net\/?cat=30"},"img":{"alt_text":"","src":"https:\/\/i0.wp.com\/azturismo.net\/wp-content\/uploads\/2025\/08\/Jalisco-Tequila-Raicilla03.jpg?fit=600%2C400&ssl=1&resize=350%2C200","width":350,"height":200,"srcset":"https:\/\/i0.wp.com\/azturismo.net\/wp-content\/uploads\/2025\/08\/Jalisco-Tequila-Raicilla03.jpg?fit=600%2C400&ssl=1&resize=350%2C200 1x, https:\/\/i0.wp.com\/azturismo.net\/wp-content\/uploads\/2025\/08\/Jalisco-Tequila-Raicilla03.jpg?fit=600%2C400&ssl=1&resize=525%2C300 1.5x"},"classes":[]}],"jetpack_shortlink":"https:\/\/wp.me\/pfqZGx-Yx","amp_enabled":true,"_links":{"self":[{"href":"https:\/\/azturismo.net\/index.php?rest_route=\/wp\/v2\/posts\/3753","targetHints":{"allow":["GET"]}}],"collection":[{"href":"https:\/\/azturismo.net\/index.php?rest_route=\/wp\/v2\/posts"}],"about":[{"href":"https:\/\/azturismo.net\/index.php?rest_route=\/wp\/v2\/types\/post"}],"author":[{"embeddable":true,"href":"https:\/\/azturismo.net\/index.php?rest_route=\/wp\/v2\/users\/1"}],"replies":[{"embeddable":true,"href":"https:\/\/azturismo.net\/index.php?rest_route=%2Fwp%2Fv2%2Fcomments&post=3753"}],"version-history":[{"count":1,"href":"https:\/\/azturismo.net\/index.php?rest_route=\/wp\/v2\/posts\/3753\/revisions"}],"predecessor-version":[{"id":3755,"href":"https:\/\/azturismo.net\/index.php?rest_route=\/wp\/v2\/posts\/3753\/revisions\/3755"}],"wp:featuredmedia":[{"embeddable":true,"href":"https:\/\/azturismo.net\/index.php?rest_route=\/wp\/v2\/media\/3754"}],"wp:attachment":[{"href":"https:\/\/azturismo.net\/index.php?rest_route=%2Fwp%2Fv2%2Fmedia&parent=3753"}],"wp:term":[{"taxonomy":"category","embeddable":true,"href":"https:\/\/azturismo.net\/index.php?rest_route=%2Fwp%2Fv2%2Fcategories&post=3753"},{"taxonomy":"post_tag","embeddable":true,"href":"https:\/\/azturismo.net\/index.php?rest_route=%2Fwp%2Fv2%2Ftags&post=3753"}],"curies":[{"name":"wp","href":"https:\/\/api.w.org\/{rel}","templated":true}]}}