{"id":3666,"date":"2025-04-15T21:01:00","date_gmt":"2025-04-16T03:01:00","guid":{"rendered":"https:\/\/azturismo.net\/?p=3666"},"modified":"2025-04-15T20:17:03","modified_gmt":"2025-04-16T02:17:03","slug":"asiste-aaqui-pal-real-la-fiesta-mas-grande-de-despecho","status":"publish","type":"post","link":"https:\/\/azturismo.net\/?p=3666","title":{"rendered":"Asiste a&#8221;Aqu\u00ed pa&#8217;l Real&#8221;, la fiesta m\u00e1s grande de despecho"},"content":{"rendered":"\n<p>La cuarta edici\u00f3n del festival vin\u00edcola m\u00e1s emotivo de M\u00e9xico promete una jornada inolvidable entre amigos, m\u00fasica y los mejores vinos zacatecanos<\/p>\n\n\n\n<p>Por Oscar V\u00e1zquez C.<\/p>\n\n\n\n<p>El pr\u00f3ximo 19 de abril, los vi\u00f1edos de Tierra Adentro se transformar\u00e1n en el escenario perfecto para quienes buscan liberar emociones, disfrutar de buena compa\u00f1\u00eda y descubrir los sabores \u00fanicos del vino zacatecano. <\/p>\n\n\n\n<p>La cuarta edici\u00f3n de &#8220;Aqu\u00ed pa&#8217;l Real&#8221; regresa con m\u00e1s fuerza que nunca, consolid\u00e1ndose como la fiesta de despecho m\u00e1s grande de la regi\u00f3n.<\/p>\n\n\n\n<h2 class=\"wp-block-heading\">Una Experiencia Completa para Todos los Sentidos<\/h2>\n\n\n\n<figure class=\"wp-block-gallery has-nested-images columns-default is-cropped wp-block-gallery-1 is-layout-flex wp-block-gallery-is-layout-flex\">\n<figure class=\"wp-block-image size-large\"><img data-recalc-dims=\"1\" loading=\"lazy\" decoding=\"async\" width=\"600\" height=\"741\" data-attachment-id=\"3667\" data-permalink=\"https:\/\/azturismo.net\/?attachment_id=3667\" data-orig-file=\"https:\/\/i0.wp.com\/azturismo.net\/wp-content\/uploads\/2025\/04\/Aqui-pal-Real-la-fiesta-mas-grande-de-despecho-llega-a-Tierra-Adentro-Zacatecas-1.jpg?fit=600%2C741&amp;ssl=1\" data-orig-size=\"600,741\" data-comments-opened=\"1\" data-image-meta=\"{&quot;aperture&quot;:&quot;0&quot;,&quot;credit&quot;:&quot;&quot;,&quot;camera&quot;:&quot;&quot;,&quot;caption&quot;:&quot;&quot;,&quot;created_timestamp&quot;:&quot;0&quot;,&quot;copyright&quot;:&quot;&quot;,&quot;focal_length&quot;:&quot;0&quot;,&quot;iso&quot;:&quot;0&quot;,&quot;shutter_speed&quot;:&quot;0&quot;,&quot;title&quot;:&quot;&quot;,&quot;orientation&quot;:&quot;1&quot;}\" data-image-title=\"\u201cAqu\u00ed pa\u2019l Real\u201d la fiesta m\u00e1s grande de despecho llega a Tierra Adentro, Zacatecas 1\" data-image-description=\"\" data-image-caption=\"\" data-large-file=\"https:\/\/i0.wp.com\/azturismo.net\/wp-content\/uploads\/2025\/04\/Aqui-pal-Real-la-fiesta-mas-grande-de-despecho-llega-a-Tierra-Adentro-Zacatecas-1.jpg?fit=600%2C741&amp;ssl=1\" data-id=\"3667\" src=\"https:\/\/i0.wp.com\/azturismo.net\/wp-content\/uploads\/2025\/04\/Aqui-pal-Real-la-fiesta-mas-grande-de-despecho-llega-a-Tierra-Adentro-Zacatecas-1.jpg?resize=600%2C741&#038;ssl=1\" alt=\"\" class=\"wp-image-3667\" srcset=\"https:\/\/i0.wp.com\/azturismo.net\/wp-content\/uploads\/2025\/04\/Aqui-pal-Real-la-fiesta-mas-grande-de-despecho-llega-a-Tierra-Adentro-Zacatecas-1.jpg?w=600&amp;ssl=1 600w, https:\/\/i0.wp.com\/azturismo.net\/wp-content\/uploads\/2025\/04\/Aqui-pal-Real-la-fiesta-mas-grande-de-despecho-llega-a-Tierra-Adentro-Zacatecas-1.jpg?resize=243%2C300&amp;ssl=1 243w, https:\/\/i0.wp.com\/azturismo.net\/wp-content\/uploads\/2025\/04\/Aqui-pal-Real-la-fiesta-mas-grande-de-despecho-llega-a-Tierra-Adentro-Zacatecas-1.jpg?resize=150%2C185&amp;ssl=1 150w, https:\/\/i0.wp.com\/azturismo.net\/wp-content\/uploads\/2025\/04\/Aqui-pal-Real-la-fiesta-mas-grande-de-despecho-llega-a-Tierra-Adentro-Zacatecas-1.jpg?resize=300%2C371&amp;ssl=1 300w, https:\/\/i0.wp.com\/azturismo.net\/wp-content\/uploads\/2025\/04\/Aqui-pal-Real-la-fiesta-mas-grande-de-despecho-llega-a-Tierra-Adentro-Zacatecas-1.jpg?resize=324%2C400&amp;ssl=1 324w\" sizes=\"auto, (max-width: 600px) 100vw, 600px\" \/><\/figure>\n\n\n\n<figure class=\"wp-block-image size-large\"><img data-recalc-dims=\"1\" loading=\"lazy\" decoding=\"async\" width=\"600\" height=\"759\" data-attachment-id=\"3669\" data-permalink=\"https:\/\/azturismo.net\/?attachment_id=3669\" data-orig-file=\"https:\/\/i0.wp.com\/azturismo.net\/wp-content\/uploads\/2025\/04\/Aqui-pal-Real-la-fiesta-mas-grande-de-despecho-llega-a-Tierra-Adentro-Zacatecas-2.jpg?fit=600%2C759&amp;ssl=1\" data-orig-size=\"600,759\" data-comments-opened=\"1\" data-image-meta=\"{&quot;aperture&quot;:&quot;0&quot;,&quot;credit&quot;:&quot;&quot;,&quot;camera&quot;:&quot;&quot;,&quot;caption&quot;:&quot;&quot;,&quot;created_timestamp&quot;:&quot;0&quot;,&quot;copyright&quot;:&quot;&quot;,&quot;focal_length&quot;:&quot;0&quot;,&quot;iso&quot;:&quot;0&quot;,&quot;shutter_speed&quot;:&quot;0&quot;,&quot;title&quot;:&quot;&quot;,&quot;orientation&quot;:&quot;1&quot;}\" data-image-title=\"\u201cAqu\u00ed pa\u2019l Real\u201d la fiesta m\u00e1s grande de despecho llega a Tierra Adentro, Zacatecas 2\" data-image-description=\"\" data-image-caption=\"\" data-large-file=\"https:\/\/i0.wp.com\/azturismo.net\/wp-content\/uploads\/2025\/04\/Aqui-pal-Real-la-fiesta-mas-grande-de-despecho-llega-a-Tierra-Adentro-Zacatecas-2.jpg?fit=600%2C759&amp;ssl=1\" data-id=\"3669\" src=\"https:\/\/i0.wp.com\/azturismo.net\/wp-content\/uploads\/2025\/04\/Aqui-pal-Real-la-fiesta-mas-grande-de-despecho-llega-a-Tierra-Adentro-Zacatecas-2.jpg?resize=600%2C759&#038;ssl=1\" alt=\"\" class=\"wp-image-3669\" srcset=\"https:\/\/i0.wp.com\/azturismo.net\/wp-content\/uploads\/2025\/04\/Aqui-pal-Real-la-fiesta-mas-grande-de-despecho-llega-a-Tierra-Adentro-Zacatecas-2.jpg?w=600&amp;ssl=1 600w, https:\/\/i0.wp.com\/azturismo.net\/wp-content\/uploads\/2025\/04\/Aqui-pal-Real-la-fiesta-mas-grande-de-despecho-llega-a-Tierra-Adentro-Zacatecas-2.jpg?resize=237%2C300&amp;ssl=1 237w, https:\/\/i0.wp.com\/azturismo.net\/wp-content\/uploads\/2025\/04\/Aqui-pal-Real-la-fiesta-mas-grande-de-despecho-llega-a-Tierra-Adentro-Zacatecas-2.jpg?resize=150%2C190&amp;ssl=1 150w, https:\/\/i0.wp.com\/azturismo.net\/wp-content\/uploads\/2025\/04\/Aqui-pal-Real-la-fiesta-mas-grande-de-despecho-llega-a-Tierra-Adentro-Zacatecas-2.jpg?resize=300%2C380&amp;ssl=1 300w\" sizes=\"auto, (max-width: 600px) 100vw, 600px\" \/><\/figure>\n\n\n\n<figure class=\"wp-block-image size-large\"><img data-recalc-dims=\"1\" loading=\"lazy\" decoding=\"async\" width=\"600\" height=\"749\" data-attachment-id=\"3668\" data-permalink=\"https:\/\/azturismo.net\/?attachment_id=3668\" data-orig-file=\"https:\/\/i0.wp.com\/azturismo.net\/wp-content\/uploads\/2025\/04\/Aqui-pal-Real-la-fiesta-mas-grande-de-despecho-llega-a-Tierra-Adentro-Zacatecas-3.jpg?fit=600%2C749&amp;ssl=1\" data-orig-size=\"600,749\" data-comments-opened=\"1\" data-image-meta=\"{&quot;aperture&quot;:&quot;0&quot;,&quot;credit&quot;:&quot;&quot;,&quot;camera&quot;:&quot;&quot;,&quot;caption&quot;:&quot;&quot;,&quot;created_timestamp&quot;:&quot;0&quot;,&quot;copyright&quot;:&quot;&quot;,&quot;focal_length&quot;:&quot;0&quot;,&quot;iso&quot;:&quot;0&quot;,&quot;shutter_speed&quot;:&quot;0&quot;,&quot;title&quot;:&quot;&quot;,&quot;orientation&quot;:&quot;1&quot;}\" data-image-title=\"\u201cAqu\u00ed pa\u2019l Real\u201d la fiesta m\u00e1s grande de despecho llega a Tierra Adentro, Zacatecas 3\" data-image-description=\"\" data-image-caption=\"\" data-large-file=\"https:\/\/i0.wp.com\/azturismo.net\/wp-content\/uploads\/2025\/04\/Aqui-pal-Real-la-fiesta-mas-grande-de-despecho-llega-a-Tierra-Adentro-Zacatecas-3.jpg?fit=600%2C749&amp;ssl=1\" data-id=\"3668\" src=\"https:\/\/i0.wp.com\/azturismo.net\/wp-content\/uploads\/2025\/04\/Aqui-pal-Real-la-fiesta-mas-grande-de-despecho-llega-a-Tierra-Adentro-Zacatecas-3.jpg?resize=600%2C749&#038;ssl=1\" alt=\"\" class=\"wp-image-3668\" srcset=\"https:\/\/i0.wp.com\/azturismo.net\/wp-content\/uploads\/2025\/04\/Aqui-pal-Real-la-fiesta-mas-grande-de-despecho-llega-a-Tierra-Adentro-Zacatecas-3.jpg?w=600&amp;ssl=1 600w, https:\/\/i0.wp.com\/azturismo.net\/wp-content\/uploads\/2025\/04\/Aqui-pal-Real-la-fiesta-mas-grande-de-despecho-llega-a-Tierra-Adentro-Zacatecas-3.jpg?resize=240%2C300&amp;ssl=1 240w, https:\/\/i0.wp.com\/azturismo.net\/wp-content\/uploads\/2025\/04\/Aqui-pal-Real-la-fiesta-mas-grande-de-despecho-llega-a-Tierra-Adentro-Zacatecas-3.jpg?resize=150%2C187&amp;ssl=1 150w, https:\/\/i0.wp.com\/azturismo.net\/wp-content\/uploads\/2025\/04\/Aqui-pal-Real-la-fiesta-mas-grande-de-despecho-llega-a-Tierra-Adentro-Zacatecas-3.jpg?resize=300%2C375&amp;ssl=1 300w\" sizes=\"auto, (max-width: 600px) 100vw, 600px\" \/><\/figure>\n<\/figure>\n\n\n\n<p>El festival, que se ha ganado el reconocimiento por su ambiente relajado y alegre, ofrece un programa diverso que combina perfectamente la cultura vin\u00edcola con entretenimiento de calidad:<\/p>\n\n\n\n<ul class=\"wp-block-list\">\n<li><strong>Karaoke de despecho<\/strong>: Un espacio para desahogarse cantando esos temas que todos conocemos y que sanan el coraz\u00f3n<\/li>\n\n\n\n<li><strong>Wine tasting<\/strong>: Expertos sommeliers de Tierra Adentro guiar\u00e1n a los asistentes por las notas y matices de sus mejores vinos<\/li>\n\n\n\n<li><strong>Muestra gastron\u00f3mica<\/strong>: La riqueza culinaria zacatecana protagonizar\u00e1 este festival con propuestas para todos los gustos<\/li>\n\n\n\n<li><strong>Recorridos guiados<\/strong>: Una oportunidad \u00fanica para conocer de primera mano el proceso de elaboraci\u00f3n vin\u00edcola<\/li>\n\n\n\n<li><strong>\u00c1rea infantil<\/strong>: Los peque\u00f1os tambi\u00e9n podr\u00e1n disfrutar mientras los adultos se relajan con una copa<\/li>\n<\/ul>\n\n\n\n<h2 class=\"wp-block-heading\">M\u00fasica y Gastronom\u00eda de Primer Nivel<\/h2>\n\n\n\n<p>Para elevar la experiencia, el festival contar\u00e1 con presentaciones en vivo que prometen mantener la energ\u00eda al m\u00e1ximo. Back Track, Vedet, Brandon Ortega y Oscar Patr\u00f3n DJ ser\u00e1n los encargados de la ambientaci\u00f3n musical, garantizando momentos memorables para cantar a todo pulm\u00f3n.<\/p>\n\n\n\n<p>La oferta gastron\u00f3mica no se queda atr\u00e1s, con experiencias culinarias disponibles en los dos reconocidos restaurantes del vi\u00f1edo: Terraza Santa Fe y Albuquerque. Adem\u00e1s, una selecci\u00f3n de foodtrucks locales como Gallos Pizza, Tripitss y Don Bell complementar\u00e1n la oferta con sus especialidades.<\/p>\n\n\n\n<h2 class=\"wp-block-heading\">Arte, Vino y Creatividad<\/h2>\n\n\n\n<p>Como parte del festival, los asistentes podr\u00e1n participar en &#8220;Tarde de Vino &amp; Arte&#8221;, una experiencia donde la creatividad y el buen vino se fusionan. La actividad incluye una copa de vino, lienzo, pinturas y asesor\u00eda art\u00edstica profesional, disponible en dos horarios: de 5:00 a 6:00 pm y de 6:30 a 7:30 pm.<\/p>\n\n\n\n<h2 class=\"wp-block-heading\">Informaci\u00f3n Pr\u00e1ctica<\/h2>\n\n\n\n<ul class=\"wp-block-list\">\n<li><strong>Fecha<\/strong>: S\u00e1bado 19 de abril de 2025<\/li>\n\n\n\n<li><strong>Lugar<\/strong>: Vi\u00f1edo Tierra Adentro, a minutos del centro de Zacatecas<\/li>\n\n\n\n<li><strong>Boletos<\/strong>: Disponibles a trav\u00e9s de WhatsApp (492 124 6030), tiendas oficiales Tierra Adentro o en Galer\u00edas Centro Hist\u00f3rico<\/li>\n\n\n\n<li><strong>Seguridad<\/strong>: El evento contar\u00e1 con todas las medidas necesarias para garantizar una experiencia segura<\/li>\n<\/ul>\n\n\n\n<p>&#8220;Aqu\u00ed pa&#8217;l Real&#8221; se ha convertido en una tradici\u00f3n para los amantes del vino y quienes buscan una forma distinta de disfrutar la cultura vin\u00edcola mexicana. Como dice su lema: &#8220;Porque las penas con vino son menos&#8221;, este festival promete ser el escape perfecto para celebrar la amistad, la m\u00fasica y los sabores \u00fanicos de Zacatecas.<\/p>\n\n\n\n<p>No te pierdas la oportunidad de formar parte de esta fiesta que fusiona tradici\u00f3n, innovaci\u00f3n y mucho coraz\u00f3n en uno de los paisajes m\u00e1s hermosos del norte de M\u00e9xico.<\/p>\n\n\n\n<figure class=\"wp-block-embed is-type-video is-provider-youtube wp-block-embed-youtube wp-embed-aspect-16-9 wp-has-aspect-ratio\"><div class=\"wp-block-embed__wrapper\">\n<div class=\"youtube-embed\" data-video_id=\"\"><iframe loading=\"lazy\" title=\"AquiPal&#039;RealZacatecas #cultura #festivles #turismo #zacatecas\" width=\"696\" height=\"392\" src=\"https:\/\/www.youtube.com\/embed\/ImrmbytodtY?feature=oembed&#038;enablejsapi=1\" frameborder=\"0\" allow=\"accelerometer; autoplay; clipboard-write; encrypted-media; gyroscope; picture-in-picture; web-share\" referrerpolicy=\"strict-origin-when-cross-origin\" allowfullscreen><\/iframe><\/div>\n<\/div><\/figure>\n","protected":false},"excerpt":{"rendered":"<p>La cuarta edici\u00f3n del festival vin\u00edcola m\u00e1s emotivo de M\u00e9xico promete una jornada inolvidable entre amigos, m\u00fasica y los mejores vinos zacatecanos Por Oscar V\u00e1zquez C. El pr\u00f3ximo 19 de abril, los vi\u00f1edos de Tierra Adentro se transformar\u00e1n en el escenario perfecto para quienes buscan liberar emociones, disfrutar de buena compa\u00f1\u00eda y descubrir los sabores [&hellip;]<\/p>\n","protected":false},"author":1,"featured_media":3667,"comment_status":"open","ping_status":"open","sticky":false,"template":"","format":"standard","meta":{"jetpack_post_was_ever_published":false,"_jetpack_newsletter_access":"","_jetpack_dont_email_post_to_subs":false,"_jetpack_newsletter_tier_id":0,"_jetpack_memberships_contains_paywalled_content":false,"_jetpack_memberships_contains_paid_content":false,"footnotes":"","jetpack_publicize_message":"","jetpack_publicize_feature_enabled":true,"jetpack_social_post_already_shared":true,"jetpack_social_options":{"image_generator_settings":{"template":"highway","default_image_id":0,"font":"","enabled":false},"version":2}},"categories":[30,28],"tags":[1522,99,130,39,38,1523],"class_list":{"0":"post-3666","1":"post","2":"type-post","3":"status-publish","4":"format-standard","5":"has-post-thumbnail","7":"category-e","8":"category-tendencias","9":"tag-aqui-pal-real","10":"tag-azturismo","11":"tag-festivales","12":"tag-turismo","13":"tag-viajes","14":"tag-vienedo-tierra-adentro"},"yoast_head":"<!-- This site is optimized with the Yoast SEO plugin v27.5 - https:\/\/yoast.com\/product\/yoast-seo-wordpress\/ -->\n<title>Asiste a&quot;Aqu\u00ed pa&#039;l Real&quot;, la fiesta m\u00e1s grande de despecho - Azturismo Noticias<\/title>\n<meta name=\"description\" content=\"La cuarta edici\u00f3n de &quot;Aqu\u00ed pa&#039;l Real&quot; regresa con m\u00e1s fuerza que nunca, consolid\u00e1ndose como la fiesta de despecho m\u00e1s grande de la regi\u00f3n.\" \/>\n<meta name=\"robots\" content=\"index, follow, max-snippet:-1, max-image-preview:large, max-video-preview:-1\" \/>\n<link rel=\"canonical\" href=\"https:\/\/azturismo.net\/?p=3666\" \/>\n<meta property=\"og:locale\" content=\"es_MX\" \/>\n<meta property=\"og:type\" content=\"article\" \/>\n<meta property=\"og:title\" content=\"Asiste a&quot;Aqu\u00ed pa&#039;l Real&quot;, la fiesta m\u00e1s grande de despecho - Azturismo Noticias\" \/>\n<meta property=\"og:description\" content=\"La cuarta edici\u00f3n de &quot;Aqu\u00ed pa&#039;l Real&quot; regresa con m\u00e1s fuerza que nunca, consolid\u00e1ndose como la fiesta de despecho m\u00e1s grande de la regi\u00f3n.\" \/>\n<meta property=\"og:url\" content=\"https:\/\/azturismo.net\/?p=3666\" \/>\n<meta property=\"og:site_name\" content=\"Azturismo Noticias\" \/>\n<meta property=\"article:publisher\" content=\"https:\/\/www.facebook.com\/AzturismoNoticias\" \/>\n<meta property=\"article:published_time\" content=\"2025-04-16T03:01:00+00:00\" \/>\n<meta property=\"og:image\" content=\"https:\/\/i0.wp.com\/azturismo.net\/wp-content\/uploads\/2025\/04\/Aqui-pal-Real-la-fiesta-mas-grande-de-despecho-llega-a-Tierra-Adentro-Zacatecas-1.jpg?fit=600%2C741&ssl=1\" \/>\n\t<meta property=\"og:image:width\" content=\"600\" \/>\n\t<meta property=\"og:image:height\" content=\"741\" \/>\n\t<meta property=\"og:image:type\" content=\"image\/jpeg\" \/>\n<meta name=\"author\" content=\"Azturismo\" \/>\n<meta name=\"twitter:card\" content=\"summary_large_image\" \/>\n<meta name=\"twitter:creator\" content=\"@AzTurismo\" \/>\n<meta name=\"twitter:site\" content=\"@AzTurismo\" \/>\n<meta name=\"twitter:label1\" content=\"Escrito por\" \/>\n\t<meta name=\"twitter:data1\" content=\"Azturismo\" \/>\n\t<meta name=\"twitter:label2\" content=\"Tiempo de lectura\" \/>\n\t<meta name=\"twitter:data2\" content=\"4 minutos\" \/>\n<script type=\"application\/ld+json\" class=\"yoast-schema-graph\">{\"@context\":\"https:\\\/\\\/schema.org\",\"@graph\":[{\"@type\":\"Article\",\"@id\":\"https:\\\/\\\/azturismo.net\\\/?p=3666#article\",\"isPartOf\":{\"@id\":\"https:\\\/\\\/azturismo.net\\\/?p=3666\"},\"author\":{\"name\":\"Azturismo\",\"@id\":\"https:\\\/\\\/azturismo.net\\\/#\\\/schema\\\/person\\\/4b56d87f51c4d1b518c650739ad3bbc1\"},\"headline\":\"Asiste a&#8221;Aqu\u00ed pa&#8217;l Real&#8221;, la fiesta m\u00e1s grande de despecho\",\"datePublished\":\"2025-04-16T03:01:00+00:00\",\"mainEntityOfPage\":{\"@id\":\"https:\\\/\\\/azturismo.net\\\/?p=3666\"},\"wordCount\":552,\"commentCount\":0,\"publisher\":{\"@id\":\"https:\\\/\\\/azturismo.net\\\/#organization\"},\"image\":{\"@id\":\"https:\\\/\\\/azturismo.net\\\/?p=3666#primaryimage\"},\"thumbnailUrl\":\"https:\\\/\\\/i0.wp.com\\\/azturismo.net\\\/wp-content\\\/uploads\\\/2025\\\/04\\\/Aqui-pal-Real-la-fiesta-mas-grande-de-despecho-llega-a-Tierra-Adentro-Zacatecas-1.jpg?fit=600%2C741&ssl=1\",\"keywords\":[\"Aqu\u00ed pa'l Real\",\"azturismo\",\"festivales\",\"Turismo\",\"Viajes\",\"vie\u00f1edo Tierra Adentro\"],\"articleSection\":[\"Destacadas\",\"TENDENCIAS\"],\"inLanguage\":\"es\",\"potentialAction\":[{\"@type\":\"CommentAction\",\"name\":\"Comment\",\"target\":[\"https:\\\/\\\/azturismo.net\\\/?p=3666#respond\"]}]},{\"@type\":\"WebPage\",\"@id\":\"https:\\\/\\\/azturismo.net\\\/?p=3666\",\"url\":\"https:\\\/\\\/azturismo.net\\\/?p=3666\",\"name\":\"Asiste a\\\"Aqu\u00ed pa'l Real\\\", la fiesta m\u00e1s grande de despecho - Azturismo Noticias\",\"isPartOf\":{\"@id\":\"https:\\\/\\\/azturismo.net\\\/#website\"},\"primaryImageOfPage\":{\"@id\":\"https:\\\/\\\/azturismo.net\\\/?p=3666#primaryimage\"},\"image\":{\"@id\":\"https:\\\/\\\/azturismo.net\\\/?p=3666#primaryimage\"},\"thumbnailUrl\":\"https:\\\/\\\/i0.wp.com\\\/azturismo.net\\\/wp-content\\\/uploads\\\/2025\\\/04\\\/Aqui-pal-Real-la-fiesta-mas-grande-de-despecho-llega-a-Tierra-Adentro-Zacatecas-1.jpg?fit=600%2C741&ssl=1\",\"datePublished\":\"2025-04-16T03:01:00+00:00\",\"description\":\"La cuarta edici\u00f3n de \\\"Aqu\u00ed pa'l Real\\\" regresa con m\u00e1s fuerza que nunca, consolid\u00e1ndose como la fiesta de despecho m\u00e1s grande de la regi\u00f3n.\",\"breadcrumb\":{\"@id\":\"https:\\\/\\\/azturismo.net\\\/?p=3666#breadcrumb\"},\"inLanguage\":\"es\",\"potentialAction\":[{\"@type\":\"ReadAction\",\"target\":[\"https:\\\/\\\/azturismo.net\\\/?p=3666\"]}]},{\"@type\":\"ImageObject\",\"inLanguage\":\"es\",\"@id\":\"https:\\\/\\\/azturismo.net\\\/?p=3666#primaryimage\",\"url\":\"https:\\\/\\\/i0.wp.com\\\/azturismo.net\\\/wp-content\\\/uploads\\\/2025\\\/04\\\/Aqui-pal-Real-la-fiesta-mas-grande-de-despecho-llega-a-Tierra-Adentro-Zacatecas-1.jpg?fit=600%2C741&ssl=1\",\"contentUrl\":\"https:\\\/\\\/i0.wp.com\\\/azturismo.net\\\/wp-content\\\/uploads\\\/2025\\\/04\\\/Aqui-pal-Real-la-fiesta-mas-grande-de-despecho-llega-a-Tierra-Adentro-Zacatecas-1.jpg?fit=600%2C741&ssl=1\",\"width\":600,\"height\":741},{\"@type\":\"BreadcrumbList\",\"@id\":\"https:\\\/\\\/azturismo.net\\\/?p=3666#breadcrumb\",\"itemListElement\":[{\"@type\":\"ListItem\",\"position\":1,\"name\":\"Home\",\"item\":\"https:\\\/\\\/azturismo.net\\\/\"},{\"@type\":\"ListItem\",\"position\":2,\"name\":\"Asiste a&#8221;Aqu\u00ed pa&#8217;l Real&#8221;, la fiesta m\u00e1s grande de despecho\"}]},{\"@type\":\"WebSite\",\"@id\":\"https:\\\/\\\/azturismo.net\\\/#website\",\"url\":\"https:\\\/\\\/azturismo.net\\\/\",\"name\":\"Azturismo\",\"description\":\"Azturismo Noticias\",\"publisher\":{\"@id\":\"https:\\\/\\\/azturismo.net\\\/#organization\"},\"potentialAction\":[{\"@type\":\"SearchAction\",\"target\":{\"@type\":\"EntryPoint\",\"urlTemplate\":\"https:\\\/\\\/azturismo.net\\\/?s={search_term_string}\"},\"query-input\":{\"@type\":\"PropertyValueSpecification\",\"valueRequired\":true,\"valueName\":\"search_term_string\"}}],\"inLanguage\":\"es\"},{\"@type\":\"Organization\",\"@id\":\"https:\\\/\\\/azturismo.net\\\/#organization\",\"name\":\"Azturismo\",\"url\":\"https:\\\/\\\/azturismo.net\\\/\",\"logo\":{\"@type\":\"ImageObject\",\"inLanguage\":\"es\",\"@id\":\"https:\\\/\\\/azturismo.net\\\/#\\\/schema\\\/logo\\\/image\\\/\",\"url\":\"https:\\\/\\\/i0.wp.com\\\/azturismo.net\\\/wp-content\\\/uploads\\\/2024\\\/03\\\/logo-el-bueno-.png?fit=294%2C69&ssl=1\",\"contentUrl\":\"https:\\\/\\\/i0.wp.com\\\/azturismo.net\\\/wp-content\\\/uploads\\\/2024\\\/03\\\/logo-el-bueno-.png?fit=294%2C69&ssl=1\",\"width\":294,\"height\":69,\"caption\":\"Azturismo\"},\"image\":{\"@id\":\"https:\\\/\\\/azturismo.net\\\/#\\\/schema\\\/logo\\\/image\\\/\"},\"sameAs\":[\"https:\\\/\\\/www.facebook.com\\\/AzturismoNoticias\",\"https:\\\/\\\/x.com\\\/AzTurismo\",\"https:\\\/\\\/www.instagram.com\\\/azturismo_noticias\\\/?fbclid=IwAR2xMiuoHbs6eLeIHKP8P5sSGa-xFrw7FfejscXO7kDghWa7wKLjGczKOwE\",\"https:\\\/\\\/www.tiktok.com\\\/@azturismo\"]},{\"@type\":\"Person\",\"@id\":\"https:\\\/\\\/azturismo.net\\\/#\\\/schema\\\/person\\\/4b56d87f51c4d1b518c650739ad3bbc1\",\"name\":\"Azturismo\",\"image\":{\"@type\":\"ImageObject\",\"inLanguage\":\"es\",\"@id\":\"https:\\\/\\\/azturismo.net\\\/wp-content\\\/litespeed\\\/avatar\\\/dfe28a31cdd68b788da48a316e50db10.jpg?ver=1777707566\",\"url\":\"https:\\\/\\\/azturismo.net\\\/wp-content\\\/litespeed\\\/avatar\\\/dfe28a31cdd68b788da48a316e50db10.jpg?ver=1777707566\",\"contentUrl\":\"https:\\\/\\\/azturismo.net\\\/wp-content\\\/litespeed\\\/avatar\\\/dfe28a31cdd68b788da48a316e50db10.jpg?ver=1777707566\",\"caption\":\"Azturismo\"},\"sameAs\":[\"https:\\\/\\\/azturismo.net\"],\"url\":\"https:\\\/\\\/azturismo.net\\\/?author=1\"}]}<\/script>\n<!-- \/ Yoast SEO plugin. -->","yoast_head_json":{"title":"Asiste a\"Aqu\u00ed pa'l Real\", la fiesta m\u00e1s grande de despecho - Azturismo Noticias","description":"La cuarta edici\u00f3n de \"Aqu\u00ed pa'l Real\" regresa con m\u00e1s fuerza que nunca, consolid\u00e1ndose como la fiesta de despecho m\u00e1s grande de la regi\u00f3n.","robots":{"index":"index","follow":"follow","max-snippet":"max-snippet:-1","max-image-preview":"max-image-preview:large","max-video-preview":"max-video-preview:-1"},"canonical":"https:\/\/azturismo.net\/?p=3666","og_locale":"es_MX","og_type":"article","og_title":"Asiste a\"Aqu\u00ed pa'l Real\", la fiesta m\u00e1s grande de despecho - Azturismo Noticias","og_description":"La cuarta edici\u00f3n de \"Aqu\u00ed pa'l Real\" regresa con m\u00e1s fuerza que nunca, consolid\u00e1ndose como la fiesta de despecho m\u00e1s grande de la regi\u00f3n.","og_url":"https:\/\/azturismo.net\/?p=3666","og_site_name":"Azturismo Noticias","article_publisher":"https:\/\/www.facebook.com\/AzturismoNoticias","article_published_time":"2025-04-16T03:01:00+00:00","og_image":[{"width":600,"height":741,"url":"https:\/\/i0.wp.com\/azturismo.net\/wp-content\/uploads\/2025\/04\/Aqui-pal-Real-la-fiesta-mas-grande-de-despecho-llega-a-Tierra-Adentro-Zacatecas-1.jpg?fit=600%2C741&ssl=1","type":"image\/jpeg"}],"author":"Azturismo","twitter_card":"summary_large_image","twitter_creator":"@AzTurismo","twitter_site":"@AzTurismo","twitter_misc":{"Escrito por":"Azturismo","Tiempo de lectura":"4 minutos"},"schema":{"@context":"https:\/\/schema.org","@graph":[{"@type":"Article","@id":"https:\/\/azturismo.net\/?p=3666#article","isPartOf":{"@id":"https:\/\/azturismo.net\/?p=3666"},"author":{"name":"Azturismo","@id":"https:\/\/azturismo.net\/#\/schema\/person\/4b56d87f51c4d1b518c650739ad3bbc1"},"headline":"Asiste a&#8221;Aqu\u00ed pa&#8217;l Real&#8221;, la fiesta m\u00e1s grande de despecho","datePublished":"2025-04-16T03:01:00+00:00","mainEntityOfPage":{"@id":"https:\/\/azturismo.net\/?p=3666"},"wordCount":552,"commentCount":0,"publisher":{"@id":"https:\/\/azturismo.net\/#organization"},"image":{"@id":"https:\/\/azturismo.net\/?p=3666#primaryimage"},"thumbnailUrl":"https:\/\/i0.wp.com\/azturismo.net\/wp-content\/uploads\/2025\/04\/Aqui-pal-Real-la-fiesta-mas-grande-de-despecho-llega-a-Tierra-Adentro-Zacatecas-1.jpg?fit=600%2C741&ssl=1","keywords":["Aqu\u00ed pa'l Real","azturismo","festivales","Turismo","Viajes","vie\u00f1edo Tierra Adentro"],"articleSection":["Destacadas","TENDENCIAS"],"inLanguage":"es","potentialAction":[{"@type":"CommentAction","name":"Comment","target":["https:\/\/azturismo.net\/?p=3666#respond"]}]},{"@type":"WebPage","@id":"https:\/\/azturismo.net\/?p=3666","url":"https:\/\/azturismo.net\/?p=3666","name":"Asiste a\"Aqu\u00ed pa'l Real\", la fiesta m\u00e1s grande de despecho - Azturismo Noticias","isPartOf":{"@id":"https:\/\/azturismo.net\/#website"},"primaryImageOfPage":{"@id":"https:\/\/azturismo.net\/?p=3666#primaryimage"},"image":{"@id":"https:\/\/azturismo.net\/?p=3666#primaryimage"},"thumbnailUrl":"https:\/\/i0.wp.com\/azturismo.net\/wp-content\/uploads\/2025\/04\/Aqui-pal-Real-la-fiesta-mas-grande-de-despecho-llega-a-Tierra-Adentro-Zacatecas-1.jpg?fit=600%2C741&ssl=1","datePublished":"2025-04-16T03:01:00+00:00","description":"La cuarta edici\u00f3n de \"Aqu\u00ed pa'l Real\" regresa con m\u00e1s fuerza que nunca, consolid\u00e1ndose como la fiesta de despecho m\u00e1s grande de la regi\u00f3n.","breadcrumb":{"@id":"https:\/\/azturismo.net\/?p=3666#breadcrumb"},"inLanguage":"es","potentialAction":[{"@type":"ReadAction","target":["https:\/\/azturismo.net\/?p=3666"]}]},{"@type":"ImageObject","inLanguage":"es","@id":"https:\/\/azturismo.net\/?p=3666#primaryimage","url":"https:\/\/i0.wp.com\/azturismo.net\/wp-content\/uploads\/2025\/04\/Aqui-pal-Real-la-fiesta-mas-grande-de-despecho-llega-a-Tierra-Adentro-Zacatecas-1.jpg?fit=600%2C741&ssl=1","contentUrl":"https:\/\/i0.wp.com\/azturismo.net\/wp-content\/uploads\/2025\/04\/Aqui-pal-Real-la-fiesta-mas-grande-de-despecho-llega-a-Tierra-Adentro-Zacatecas-1.jpg?fit=600%2C741&ssl=1","width":600,"height":741},{"@type":"BreadcrumbList","@id":"https:\/\/azturismo.net\/?p=3666#breadcrumb","itemListElement":[{"@type":"ListItem","position":1,"name":"Home","item":"https:\/\/azturismo.net\/"},{"@type":"ListItem","position":2,"name":"Asiste a&#8221;Aqu\u00ed pa&#8217;l Real&#8221;, la fiesta m\u00e1s grande de despecho"}]},{"@type":"WebSite","@id":"https:\/\/azturismo.net\/#website","url":"https:\/\/azturismo.net\/","name":"Azturismo","description":"Azturismo Noticias","publisher":{"@id":"https:\/\/azturismo.net\/#organization"},"potentialAction":[{"@type":"SearchAction","target":{"@type":"EntryPoint","urlTemplate":"https:\/\/azturismo.net\/?s={search_term_string}"},"query-input":{"@type":"PropertyValueSpecification","valueRequired":true,"valueName":"search_term_string"}}],"inLanguage":"es"},{"@type":"Organization","@id":"https:\/\/azturismo.net\/#organization","name":"Azturismo","url":"https:\/\/azturismo.net\/","logo":{"@type":"ImageObject","inLanguage":"es","@id":"https:\/\/azturismo.net\/#\/schema\/logo\/image\/","url":"https:\/\/i0.wp.com\/azturismo.net\/wp-content\/uploads\/2024\/03\/logo-el-bueno-.png?fit=294%2C69&ssl=1","contentUrl":"https:\/\/i0.wp.com\/azturismo.net\/wp-content\/uploads\/2024\/03\/logo-el-bueno-.png?fit=294%2C69&ssl=1","width":294,"height":69,"caption":"Azturismo"},"image":{"@id":"https:\/\/azturismo.net\/#\/schema\/logo\/image\/"},"sameAs":["https:\/\/www.facebook.com\/AzturismoNoticias","https:\/\/x.com\/AzTurismo","https:\/\/www.instagram.com\/azturismo_noticias\/?fbclid=IwAR2xMiuoHbs6eLeIHKP8P5sSGa-xFrw7FfejscXO7kDghWa7wKLjGczKOwE","https:\/\/www.tiktok.com\/@azturismo"]},{"@type":"Person","@id":"https:\/\/azturismo.net\/#\/schema\/person\/4b56d87f51c4d1b518c650739ad3bbc1","name":"Azturismo","image":{"@type":"ImageObject","inLanguage":"es","@id":"https:\/\/azturismo.net\/wp-content\/litespeed\/avatar\/dfe28a31cdd68b788da48a316e50db10.jpg?ver=1777707566","url":"https:\/\/azturismo.net\/wp-content\/litespeed\/avatar\/dfe28a31cdd68b788da48a316e50db10.jpg?ver=1777707566","contentUrl":"https:\/\/azturismo.net\/wp-content\/litespeed\/avatar\/dfe28a31cdd68b788da48a316e50db10.jpg?ver=1777707566","caption":"Azturismo"},"sameAs":["https:\/\/azturismo.net"],"url":"https:\/\/azturismo.net\/?author=1"}]}},"jetpack_publicize_connections":[],"jetpack_featured_media_url":"https:\/\/i0.wp.com\/azturismo.net\/wp-content\/uploads\/2025\/04\/Aqui-pal-Real-la-fiesta-mas-grande-de-despecho-llega-a-Tierra-Adentro-Zacatecas-1.jpg?fit=600%2C741&ssl=1","jetpack_sharing_enabled":true,"jetpack-related-posts":[{"id":4399,"url":"https:\/\/azturismo.net\/?p=4399","url_meta":{"origin":3666,"position":0},"title":"No te pierdas el Soltero Festival 2025 en Guanajuato","author":"Azturismo","date":"julio 2, 2025","format":false,"excerpt":"Por Oscar V\u00e1zquez C \u00bfImaginas un festival dise\u00f1ado especialmente para solteros en una de las ciudades m\u00e1s rom\u00e1nticas del mundo? Del 4 al 6 de julio, Guanajuato Capital se transformar\u00e1 en el epicentro del amor con la segunda edici\u00f3n del Soltero Festival 2025, el evento m\u00e1s innovador de turismo rom\u00e1ntico\u2026","rel":"","context":"En &quot;Destacadas&quot;","block_context":{"text":"Destacadas","link":"https:\/\/azturismo.net\/?cat=30"},"img":{"alt_text":"","src":"https:\/\/i0.wp.com\/azturismo.net\/wp-content\/uploads\/2025\/07\/PSX_20250702_084323.png?fit=600%2C764&ssl=1&resize=350%2C200","width":350,"height":200,"srcset":"https:\/\/i0.wp.com\/azturismo.net\/wp-content\/uploads\/2025\/07\/PSX_20250702_084323.png?fit=600%2C764&ssl=1&resize=350%2C200 1x, https:\/\/i0.wp.com\/azturismo.net\/wp-content\/uploads\/2025\/07\/PSX_20250702_084323.png?fit=600%2C764&ssl=1&resize=525%2C300 1.5x"},"classes":[]},{"id":3871,"url":"https:\/\/azturismo.net\/?p=3871","url_meta":{"origin":3666,"position":1},"title":"Food &amp; Wine Festival Ciudad Ju\u00e1rez 2025 supera expectativas","author":"Azturismo","date":"mayo 21, 2025","format":false,"excerpt":"La tercera edici\u00f3n del Food & Wine Festival 2025 en Ciudad Ju\u00e1rez super\u00f3 todas las expectativas y consolid\u00f3 su posici\u00f3n como el evento gastron\u00f3mico m\u00e1s importante de Chihuahua, generando una derrama econ\u00f3mica superior a los 4 millones de pesos. Festival gastron\u00f3mico en Hacienda el Solar de la Paloma: 8 horas\u2026","rel":"","context":"En &quot;SABORES&quot;","block_context":{"text":"SABORES","link":"https:\/\/azturismo.net\/?cat=35"},"img":{"alt_text":"","src":"https:\/\/i0.wp.com\/azturismo.net\/wp-content\/uploads\/2025\/05\/food-wine-chihuahua.png?fit=600%2C397&ssl=1&resize=350%2C200","width":350,"height":200,"srcset":"https:\/\/i0.wp.com\/azturismo.net\/wp-content\/uploads\/2025\/05\/food-wine-chihuahua.png?fit=600%2C397&ssl=1&resize=350%2C200 1x, https:\/\/i0.wp.com\/azturismo.net\/wp-content\/uploads\/2025\/05\/food-wine-chihuahua.png?fit=600%2C397&ssl=1&resize=525%2C300 1.5x"},"classes":[]},{"id":6561,"url":"https:\/\/azturismo.net\/?p=6561","url_meta":{"origin":3666,"position":2},"title":"La Vendimia Maya 2025 te dejar\u00e1 sin aliento","author":"Azturismo","date":"noviembre 24, 2025","format":false,"excerpt":"Por Staff AzTurismo Imagina un lugar donde los \u00e1rboles sagrados susurran historias milenarias y el aroma del vino nuevo se mezcla con la tierra h\u00fameda de la selva. No es un sue\u00f1o. Es la promesa de \u201cLa Vid y la Ceiba \u2013 Vendimia Maya 2025\u201d, una celebraci\u00f3n que va mucho\u2026","rel":"","context":"En &quot;Destacadas&quot;","block_context":{"text":"Destacadas","link":"https:\/\/azturismo.net\/?cat=30"},"img":{"alt_text":"","src":"https:\/\/i0.wp.com\/azturismo.net\/wp-content\/uploads\/2025\/11\/DJI_0114.jpg?fit=600%2C337&ssl=1&resize=350%2C200","width":350,"height":200,"srcset":"https:\/\/i0.wp.com\/azturismo.net\/wp-content\/uploads\/2025\/11\/DJI_0114.jpg?fit=600%2C337&ssl=1&resize=350%2C200 1x, https:\/\/i0.wp.com\/azturismo.net\/wp-content\/uploads\/2025\/11\/DJI_0114.jpg?fit=600%2C337&ssl=1&resize=525%2C300 1.5x"},"classes":[]},{"id":3753,"url":"https:\/\/azturismo.net\/?p=3753","url_meta":{"origin":3666,"position":3},"title":"\u00a1Si eres fan de las pitayas, Amacueca te espera!","author":"Azturismo","date":"mayo 5, 2025","format":false,"excerpt":"El municipio de Amacueca, reconocido por su rica tradici\u00f3n agr\u00edcola y ubicado en la regi\u00f3n sur de Jalisco, se prepara para recibir con entusiasmo una nueva edici\u00f3n del Festival de la Pitaya 2025, una de las celebraciones m\u00e1s esperadas del a\u00f1o. Este colorido festival inicio este 4 de mayo y\u2026","rel":"","context":"En &quot;VIAJES&quot;","block_context":{"text":"VIAJES","link":"https:\/\/azturismo.net\/?cat=26"},"img":{"alt_text":"","src":"https:\/\/i0.wp.com\/azturismo.net\/wp-content\/uploads\/2025\/05\/pitayas.jpeg?fit=600%2C450&ssl=1&resize=350%2C200","width":350,"height":200,"srcset":"https:\/\/i0.wp.com\/azturismo.net\/wp-content\/uploads\/2025\/05\/pitayas.jpeg?fit=600%2C450&ssl=1&resize=350%2C200 1x, https:\/\/i0.wp.com\/azturismo.net\/wp-content\/uploads\/2025\/05\/pitayas.jpeg?fit=600%2C450&ssl=1&resize=525%2C300 1.5x"},"classes":[]},{"id":5668,"url":"https:\/\/azturismo.net\/?p=5668","url_meta":{"origin":3666,"position":4},"title":"Real del Monte invita al Festival Internacional del Paste","author":"Azturismo","date":"octubre 6, 2025","format":false,"excerpt":"Por Ricardo Aguirre El Pueblo M\u00e1gico de Real del Monte se prepara para vivir una de sus celebraciones m\u00e1s esperadas: la 17\u00aa edici\u00f3n del Festival Internacional del Paste, que tendr\u00e1 lugar del 10 al 12 de octubre de 2025, y promete convertirse en una experiencia imperdible para los amantes de\u2026","rel":"","context":"En &quot;Destacadas&quot;","block_context":{"text":"Destacadas","link":"https:\/\/azturismo.net\/?cat=30"},"img":{"alt_text":"","src":"https:\/\/i0.wp.com\/azturismo.net\/wp-content\/uploads\/2025\/09\/Festival-del-Paste.jpg?fit=600%2C399&ssl=1&resize=350%2C200","width":350,"height":200,"srcset":"https:\/\/i0.wp.com\/azturismo.net\/wp-content\/uploads\/2025\/09\/Festival-del-Paste.jpg?fit=600%2C399&ssl=1&resize=350%2C200 1x, https:\/\/i0.wp.com\/azturismo.net\/wp-content\/uploads\/2025\/09\/Festival-del-Paste.jpg?fit=600%2C399&ssl=1&resize=525%2C300 1.5x"},"classes":[]},{"id":5058,"url":"https:\/\/azturismo.net\/?p=5058","url_meta":{"origin":3666,"position":5},"title":"Iztapalapa celebra el Festival Gastron\u00f3mico de la Enchilada","author":"Azturismo","date":"agosto 26, 2025","format":false,"excerpt":"Por Staff AzTurismo La Alcald\u00eda Iztapalapa se prepara para recibir a miles de visitantes en la XXIII edici\u00f3n del Festival Gastron\u00f3mico de la Enchilada, que se llevar\u00e1 a cabo del 31 de agosto al 7 de septiembre de 2025 en la explanada del antiguo Jard\u00edn Cuitl\u00e1huac. Durante ocho d\u00edas, m\u00e1s\u2026","rel":"","context":"En &quot;SABORES&quot;","block_context":{"text":"SABORES","link":"https:\/\/azturismo.net\/?cat=35"},"img":{"alt_text":"","src":"https:\/\/i0.wp.com\/azturismo.net\/wp-content\/uploads\/2025\/08\/IMG-20250825-WA0158.jpg?fit=768%2C488&ssl=1&resize=350%2C200","width":350,"height":200,"srcset":"https:\/\/i0.wp.com\/azturismo.net\/wp-content\/uploads\/2025\/08\/IMG-20250825-WA0158.jpg?fit=768%2C488&ssl=1&resize=350%2C200 1x, https:\/\/i0.wp.com\/azturismo.net\/wp-content\/uploads\/2025\/08\/IMG-20250825-WA0158.jpg?fit=768%2C488&ssl=1&resize=525%2C300 1.5x, https:\/\/i0.wp.com\/azturismo.net\/wp-content\/uploads\/2025\/08\/IMG-20250825-WA0158.jpg?fit=768%2C488&ssl=1&resize=700%2C400 2x"},"classes":[]}],"jetpack_shortlink":"https:\/\/wp.me\/pfqZGx-X8","amp_enabled":true,"_links":{"self":[{"href":"https:\/\/azturismo.net\/index.php?rest_route=\/wp\/v2\/posts\/3666","targetHints":{"allow":["GET"]}}],"collection":[{"href":"https:\/\/azturismo.net\/index.php?rest_route=\/wp\/v2\/posts"}],"about":[{"href":"https:\/\/azturismo.net\/index.php?rest_route=\/wp\/v2\/types\/post"}],"author":[{"embeddable":true,"href":"https:\/\/azturismo.net\/index.php?rest_route=\/wp\/v2\/users\/1"}],"replies":[{"embeddable":true,"href":"https:\/\/azturismo.net\/index.php?rest_route=%2Fwp%2Fv2%2Fcomments&post=3666"}],"version-history":[{"count":2,"href":"https:\/\/azturismo.net\/index.php?rest_route=\/wp\/v2\/posts\/3666\/revisions"}],"predecessor-version":[{"id":3672,"href":"https:\/\/azturismo.net\/index.php?rest_route=\/wp\/v2\/posts\/3666\/revisions\/3672"}],"wp:featuredmedia":[{"embeddable":true,"href":"https:\/\/azturismo.net\/index.php?rest_route=\/wp\/v2\/media\/3667"}],"wp:attachment":[{"href":"https:\/\/azturismo.net\/index.php?rest_route=%2Fwp%2Fv2%2Fmedia&parent=3666"}],"wp:term":[{"taxonomy":"category","embeddable":true,"href":"https:\/\/azturismo.net\/index.php?rest_route=%2Fwp%2Fv2%2Fcategories&post=3666"},{"taxonomy":"post_tag","embeddable":true,"href":"https:\/\/azturismo.net\/index.php?rest_route=%2Fwp%2Fv2%2Ftags&post=3666"}],"curies":[{"name":"wp","href":"https:\/\/api.w.org\/{rel}","templated":true}]}}