{"id":3661,"date":"2025-04-16T08:01:00","date_gmt":"2025-04-16T14:01:00","guid":{"rendered":"https:\/\/azturismo.net\/?p=3661"},"modified":"2025-04-15T18:41:25","modified_gmt":"2025-04-16T00:41:25","slug":"la-milpa-maya-llega-a-palenque-%f0%9f%8c%bd","status":"publish","type":"post","link":"https:\/\/azturismo.net\/?p=3661","title":{"rendered":"\u00a1La milpa maya llega a #Palenque! \ud83c\udf3d"},"content":{"rendered":"\n<p><strong><em>El Centro de Atenci\u00f3n a Visitantes (Catvi) de la Zona Arqueol\u00f3gica ofrecer\u00e1 una experiencia \u00fanica donde se podr\u00e1n adquirir miel, mermeladas, elotes y otros alimentos tradicionales elaborados por comunidades ch&#8217;oles y tseltales<\/em><\/strong><\/p>\n\n\n\n<p>Por Staff AzTurismo<\/p>\n\n\n\n<p>El <strong>Centro de Atenci\u00f3n a Visitantes (Catvi)<\/strong> de la <a href=\"https:\/\/www.inah.gob.mx\/zonas\/zona-arqueologica-palenque\">Zona Arqueol\u00f3gica de Palenque <\/a>(ZAP) albergar\u00e1 por primera vez la muestra &#8220;<strong>Ra\u00edces y sabores. Conservaci\u00f3n de recursos y cultura de la milpa<\/strong>&#8220;, un evento que busca promover los productos org\u00e1nicos elaborados por comunidades ind\u00edgenas de la regi\u00f3n. La cita ser\u00e1 los d\u00edas 19, 20, 26 y 27 de abril de 2025, con entrada gratuita.<\/p>\n\n\n\n<h2 class=\"wp-block-heading\">Productos org\u00e1nicos y sabores tradicionales de Chiapas<\/h2>\n\n\n<div class=\"wp-block-image\">\n<figure class=\"aligncenter size-full\"><img data-recalc-dims=\"1\" loading=\"lazy\" decoding=\"async\" width=\"600\" height=\"450\" data-attachment-id=\"3663\" data-permalink=\"https:\/\/azturismo.net\/?attachment_id=3663\" data-orig-file=\"https:\/\/i0.wp.com\/azturismo.net\/wp-content\/uploads\/2025\/04\/El-Catvi-de-la-ZAP-se-inauguro-el-14-de-diciembre-de-2024-para-optimizar-el-acceso-al-sitio-patrimonial.-Foto-Presidencia.jpg?fit=600%2C450&amp;ssl=1\" data-orig-size=\"600,450\" data-comments-opened=\"1\" data-image-meta=\"{&quot;aperture&quot;:&quot;0&quot;,&quot;credit&quot;:&quot;&quot;,&quot;camera&quot;:&quot;&quot;,&quot;caption&quot;:&quot;&quot;,&quot;created_timestamp&quot;:&quot;0&quot;,&quot;copyright&quot;:&quot;&quot;,&quot;focal_length&quot;:&quot;0&quot;,&quot;iso&quot;:&quot;0&quot;,&quot;shutter_speed&quot;:&quot;0&quot;,&quot;title&quot;:&quot;&quot;,&quot;orientation&quot;:&quot;1&quot;}\" data-image-title=\"El Catvi de la ZAP se inaugur\u00f3 el 14 de diciembre de 2024, para optimizar el acceso al sitio patrimonial. Foto Presidencia\" data-image-description=\"\" data-image-caption=\"&lt;p&gt;Foto: Presidencia&lt;\/p&gt;\n\" data-large-file=\"https:\/\/i0.wp.com\/azturismo.net\/wp-content\/uploads\/2025\/04\/El-Catvi-de-la-ZAP-se-inauguro-el-14-de-diciembre-de-2024-para-optimizar-el-acceso-al-sitio-patrimonial.-Foto-Presidencia.jpg?fit=600%2C450&amp;ssl=1\" src=\"https:\/\/i0.wp.com\/azturismo.net\/wp-content\/uploads\/2025\/04\/El-Catvi-de-la-ZAP-se-inauguro-el-14-de-diciembre-de-2024-para-optimizar-el-acceso-al-sitio-patrimonial.-Foto-Presidencia.jpg?resize=600%2C450&#038;ssl=1\" alt=\"\" class=\"wp-image-3663\" srcset=\"https:\/\/i0.wp.com\/azturismo.net\/wp-content\/uploads\/2025\/04\/El-Catvi-de-la-ZAP-se-inauguro-el-14-de-diciembre-de-2024-para-optimizar-el-acceso-al-sitio-patrimonial.-Foto-Presidencia.jpg?w=600&amp;ssl=1 600w, https:\/\/i0.wp.com\/azturismo.net\/wp-content\/uploads\/2025\/04\/El-Catvi-de-la-ZAP-se-inauguro-el-14-de-diciembre-de-2024-para-optimizar-el-acceso-al-sitio-patrimonial.-Foto-Presidencia.jpg?resize=300%2C225&amp;ssl=1 300w, https:\/\/i0.wp.com\/azturismo.net\/wp-content\/uploads\/2025\/04\/El-Catvi-de-la-ZAP-se-inauguro-el-14-de-diciembre-de-2024-para-optimizar-el-acceso-al-sitio-patrimonial.-Foto-Presidencia.jpg?resize=150%2C113&amp;ssl=1 150w\" sizes=\"auto, (max-width: 600px) 100vw, 600px\" \/><figcaption class=\"wp-element-caption\">Foto: Presidencia<\/figcaption><\/figure><\/div>\n\n\n<p>Los visitantes podr\u00e1n adquirir una variedad de productos como <strong>miel, mermeladas, elotes tiernos y tamales<\/strong>, as\u00ed como el tradicional <strong>chapay<\/strong>, fruto de una palma local con el que se prepara un platillo t\u00edpico de la regi\u00f3n chiapaneca. Todos estos productos son cultivados mediante m\u00e9todos que evitan el uso de pesticidas y qu\u00edmicos.<\/p>\n\n\n\n<p>&#8220;La convocatoria es tambi\u00e9n para estimular un turismo sustentable. Es un complemento a la atenci\u00f3n de las y los visitantes, que en su mayor\u00eda son nacionales, y pueden aprovechar la exposici\u00f3n para llevarse una experiencia novedosa&#8221;, explic\u00f3 <strong>Jacobo Mugarte Moo<\/strong>, director del Catvi de la ZAP.<\/p>\n\n\n\n<h2 class=\"wp-block-heading\">Colaboraci\u00f3n institucional y comunitaria<\/h2>\n\n\n\n<figure class=\"wp-block-image size-full\"><img data-recalc-dims=\"1\" loading=\"lazy\" decoding=\"async\" width=\"600\" height=\"450\" data-attachment-id=\"3664\" data-permalink=\"https:\/\/azturismo.net\/?attachment_id=3664\" data-orig-file=\"https:\/\/i0.wp.com\/azturismo.net\/wp-content\/uploads\/2025\/04\/Contara-con-la-participacion-de-productores-de-Ocosingo-y-de-comunidades-cercanas-a-la-Zona-Arqueologica-de-Palenque.-Foto-cortesia-Jacobo-Mugarte.jpeg?fit=600%2C450&amp;ssl=1\" data-orig-size=\"600,450\" data-comments-opened=\"1\" data-image-meta=\"{&quot;aperture&quot;:&quot;0&quot;,&quot;credit&quot;:&quot;&quot;,&quot;camera&quot;:&quot;&quot;,&quot;caption&quot;:&quot;&quot;,&quot;created_timestamp&quot;:&quot;0&quot;,&quot;copyright&quot;:&quot;&quot;,&quot;focal_length&quot;:&quot;0&quot;,&quot;iso&quot;:&quot;0&quot;,&quot;shutter_speed&quot;:&quot;0&quot;,&quot;title&quot;:&quot;&quot;,&quot;orientation&quot;:&quot;1&quot;}\" data-image-title=\"Contar\u00e1 con la participaci\u00f3n de productores de Ocosingo y de comunidades cercanas a la Zona Arqueol\u00f3gica de Palenque. Foto cortes\u00eda Jacobo Mugarte\" data-image-description=\"\" data-image-caption=\"&lt;p&gt;Foto: Jacobo Mugarte&lt;\/p&gt;\n\" data-large-file=\"https:\/\/i0.wp.com\/azturismo.net\/wp-content\/uploads\/2025\/04\/Contara-con-la-participacion-de-productores-de-Ocosingo-y-de-comunidades-cercanas-a-la-Zona-Arqueologica-de-Palenque.-Foto-cortesia-Jacobo-Mugarte.jpeg?fit=600%2C450&amp;ssl=1\" src=\"https:\/\/i0.wp.com\/azturismo.net\/wp-content\/uploads\/2025\/04\/Contara-con-la-participacion-de-productores-de-Ocosingo-y-de-comunidades-cercanas-a-la-Zona-Arqueologica-de-Palenque.-Foto-cortesia-Jacobo-Mugarte.jpeg?resize=600%2C450&#038;ssl=1\" alt=\"\" class=\"wp-image-3664\" srcset=\"https:\/\/i0.wp.com\/azturismo.net\/wp-content\/uploads\/2025\/04\/Contara-con-la-participacion-de-productores-de-Ocosingo-y-de-comunidades-cercanas-a-la-Zona-Arqueologica-de-Palenque.-Foto-cortesia-Jacobo-Mugarte.jpeg?w=600&amp;ssl=1 600w, https:\/\/i0.wp.com\/azturismo.net\/wp-content\/uploads\/2025\/04\/Contara-con-la-participacion-de-productores-de-Ocosingo-y-de-comunidades-cercanas-a-la-Zona-Arqueologica-de-Palenque.-Foto-cortesia-Jacobo-Mugarte.jpeg?resize=300%2C225&amp;ssl=1 300w, https:\/\/i0.wp.com\/azturismo.net\/wp-content\/uploads\/2025\/04\/Contara-con-la-participacion-de-productores-de-Ocosingo-y-de-comunidades-cercanas-a-la-Zona-Arqueologica-de-Palenque.-Foto-cortesia-Jacobo-Mugarte.jpeg?resize=150%2C113&amp;ssl=1 150w\" sizes=\"auto, (max-width: 600px) 100vw, 600px\" \/><figcaption class=\"wp-element-caption\">Foto: Jacobo Mugarte<\/figcaption><\/figure>\n\n\n\n<p>La muestra es organizada por el <strong>Instituto Nacional de Antropolog\u00eda e Historia (INAH)<\/strong>, \u00f3rgano de la Secretar\u00eda de Cultura del Gobierno de M\u00e9xico, y la <strong>Comisi\u00f3n Nacional de \u00c1reas Naturales Protegidas (Conanp)<\/strong>, a trav\u00e9s del programa &#8220;Sembrando Vida&#8221; del municipio de Ocosingo, Chiapas. Participan activamente las comunidades <strong>ch&#8217;oles y tseltales<\/strong> de El Naranjo y L\u00f3pez Mateos.<\/p>\n\n\n\n<p>De acuerdo con los organizadores, se prev\u00e9 replicar esta iniciativa al menos una vez al mes, con la participaci\u00f3n de las comunidades cercanas al Catvi, y complementarla con talleres de divulgaci\u00f3n y concienciaci\u00f3n ambiental.<\/p>\n\n\n\n<h2 class=\"wp-block-heading\">Detalles del evento<\/h2>\n\n\n\n<p>La exposici\u00f3n se instalar\u00e1 en la explanada adjunta a la bah\u00eda de ascenso y descenso del Catvi, un espacio que cuenta con m\u00e1s de dos mil metros cuadrados. En total participar\u00e1n:<\/p>\n\n\n\n<ul class=\"wp-block-list\">\n<li>6 expositores con productos elaborados<\/li>\n\n\n\n<li>15 expositores con productos de la milpa<\/li>\n\n\n\n<li>Horario: 8:00 a 17:00 horas<\/li>\n\n\n\n<li>Acceso gratuito<\/li>\n<\/ul>\n\n\n\n<h2 class=\"wp-block-heading\">Centro de Atenci\u00f3n a Visitantes: innovaci\u00f3n y sustentabilidad<\/h2>\n\n\n\n<p>El Catvi de la ZAP fue inaugurado el 14 de diciembre de 2024 como parte del proyecto prioritario <strong>Tren Maya<\/strong>, con el objetivo de optimizar el acceso al sitio patrimonial, evitar aglomeraciones y promover el disfrute del ecosistema.<\/p>\n\n\n\n<p>Este centro ofrece una experiencia integral gracias a su ubicaci\u00f3n estrat\u00e9gica y dise\u00f1o funcional, que incluye:<\/p>\n\n\n\n<ul class=\"wp-block-list\">\n<li>Sanitarios<\/li>\n\n\n\n<li>\u00c1rea de interpretaci\u00f3n<\/li>\n\n\n\n<li>Taquillas unificadas (INAH y Conanp)<\/li>\n\n\n\n<li>Espacios comerciales y gastron\u00f3micos<\/li>\n\n\n\n<li>Estacionamiento para diversos veh\u00edculos<\/li>\n\n\n\n<li>Transporte hacia la zona arqueol\u00f3gica (60 pesos viaje redondo)<\/li>\n<\/ul>\n\n\n\n<p>Las instalaciones fueron proyectadas con un enfoque de sustentabilidad, incorporando luminarias con paneles solares y una planta de tratamiento de agua.<\/p>\n\n\n\n<h2 class=\"wp-block-heading\">Promoci\u00f3n del patrimonio biocultural<\/h2>\n\n\n\n<p>&#8220;Se trata de difundir un programa de trabajo dentro del cual se promuevan los valores bioculturales del sitio&#8221;, subray\u00f3 Mugarte Moo, recordando que el Parque Nacional Palenque enmarca las 210 hect\u00e1reas de la zona n\u00facleo de monumentos arqueol\u00f3gicos.<\/p>\n\n\n\n<p>El Catvi tambi\u00e9n ha integrado a 451 prestadores de servicios locales, entre gu\u00edas, artesanos y vendedores de alimentos, a quienes se busca incorporar a un ejercicio de econom\u00eda formal y solidaria mediante mesas de di\u00e1logo y talleres de sensibilizaci\u00f3n.<\/p>\n\n\n\n<h2 class=\"wp-block-heading\">Informaci\u00f3n pr\u00e1ctica<\/h2>\n\n\n\n<p>Los interesados en visitar la muestra &#8220;Ra\u00edces y sabores&#8221; pueden acudir al Centro de Atenci\u00f3n a Visitantes de Palenque, ubicado en la carretera Ramal Palenque Zona Arqueol\u00f3gica, km 4, municipio de Palenque, Chiapas.<\/p>\n\n\n\n<p>Esta iniciativa representa una oportunidad \u00fanica para que los visitantes de la Zona Arqueol\u00f3gica complementen su experiencia cultural con el disfrute de productos tradicionales, mientras contribuyen a la econom\u00eda local y a la conservaci\u00f3n del medio ambiente.<\/p>\n","protected":false},"excerpt":{"rendered":"<p>El Centro de Atenci\u00f3n a Visitantes (Catvi) de la Zona Arqueol\u00f3gica ofrecer\u00e1 una experiencia \u00fanica donde se podr\u00e1n adquirir miel, mermeladas, elotes y otros alimentos tradicionales elaborados por comunidades ch&#8217;oles y tseltales Por Staff AzTurismo El Centro de Atenci\u00f3n a Visitantes (Catvi) de la Zona Arqueol\u00f3gica de Palenque (ZAP) albergar\u00e1 por primera vez la muestra [&hellip;]<\/p>\n","protected":false},"author":1,"featured_media":3662,"comment_status":"open","ping_status":"open","sticky":false,"template":"","format":"standard","meta":{"jetpack_post_was_ever_published":false,"_jetpack_newsletter_access":"","_jetpack_dont_email_post_to_subs":false,"_jetpack_newsletter_tier_id":0,"_jetpack_memberships_contains_paywalled_content":false,"_jetpack_memberships_contains_paid_content":false,"footnotes":"","jetpack_publicize_message":"","jetpack_publicize_feature_enabled":true,"jetpack_social_post_already_shared":true,"jetpack_social_options":{"image_generator_settings":{"template":"highway","default_image_id":0,"font":"","enabled":false},"version":2}},"categories":[30,31,33],"tags":[99,519,192,1520,39,1521],"class_list":{"0":"post-3661","1":"post","2":"type-post","3":"status-publish","4":"format-standard","5":"has-post-thumbnail","7":"category-e","8":"category-especiales","9":"category-especiales-segundarias","10":"tag-azturismo","11":"tag-ferias-y-fiestas","12":"tag-inah","13":"tag-palenque","14":"tag-turismo","15":"tag-zona-arqueologica-de-palenque"},"yoast_head":"<!-- This site is optimized with the Yoast SEO plugin v27.5 - https:\/\/yoast.com\/product\/yoast-seo-wordpress\/ -->\n<title>\u00a1La milpa maya llega a #Palenque! \ud83c\udf3d - Azturismo Noticias<\/title>\n<meta name=\"description\" content=\"Por primera vez, el Centro de Atenci\u00f3n a Visitantes de la Zona Arqueol\u00f3gica de Palenque trae para ti una muestra de productos org\u00e1nicos elaborados por comunidades ch&#039;oles y tseltales.\" \/>\n<meta name=\"robots\" content=\"index, follow, max-snippet:-1, max-image-preview:large, max-video-preview:-1\" \/>\n<link rel=\"canonical\" href=\"https:\/\/azturismo.net\/?p=3661\" \/>\n<meta property=\"og:locale\" content=\"es_MX\" \/>\n<meta property=\"og:type\" content=\"article\" \/>\n<meta property=\"og:title\" content=\"\u00a1La milpa maya llega a #Palenque! \ud83c\udf3d - Azturismo Noticias\" \/>\n<meta property=\"og:description\" content=\"Por primera vez, el Centro de Atenci\u00f3n a Visitantes de la Zona Arqueol\u00f3gica de Palenque trae para ti una muestra de productos org\u00e1nicos elaborados por comunidades ch&#039;oles y tseltales.\" \/>\n<meta property=\"og:url\" content=\"https:\/\/azturismo.net\/?p=3661\" \/>\n<meta property=\"og:site_name\" content=\"Azturismo Noticias\" \/>\n<meta property=\"article:publisher\" content=\"https:\/\/www.facebook.com\/AzturismoNoticias\" \/>\n<meta property=\"article:published_time\" content=\"2025-04-16T14:01:00+00:00\" \/>\n<meta property=\"og:image\" content=\"https:\/\/i0.wp.com\/azturismo.net\/wp-content\/uploads\/2025\/04\/El-Catvi-de-Palenque-realizara-primera-muestra-de-productos-de-la-milpa.-Foto-Presidencia.jpg?fit=600%2C450&ssl=1\" \/>\n\t<meta property=\"og:image:width\" content=\"600\" \/>\n\t<meta property=\"og:image:height\" content=\"450\" \/>\n\t<meta property=\"og:image:type\" content=\"image\/jpeg\" \/>\n<meta name=\"author\" content=\"Azturismo\" \/>\n<meta name=\"twitter:card\" content=\"summary_large_image\" \/>\n<meta name=\"twitter:creator\" content=\"@AzTurismo\" \/>\n<meta name=\"twitter:site\" content=\"@AzTurismo\" \/>\n<meta name=\"twitter:label1\" content=\"Escrito por\" \/>\n\t<meta name=\"twitter:data1\" content=\"Azturismo\" \/>\n\t<meta name=\"twitter:label2\" content=\"Tiempo de lectura\" \/>\n\t<meta name=\"twitter:data2\" content=\"4 minutos\" \/>\n<script type=\"application\/ld+json\" class=\"yoast-schema-graph\">{\"@context\":\"https:\\\/\\\/schema.org\",\"@graph\":[{\"@type\":\"Article\",\"@id\":\"https:\\\/\\\/azturismo.net\\\/?p=3661#article\",\"isPartOf\":{\"@id\":\"https:\\\/\\\/azturismo.net\\\/?p=3661\"},\"author\":{\"name\":\"Azturismo\",\"@id\":\"https:\\\/\\\/azturismo.net\\\/#\\\/schema\\\/person\\\/4b56d87f51c4d1b518c650739ad3bbc1\"},\"headline\":\"\u00a1La milpa maya llega a #Palenque! \ud83c\udf3d\",\"datePublished\":\"2025-04-16T14:01:00+00:00\",\"mainEntityOfPage\":{\"@id\":\"https:\\\/\\\/azturismo.net\\\/?p=3661\"},\"wordCount\":671,\"commentCount\":0,\"publisher\":{\"@id\":\"https:\\\/\\\/azturismo.net\\\/#organization\"},\"image\":{\"@id\":\"https:\\\/\\\/azturismo.net\\\/?p=3661#primaryimage\"},\"thumbnailUrl\":\"https:\\\/\\\/i0.wp.com\\\/azturismo.net\\\/wp-content\\\/uploads\\\/2025\\\/04\\\/El-Catvi-de-Palenque-realizara-primera-muestra-de-productos-de-la-milpa.-Foto-Presidencia.jpg?fit=600%2C450&ssl=1\",\"keywords\":[\"azturismo\",\"ferias y fiestas\",\"INAH\",\"palenque\",\"Turismo\",\"zona arqueol\u00f3gica de palenque\"],\"articleSection\":[\"Destacadas\",\"ESPECIALES 1\",\"ESPECIALES 2\"],\"inLanguage\":\"es\",\"potentialAction\":[{\"@type\":\"CommentAction\",\"name\":\"Comment\",\"target\":[\"https:\\\/\\\/azturismo.net\\\/?p=3661#respond\"]}]},{\"@type\":\"WebPage\",\"@id\":\"https:\\\/\\\/azturismo.net\\\/?p=3661\",\"url\":\"https:\\\/\\\/azturismo.net\\\/?p=3661\",\"name\":\"\u00a1La milpa maya llega a #Palenque! \ud83c\udf3d - Azturismo Noticias\",\"isPartOf\":{\"@id\":\"https:\\\/\\\/azturismo.net\\\/#website\"},\"primaryImageOfPage\":{\"@id\":\"https:\\\/\\\/azturismo.net\\\/?p=3661#primaryimage\"},\"image\":{\"@id\":\"https:\\\/\\\/azturismo.net\\\/?p=3661#primaryimage\"},\"thumbnailUrl\":\"https:\\\/\\\/i0.wp.com\\\/azturismo.net\\\/wp-content\\\/uploads\\\/2025\\\/04\\\/El-Catvi-de-Palenque-realizara-primera-muestra-de-productos-de-la-milpa.-Foto-Presidencia.jpg?fit=600%2C450&ssl=1\",\"datePublished\":\"2025-04-16T14:01:00+00:00\",\"description\":\"Por primera vez, el Centro de Atenci\u00f3n a Visitantes de la Zona Arqueol\u00f3gica de Palenque trae para ti una muestra de productos org\u00e1nicos elaborados por comunidades ch'oles y tseltales.\",\"breadcrumb\":{\"@id\":\"https:\\\/\\\/azturismo.net\\\/?p=3661#breadcrumb\"},\"inLanguage\":\"es\",\"potentialAction\":[{\"@type\":\"ReadAction\",\"target\":[\"https:\\\/\\\/azturismo.net\\\/?p=3661\"]}]},{\"@type\":\"ImageObject\",\"inLanguage\":\"es\",\"@id\":\"https:\\\/\\\/azturismo.net\\\/?p=3661#primaryimage\",\"url\":\"https:\\\/\\\/i0.wp.com\\\/azturismo.net\\\/wp-content\\\/uploads\\\/2025\\\/04\\\/El-Catvi-de-Palenque-realizara-primera-muestra-de-productos-de-la-milpa.-Foto-Presidencia.jpg?fit=600%2C450&ssl=1\",\"contentUrl\":\"https:\\\/\\\/i0.wp.com\\\/azturismo.net\\\/wp-content\\\/uploads\\\/2025\\\/04\\\/El-Catvi-de-Palenque-realizara-primera-muestra-de-productos-de-la-milpa.-Foto-Presidencia.jpg?fit=600%2C450&ssl=1\",\"width\":600,\"height\":450},{\"@type\":\"BreadcrumbList\",\"@id\":\"https:\\\/\\\/azturismo.net\\\/?p=3661#breadcrumb\",\"itemListElement\":[{\"@type\":\"ListItem\",\"position\":1,\"name\":\"Home\",\"item\":\"https:\\\/\\\/azturismo.net\\\/\"},{\"@type\":\"ListItem\",\"position\":2,\"name\":\"\u00a1La milpa maya llega a #Palenque! \ud83c\udf3d\"}]},{\"@type\":\"WebSite\",\"@id\":\"https:\\\/\\\/azturismo.net\\\/#website\",\"url\":\"https:\\\/\\\/azturismo.net\\\/\",\"name\":\"Azturismo\",\"description\":\"Azturismo Noticias\",\"publisher\":{\"@id\":\"https:\\\/\\\/azturismo.net\\\/#organization\"},\"potentialAction\":[{\"@type\":\"SearchAction\",\"target\":{\"@type\":\"EntryPoint\",\"urlTemplate\":\"https:\\\/\\\/azturismo.net\\\/?s={search_term_string}\"},\"query-input\":{\"@type\":\"PropertyValueSpecification\",\"valueRequired\":true,\"valueName\":\"search_term_string\"}}],\"inLanguage\":\"es\"},{\"@type\":\"Organization\",\"@id\":\"https:\\\/\\\/azturismo.net\\\/#organization\",\"name\":\"Azturismo\",\"url\":\"https:\\\/\\\/azturismo.net\\\/\",\"logo\":{\"@type\":\"ImageObject\",\"inLanguage\":\"es\",\"@id\":\"https:\\\/\\\/azturismo.net\\\/#\\\/schema\\\/logo\\\/image\\\/\",\"url\":\"https:\\\/\\\/i0.wp.com\\\/azturismo.net\\\/wp-content\\\/uploads\\\/2024\\\/03\\\/logo-el-bueno-.png?fit=294%2C69&ssl=1\",\"contentUrl\":\"https:\\\/\\\/i0.wp.com\\\/azturismo.net\\\/wp-content\\\/uploads\\\/2024\\\/03\\\/logo-el-bueno-.png?fit=294%2C69&ssl=1\",\"width\":294,\"height\":69,\"caption\":\"Azturismo\"},\"image\":{\"@id\":\"https:\\\/\\\/azturismo.net\\\/#\\\/schema\\\/logo\\\/image\\\/\"},\"sameAs\":[\"https:\\\/\\\/www.facebook.com\\\/AzturismoNoticias\",\"https:\\\/\\\/x.com\\\/AzTurismo\",\"https:\\\/\\\/www.instagram.com\\\/azturismo_noticias\\\/?fbclid=IwAR2xMiuoHbs6eLeIHKP8P5sSGa-xFrw7FfejscXO7kDghWa7wKLjGczKOwE\",\"https:\\\/\\\/www.tiktok.com\\\/@azturismo\"]},{\"@type\":\"Person\",\"@id\":\"https:\\\/\\\/azturismo.net\\\/#\\\/schema\\\/person\\\/4b56d87f51c4d1b518c650739ad3bbc1\",\"name\":\"Azturismo\",\"image\":{\"@type\":\"ImageObject\",\"inLanguage\":\"es\",\"@id\":\"https:\\\/\\\/azturismo.net\\\/wp-content\\\/litespeed\\\/avatar\\\/dfe28a31cdd68b788da48a316e50db10.jpg?ver=1777707566\",\"url\":\"https:\\\/\\\/azturismo.net\\\/wp-content\\\/litespeed\\\/avatar\\\/dfe28a31cdd68b788da48a316e50db10.jpg?ver=1777707566\",\"contentUrl\":\"https:\\\/\\\/azturismo.net\\\/wp-content\\\/litespeed\\\/avatar\\\/dfe28a31cdd68b788da48a316e50db10.jpg?ver=1777707566\",\"caption\":\"Azturismo\"},\"sameAs\":[\"https:\\\/\\\/azturismo.net\"],\"url\":\"https:\\\/\\\/azturismo.net\\\/?author=1\"}]}<\/script>\n<!-- \/ Yoast SEO plugin. -->","yoast_head_json":{"title":"\u00a1La milpa maya llega a #Palenque! \ud83c\udf3d - Azturismo Noticias","description":"Por primera vez, el Centro de Atenci\u00f3n a Visitantes de la Zona Arqueol\u00f3gica de Palenque trae para ti una muestra de productos org\u00e1nicos elaborados por comunidades ch'oles y tseltales.","robots":{"index":"index","follow":"follow","max-snippet":"max-snippet:-1","max-image-preview":"max-image-preview:large","max-video-preview":"max-video-preview:-1"},"canonical":"https:\/\/azturismo.net\/?p=3661","og_locale":"es_MX","og_type":"article","og_title":"\u00a1La milpa maya llega a #Palenque! \ud83c\udf3d - Azturismo Noticias","og_description":"Por primera vez, el Centro de Atenci\u00f3n a Visitantes de la Zona Arqueol\u00f3gica de Palenque trae para ti una muestra de productos org\u00e1nicos elaborados por comunidades ch'oles y tseltales.","og_url":"https:\/\/azturismo.net\/?p=3661","og_site_name":"Azturismo Noticias","article_publisher":"https:\/\/www.facebook.com\/AzturismoNoticias","article_published_time":"2025-04-16T14:01:00+00:00","og_image":[{"width":600,"height":450,"url":"https:\/\/i0.wp.com\/azturismo.net\/wp-content\/uploads\/2025\/04\/El-Catvi-de-Palenque-realizara-primera-muestra-de-productos-de-la-milpa.-Foto-Presidencia.jpg?fit=600%2C450&ssl=1","type":"image\/jpeg"}],"author":"Azturismo","twitter_card":"summary_large_image","twitter_creator":"@AzTurismo","twitter_site":"@AzTurismo","twitter_misc":{"Escrito por":"Azturismo","Tiempo de lectura":"4 minutos"},"schema":{"@context":"https:\/\/schema.org","@graph":[{"@type":"Article","@id":"https:\/\/azturismo.net\/?p=3661#article","isPartOf":{"@id":"https:\/\/azturismo.net\/?p=3661"},"author":{"name":"Azturismo","@id":"https:\/\/azturismo.net\/#\/schema\/person\/4b56d87f51c4d1b518c650739ad3bbc1"},"headline":"\u00a1La milpa maya llega a #Palenque! \ud83c\udf3d","datePublished":"2025-04-16T14:01:00+00:00","mainEntityOfPage":{"@id":"https:\/\/azturismo.net\/?p=3661"},"wordCount":671,"commentCount":0,"publisher":{"@id":"https:\/\/azturismo.net\/#organization"},"image":{"@id":"https:\/\/azturismo.net\/?p=3661#primaryimage"},"thumbnailUrl":"https:\/\/i0.wp.com\/azturismo.net\/wp-content\/uploads\/2025\/04\/El-Catvi-de-Palenque-realizara-primera-muestra-de-productos-de-la-milpa.-Foto-Presidencia.jpg?fit=600%2C450&ssl=1","keywords":["azturismo","ferias y fiestas","INAH","palenque","Turismo","zona arqueol\u00f3gica de palenque"],"articleSection":["Destacadas","ESPECIALES 1","ESPECIALES 2"],"inLanguage":"es","potentialAction":[{"@type":"CommentAction","name":"Comment","target":["https:\/\/azturismo.net\/?p=3661#respond"]}]},{"@type":"WebPage","@id":"https:\/\/azturismo.net\/?p=3661","url":"https:\/\/azturismo.net\/?p=3661","name":"\u00a1La milpa maya llega a #Palenque! \ud83c\udf3d - Azturismo Noticias","isPartOf":{"@id":"https:\/\/azturismo.net\/#website"},"primaryImageOfPage":{"@id":"https:\/\/azturismo.net\/?p=3661#primaryimage"},"image":{"@id":"https:\/\/azturismo.net\/?p=3661#primaryimage"},"thumbnailUrl":"https:\/\/i0.wp.com\/azturismo.net\/wp-content\/uploads\/2025\/04\/El-Catvi-de-Palenque-realizara-primera-muestra-de-productos-de-la-milpa.-Foto-Presidencia.jpg?fit=600%2C450&ssl=1","datePublished":"2025-04-16T14:01:00+00:00","description":"Por primera vez, el Centro de Atenci\u00f3n a Visitantes de la Zona Arqueol\u00f3gica de Palenque trae para ti una muestra de productos org\u00e1nicos elaborados por comunidades ch'oles y tseltales.","breadcrumb":{"@id":"https:\/\/azturismo.net\/?p=3661#breadcrumb"},"inLanguage":"es","potentialAction":[{"@type":"ReadAction","target":["https:\/\/azturismo.net\/?p=3661"]}]},{"@type":"ImageObject","inLanguage":"es","@id":"https:\/\/azturismo.net\/?p=3661#primaryimage","url":"https:\/\/i0.wp.com\/azturismo.net\/wp-content\/uploads\/2025\/04\/El-Catvi-de-Palenque-realizara-primera-muestra-de-productos-de-la-milpa.-Foto-Presidencia.jpg?fit=600%2C450&ssl=1","contentUrl":"https:\/\/i0.wp.com\/azturismo.net\/wp-content\/uploads\/2025\/04\/El-Catvi-de-Palenque-realizara-primera-muestra-de-productos-de-la-milpa.-Foto-Presidencia.jpg?fit=600%2C450&ssl=1","width":600,"height":450},{"@type":"BreadcrumbList","@id":"https:\/\/azturismo.net\/?p=3661#breadcrumb","itemListElement":[{"@type":"ListItem","position":1,"name":"Home","item":"https:\/\/azturismo.net\/"},{"@type":"ListItem","position":2,"name":"\u00a1La milpa maya llega a #Palenque! \ud83c\udf3d"}]},{"@type":"WebSite","@id":"https:\/\/azturismo.net\/#website","url":"https:\/\/azturismo.net\/","name":"Azturismo","description":"Azturismo Noticias","publisher":{"@id":"https:\/\/azturismo.net\/#organization"},"potentialAction":[{"@type":"SearchAction","target":{"@type":"EntryPoint","urlTemplate":"https:\/\/azturismo.net\/?s={search_term_string}"},"query-input":{"@type":"PropertyValueSpecification","valueRequired":true,"valueName":"search_term_string"}}],"inLanguage":"es"},{"@type":"Organization","@id":"https:\/\/azturismo.net\/#organization","name":"Azturismo","url":"https:\/\/azturismo.net\/","logo":{"@type":"ImageObject","inLanguage":"es","@id":"https:\/\/azturismo.net\/#\/schema\/logo\/image\/","url":"https:\/\/i0.wp.com\/azturismo.net\/wp-content\/uploads\/2024\/03\/logo-el-bueno-.png?fit=294%2C69&ssl=1","contentUrl":"https:\/\/i0.wp.com\/azturismo.net\/wp-content\/uploads\/2024\/03\/logo-el-bueno-.png?fit=294%2C69&ssl=1","width":294,"height":69,"caption":"Azturismo"},"image":{"@id":"https:\/\/azturismo.net\/#\/schema\/logo\/image\/"},"sameAs":["https:\/\/www.facebook.com\/AzturismoNoticias","https:\/\/x.com\/AzTurismo","https:\/\/www.instagram.com\/azturismo_noticias\/?fbclid=IwAR2xMiuoHbs6eLeIHKP8P5sSGa-xFrw7FfejscXO7kDghWa7wKLjGczKOwE","https:\/\/www.tiktok.com\/@azturismo"]},{"@type":"Person","@id":"https:\/\/azturismo.net\/#\/schema\/person\/4b56d87f51c4d1b518c650739ad3bbc1","name":"Azturismo","image":{"@type":"ImageObject","inLanguage":"es","@id":"https:\/\/azturismo.net\/wp-content\/litespeed\/avatar\/dfe28a31cdd68b788da48a316e50db10.jpg?ver=1777707566","url":"https:\/\/azturismo.net\/wp-content\/litespeed\/avatar\/dfe28a31cdd68b788da48a316e50db10.jpg?ver=1777707566","contentUrl":"https:\/\/azturismo.net\/wp-content\/litespeed\/avatar\/dfe28a31cdd68b788da48a316e50db10.jpg?ver=1777707566","caption":"Azturismo"},"sameAs":["https:\/\/azturismo.net"],"url":"https:\/\/azturismo.net\/?author=1"}]}},"jetpack_publicize_connections":[],"jetpack_featured_media_url":"https:\/\/i0.wp.com\/azturismo.net\/wp-content\/uploads\/2025\/04\/El-Catvi-de-Palenque-realizara-primera-muestra-de-productos-de-la-milpa.-Foto-Presidencia.jpg?fit=600%2C450&ssl=1","jetpack_sharing_enabled":true,"jetpack-related-posts":[{"id":3525,"url":"https:\/\/azturismo.net\/?p=3525","url_meta":{"origin":3661,"position":0},"title":"Laura Rojo asume la direcci\u00f3n del Museo Maya de Canc\u00fan","author":"Azturismo","date":"marzo 31, 2025","format":false,"excerpt":"Por Staff AzTurismo El Museo Maya de Canc\u00fan (MMC) tiene nueva directora. La fot\u00f3grafa y muse\u00f3grafa Laura Rojo F\u00e4rber ha sido nombrada titular de este recinto por acuerdo del Instituto Nacional de Antropolog\u00eda e Historia (INAH), bajo la direcci\u00f3n de Diego Prieto Hern\u00e1ndez. El anuncio se realiz\u00f3 el 27 de\u2026","rel":"","context":"En &quot;NOTITUR&quot;","block_context":{"text":"NOTITUR","link":"https:\/\/azturismo.net\/?cat=25"},"img":{"alt_text":"","src":"https:\/\/i0.wp.com\/azturismo.net\/wp-content\/uploads\/2025\/03\/Margarito-Molina-Juan-Manuel-Garibay-Laura-Rojo-y-Carlos-Esperon.-Foto-Centro-INAH-Quintana-Roo.jpeg?fit=600%2C495&ssl=1&resize=350%2C200","width":350,"height":200,"srcset":"https:\/\/i0.wp.com\/azturismo.net\/wp-content\/uploads\/2025\/03\/Margarito-Molina-Juan-Manuel-Garibay-Laura-Rojo-y-Carlos-Esperon.-Foto-Centro-INAH-Quintana-Roo.jpeg?fit=600%2C495&ssl=1&resize=350%2C200 1x, https:\/\/i0.wp.com\/azturismo.net\/wp-content\/uploads\/2025\/03\/Margarito-Molina-Juan-Manuel-Garibay-Laura-Rojo-y-Carlos-Esperon.-Foto-Centro-INAH-Quintana-Roo.jpeg?fit=600%2C495&ssl=1&resize=525%2C300 1.5x"},"classes":[]},{"id":5426,"url":"https:\/\/azturismo.net\/?p=5426","url_meta":{"origin":3661,"position":1},"title":"Arranca M\u00e9xico Imparable en Palenque","author":"Azturismo","date":"septiembre 17, 2025","format":false,"excerpt":"Por Staff AzTurismo Entre la selva y la memoria ancestral de los pueblos originarios, se inaugur\u00f3 el primer serial deportivo M\u00e9xico Imparable \u201cRa\u00edces de Agua\u201d, que reuni\u00f3 a 3 mil 500 corredores en la emblem\u00e1tica zona arqueol\u00f3gica de Palenque. En representaci\u00f3n de la secretaria de Turismo, Josefina Rodr\u00edguez Zamora, la\u2026","rel":"","context":"En &quot;Destacadas&quot;","block_context":{"text":"Destacadas","link":"https:\/\/azturismo.net\/?cat=30"},"img":{"alt_text":"","src":"https:\/\/i0.wp.com\/azturismo.net\/wp-content\/uploads\/2025\/09\/PSX_20250916_221231.jpg?fit=600%2C639&ssl=1&resize=350%2C200","width":350,"height":200,"srcset":"https:\/\/i0.wp.com\/azturismo.net\/wp-content\/uploads\/2025\/09\/PSX_20250916_221231.jpg?fit=600%2C639&ssl=1&resize=350%2C200 1x, https:\/\/i0.wp.com\/azturismo.net\/wp-content\/uploads\/2025\/09\/PSX_20250916_221231.jpg?fit=600%2C639&ssl=1&resize=525%2C300 1.5x"},"classes":[]},{"id":6316,"url":"https:\/\/azturismo.net\/?p=6316","url_meta":{"origin":3661,"position":2},"title":"La Reina Roja: una testigo del hallazgo Maya revive la historia de Tz\u2019aka ab\u2019 Ajaw en Madrid","author":"Azturismo","date":"noviembre 7, 2025","format":false,"excerpt":"Por Staff AzTurismo El misterio y el poder de las mujeres mayas han tomado la capital espa\u00f1ola. En un evento que conjuga arqueolog\u00eda, historia y periodismo narrativo, la escritora y periodista cultural Adriana Malvido present\u00f3 su libro \"La Reina Roja\" el pasado 4 de noviembre de 2025 en la Casa\u2026","rel":"","context":"En &quot;Destacadas&quot;","block_context":{"text":"Destacadas","link":"https:\/\/azturismo.net\/?cat=30"},"img":{"alt_text":"","src":"https:\/\/i0.wp.com\/azturismo.net\/wp-content\/uploads\/2025\/11\/LaReina-Roja-Adriana-Malvido4-Foto-AECID.jpg?fit=600%2C399&ssl=1&resize=350%2C200","width":350,"height":200,"srcset":"https:\/\/i0.wp.com\/azturismo.net\/wp-content\/uploads\/2025\/11\/LaReina-Roja-Adriana-Malvido4-Foto-AECID.jpg?fit=600%2C399&ssl=1&resize=350%2C200 1x, https:\/\/i0.wp.com\/azturismo.net\/wp-content\/uploads\/2025\/11\/LaReina-Roja-Adriana-Malvido4-Foto-AECID.jpg?fit=600%2C399&ssl=1&resize=525%2C300 1.5x"},"classes":[]},{"id":6742,"url":"https:\/\/azturismo.net\/?p=6742","url_meta":{"origin":3661,"position":3},"title":"Listos los paquetes decembrinos para disfrutar el Sureste","author":"Azturismo","date":"diciembre 7, 2025","format":false,"excerpt":"Por Oscar V\u00e1zquez C. El Sureste mexicano se alista para vivir una de sus temporadas m\u00e1s esperadas. Con el aroma a pino y luces decembrinas encendiendo las ciudades, la presidenta Claudia Sheinbaum Pardo confirm\u00f3 que ya est\u00e1n listos los paquetes vacacionales del Tren Maya, los hoteles Mundo Maya y la\u2026","rel":"","context":"En &quot;Destacadas&quot;","block_context":{"text":"Destacadas","link":"https:\/\/azturismo.net\/?cat=30"},"img":{"alt_text":"","src":"https:\/\/i0.wp.com\/azturismo.net\/wp-content\/uploads\/2025\/12\/2025-12-04-Conferencia-de-prensa-matutina-Palacio-Nacional-05-JCB.jpg?fit=600%2C400&ssl=1&resize=350%2C200","width":350,"height":200,"srcset":"https:\/\/i0.wp.com\/azturismo.net\/wp-content\/uploads\/2025\/12\/2025-12-04-Conferencia-de-prensa-matutina-Palacio-Nacional-05-JCB.jpg?fit=600%2C400&ssl=1&resize=350%2C200 1x, https:\/\/i0.wp.com\/azturismo.net\/wp-content\/uploads\/2025\/12\/2025-12-04-Conferencia-de-prensa-matutina-Palacio-Nacional-05-JCB.jpg?fit=600%2C400&ssl=1&resize=525%2C300 1.5x"},"classes":[]},{"id":3443,"url":"https:\/\/azturismo.net\/?p=3443","url_meta":{"origin":3661,"position":4},"title":"Los mercados, guardianes de la gastronom\u00eda mexicana","author":"Azturismo","date":"marzo 25, 2025","format":false,"excerpt":"Por Oscar V\u00e1zquez C. \ud83e\udd51 Los mercados tradicionales de M\u00e9xico son mucho m\u00e1s que centros de abasto; son aut\u00e9nticos templos de la cultura gastron\u00f3mica , donde se resguardan las recetas, ingredientes, artesan\u00edas y sabores ancestrales que forman parte del patrimonio culinario del pa\u00eds. La Secretar\u00eda de Turismo (Sectur), que encabeza\u2026","rel":"","context":"En &quot;Destacadas&quot;","block_context":{"text":"Destacadas","link":"https:\/\/azturismo.net\/?cat=30"},"img":{"alt_text":"","src":"https:\/\/i0.wp.com\/azturismo.net\/wp-content\/uploads\/2025\/03\/Comunicado-054-1.jpg?fit=600%2C399&ssl=1&resize=350%2C200","width":350,"height":200,"srcset":"https:\/\/i0.wp.com\/azturismo.net\/wp-content\/uploads\/2025\/03\/Comunicado-054-1.jpg?fit=600%2C399&ssl=1&resize=350%2C200 1x, https:\/\/i0.wp.com\/azturismo.net\/wp-content\/uploads\/2025\/03\/Comunicado-054-1.jpg?fit=600%2C399&ssl=1&resize=525%2C300 1.5x"},"classes":[]},{"id":6303,"url":"https:\/\/azturismo.net\/?p=6303","url_meta":{"origin":3661,"position":5},"title":"Nuevos accesos p\u00fablicos a las playas de Tulum","author":"Azturismo","date":"noviembre 9, 2025","format":false,"excerpt":"Por Staff AzTurismo Tulum es uno de los destinos favoritos en el Caribe mexicano, y ahora los viajeros tendr\u00e1n m\u00e1s opciones para disfrutar de sus playas sin pagar por el acceso. Se han habilitado nuevos accesos p\u00fablicos y gratuitos tanto en la zona del Parque del Jaguar como en la\u2026","rel":"","context":"En &quot;Destacadas&quot;","block_context":{"text":"Destacadas","link":"https:\/\/azturismo.net\/?cat=30"},"img":{"alt_text":"","src":"https:\/\/i0.wp.com\/azturismo.net\/wp-content\/uploads\/2025\/11\/Sectur-Tulum3.jpg?fit=600%2C400&ssl=1&resize=350%2C200","width":350,"height":200,"srcset":"https:\/\/i0.wp.com\/azturismo.net\/wp-content\/uploads\/2025\/11\/Sectur-Tulum3.jpg?fit=600%2C400&ssl=1&resize=350%2C200 1x, https:\/\/i0.wp.com\/azturismo.net\/wp-content\/uploads\/2025\/11\/Sectur-Tulum3.jpg?fit=600%2C400&ssl=1&resize=525%2C300 1.5x"},"classes":[]}],"jetpack_shortlink":"https:\/\/wp.me\/pfqZGx-X3","amp_enabled":true,"_links":{"self":[{"href":"https:\/\/azturismo.net\/index.php?rest_route=\/wp\/v2\/posts\/3661","targetHints":{"allow":["GET"]}}],"collection":[{"href":"https:\/\/azturismo.net\/index.php?rest_route=\/wp\/v2\/posts"}],"about":[{"href":"https:\/\/azturismo.net\/index.php?rest_route=\/wp\/v2\/types\/post"}],"author":[{"embeddable":true,"href":"https:\/\/azturismo.net\/index.php?rest_route=\/wp\/v2\/users\/1"}],"replies":[{"embeddable":true,"href":"https:\/\/azturismo.net\/index.php?rest_route=%2Fwp%2Fv2%2Fcomments&post=3661"}],"version-history":[{"count":1,"href":"https:\/\/azturismo.net\/index.php?rest_route=\/wp\/v2\/posts\/3661\/revisions"}],"predecessor-version":[{"id":3665,"href":"https:\/\/azturismo.net\/index.php?rest_route=\/wp\/v2\/posts\/3661\/revisions\/3665"}],"wp:featuredmedia":[{"embeddable":true,"href":"https:\/\/azturismo.net\/index.php?rest_route=\/wp\/v2\/media\/3662"}],"wp:attachment":[{"href":"https:\/\/azturismo.net\/index.php?rest_route=%2Fwp%2Fv2%2Fmedia&parent=3661"}],"wp:term":[{"taxonomy":"category","embeddable":true,"href":"https:\/\/azturismo.net\/index.php?rest_route=%2Fwp%2Fv2%2Fcategories&post=3661"},{"taxonomy":"post_tag","embeddable":true,"href":"https:\/\/azturismo.net\/index.php?rest_route=%2Fwp%2Fv2%2Ftags&post=3661"}],"curies":[{"name":"wp","href":"https:\/\/api.w.org\/{rel}","templated":true}]}}