{"id":3637,"date":"2025-04-15T13:40:24","date_gmt":"2025-04-15T19:40:24","guid":{"rendered":"https:\/\/azturismo.net\/?p=3637"},"modified":"2025-04-15T13:40:27","modified_gmt":"2025-04-15T19:40:27","slug":"en-marcha-operativo-nacional-de-semana-santa-2025","status":"publish","type":"post","link":"https:\/\/azturismo.net\/?p=3637","title":{"rendered":"En marcha Operativo Nacional de Semana Santa 2025"},"content":{"rendered":"\n<p><strong><em>Sectur federal y gobierno de Oaxaca despliegan 200 unidades de \u00c1ngeles Verdes para asistir a viajeros durante vacaciones de primavera<\/em><\/strong><\/p>\n\n\n\n<p>Por Staff AzTurismo<\/p>\n\n\n\n<p>La secretaria de Turismo del Gobierno de M\u00e9xico, Josefina Rodr\u00edguez Zamora, y el gobernador de Oaxaca, Salom\u00f3n Jara Cruz, dieron el Banderazo Nacional del Operativo Vacacional Semana Santa 2025 en Bah\u00edas de Huatulco, que estar\u00e1 activo del 11 al 27 de abril, con expectativas de una derrama econ\u00f3mica nacional superior a los 282 mil millones de pesos.<\/p>\n\n\n\n<h2 class=\"wp-block-heading\">Despliegue hist\u00f3rico para salvaguardar a turistas<\/h2>\n\n\n<div class=\"wp-block-image\">\n<figure class=\"alignleft size-full is-resized\"><img data-recalc-dims=\"1\" loading=\"lazy\" decoding=\"async\" width=\"600\" height=\"399\" data-attachment-id=\"3638\" data-permalink=\"https:\/\/azturismo.net\/?attachment_id=3638\" data-orig-file=\"https:\/\/i0.wp.com\/azturismo.net\/wp-content\/uploads\/2025\/04\/Comunicado-070-2.jpg?fit=600%2C399&amp;ssl=1\" data-orig-size=\"600,399\" data-comments-opened=\"1\" data-image-meta=\"{&quot;aperture&quot;:&quot;0&quot;,&quot;credit&quot;:&quot;&quot;,&quot;camera&quot;:&quot;&quot;,&quot;caption&quot;:&quot;&quot;,&quot;created_timestamp&quot;:&quot;0&quot;,&quot;copyright&quot;:&quot;&quot;,&quot;focal_length&quot;:&quot;0&quot;,&quot;iso&quot;:&quot;0&quot;,&quot;shutter_speed&quot;:&quot;0&quot;,&quot;title&quot;:&quot;&quot;,&quot;orientation&quot;:&quot;1&quot;}\" data-image-title=\"Comunicado 070 (2)\" data-image-description=\"\" data-image-caption=\"\" data-large-file=\"https:\/\/i0.wp.com\/azturismo.net\/wp-content\/uploads\/2025\/04\/Comunicado-070-2.jpg?fit=600%2C399&amp;ssl=1\" src=\"https:\/\/i0.wp.com\/azturismo.net\/wp-content\/uploads\/2025\/04\/Comunicado-070-2.jpg?resize=600%2C399&#038;ssl=1\" alt=\"\" class=\"wp-image-3638\" style=\"width:347px;height:auto\" srcset=\"https:\/\/i0.wp.com\/azturismo.net\/wp-content\/uploads\/2025\/04\/Comunicado-070-2.jpg?w=600&amp;ssl=1 600w, https:\/\/i0.wp.com\/azturismo.net\/wp-content\/uploads\/2025\/04\/Comunicado-070-2.jpg?resize=300%2C200&amp;ssl=1 300w, https:\/\/i0.wp.com\/azturismo.net\/wp-content\/uploads\/2025\/04\/Comunicado-070-2.jpg?resize=150%2C100&amp;ssl=1 150w\" sizes=\"auto, (max-width: 600px) 100vw, 600px\" \/><\/figure><\/div>\n\n\n<p>&#8220;Con este operativo reforzamos la presencia de cuerpos de seguridad y servicios de emergencia como \u00c1ngeles Verdes, Cruz Roja Mexicana, Protecci\u00f3n Civil y otras instituciones, con el objetivo de que las y los turistas nacionales e internacionales viajen con tranquilidad por nuestro pa\u00eds&#8221;, declar\u00f3 Rodr\u00edguez Zamora durante el evento.<\/p>\n\n\n\n<p>Este esfuerzo coordinado entre los tres niveles de gobierno contempla:<\/p>\n\n\n\n<ul class=\"wp-block-list\">\n<li><strong>200 unidades vehiculares<\/strong> de \u00c1ngeles Verdes desplegadas en carreteras federales<\/li>\n\n\n\n<li><strong>559 servidoras y servidores p\u00fablicos<\/strong> brindando asistencia directa<\/li>\n\n\n\n<li>Atenci\u00f3n estimada a <strong>28,416 turistas<\/strong> durante el periodo vacacional<\/li>\n\n\n\n<li><strong>9,959 servicios tur\u00edsticos<\/strong>: 7,872 en carreteras, 1,452 a trav\u00e9s del n\u00famero de emergencia 078 y 635 en m\u00f3dulos de atenci\u00f3n<\/li>\n<\/ul>\n\n\n\n<h2 class=\"wp-block-heading\">Expectativas econ\u00f3micas y ocupaci\u00f3n hotelera<\/h2>\n\n\n\n<p>Seg\u00fan las proyecciones oficiales, el consumo tur\u00edstico total alcanzar\u00e1 los <strong>282,011 millones de pesos<\/strong> durante Semana Santa y Pascua, cifra que representa un incremento del 4.4% comparado con el mismo periodo de 2024. Se espera que <strong>14,756,000 turistas<\/strong> se desplacen por el territorio nacional durante estas fechas.<\/p>\n\n\n\n<p>Para Oaxaca, las estimaciones apuntan a:<\/p>\n\n\n\n<ul class=\"wp-block-list\">\n<li>M\u00e1s de <strong>140,000 turistas<\/strong> alojados en hoteles<\/li>\n\n\n\n<li><strong>71% de ocupaci\u00f3n promedio<\/strong> en sus principales destinos<\/li>\n\n\n\n<li>Derrama econ\u00f3mica superior a <strong>5,800 millones de pesos<\/strong><\/li>\n\n\n\n<li>Bah\u00edas de Huatulco entre los <strong>10 destinos con mayor ocupaci\u00f3n<\/strong> del pa\u00eds, con proyecciones superiores al 85%<\/li>\n<\/ul>\n\n\n\n<h2 class=\"wp-block-heading\">Nuevo pol\u00edgono de turismo comunitario en Sierra Ju\u00e1rez<\/h2>\n\n\n<div class=\"wp-block-image\">\n<figure class=\"aligncenter size-full\"><img data-recalc-dims=\"1\" loading=\"lazy\" decoding=\"async\" width=\"600\" height=\"234\" data-attachment-id=\"3639\" data-permalink=\"https:\/\/azturismo.net\/?attachment_id=3639\" data-orig-file=\"https:\/\/i0.wp.com\/azturismo.net\/wp-content\/uploads\/2025\/04\/Comunicado-070-8.jpg?fit=600%2C234&amp;ssl=1\" data-orig-size=\"600,234\" data-comments-opened=\"1\" data-image-meta=\"{&quot;aperture&quot;:&quot;0&quot;,&quot;credit&quot;:&quot;&quot;,&quot;camera&quot;:&quot;&quot;,&quot;caption&quot;:&quot;&quot;,&quot;created_timestamp&quot;:&quot;0&quot;,&quot;copyright&quot;:&quot;&quot;,&quot;focal_length&quot;:&quot;0&quot;,&quot;iso&quot;:&quot;0&quot;,&quot;shutter_speed&quot;:&quot;0&quot;,&quot;title&quot;:&quot;&quot;,&quot;orientation&quot;:&quot;1&quot;}\" data-image-title=\"Comunicado 070 (8)\" data-image-description=\"\" data-image-caption=\"\" data-large-file=\"https:\/\/i0.wp.com\/azturismo.net\/wp-content\/uploads\/2025\/04\/Comunicado-070-8.jpg?fit=600%2C234&amp;ssl=1\" src=\"https:\/\/i0.wp.com\/azturismo.net\/wp-content\/uploads\/2025\/04\/Comunicado-070-8.jpg?resize=600%2C234&#038;ssl=1\" alt=\"\" class=\"wp-image-3639\" srcset=\"https:\/\/i0.wp.com\/azturismo.net\/wp-content\/uploads\/2025\/04\/Comunicado-070-8.jpg?w=600&amp;ssl=1 600w, https:\/\/i0.wp.com\/azturismo.net\/wp-content\/uploads\/2025\/04\/Comunicado-070-8.jpg?resize=300%2C117&amp;ssl=1 300w, https:\/\/i0.wp.com\/azturismo.net\/wp-content\/uploads\/2025\/04\/Comunicado-070-8.jpg?resize=150%2C59&amp;ssl=1 150w\" sizes=\"auto, (max-width: 600px) 100vw, 600px\" \/><\/figure><\/div>\n\n\n<p>Durante su visita a Oaxaca, la titular de Sectur anunci\u00f3 que la Sierra Ju\u00e1rez ser\u00e1 sede de uno de los 13 pol\u00edgonos de turismo comunitario programados para esta administraci\u00f3n federal.<\/p>\n\n\n\n<p>&#8220;Han escuchado mucho las palabras Prosperidad Compartida y turismo comunitario, y hoy me permito anunciar que Oaxaca va a tener un pol\u00edgono de turismo comunitario en la Sierra Ju\u00e1rez, por instrucciones de nuestra Presidenta, Claudia Sheinbaum Pardo&#8221;, destac\u00f3 Rodr\u00edguez Zamora.<\/p>\n\n\n\n<p>Este programa busca que los beneficios del turismo impacten directamente en las econom\u00edas locales, involucrando a gu\u00edas tur\u00edsticos, comerciantes, sector gastron\u00f3mico y artesanos de la regi\u00f3n.<\/p>\n\n\n\n<h2 class=\"wp-block-heading\">Oaxaca: potencia tur\u00edstica en crecimiento<\/h2>\n\n\n\n<figure class=\"wp-block-image size-full\"><img data-recalc-dims=\"1\" loading=\"lazy\" decoding=\"async\" width=\"600\" height=\"399\" data-attachment-id=\"3641\" data-permalink=\"https:\/\/azturismo.net\/?attachment_id=3641\" data-orig-file=\"https:\/\/i0.wp.com\/azturismo.net\/wp-content\/uploads\/2025\/04\/Comunicado-070-11.jpg?fit=600%2C399&amp;ssl=1\" data-orig-size=\"600,399\" data-comments-opened=\"1\" data-image-meta=\"{&quot;aperture&quot;:&quot;0&quot;,&quot;credit&quot;:&quot;&quot;,&quot;camera&quot;:&quot;&quot;,&quot;caption&quot;:&quot;&quot;,&quot;created_timestamp&quot;:&quot;0&quot;,&quot;copyright&quot;:&quot;&quot;,&quot;focal_length&quot;:&quot;0&quot;,&quot;iso&quot;:&quot;0&quot;,&quot;shutter_speed&quot;:&quot;0&quot;,&quot;title&quot;:&quot;&quot;,&quot;orientation&quot;:&quot;1&quot;}\" data-image-title=\"Comunicado 070 (11)\" data-image-description=\"\" data-image-caption=\"\" data-large-file=\"https:\/\/i0.wp.com\/azturismo.net\/wp-content\/uploads\/2025\/04\/Comunicado-070-11.jpg?fit=600%2C399&amp;ssl=1\" src=\"https:\/\/i0.wp.com\/azturismo.net\/wp-content\/uploads\/2025\/04\/Comunicado-070-11.jpg?resize=600%2C399&#038;ssl=1\" alt=\"\" class=\"wp-image-3641\" srcset=\"https:\/\/i0.wp.com\/azturismo.net\/wp-content\/uploads\/2025\/04\/Comunicado-070-11.jpg?w=600&amp;ssl=1 600w, https:\/\/i0.wp.com\/azturismo.net\/wp-content\/uploads\/2025\/04\/Comunicado-070-11.jpg?resize=300%2C200&amp;ssl=1 300w, https:\/\/i0.wp.com\/azturismo.net\/wp-content\/uploads\/2025\/04\/Comunicado-070-11.jpg?resize=150%2C100&amp;ssl=1 150w\" sizes=\"auto, (max-width: 600px) 100vw, 600px\" \/><\/figure>\n\n\n\n<p>La secretaria Rodr\u00edguez Zamora, acompa\u00f1ada por su hom\u00f3loga estatal, Saymi Pineda Velasco, sostuvo un encuentro con representantes del sector tur\u00edstico local para analizar estrategias que fortalezcan la actividad en el estado.<\/p>\n\n\n\n<p>En dicho encuentro, destac\u00f3 que Oaxaca representa un caso de \u00e9xito en el sector:<\/p>\n\n\n\n<ul class=\"wp-block-list\">\n<li><strong>PIB Tur\u00edstico del 12.6%<\/strong> de la econom\u00eda estatal, superior al promedio nacional<\/li>\n\n\n\n<li>M\u00e1s de <strong>4 millones de turistas<\/strong> hospedados en hoteles durante 2024<\/li>\n\n\n\n<li>Crecimiento del <strong>2.7%<\/strong> respecto al a\u00f1o anterior<\/li>\n\n\n\n<li>Modelo de <strong>turismo inclusivo<\/strong> en espacios como Playa La Entrega, con instalaciones accesibles para personas con discapacidad<\/li>\n<\/ul>\n\n\n\n<p>&#8220;Oaxaca es uno de los impulsores de desarrollo econ\u00f3mico y social del sur del pa\u00eds&#8221;, afirm\u00f3 la funcionaria, quien realiz\u00f3 un recorrido por Playa La Entrega, destacando sus instalaciones accesibles para personas con discapacidad y sus aguas cristalinas que la convierten en un atractivo tur\u00edstico de primer nivel.<\/p>\n\n\n\n<h2 class=\"wp-block-heading\">Reconocimiento a liderazgo internacional<\/h2>\n\n\n\n<p>La titular de Sectur tambi\u00e9n aprovech\u00f3 la ocasi\u00f3n para reconocer el liderazgo de la Presidenta Claudia Sheinbaum durante la IX Cumbre de la Comunidad de Estados Latinoamericanos y Caribe\u00f1os (CELAC), destacando su llamado a la uni\u00f3n regional y las estrategias compartidas para impulsar la prosperidad en Am\u00e9rica Latina.<\/p>\n\n\n\n<p><em>Para m\u00e1s informaci\u00f3n sobre el Operativo Vacacional de Semana Santa 2025 y recomendaciones para viajeros, visite el sitio oficial de la Secretar\u00eda de Turismo o llame al 078.<\/em><\/p>\n\n\n\n<p><\/p>\n","protected":false},"excerpt":{"rendered":"<p>Sectur federal y gobierno de Oaxaca despliegan 200 unidades de \u00c1ngeles Verdes para asistir a viajeros durante vacaciones de primavera Por Staff AzTurismo La secretaria de Turismo del Gobierno de M\u00e9xico, Josefina Rodr\u00edguez Zamora, y el gobernador de Oaxaca, Salom\u00f3n Jara Cruz, dieron el Banderazo Nacional del Operativo Vacacional Semana Santa 2025 en Bah\u00edas de [&hellip;]<\/p>\n","protected":false},"author":1,"featured_media":3640,"comment_status":"open","ping_status":"open","sticky":false,"template":"","format":"standard","meta":{"jetpack_post_was_ever_published":false,"_jetpack_newsletter_access":"","_jetpack_dont_email_post_to_subs":false,"_jetpack_newsletter_tier_id":0,"_jetpack_memberships_contains_paywalled_content":false,"_jetpack_memberships_contains_paid_content":false,"footnotes":"","jetpack_publicize_message":"","jetpack_publicize_feature_enabled":true,"jetpack_social_post_already_shared":true,"jetpack_social_options":{"image_generator_settings":{"template":"highway","default_image_id":0,"font":"","enabled":false},"version":2}},"categories":[30,25],"tags":[859,99,1512,313,1510,116,1509,39,1511,38],"class_list":{"0":"post-3637","1":"post","2":"type-post","3":"status-publish","4":"format-standard","5":"has-post-thumbnail","7":"category-e","8":"category-notitar","9":"tag-angeles-verdes","10":"tag-azturismo","11":"tag-huatulco","12":"tag-josefina-rodriguez-zamora","13":"tag-operativo-vacacional","14":"tag-sectur","15":"tag-semana-santa-2025-mexico","16":"tag-turismo","17":"tag-turismo-oaxaca","18":"tag-viajes"},"yoast_head":"<!-- This site is optimized with the Yoast SEO plugin v27.5 - https:\/\/yoast.com\/product\/yoast-seo-wordpress\/ -->\n<title>En marcha Operativo Nacional de Semana Santa 2025 - Azturismo Noticias<\/title>\n<meta name=\"description\" content=\"La secretaria de Turismo del Gobierno de M\u00e9xico, Josefina Rodr\u00edguez Zamora, y el gobernador de Oaxaca, Salom\u00f3n Jara Cruz, dieron el Banderazo Nacional del Operativo Vacacional Semana Santa 2025 en Bah\u00edas de Huatulco, que estar\u00e1 activo del 11 al 27 de abril, con expectativas de una derrama econ\u00f3mica nacional superior a los 282 mil millones de pesos.\" \/>\n<meta name=\"robots\" content=\"index, follow, max-snippet:-1, max-image-preview:large, max-video-preview:-1\" \/>\n<link rel=\"canonical\" href=\"https:\/\/azturismo.net\/?p=3637\" \/>\n<meta property=\"og:locale\" content=\"es_MX\" \/>\n<meta property=\"og:type\" content=\"article\" \/>\n<meta property=\"og:title\" content=\"En marcha Operativo Nacional de Semana Santa 2025 - Azturismo Noticias\" \/>\n<meta property=\"og:description\" content=\"La secretaria de Turismo del Gobierno de M\u00e9xico, Josefina Rodr\u00edguez Zamora, y el gobernador de Oaxaca, Salom\u00f3n Jara Cruz, dieron el Banderazo Nacional del Operativo Vacacional Semana Santa 2025 en Bah\u00edas de Huatulco, que estar\u00e1 activo del 11 al 27 de abril, con expectativas de una derrama econ\u00f3mica nacional superior a los 282 mil millones de pesos.\" \/>\n<meta property=\"og:url\" content=\"https:\/\/azturismo.net\/?p=3637\" \/>\n<meta property=\"og:site_name\" content=\"Azturismo Noticias\" \/>\n<meta property=\"article:publisher\" content=\"https:\/\/www.facebook.com\/AzturismoNoticias\" \/>\n<meta property=\"article:published_time\" content=\"2025-04-15T19:40:24+00:00\" \/>\n<meta property=\"article:modified_time\" content=\"2025-04-15T19:40:27+00:00\" \/>\n<meta property=\"og:image\" content=\"https:\/\/azturismo.net\/wp-content\/uploads\/2025\/04\/Comunicado-070-3.jpg\" \/>\n\t<meta property=\"og:image:width\" content=\"600\" \/>\n\t<meta property=\"og:image:height\" content=\"399\" \/>\n\t<meta property=\"og:image:type\" content=\"image\/jpeg\" \/>\n<meta name=\"author\" content=\"Azturismo\" \/>\n<meta name=\"twitter:card\" content=\"summary_large_image\" \/>\n<meta name=\"twitter:creator\" content=\"@AzTurismo\" \/>\n<meta name=\"twitter:site\" content=\"@AzTurismo\" \/>\n<meta name=\"twitter:label1\" content=\"Escrito por\" \/>\n\t<meta name=\"twitter:data1\" content=\"Azturismo\" \/>\n\t<meta name=\"twitter:label2\" content=\"Tiempo de lectura\" \/>\n\t<meta name=\"twitter:data2\" content=\"4 minutos\" \/>\n<script type=\"application\/ld+json\" class=\"yoast-schema-graph\">{\"@context\":\"https:\\\/\\\/schema.org\",\"@graph\":[{\"@type\":\"Article\",\"@id\":\"https:\\\/\\\/azturismo.net\\\/?p=3637#article\",\"isPartOf\":{\"@id\":\"https:\\\/\\\/azturismo.net\\\/?p=3637\"},\"author\":{\"name\":\"Azturismo\",\"@id\":\"https:\\\/\\\/azturismo.net\\\/#\\\/schema\\\/person\\\/4b56d87f51c4d1b518c650739ad3bbc1\"},\"headline\":\"En marcha Operativo Nacional de Semana Santa 2025\",\"datePublished\":\"2025-04-15T19:40:24+00:00\",\"dateModified\":\"2025-04-15T19:40:27+00:00\",\"mainEntityOfPage\":{\"@id\":\"https:\\\/\\\/azturismo.net\\\/?p=3637\"},\"wordCount\":656,\"commentCount\":0,\"publisher\":{\"@id\":\"https:\\\/\\\/azturismo.net\\\/#organization\"},\"image\":{\"@id\":\"https:\\\/\\\/azturismo.net\\\/?p=3637#primaryimage\"},\"thumbnailUrl\":\"https:\\\/\\\/i0.wp.com\\\/azturismo.net\\\/wp-content\\\/uploads\\\/2025\\\/04\\\/Comunicado-070-3.jpg?fit=600%2C399&ssl=1\",\"keywords\":[\"\u00c1ngeles Verdes\",\"azturismo\",\"Huatulco\",\"Josefina Rodr\u00edguez Zamora\",\"operativo vacacional\",\"Sectur\",\"Semana Santa 2025 M\u00e9xico\",\"Turismo\",\"turismo Oaxaca\",\"Viajes\"],\"articleSection\":[\"Destacadas\",\"NOTITUR\"],\"inLanguage\":\"es\",\"potentialAction\":[{\"@type\":\"CommentAction\",\"name\":\"Comment\",\"target\":[\"https:\\\/\\\/azturismo.net\\\/?p=3637#respond\"]}]},{\"@type\":\"WebPage\",\"@id\":\"https:\\\/\\\/azturismo.net\\\/?p=3637\",\"url\":\"https:\\\/\\\/azturismo.net\\\/?p=3637\",\"name\":\"En marcha Operativo Nacional de Semana Santa 2025 - Azturismo Noticias\",\"isPartOf\":{\"@id\":\"https:\\\/\\\/azturismo.net\\\/#website\"},\"primaryImageOfPage\":{\"@id\":\"https:\\\/\\\/azturismo.net\\\/?p=3637#primaryimage\"},\"image\":{\"@id\":\"https:\\\/\\\/azturismo.net\\\/?p=3637#primaryimage\"},\"thumbnailUrl\":\"https:\\\/\\\/i0.wp.com\\\/azturismo.net\\\/wp-content\\\/uploads\\\/2025\\\/04\\\/Comunicado-070-3.jpg?fit=600%2C399&ssl=1\",\"datePublished\":\"2025-04-15T19:40:24+00:00\",\"dateModified\":\"2025-04-15T19:40:27+00:00\",\"description\":\"La secretaria de Turismo del Gobierno de M\u00e9xico, Josefina Rodr\u00edguez Zamora, y el gobernador de Oaxaca, Salom\u00f3n Jara Cruz, dieron el Banderazo Nacional del Operativo Vacacional Semana Santa 2025 en Bah\u00edas de Huatulco, que estar\u00e1 activo del 11 al 27 de abril, con expectativas de una derrama econ\u00f3mica nacional superior a los 282 mil millones de pesos.\",\"breadcrumb\":{\"@id\":\"https:\\\/\\\/azturismo.net\\\/?p=3637#breadcrumb\"},\"inLanguage\":\"es\",\"potentialAction\":[{\"@type\":\"ReadAction\",\"target\":[\"https:\\\/\\\/azturismo.net\\\/?p=3637\"]}]},{\"@type\":\"ImageObject\",\"inLanguage\":\"es\",\"@id\":\"https:\\\/\\\/azturismo.net\\\/?p=3637#primaryimage\",\"url\":\"https:\\\/\\\/i0.wp.com\\\/azturismo.net\\\/wp-content\\\/uploads\\\/2025\\\/04\\\/Comunicado-070-3.jpg?fit=600%2C399&ssl=1\",\"contentUrl\":\"https:\\\/\\\/i0.wp.com\\\/azturismo.net\\\/wp-content\\\/uploads\\\/2025\\\/04\\\/Comunicado-070-3.jpg?fit=600%2C399&ssl=1\",\"width\":600,\"height\":399},{\"@type\":\"BreadcrumbList\",\"@id\":\"https:\\\/\\\/azturismo.net\\\/?p=3637#breadcrumb\",\"itemListElement\":[{\"@type\":\"ListItem\",\"position\":1,\"name\":\"Home\",\"item\":\"https:\\\/\\\/azturismo.net\\\/\"},{\"@type\":\"ListItem\",\"position\":2,\"name\":\"En marcha Operativo Nacional de Semana Santa 2025\"}]},{\"@type\":\"WebSite\",\"@id\":\"https:\\\/\\\/azturismo.net\\\/#website\",\"url\":\"https:\\\/\\\/azturismo.net\\\/\",\"name\":\"Azturismo\",\"description\":\"Azturismo Noticias\",\"publisher\":{\"@id\":\"https:\\\/\\\/azturismo.net\\\/#organization\"},\"potentialAction\":[{\"@type\":\"SearchAction\",\"target\":{\"@type\":\"EntryPoint\",\"urlTemplate\":\"https:\\\/\\\/azturismo.net\\\/?s={search_term_string}\"},\"query-input\":{\"@type\":\"PropertyValueSpecification\",\"valueRequired\":true,\"valueName\":\"search_term_string\"}}],\"inLanguage\":\"es\"},{\"@type\":\"Organization\",\"@id\":\"https:\\\/\\\/azturismo.net\\\/#organization\",\"name\":\"Azturismo\",\"url\":\"https:\\\/\\\/azturismo.net\\\/\",\"logo\":{\"@type\":\"ImageObject\",\"inLanguage\":\"es\",\"@id\":\"https:\\\/\\\/azturismo.net\\\/#\\\/schema\\\/logo\\\/image\\\/\",\"url\":\"https:\\\/\\\/i0.wp.com\\\/azturismo.net\\\/wp-content\\\/uploads\\\/2024\\\/03\\\/logo-el-bueno-.png?fit=294%2C69&ssl=1\",\"contentUrl\":\"https:\\\/\\\/i0.wp.com\\\/azturismo.net\\\/wp-content\\\/uploads\\\/2024\\\/03\\\/logo-el-bueno-.png?fit=294%2C69&ssl=1\",\"width\":294,\"height\":69,\"caption\":\"Azturismo\"},\"image\":{\"@id\":\"https:\\\/\\\/azturismo.net\\\/#\\\/schema\\\/logo\\\/image\\\/\"},\"sameAs\":[\"https:\\\/\\\/www.facebook.com\\\/AzturismoNoticias\",\"https:\\\/\\\/x.com\\\/AzTurismo\",\"https:\\\/\\\/www.instagram.com\\\/azturismo_noticias\\\/?fbclid=IwAR2xMiuoHbs6eLeIHKP8P5sSGa-xFrw7FfejscXO7kDghWa7wKLjGczKOwE\",\"https:\\\/\\\/www.tiktok.com\\\/@azturismo\"]},{\"@type\":\"Person\",\"@id\":\"https:\\\/\\\/azturismo.net\\\/#\\\/schema\\\/person\\\/4b56d87f51c4d1b518c650739ad3bbc1\",\"name\":\"Azturismo\",\"image\":{\"@type\":\"ImageObject\",\"inLanguage\":\"es\",\"@id\":\"https:\\\/\\\/azturismo.net\\\/wp-content\\\/litespeed\\\/avatar\\\/dfe28a31cdd68b788da48a316e50db10.jpg?ver=1777707566\",\"url\":\"https:\\\/\\\/azturismo.net\\\/wp-content\\\/litespeed\\\/avatar\\\/dfe28a31cdd68b788da48a316e50db10.jpg?ver=1777707566\",\"contentUrl\":\"https:\\\/\\\/azturismo.net\\\/wp-content\\\/litespeed\\\/avatar\\\/dfe28a31cdd68b788da48a316e50db10.jpg?ver=1777707566\",\"caption\":\"Azturismo\"},\"sameAs\":[\"https:\\\/\\\/azturismo.net\"],\"url\":\"https:\\\/\\\/azturismo.net\\\/?author=1\"}]}<\/script>\n<!-- \/ Yoast SEO plugin. -->","yoast_head_json":{"title":"En marcha Operativo Nacional de Semana Santa 2025 - Azturismo Noticias","description":"La secretaria de Turismo del Gobierno de M\u00e9xico, Josefina Rodr\u00edguez Zamora, y el gobernador de Oaxaca, Salom\u00f3n Jara Cruz, dieron el Banderazo Nacional del Operativo Vacacional Semana Santa 2025 en Bah\u00edas de Huatulco, que estar\u00e1 activo del 11 al 27 de abril, con expectativas de una derrama econ\u00f3mica nacional superior a los 282 mil millones de pesos.","robots":{"index":"index","follow":"follow","max-snippet":"max-snippet:-1","max-image-preview":"max-image-preview:large","max-video-preview":"max-video-preview:-1"},"canonical":"https:\/\/azturismo.net\/?p=3637","og_locale":"es_MX","og_type":"article","og_title":"En marcha Operativo Nacional de Semana Santa 2025 - Azturismo Noticias","og_description":"La secretaria de Turismo del Gobierno de M\u00e9xico, Josefina Rodr\u00edguez Zamora, y el gobernador de Oaxaca, Salom\u00f3n Jara Cruz, dieron el Banderazo Nacional del Operativo Vacacional Semana Santa 2025 en Bah\u00edas de Huatulco, que estar\u00e1 activo del 11 al 27 de abril, con expectativas de una derrama econ\u00f3mica nacional superior a los 282 mil millones de pesos.","og_url":"https:\/\/azturismo.net\/?p=3637","og_site_name":"Azturismo Noticias","article_publisher":"https:\/\/www.facebook.com\/AzturismoNoticias","article_published_time":"2025-04-15T19:40:24+00:00","article_modified_time":"2025-04-15T19:40:27+00:00","og_image":[{"width":600,"height":399,"url":"https:\/\/azturismo.net\/wp-content\/uploads\/2025\/04\/Comunicado-070-3.jpg","type":"image\/jpeg"}],"author":"Azturismo","twitter_card":"summary_large_image","twitter_creator":"@AzTurismo","twitter_site":"@AzTurismo","twitter_misc":{"Escrito por":"Azturismo","Tiempo de lectura":"4 minutos"},"schema":{"@context":"https:\/\/schema.org","@graph":[{"@type":"Article","@id":"https:\/\/azturismo.net\/?p=3637#article","isPartOf":{"@id":"https:\/\/azturismo.net\/?p=3637"},"author":{"name":"Azturismo","@id":"https:\/\/azturismo.net\/#\/schema\/person\/4b56d87f51c4d1b518c650739ad3bbc1"},"headline":"En marcha Operativo Nacional de Semana Santa 2025","datePublished":"2025-04-15T19:40:24+00:00","dateModified":"2025-04-15T19:40:27+00:00","mainEntityOfPage":{"@id":"https:\/\/azturismo.net\/?p=3637"},"wordCount":656,"commentCount":0,"publisher":{"@id":"https:\/\/azturismo.net\/#organization"},"image":{"@id":"https:\/\/azturismo.net\/?p=3637#primaryimage"},"thumbnailUrl":"https:\/\/i0.wp.com\/azturismo.net\/wp-content\/uploads\/2025\/04\/Comunicado-070-3.jpg?fit=600%2C399&ssl=1","keywords":["\u00c1ngeles Verdes","azturismo","Huatulco","Josefina Rodr\u00edguez Zamora","operativo vacacional","Sectur","Semana Santa 2025 M\u00e9xico","Turismo","turismo Oaxaca","Viajes"],"articleSection":["Destacadas","NOTITUR"],"inLanguage":"es","potentialAction":[{"@type":"CommentAction","name":"Comment","target":["https:\/\/azturismo.net\/?p=3637#respond"]}]},{"@type":"WebPage","@id":"https:\/\/azturismo.net\/?p=3637","url":"https:\/\/azturismo.net\/?p=3637","name":"En marcha Operativo Nacional de Semana Santa 2025 - Azturismo Noticias","isPartOf":{"@id":"https:\/\/azturismo.net\/#website"},"primaryImageOfPage":{"@id":"https:\/\/azturismo.net\/?p=3637#primaryimage"},"image":{"@id":"https:\/\/azturismo.net\/?p=3637#primaryimage"},"thumbnailUrl":"https:\/\/i0.wp.com\/azturismo.net\/wp-content\/uploads\/2025\/04\/Comunicado-070-3.jpg?fit=600%2C399&ssl=1","datePublished":"2025-04-15T19:40:24+00:00","dateModified":"2025-04-15T19:40:27+00:00","description":"La secretaria de Turismo del Gobierno de M\u00e9xico, Josefina Rodr\u00edguez Zamora, y el gobernador de Oaxaca, Salom\u00f3n Jara Cruz, dieron el Banderazo Nacional del Operativo Vacacional Semana Santa 2025 en Bah\u00edas de Huatulco, que estar\u00e1 activo del 11 al 27 de abril, con expectativas de una derrama econ\u00f3mica nacional superior a los 282 mil millones de pesos.","breadcrumb":{"@id":"https:\/\/azturismo.net\/?p=3637#breadcrumb"},"inLanguage":"es","potentialAction":[{"@type":"ReadAction","target":["https:\/\/azturismo.net\/?p=3637"]}]},{"@type":"ImageObject","inLanguage":"es","@id":"https:\/\/azturismo.net\/?p=3637#primaryimage","url":"https:\/\/i0.wp.com\/azturismo.net\/wp-content\/uploads\/2025\/04\/Comunicado-070-3.jpg?fit=600%2C399&ssl=1","contentUrl":"https:\/\/i0.wp.com\/azturismo.net\/wp-content\/uploads\/2025\/04\/Comunicado-070-3.jpg?fit=600%2C399&ssl=1","width":600,"height":399},{"@type":"BreadcrumbList","@id":"https:\/\/azturismo.net\/?p=3637#breadcrumb","itemListElement":[{"@type":"ListItem","position":1,"name":"Home","item":"https:\/\/azturismo.net\/"},{"@type":"ListItem","position":2,"name":"En marcha Operativo Nacional de Semana Santa 2025"}]},{"@type":"WebSite","@id":"https:\/\/azturismo.net\/#website","url":"https:\/\/azturismo.net\/","name":"Azturismo","description":"Azturismo Noticias","publisher":{"@id":"https:\/\/azturismo.net\/#organization"},"potentialAction":[{"@type":"SearchAction","target":{"@type":"EntryPoint","urlTemplate":"https:\/\/azturismo.net\/?s={search_term_string}"},"query-input":{"@type":"PropertyValueSpecification","valueRequired":true,"valueName":"search_term_string"}}],"inLanguage":"es"},{"@type":"Organization","@id":"https:\/\/azturismo.net\/#organization","name":"Azturismo","url":"https:\/\/azturismo.net\/","logo":{"@type":"ImageObject","inLanguage":"es","@id":"https:\/\/azturismo.net\/#\/schema\/logo\/image\/","url":"https:\/\/i0.wp.com\/azturismo.net\/wp-content\/uploads\/2024\/03\/logo-el-bueno-.png?fit=294%2C69&ssl=1","contentUrl":"https:\/\/i0.wp.com\/azturismo.net\/wp-content\/uploads\/2024\/03\/logo-el-bueno-.png?fit=294%2C69&ssl=1","width":294,"height":69,"caption":"Azturismo"},"image":{"@id":"https:\/\/azturismo.net\/#\/schema\/logo\/image\/"},"sameAs":["https:\/\/www.facebook.com\/AzturismoNoticias","https:\/\/x.com\/AzTurismo","https:\/\/www.instagram.com\/azturismo_noticias\/?fbclid=IwAR2xMiuoHbs6eLeIHKP8P5sSGa-xFrw7FfejscXO7kDghWa7wKLjGczKOwE","https:\/\/www.tiktok.com\/@azturismo"]},{"@type":"Person","@id":"https:\/\/azturismo.net\/#\/schema\/person\/4b56d87f51c4d1b518c650739ad3bbc1","name":"Azturismo","image":{"@type":"ImageObject","inLanguage":"es","@id":"https:\/\/azturismo.net\/wp-content\/litespeed\/avatar\/dfe28a31cdd68b788da48a316e50db10.jpg?ver=1777707566","url":"https:\/\/azturismo.net\/wp-content\/litespeed\/avatar\/dfe28a31cdd68b788da48a316e50db10.jpg?ver=1777707566","contentUrl":"https:\/\/azturismo.net\/wp-content\/litespeed\/avatar\/dfe28a31cdd68b788da48a316e50db10.jpg?ver=1777707566","caption":"Azturismo"},"sameAs":["https:\/\/azturismo.net"],"url":"https:\/\/azturismo.net\/?author=1"}]}},"jetpack_publicize_connections":[],"jetpack_featured_media_url":"https:\/\/i0.wp.com\/azturismo.net\/wp-content\/uploads\/2025\/04\/Comunicado-070-3.jpg?fit=600%2C399&ssl=1","jetpack_sharing_enabled":true,"jetpack-related-posts":[{"id":3356,"url":"https:\/\/azturismo.net\/?p=3356","url_meta":{"origin":3637,"position":0},"title":"Puente vacacional de Marzo 2025 generar\u00e1 m\u00e1s de 63 mil mdp en M\u00e9xico: Sectur","author":"Azturismo","date":"marzo 14, 2025","format":false,"excerpt":"Por Staff AzTurismo La Secretar\u00eda de Turismo (Sectur), encabezada por Josefina Rodr\u00edguez Zamora, anunci\u00f3 que el puente vacacional de marzo de 2025, en conmemoraci\u00f3n del natalicio de Benito Ju\u00e1rez, generar\u00e1 una derrama econ\u00f3mica de 63,485 millones de pesos, un 2% m\u00e1s que en 2024. Turismo y Ocupaci\u00f3n Hotelera en Crecimiento\u2026","rel":"","context":"En &quot;Destacadas&quot;","block_context":{"text":"Destacadas","link":"https:\/\/azturismo.net\/?cat=30"},"img":{"alt_text":"","src":"https:\/\/i0.wp.com\/azturismo.net\/wp-content\/uploads\/2025\/03\/PSX_20250314_114034.jpg?fit=600%2C400&ssl=1&resize=350%2C200","width":350,"height":200,"srcset":"https:\/\/i0.wp.com\/azturismo.net\/wp-content\/uploads\/2025\/03\/PSX_20250314_114034.jpg?fit=600%2C400&ssl=1&resize=350%2C200 1x, https:\/\/i0.wp.com\/azturismo.net\/wp-content\/uploads\/2025\/03\/PSX_20250314_114034.jpg?fit=600%2C400&ssl=1&resize=525%2C300 1.5x"},"classes":[]},{"id":5230,"url":"https:\/\/azturismo.net\/?p=5230","url_meta":{"origin":3637,"position":1},"title":"M\u00e9xico registra un verano tur\u00edstico hist\u00f3rico: Sectur","author":"Azturismo","date":"septiembre 3, 2025","format":false,"excerpt":"Por Staff AzTurismo La Secretar\u00eda de Turismo del Gobierno de M\u00e9xico inform\u00f3 que el pa\u00eds tuvo un verano exitoso en 2025, superando todas las proyecciones y alcanzando cifras r\u00e9cord en ocupaci\u00f3n hotelera, derrama econ\u00f3mica y llegada de turistas nacionales e internacionales. Consumo tur\u00edstico creci\u00f3 6.3% en comparaci\u00f3n con 2024 La\u2026","rel":"","context":"En &quot;Destacadas&quot;","block_context":{"text":"Destacadas","link":"https:\/\/azturismo.net\/?cat=30"},"img":{"alt_text":"","src":"https:\/\/i0.wp.com\/azturismo.net\/wp-content\/uploads\/2025\/09\/Comunicado-181-7.jpg?fit=832%2C554&ssl=1&resize=350%2C200","width":350,"height":200,"srcset":"https:\/\/i0.wp.com\/azturismo.net\/wp-content\/uploads\/2025\/09\/Comunicado-181-7.jpg?fit=832%2C554&ssl=1&resize=350%2C200 1x, https:\/\/i0.wp.com\/azturismo.net\/wp-content\/uploads\/2025\/09\/Comunicado-181-7.jpg?fit=832%2C554&ssl=1&resize=525%2C300 1.5x, https:\/\/i0.wp.com\/azturismo.net\/wp-content\/uploads\/2025\/09\/Comunicado-181-7.jpg?fit=832%2C554&ssl=1&resize=700%2C400 2x"},"classes":[]},{"id":5109,"url":"https:\/\/azturismo.net\/?p=5109","url_meta":{"origin":3637,"position":2},"title":"Llega Odisea M\u00e9xico, una experiencia inmersiva para viajar por todo el pa\u00eds","author":"Azturismo","date":"agosto 27, 2025","format":false,"excerpt":"Por Staff AzTurismo Imagina poder recorrer los 32 estados de M\u00e9xico, desde sus playas hasta sus zonas arqueol\u00f3gicas, en un solo lugar. Esa es la promesa de Odisea M\u00e9xico, un innovador proyecto cultural y tur\u00edstico que acaba de ser inaugurado para fusionar la grandeza de la identidad nacional con la\u2026","rel":"","context":"En &quot;Destacadas&quot;","block_context":{"text":"Destacadas","link":"https:\/\/azturismo.net\/?cat=30"},"img":{"alt_text":"","src":"https:\/\/i0.wp.com\/azturismo.net\/wp-content\/uploads\/2025\/08\/odiseamexico-2.jpg?fit=600%2C400&ssl=1&resize=350%2C200","width":350,"height":200,"srcset":"https:\/\/i0.wp.com\/azturismo.net\/wp-content\/uploads\/2025\/08\/odiseamexico-2.jpg?fit=600%2C400&ssl=1&resize=350%2C200 1x, https:\/\/i0.wp.com\/azturismo.net\/wp-content\/uploads\/2025\/08\/odiseamexico-2.jpg?fit=600%2C400&ssl=1&resize=525%2C300 1.5x"},"classes":[]},{"id":4280,"url":"https:\/\/azturismo.net\/?p=4280","url_meta":{"origin":3637,"position":3},"title":"Sectur federal fortalece su compromiso con un turismo inclusivo y sin discriminaci\u00f3n","author":"Azturismo","date":"junio 28, 2025","format":false,"excerpt":"Por Oscar V\u00e1zquez C. En el marco del D\u00eda Internacional del Orgullo LGBTTTQI+, la Secretar\u00eda de Turismo (Sectur) del Gobierno de M\u00e9xico refrend\u00f3 su compromiso con un turismo libre de discriminaci\u00f3n, seguro, respetuoso e inclusivo, que favorezca a las personas de la diversidad sexual y de g\u00e9nero. Josefina Rodr\u00edguez Zamora,\u2026","rel":"","context":"En &quot;Destacadas&quot;","block_context":{"text":"Destacadas","link":"https:\/\/azturismo.net\/?cat=30"},"img":{"alt_text":"","src":"https:\/\/i0.wp.com\/azturismo.net\/wp-content\/uploads\/2025\/06\/PSX_20250627_231638.jpg?fit=600%2C400&ssl=1&resize=350%2C200","width":350,"height":200,"srcset":"https:\/\/i0.wp.com\/azturismo.net\/wp-content\/uploads\/2025\/06\/PSX_20250627_231638.jpg?fit=600%2C400&ssl=1&resize=350%2C200 1x, https:\/\/i0.wp.com\/azturismo.net\/wp-content\/uploads\/2025\/06\/PSX_20250627_231638.jpg?fit=600%2C400&ssl=1&resize=525%2C300 1.5x"},"classes":[]},{"id":3854,"url":"https:\/\/azturismo.net\/?p=3854","url_meta":{"origin":3637,"position":4},"title":"Colecci\u00f3n Tesoros de M\u00e9xico reafirma su compromiso con la excelencia tur\u00edstica","author":"Azturismo","date":"mayo 20, 2025","format":false,"excerpt":"La Asociaci\u00f3n Nacional de la Colecci\u00f3n Tesoros de M\u00e9xico reuni\u00f3 a sus principales representantes y a destacadas autoridades del sector tur\u00edstico durante su Junta Nacional 2025, celebrada en la ciudad de Oaxaca. El evento cont\u00f3 con la participaci\u00f3n especial de la secretaria de Turismo federal, Josefina Rodr\u00edguez Zamora, y del\u2026","rel":"","context":"En &quot;Destacadas&quot;","block_context":{"text":"Destacadas","link":"https:\/\/azturismo.net\/?cat=30"},"img":{"alt_text":"","src":"https:\/\/i0.wp.com\/azturismo.net\/wp-content\/uploads\/2025\/05\/Tesoros-de-Mexico04.jpeg?fit=600%2C337&ssl=1&resize=350%2C200","width":350,"height":200,"srcset":"https:\/\/i0.wp.com\/azturismo.net\/wp-content\/uploads\/2025\/05\/Tesoros-de-Mexico04.jpeg?fit=600%2C337&ssl=1&resize=350%2C200 1x, https:\/\/i0.wp.com\/azturismo.net\/wp-content\/uploads\/2025\/05\/Tesoros-de-Mexico04.jpeg?fit=600%2C337&ssl=1&resize=525%2C300 1.5x"},"classes":[]},{"id":3710,"url":"https:\/\/azturismo.net\/?p=3710","url_meta":{"origin":3637,"position":5},"title":"M\u00e9xico y EU fortalecen lazos tur\u00edsticos con la apertura de &#8220;Ventana a M\u00e9xico&#8221; en San Diego","author":"Azturismo","date":"abril 29, 2025","format":false,"excerpt":"Por Staff AzTurismo En un contexto donde la cooperaci\u00f3n entre M\u00e9xico y Estados Unidos se vuelve cada vez m\u00e1s crucial, la secretaria de Turismo de M\u00e9xico, Josefina Rodr\u00edguez Zamora, y la c\u00f3nsul general en San Diego, embajadora Alicia Kerber Palma, inauguraron la primera oficina de promoci\u00f3n tur\u00edstica \"Ventana a M\u00e9xico\"\u2026","rel":"","context":"En &quot;Destacadas&quot;","block_context":{"text":"Destacadas","link":"https:\/\/azturismo.net\/?cat=30"},"img":{"alt_text":"","src":"https:\/\/i0.wp.com\/azturismo.net\/wp-content\/uploads\/2025\/04\/PSX_20250429_000813.jpg?fit=600%2C400&ssl=1&resize=350%2C200","width":350,"height":200,"srcset":"https:\/\/i0.wp.com\/azturismo.net\/wp-content\/uploads\/2025\/04\/PSX_20250429_000813.jpg?fit=600%2C400&ssl=1&resize=350%2C200 1x, https:\/\/i0.wp.com\/azturismo.net\/wp-content\/uploads\/2025\/04\/PSX_20250429_000813.jpg?fit=600%2C400&ssl=1&resize=525%2C300 1.5x"},"classes":[]}],"jetpack_shortlink":"https:\/\/wp.me\/pfqZGx-WF","amp_enabled":true,"_links":{"self":[{"href":"https:\/\/azturismo.net\/index.php?rest_route=\/wp\/v2\/posts\/3637","targetHints":{"allow":["GET"]}}],"collection":[{"href":"https:\/\/azturismo.net\/index.php?rest_route=\/wp\/v2\/posts"}],"about":[{"href":"https:\/\/azturismo.net\/index.php?rest_route=\/wp\/v2\/types\/post"}],"author":[{"embeddable":true,"href":"https:\/\/azturismo.net\/index.php?rest_route=\/wp\/v2\/users\/1"}],"replies":[{"embeddable":true,"href":"https:\/\/azturismo.net\/index.php?rest_route=%2Fwp%2Fv2%2Fcomments&post=3637"}],"version-history":[{"count":1,"href":"https:\/\/azturismo.net\/index.php?rest_route=\/wp\/v2\/posts\/3637\/revisions"}],"predecessor-version":[{"id":3642,"href":"https:\/\/azturismo.net\/index.php?rest_route=\/wp\/v2\/posts\/3637\/revisions\/3642"}],"wp:featuredmedia":[{"embeddable":true,"href":"https:\/\/azturismo.net\/index.php?rest_route=\/wp\/v2\/media\/3640"}],"wp:attachment":[{"href":"https:\/\/azturismo.net\/index.php?rest_route=%2Fwp%2Fv2%2Fmedia&parent=3637"}],"wp:term":[{"taxonomy":"category","embeddable":true,"href":"https:\/\/azturismo.net\/index.php?rest_route=%2Fwp%2Fv2%2Fcategories&post=3637"},{"taxonomy":"post_tag","embeddable":true,"href":"https:\/\/azturismo.net\/index.php?rest_route=%2Fwp%2Fv2%2Ftags&post=3637"}],"curies":[{"name":"wp","href":"https:\/\/api.w.org\/{rel}","templated":true}]}}