{"id":3629,"date":"2025-04-15T12:38:20","date_gmt":"2025-04-15T18:38:20","guid":{"rendered":"https:\/\/azturismo.net\/?p=3629"},"modified":"2025-04-15T12:56:37","modified_gmt":"2025-04-15T18:56:37","slug":"arranca-proceso-electoral-para-elegir-jueces-y-magistrados-en-cdmx","status":"publish","type":"post","link":"https:\/\/azturismo.net\/?p=3629","title":{"rendered":"Arranca proceso electoral para elegir jueces y magistrados en CDMX"},"content":{"rendered":"\n<p><em>Con 612 candidaturas en contienda, el IECM establece reglas estrictas para garantizar equidad durante los 45 d\u00edas de campa\u00f1a<\/em><\/p>\n\n\n\n<p>Por Oscar V\u00e1zquez C.<\/p>\n\n\n\n<p>Este lunes 14 iniciaron oficialmente las campa\u00f1as del Proceso Electoral Local Extraordinario del Poder Judicial 2024-2025 en la Ciudad de M\u00e9xico, marcando un hito hist\u00f3rico en la democracia judicial mexicana. Por primera vez, la ciudadan\u00eda tendr\u00e1 la oportunidad de elegir directamente a sus jueces y magistrados mediante el voto popular.<\/p>\n\n\n\n<h2 class=\"wp-block-heading\">Candidaturas y Plazos Electorales<\/h2>\n\n\n\n<p>Durante los pr\u00f3ximos 45 d\u00edas, las personas aspirantes a ocupar cargos judiciales podr\u00e1n difundir sus credenciales profesionales y propuestas para mejorar la impartici\u00f3n de justicia en la capital. La elecci\u00f3n se llevar\u00e1 a cabo el <strong>1 de junio de 2025<\/strong>, con un periodo de veda electoral que iniciar\u00e1 tres d\u00edas antes, el 29 de mayo.<\/p>\n\n\n\n<p>El proceso contempla cubrir <strong>137 cargos judiciales<\/strong>:<\/p>\n\n\n\n<ul class=\"wp-block-list\">\n<li>98 juezas y jueces<\/li>\n\n\n\n<li>34 magistradas y magistrados<\/li>\n\n\n\n<li>5 magistradas y magistrados del Tribunal de Disciplina Judicial<\/li>\n<\/ul>\n\n\n\n<p>Actualmente, <strong>612 candidaturas<\/strong> participan en esta contienda sin precedentes, representando una nueva era en la selecci\u00f3n de autoridades judiciales en M\u00e9xico.<\/p>\n\n\n\n<h2 class=\"wp-block-heading\">Reglas Estrictas para una Competencia Equitativa<\/h2>\n\n\n\n<p>El Instituto Electoral de la Ciudad de M\u00e9xico (IECM) ha emitido lineamientos espec\u00edficos para garantizar condiciones de equidad. Entre las principales regulaciones destacan:<\/p>\n\n\n\n<h3 class=\"wp-block-heading\">Restricciones Financieras y Medi\u00e1ticas:<\/h3>\n\n\n\n<ul class=\"wp-block-list\">\n<li>Prohibici\u00f3n total de financiamiento p\u00fablico o privado para campa\u00f1as<\/li>\n\n\n\n<li>Imposibilidad de contratar espacios en radio, televisi\u00f3n o medios impresos<\/li>\n\n\n\n<li>Restricci\u00f3n de pago por publicidad o promoci\u00f3n en plataformas digitales<\/li>\n<\/ul>\n\n\n\n<h3 class=\"wp-block-heading\">Medios Permitidos para Difusi\u00f3n:<\/h3>\n\n\n\n<ul class=\"wp-block-list\">\n<li>Propaganda impresa exclusivamente en materiales biodegradables y reciclables<\/li>\n\n\n\n<li>Presencia en redes sociales sin pago por amplificaci\u00f3n de contenidos<\/li>\n\n\n\n<li>Participaci\u00f3n en entrevistas de car\u00e1cter noticioso<\/li>\n\n\n\n<li>Asistencia a foros de debate organizados por el IECM u otras instituciones<\/li>\n<\/ul>\n\n\n\n<p>&#8220;Este proceso representa un cambio fundamental en la relaci\u00f3n entre ciudadan\u00eda y Poder Judicial&#8221;, se\u00f1al\u00f3 el IECM en un comunicado oficial. &#8220;La transparencia y equidad son fundamentales para legitimar esta primera elecci\u00f3n de autoridades judiciales&#8221;.<\/p>\n\n\n\n<h2 class=\"wp-block-heading\">Herramientas para un Voto Informado<\/h2>\n\n\n\n<p>Para facilitar que la ciudadan\u00eda conozca a quienes aspiran a estos cargos judiciales, el IECM ha implementado el sistema <strong>&#8220;Candidatas y Candidatos, Con\u00f3celes Judicial&#8221;<\/strong>, una plataforma digital que recopila informaci\u00f3n relevante sobre la trayectoria y propuestas de cada aspirante.<\/p>\n\n\n\n<p>Este sistema busca garantizar que los votantes puedan evaluar adecuadamente las credenciales profesionales, experiencia y visi\u00f3n jurisdiccional de quienes buscan ocupar estos importantes cargos en el sistema de justicia local.<\/p>\n\n\n\n<h2 class=\"wp-block-heading\">Responsabilidad Ambiental y Log\u00edstica Post-Electoral<\/h2>\n\n\n\n<p>Una vez concluida la jornada electoral, las autoridades capitalinas, en coordinaci\u00f3n con las alcald\u00edas y las propias candidaturas, tendr\u00e1n la responsabilidad de retirar toda la propaganda electoral colocada en espacios p\u00fablicos durante los siete d\u00edas posteriores a la elecci\u00f3n.<\/p>\n\n\n\n<p>Esta medida refleja el compromiso con la sostenibilidad ambiental y el orden urbano, elementos que caracterizan este novedoso proceso electoral.<\/p>\n\n\n\n<h2 class=\"wp-block-heading\">Supervisi\u00f3n Electoral Conjunta<\/h2>\n\n\n\n<p>Tanto el IECM como el Instituto Nacional Electoral (INE) trabajar\u00e1n de manera coordinada para vigilar el estricto cumplimiento de la normativa electoral, asegurando que todas las personas candidatas compitan en igualdad de condiciones.<\/p>\n\n\n\n<p>La ciudadan\u00eda interesada en obtener m\u00e1s informaci\u00f3n sobre este proceso electoral puede consultar el micrositio oficial habilitado por el IECM: <a href=\"https:\/\/www.iecm.mx\/www\/sites\/poder_judicial\/\">https:\/\/www.iecm.mx\/www\/sites\/poder_judicial\/<\/a><\/p>\n\n\n\n<p><\/p>\n","protected":false},"excerpt":{"rendered":"<p>Con 612 candidaturas en contienda, el IECM establece reglas estrictas para garantizar equidad durante los 45 d\u00edas de campa\u00f1a Por Oscar V\u00e1zquez C. Este lunes 14 iniciaron oficialmente las campa\u00f1as del Proceso Electoral Local Extraordinario del Poder Judicial 2024-2025 en la Ciudad de M\u00e9xico, marcando un hito hist\u00f3rico en la democracia judicial mexicana. Por primera [&hellip;]<\/p>\n","protected":false},"author":1,"featured_media":3630,"comment_status":"open","ping_status":"open","sticky":false,"template":"","format":"standard","meta":{"jetpack_post_was_ever_published":false,"_jetpack_newsletter_access":"","_jetpack_dont_email_post_to_subs":false,"_jetpack_newsletter_tier_id":0,"_jetpack_memberships_contains_paywalled_content":false,"_jetpack_memberships_contains_paid_content":false,"footnotes":"","jetpack_publicize_message":"","jetpack_publicize_feature_enabled":true,"jetpack_social_post_already_shared":true,"jetpack_social_options":{"image_generator_settings":{"template":"highway","default_image_id":0,"font":"","enabled":false},"version":2}},"categories":[31,33],"tags":[99,1497,1495,1494,1493,1496,1499],"class_list":{"0":"post-3629","1":"post","2":"type-post","3":"status-publish","4":"format-standard","5":"has-post-thumbnail","7":"category-especiales","8":"category-especiales-segundarias","9":"tag-azturismo","10":"tag-candidatos-judiciales","11":"tag-elecciones-judiciales-cdmx","12":"tag-iecm","13":"tag-proceso-electoral-judicial-2024-2025","14":"tag-reforma-judicial-mexico","15":"tag-voto-judicial-ciudad-de-mexico"},"yoast_head":"<!-- This site is optimized with the Yoast SEO plugin v27.5 - https:\/\/yoast.com\/product\/yoast-seo-wordpress\/ -->\n<title>Arranca proceso electoral para elegir jueces y magistrados en CDMX - Azturismo Noticias<\/title>\n<meta name=\"description\" content=\"Este lunes iniciaron oficialmente las campa\u00f1as del Proceso Electoral Local Extraordinario del Poder Judicial 2024-2025 en la Ciudad de M\u00e9xico, marcando un hito hist\u00f3rico en la democracia judicial mexicana. Por primera vez, la ciudadan\u00eda tendr\u00e1 la oportunidad de elegir directamente a sus jueces y magistrados mediante el voto popular.\" \/>\n<meta name=\"robots\" content=\"index, follow, max-snippet:-1, max-image-preview:large, max-video-preview:-1\" \/>\n<link rel=\"canonical\" href=\"https:\/\/azturismo.net\/?p=3629\" \/>\n<meta property=\"og:locale\" content=\"es_MX\" \/>\n<meta property=\"og:type\" content=\"article\" \/>\n<meta property=\"og:title\" content=\"Arranca proceso electoral para elegir jueces y magistrados en CDMX - Azturismo Noticias\" \/>\n<meta property=\"og:description\" content=\"Este lunes iniciaron oficialmente las campa\u00f1as del Proceso Electoral Local Extraordinario del Poder Judicial 2024-2025 en la Ciudad de M\u00e9xico, marcando un hito hist\u00f3rico en la democracia judicial mexicana. Por primera vez, la ciudadan\u00eda tendr\u00e1 la oportunidad de elegir directamente a sus jueces y magistrados mediante el voto popular.\" \/>\n<meta property=\"og:url\" content=\"https:\/\/azturismo.net\/?p=3629\" \/>\n<meta property=\"og:site_name\" content=\"Azturismo Noticias\" \/>\n<meta property=\"article:publisher\" content=\"https:\/\/www.facebook.com\/AzturismoNoticias\" \/>\n<meta property=\"article:published_time\" content=\"2025-04-15T18:38:20+00:00\" \/>\n<meta property=\"article:modified_time\" content=\"2025-04-15T18:56:37+00:00\" \/>\n<meta property=\"og:image\" content=\"https:\/\/azturismo.net\/wp-content\/uploads\/2025\/04\/WhatsApp-Image-2025-04-13-at-6.55.21-PM.jpeg\" \/>\n\t<meta property=\"og:image:width\" content=\"600\" \/>\n\t<meta property=\"og:image:height\" content=\"400\" \/>\n\t<meta property=\"og:image:type\" content=\"image\/jpeg\" \/>\n<meta name=\"author\" content=\"Azturismo\" \/>\n<meta name=\"twitter:card\" content=\"summary_large_image\" \/>\n<meta name=\"twitter:creator\" content=\"@AzTurismo\" \/>\n<meta name=\"twitter:site\" content=\"@AzTurismo\" \/>\n<meta name=\"twitter:label1\" content=\"Escrito por\" \/>\n\t<meta name=\"twitter:data1\" content=\"Azturismo\" \/>\n\t<meta name=\"twitter:label2\" content=\"Tiempo de lectura\" \/>\n\t<meta name=\"twitter:data2\" content=\"3 minutos\" \/>\n<script type=\"application\/ld+json\" class=\"yoast-schema-graph\">{\"@context\":\"https:\\\/\\\/schema.org\",\"@graph\":[{\"@type\":\"Article\",\"@id\":\"https:\\\/\\\/azturismo.net\\\/?p=3629#article\",\"isPartOf\":{\"@id\":\"https:\\\/\\\/azturismo.net\\\/?p=3629\"},\"author\":{\"name\":\"Azturismo\",\"@id\":\"https:\\\/\\\/azturismo.net\\\/#\\\/schema\\\/person\\\/4b56d87f51c4d1b518c650739ad3bbc1\"},\"headline\":\"Arranca proceso electoral para elegir jueces y magistrados en CDMX\",\"datePublished\":\"2025-04-15T18:38:20+00:00\",\"dateModified\":\"2025-04-15T18:56:37+00:00\",\"mainEntityOfPage\":{\"@id\":\"https:\\\/\\\/azturismo.net\\\/?p=3629\"},\"wordCount\":562,\"commentCount\":0,\"publisher\":{\"@id\":\"https:\\\/\\\/azturismo.net\\\/#organization\"},\"image\":{\"@id\":\"https:\\\/\\\/azturismo.net\\\/?p=3629#primaryimage\"},\"thumbnailUrl\":\"https:\\\/\\\/i0.wp.com\\\/azturismo.net\\\/wp-content\\\/uploads\\\/2025\\\/04\\\/WhatsApp-Image-2025-04-13-at-6.55.21-PM.jpeg?fit=600%2C400&ssl=1\",\"keywords\":[\"azturismo\",\"candidatos judiciales\",\"Elecciones judiciales CDMX\",\"IECM\",\"Proceso Electoral Judicial 2024-2025\",\"reforma judicial M\u00e9xico\",\"voto judicial Ciudad de M\u00e9xico\"],\"articleSection\":[\"ESPECIALES 1\",\"ESPECIALES 2\"],\"inLanguage\":\"es\",\"potentialAction\":[{\"@type\":\"CommentAction\",\"name\":\"Comment\",\"target\":[\"https:\\\/\\\/azturismo.net\\\/?p=3629#respond\"]}]},{\"@type\":\"WebPage\",\"@id\":\"https:\\\/\\\/azturismo.net\\\/?p=3629\",\"url\":\"https:\\\/\\\/azturismo.net\\\/?p=3629\",\"name\":\"Arranca proceso electoral para elegir jueces y magistrados en CDMX - Azturismo Noticias\",\"isPartOf\":{\"@id\":\"https:\\\/\\\/azturismo.net\\\/#website\"},\"primaryImageOfPage\":{\"@id\":\"https:\\\/\\\/azturismo.net\\\/?p=3629#primaryimage\"},\"image\":{\"@id\":\"https:\\\/\\\/azturismo.net\\\/?p=3629#primaryimage\"},\"thumbnailUrl\":\"https:\\\/\\\/i0.wp.com\\\/azturismo.net\\\/wp-content\\\/uploads\\\/2025\\\/04\\\/WhatsApp-Image-2025-04-13-at-6.55.21-PM.jpeg?fit=600%2C400&ssl=1\",\"datePublished\":\"2025-04-15T18:38:20+00:00\",\"dateModified\":\"2025-04-15T18:56:37+00:00\",\"description\":\"Este lunes iniciaron oficialmente las campa\u00f1as del Proceso Electoral Local Extraordinario del Poder Judicial 2024-2025 en la Ciudad de M\u00e9xico, marcando un hito hist\u00f3rico en la democracia judicial mexicana. Por primera vez, la ciudadan\u00eda tendr\u00e1 la oportunidad de elegir directamente a sus jueces y magistrados mediante el voto popular.\",\"breadcrumb\":{\"@id\":\"https:\\\/\\\/azturismo.net\\\/?p=3629#breadcrumb\"},\"inLanguage\":\"es\",\"potentialAction\":[{\"@type\":\"ReadAction\",\"target\":[\"https:\\\/\\\/azturismo.net\\\/?p=3629\"]}]},{\"@type\":\"ImageObject\",\"inLanguage\":\"es\",\"@id\":\"https:\\\/\\\/azturismo.net\\\/?p=3629#primaryimage\",\"url\":\"https:\\\/\\\/i0.wp.com\\\/azturismo.net\\\/wp-content\\\/uploads\\\/2025\\\/04\\\/WhatsApp-Image-2025-04-13-at-6.55.21-PM.jpeg?fit=600%2C400&ssl=1\",\"contentUrl\":\"https:\\\/\\\/i0.wp.com\\\/azturismo.net\\\/wp-content\\\/uploads\\\/2025\\\/04\\\/WhatsApp-Image-2025-04-13-at-6.55.21-PM.jpeg?fit=600%2C400&ssl=1\",\"width\":600,\"height\":400},{\"@type\":\"BreadcrumbList\",\"@id\":\"https:\\\/\\\/azturismo.net\\\/?p=3629#breadcrumb\",\"itemListElement\":[{\"@type\":\"ListItem\",\"position\":1,\"name\":\"Home\",\"item\":\"https:\\\/\\\/azturismo.net\\\/\"},{\"@type\":\"ListItem\",\"position\":2,\"name\":\"Arranca proceso electoral para elegir jueces y magistrados en CDMX\"}]},{\"@type\":\"WebSite\",\"@id\":\"https:\\\/\\\/azturismo.net\\\/#website\",\"url\":\"https:\\\/\\\/azturismo.net\\\/\",\"name\":\"Azturismo\",\"description\":\"Azturismo Noticias\",\"publisher\":{\"@id\":\"https:\\\/\\\/azturismo.net\\\/#organization\"},\"potentialAction\":[{\"@type\":\"SearchAction\",\"target\":{\"@type\":\"EntryPoint\",\"urlTemplate\":\"https:\\\/\\\/azturismo.net\\\/?s={search_term_string}\"},\"query-input\":{\"@type\":\"PropertyValueSpecification\",\"valueRequired\":true,\"valueName\":\"search_term_string\"}}],\"inLanguage\":\"es\"},{\"@type\":\"Organization\",\"@id\":\"https:\\\/\\\/azturismo.net\\\/#organization\",\"name\":\"Azturismo\",\"url\":\"https:\\\/\\\/azturismo.net\\\/\",\"logo\":{\"@type\":\"ImageObject\",\"inLanguage\":\"es\",\"@id\":\"https:\\\/\\\/azturismo.net\\\/#\\\/schema\\\/logo\\\/image\\\/\",\"url\":\"https:\\\/\\\/i0.wp.com\\\/azturismo.net\\\/wp-content\\\/uploads\\\/2024\\\/03\\\/logo-el-bueno-.png?fit=294%2C69&ssl=1\",\"contentUrl\":\"https:\\\/\\\/i0.wp.com\\\/azturismo.net\\\/wp-content\\\/uploads\\\/2024\\\/03\\\/logo-el-bueno-.png?fit=294%2C69&ssl=1\",\"width\":294,\"height\":69,\"caption\":\"Azturismo\"},\"image\":{\"@id\":\"https:\\\/\\\/azturismo.net\\\/#\\\/schema\\\/logo\\\/image\\\/\"},\"sameAs\":[\"https:\\\/\\\/www.facebook.com\\\/AzturismoNoticias\",\"https:\\\/\\\/x.com\\\/AzTurismo\",\"https:\\\/\\\/www.instagram.com\\\/azturismo_noticias\\\/?fbclid=IwAR2xMiuoHbs6eLeIHKP8P5sSGa-xFrw7FfejscXO7kDghWa7wKLjGczKOwE\",\"https:\\\/\\\/www.tiktok.com\\\/@azturismo\"]},{\"@type\":\"Person\",\"@id\":\"https:\\\/\\\/azturismo.net\\\/#\\\/schema\\\/person\\\/4b56d87f51c4d1b518c650739ad3bbc1\",\"name\":\"Azturismo\",\"image\":{\"@type\":\"ImageObject\",\"inLanguage\":\"es\",\"@id\":\"https:\\\/\\\/azturismo.net\\\/wp-content\\\/litespeed\\\/avatar\\\/dfe28a31cdd68b788da48a316e50db10.jpg?ver=1777707566\",\"url\":\"https:\\\/\\\/azturismo.net\\\/wp-content\\\/litespeed\\\/avatar\\\/dfe28a31cdd68b788da48a316e50db10.jpg?ver=1777707566\",\"contentUrl\":\"https:\\\/\\\/azturismo.net\\\/wp-content\\\/litespeed\\\/avatar\\\/dfe28a31cdd68b788da48a316e50db10.jpg?ver=1777707566\",\"caption\":\"Azturismo\"},\"sameAs\":[\"https:\\\/\\\/azturismo.net\"],\"url\":\"https:\\\/\\\/azturismo.net\\\/?author=1\"}]}<\/script>\n<!-- \/ Yoast SEO plugin. -->","yoast_head_json":{"title":"Arranca proceso electoral para elegir jueces y magistrados en CDMX - Azturismo Noticias","description":"Este lunes iniciaron oficialmente las campa\u00f1as del Proceso Electoral Local Extraordinario del Poder Judicial 2024-2025 en la Ciudad de M\u00e9xico, marcando un hito hist\u00f3rico en la democracia judicial mexicana. Por primera vez, la ciudadan\u00eda tendr\u00e1 la oportunidad de elegir directamente a sus jueces y magistrados mediante el voto popular.","robots":{"index":"index","follow":"follow","max-snippet":"max-snippet:-1","max-image-preview":"max-image-preview:large","max-video-preview":"max-video-preview:-1"},"canonical":"https:\/\/azturismo.net\/?p=3629","og_locale":"es_MX","og_type":"article","og_title":"Arranca proceso electoral para elegir jueces y magistrados en CDMX - Azturismo Noticias","og_description":"Este lunes iniciaron oficialmente las campa\u00f1as del Proceso Electoral Local Extraordinario del Poder Judicial 2024-2025 en la Ciudad de M\u00e9xico, marcando un hito hist\u00f3rico en la democracia judicial mexicana. Por primera vez, la ciudadan\u00eda tendr\u00e1 la oportunidad de elegir directamente a sus jueces y magistrados mediante el voto popular.","og_url":"https:\/\/azturismo.net\/?p=3629","og_site_name":"Azturismo Noticias","article_publisher":"https:\/\/www.facebook.com\/AzturismoNoticias","article_published_time":"2025-04-15T18:38:20+00:00","article_modified_time":"2025-04-15T18:56:37+00:00","og_image":[{"width":600,"height":400,"url":"https:\/\/azturismo.net\/wp-content\/uploads\/2025\/04\/WhatsApp-Image-2025-04-13-at-6.55.21-PM.jpeg","type":"image\/jpeg"}],"author":"Azturismo","twitter_card":"summary_large_image","twitter_creator":"@AzTurismo","twitter_site":"@AzTurismo","twitter_misc":{"Escrito por":"Azturismo","Tiempo de lectura":"3 minutos"},"schema":{"@context":"https:\/\/schema.org","@graph":[{"@type":"Article","@id":"https:\/\/azturismo.net\/?p=3629#article","isPartOf":{"@id":"https:\/\/azturismo.net\/?p=3629"},"author":{"name":"Azturismo","@id":"https:\/\/azturismo.net\/#\/schema\/person\/4b56d87f51c4d1b518c650739ad3bbc1"},"headline":"Arranca proceso electoral para elegir jueces y magistrados en CDMX","datePublished":"2025-04-15T18:38:20+00:00","dateModified":"2025-04-15T18:56:37+00:00","mainEntityOfPage":{"@id":"https:\/\/azturismo.net\/?p=3629"},"wordCount":562,"commentCount":0,"publisher":{"@id":"https:\/\/azturismo.net\/#organization"},"image":{"@id":"https:\/\/azturismo.net\/?p=3629#primaryimage"},"thumbnailUrl":"https:\/\/i0.wp.com\/azturismo.net\/wp-content\/uploads\/2025\/04\/WhatsApp-Image-2025-04-13-at-6.55.21-PM.jpeg?fit=600%2C400&ssl=1","keywords":["azturismo","candidatos judiciales","Elecciones judiciales CDMX","IECM","Proceso Electoral Judicial 2024-2025","reforma judicial M\u00e9xico","voto judicial Ciudad de M\u00e9xico"],"articleSection":["ESPECIALES 1","ESPECIALES 2"],"inLanguage":"es","potentialAction":[{"@type":"CommentAction","name":"Comment","target":["https:\/\/azturismo.net\/?p=3629#respond"]}]},{"@type":"WebPage","@id":"https:\/\/azturismo.net\/?p=3629","url":"https:\/\/azturismo.net\/?p=3629","name":"Arranca proceso electoral para elegir jueces y magistrados en CDMX - Azturismo Noticias","isPartOf":{"@id":"https:\/\/azturismo.net\/#website"},"primaryImageOfPage":{"@id":"https:\/\/azturismo.net\/?p=3629#primaryimage"},"image":{"@id":"https:\/\/azturismo.net\/?p=3629#primaryimage"},"thumbnailUrl":"https:\/\/i0.wp.com\/azturismo.net\/wp-content\/uploads\/2025\/04\/WhatsApp-Image-2025-04-13-at-6.55.21-PM.jpeg?fit=600%2C400&ssl=1","datePublished":"2025-04-15T18:38:20+00:00","dateModified":"2025-04-15T18:56:37+00:00","description":"Este lunes iniciaron oficialmente las campa\u00f1as del Proceso Electoral Local Extraordinario del Poder Judicial 2024-2025 en la Ciudad de M\u00e9xico, marcando un hito hist\u00f3rico en la democracia judicial mexicana. Por primera vez, la ciudadan\u00eda tendr\u00e1 la oportunidad de elegir directamente a sus jueces y magistrados mediante el voto popular.","breadcrumb":{"@id":"https:\/\/azturismo.net\/?p=3629#breadcrumb"},"inLanguage":"es","potentialAction":[{"@type":"ReadAction","target":["https:\/\/azturismo.net\/?p=3629"]}]},{"@type":"ImageObject","inLanguage":"es","@id":"https:\/\/azturismo.net\/?p=3629#primaryimage","url":"https:\/\/i0.wp.com\/azturismo.net\/wp-content\/uploads\/2025\/04\/WhatsApp-Image-2025-04-13-at-6.55.21-PM.jpeg?fit=600%2C400&ssl=1","contentUrl":"https:\/\/i0.wp.com\/azturismo.net\/wp-content\/uploads\/2025\/04\/WhatsApp-Image-2025-04-13-at-6.55.21-PM.jpeg?fit=600%2C400&ssl=1","width":600,"height":400},{"@type":"BreadcrumbList","@id":"https:\/\/azturismo.net\/?p=3629#breadcrumb","itemListElement":[{"@type":"ListItem","position":1,"name":"Home","item":"https:\/\/azturismo.net\/"},{"@type":"ListItem","position":2,"name":"Arranca proceso electoral para elegir jueces y magistrados en CDMX"}]},{"@type":"WebSite","@id":"https:\/\/azturismo.net\/#website","url":"https:\/\/azturismo.net\/","name":"Azturismo","description":"Azturismo Noticias","publisher":{"@id":"https:\/\/azturismo.net\/#organization"},"potentialAction":[{"@type":"SearchAction","target":{"@type":"EntryPoint","urlTemplate":"https:\/\/azturismo.net\/?s={search_term_string}"},"query-input":{"@type":"PropertyValueSpecification","valueRequired":true,"valueName":"search_term_string"}}],"inLanguage":"es"},{"@type":"Organization","@id":"https:\/\/azturismo.net\/#organization","name":"Azturismo","url":"https:\/\/azturismo.net\/","logo":{"@type":"ImageObject","inLanguage":"es","@id":"https:\/\/azturismo.net\/#\/schema\/logo\/image\/","url":"https:\/\/i0.wp.com\/azturismo.net\/wp-content\/uploads\/2024\/03\/logo-el-bueno-.png?fit=294%2C69&ssl=1","contentUrl":"https:\/\/i0.wp.com\/azturismo.net\/wp-content\/uploads\/2024\/03\/logo-el-bueno-.png?fit=294%2C69&ssl=1","width":294,"height":69,"caption":"Azturismo"},"image":{"@id":"https:\/\/azturismo.net\/#\/schema\/logo\/image\/"},"sameAs":["https:\/\/www.facebook.com\/AzturismoNoticias","https:\/\/x.com\/AzTurismo","https:\/\/www.instagram.com\/azturismo_noticias\/?fbclid=IwAR2xMiuoHbs6eLeIHKP8P5sSGa-xFrw7FfejscXO7kDghWa7wKLjGczKOwE","https:\/\/www.tiktok.com\/@azturismo"]},{"@type":"Person","@id":"https:\/\/azturismo.net\/#\/schema\/person\/4b56d87f51c4d1b518c650739ad3bbc1","name":"Azturismo","image":{"@type":"ImageObject","inLanguage":"es","@id":"https:\/\/azturismo.net\/wp-content\/litespeed\/avatar\/dfe28a31cdd68b788da48a316e50db10.jpg?ver=1777707566","url":"https:\/\/azturismo.net\/wp-content\/litespeed\/avatar\/dfe28a31cdd68b788da48a316e50db10.jpg?ver=1777707566","contentUrl":"https:\/\/azturismo.net\/wp-content\/litespeed\/avatar\/dfe28a31cdd68b788da48a316e50db10.jpg?ver=1777707566","caption":"Azturismo"},"sameAs":["https:\/\/azturismo.net"],"url":"https:\/\/azturismo.net\/?author=1"}]}},"jetpack_publicize_connections":[],"jetpack_featured_media_url":"https:\/\/i0.wp.com\/azturismo.net\/wp-content\/uploads\/2025\/04\/WhatsApp-Image-2025-04-13-at-6.55.21-PM.jpeg?fit=600%2C400&ssl=1","jetpack_sharing_enabled":true,"jetpack-related-posts":[{"id":3192,"url":"https:\/\/azturismo.net\/?p=3192","url_meta":{"origin":3629,"position":0},"title":"CDMX fortalece su alianza con el mercado tur\u00edstico colombiano en ANATO 2025","author":"Azturismo","date":"marzo 2, 2025","format":false,"excerpt":"Por Staff AzTurismo La Ciudad de M\u00e9xico brill\u00f3 en la 44\u00aa Vitrina Tur\u00edstica de la Asociaci\u00f3n Colombiana de Agencias de Viajes y Turismo (ANATO) 2025, consolid\u00e1ndose como uno de los destinos favoritos a nivel mundial. Durante el evento, se llevaron a cabo m\u00e1s de 500 citas de negocios entre funcionarios,\u2026","rel":"","context":"En &quot;Destacadas&quot;","block_context":{"text":"Destacadas","link":"https:\/\/azturismo.net\/?cat=30"},"img":{"alt_text":"","src":"https:\/\/i0.wp.com\/azturismo.net\/wp-content\/uploads\/2025\/03\/PSX_20250301_224214.jpg?fit=600%2C400&ssl=1&resize=350%2C200","width":350,"height":200,"srcset":"https:\/\/i0.wp.com\/azturismo.net\/wp-content\/uploads\/2025\/03\/PSX_20250301_224214.jpg?fit=600%2C400&ssl=1&resize=350%2C200 1x, https:\/\/i0.wp.com\/azturismo.net\/wp-content\/uploads\/2025\/03\/PSX_20250301_224214.jpg?fit=600%2C400&ssl=1&resize=525%2C300 1.5x"},"classes":[]},{"id":5807,"url":"https:\/\/azturismo.net\/?p=5807","url_meta":{"origin":3629,"position":1},"title":"Adi\u00f3s al turismo tradicional, CDMX y Buenos Aires impulsan nuevo modelo","author":"Azturismo","date":"octubre 1, 2025","format":false,"excerpt":"Por Staff AzTurismo CDMX y Buenos Aires se unen para fortalecer el turismo urbano, regular los alojamientos de corta estancia y promover un modelo sustentable, accesible y con arraigo local en v\u00edsperas del Mundial 2026. En el marco de la Feria Internacional de Turismo de Argentina (FIT 2025), la Ciudad\u2026","rel":"","context":"En &quot;Destacadas&quot;","block_context":{"text":"Destacadas","link":"https:\/\/azturismo.net\/?cat=30"},"img":{"alt_text":"","src":"https:\/\/i0.wp.com\/azturismo.net\/wp-content\/uploads\/2025\/10\/CDMX-BsAs-convenio.jpeg?fit=600%2C450&ssl=1&resize=350%2C200","width":350,"height":200,"srcset":"https:\/\/i0.wp.com\/azturismo.net\/wp-content\/uploads\/2025\/10\/CDMX-BsAs-convenio.jpeg?fit=600%2C450&ssl=1&resize=350%2C200 1x, https:\/\/i0.wp.com\/azturismo.net\/wp-content\/uploads\/2025\/10\/CDMX-BsAs-convenio.jpeg?fit=600%2C450&ssl=1&resize=525%2C300 1.5x"},"classes":[]},{"id":6905,"url":"https:\/\/azturismo.net\/?p=6905","url_meta":{"origin":3629,"position":2},"title":"SNTISSSTE vive jornada hist\u00f3rica: Norma Liliana Rodr\u00edguez logra m\u00e1s de dos tercios de delegados rumbo a la reforma estatutaria","author":"Azturismo","date":"marzo 3, 2026","format":false,"excerpt":"Por Oscar V\u00e1zquez C. En un ambiente de participaci\u00f3n, orden y legalidad, el Sindicato Nacional de Trabajadores del ISSSTE (SNTISSSTE) celebr\u00f3 este 2 de marzo de 2026 una jornada electoral hist\u00f3rica para elegir a las delegadas y delegados que participar\u00e1n en el III Congreso Nacional Extraordinario. El resultado marca un\u2026","rel":"","context":"En &quot;NACIONALES&quot;","block_context":{"text":"NACIONALES","link":"https:\/\/azturismo.net\/?cat=29"},"img":{"alt_text":"","src":"https:\/\/i0.wp.com\/azturismo.net\/wp-content\/uploads\/2026\/03\/1000615021.jpg?fit=600%2C400&ssl=1&resize=350%2C200","width":350,"height":200,"srcset":"https:\/\/i0.wp.com\/azturismo.net\/wp-content\/uploads\/2026\/03\/1000615021.jpg?fit=600%2C400&ssl=1&resize=350%2C200 1x, https:\/\/i0.wp.com\/azturismo.net\/wp-content\/uploads\/2026\/03\/1000615021.jpg?fit=600%2C400&ssl=1&resize=525%2C300 1.5x"},"classes":[]},{"id":4269,"url":"https:\/\/azturismo.net\/?p=4269","url_meta":{"origin":3629,"position":3},"title":"CDMX y Tec de Monterrey firman alianza para impulsar el turismo rumbo al Mundial 2026","author":"Azturismo","date":"junio 28, 2025","format":false,"excerpt":"Por. Staff AzTurismo Con el objetivo de fortalecer la promoci\u00f3n tur\u00edstica de la capital mexicana de cara a la Copa Mundial de la FIFA 2026\u2122, la Secretar\u00eda de Turismo de la Ciudad de M\u00e9xico firm\u00f3 un Convenio Marco de Colaboraci\u00f3n con el Tecnol\u00f3gico de Monterrey, campus Ciudad de M\u00e9xico. La\u2026","rel":"","context":"En &quot;NOTITUR&quot;","block_context":{"text":"NOTITUR","link":"https:\/\/azturismo.net\/?cat=25"},"img":{"alt_text":"","src":"https:\/\/i0.wp.com\/azturismo.net\/wp-content\/uploads\/2025\/06\/PSX_20250627_224914.jpg?fit=600%2C450&ssl=1&resize=350%2C200","width":350,"height":200,"srcset":"https:\/\/i0.wp.com\/azturismo.net\/wp-content\/uploads\/2025\/06\/PSX_20250627_224914.jpg?fit=600%2C450&ssl=1&resize=350%2C200 1x, https:\/\/i0.wp.com\/azturismo.net\/wp-content\/uploads\/2025\/06\/PSX_20250627_224914.jpg?fit=600%2C450&ssl=1&resize=525%2C300 1.5x"},"classes":[]},{"id":6270,"url":"https:\/\/azturismo.net\/?p=6270","url_meta":{"origin":3629,"position":4},"title":"Avanza turismo de la CDMX: Alejandra Frausto","author":"Azturismo","date":"noviembre 4, 2025","format":false,"excerpt":"Durante su comparecencia ante el Congreso de la Ciudad de M\u00e9xico, la Secretaria de Turismo, Alejandra Frausto Guerrero, destac\u00f3 que el turismo capitalino \u201cno son solo cifras, sino una historia viva de derechos, inclusi\u00f3n y orgullo\u201d. La funcionaria resalt\u00f3 los avances del programa Colibr\u00ed Viajero, que este a\u00f1o benefici\u00f3 a\u2026","rel":"","context":"En &quot;Destacadas&quot;","block_context":{"text":"Destacadas","link":"https:\/\/azturismo.net\/?cat=30"},"img":{"alt_text":"","src":"https:\/\/i0.wp.com\/azturismo.net\/wp-content\/uploads\/2025\/11\/IMG-20251103-WA0110.jpg?fit=640%2C410&ssl=1&resize=350%2C200","width":350,"height":200,"srcset":"https:\/\/i0.wp.com\/azturismo.net\/wp-content\/uploads\/2025\/11\/IMG-20251103-WA0110.jpg?fit=640%2C410&ssl=1&resize=350%2C200 1x, https:\/\/i0.wp.com\/azturismo.net\/wp-content\/uploads\/2025\/11\/IMG-20251103-WA0110.jpg?fit=640%2C410&ssl=1&resize=525%2C300 1.5x"},"classes":[]},{"id":4265,"url":"https:\/\/azturismo.net\/?p=4265","url_meta":{"origin":3629,"position":5},"title":"El cielo de la CDMX se ilumina con el Arco Iris Globalizador","author":"Azturismo","date":"junio 28, 2025","format":false,"excerpt":"Por Oscar V\u00e1zquez C. Como parte de los festejos del Mes del Orgullo, la Ciudad de M\u00e9xico inaugur\u00f3 el \u201cArco Iris Globalizador\u201d, una instalaci\u00f3n lum\u00ednica de siete colores que conecta simb\u00f3licamente el Monumento a la Revoluci\u00f3n con el Z\u00f3calo capitalino, iluminando los cielos de la capital en apoyo a la\u2026","rel":"","context":"En &quot;Destacadas&quot;","block_context":{"text":"Destacadas","link":"https:\/\/azturismo.net\/?cat=30"},"img":{"alt_text":"","src":"https:\/\/i0.wp.com\/azturismo.net\/wp-content\/uploads\/2025\/06\/PSX_20250627_221348.jpg?fit=600%2C338&ssl=1&resize=350%2C200","width":350,"height":200,"srcset":"https:\/\/i0.wp.com\/azturismo.net\/wp-content\/uploads\/2025\/06\/PSX_20250627_221348.jpg?fit=600%2C338&ssl=1&resize=350%2C200 1x, https:\/\/i0.wp.com\/azturismo.net\/wp-content\/uploads\/2025\/06\/PSX_20250627_221348.jpg?fit=600%2C338&ssl=1&resize=525%2C300 1.5x"},"classes":[]}],"jetpack_shortlink":"https:\/\/wp.me\/pfqZGx-Wx","amp_enabled":true,"_links":{"self":[{"href":"https:\/\/azturismo.net\/index.php?rest_route=\/wp\/v2\/posts\/3629","targetHints":{"allow":["GET"]}}],"collection":[{"href":"https:\/\/azturismo.net\/index.php?rest_route=\/wp\/v2\/posts"}],"about":[{"href":"https:\/\/azturismo.net\/index.php?rest_route=\/wp\/v2\/types\/post"}],"author":[{"embeddable":true,"href":"https:\/\/azturismo.net\/index.php?rest_route=\/wp\/v2\/users\/1"}],"replies":[{"embeddable":true,"href":"https:\/\/azturismo.net\/index.php?rest_route=%2Fwp%2Fv2%2Fcomments&post=3629"}],"version-history":[{"count":2,"href":"https:\/\/azturismo.net\/index.php?rest_route=\/wp\/v2\/posts\/3629\/revisions"}],"predecessor-version":[{"id":3632,"href":"https:\/\/azturismo.net\/index.php?rest_route=\/wp\/v2\/posts\/3629\/revisions\/3632"}],"wp:featuredmedia":[{"embeddable":true,"href":"https:\/\/azturismo.net\/index.php?rest_route=\/wp\/v2\/media\/3630"}],"wp:attachment":[{"href":"https:\/\/azturismo.net\/index.php?rest_route=%2Fwp%2Fv2%2Fmedia&parent=3629"}],"wp:term":[{"taxonomy":"category","embeddable":true,"href":"https:\/\/azturismo.net\/index.php?rest_route=%2Fwp%2Fv2%2Fcategories&post=3629"},{"taxonomy":"post_tag","embeddable":true,"href":"https:\/\/azturismo.net\/index.php?rest_route=%2Fwp%2Fv2%2Ftags&post=3629"}],"curies":[{"name":"wp","href":"https:\/\/api.w.org\/{rel}","templated":true}]}}