{"id":3600,"date":"2025-04-10T21:10:20","date_gmt":"2025-04-11T03:10:20","guid":{"rendered":"https:\/\/azturismo.net\/?p=3600"},"modified":"2025-04-13T12:25:50","modified_gmt":"2025-04-13T18:25:50","slug":"festival-internacional-del-arte-queso-y-vino-2025-un-encuentro-de-sabores-arte-y-cultura-en-tequisquiapan","status":"publish","type":"post","link":"https:\/\/azturismo.net\/?p=3600","title":{"rendered":"\u00a1Se acerca el Festival Internacional del arte, queso y vino 2025!"},"content":{"rendered":"\n<p>Por Oscar V\u00e1zquez C.<\/p>\n\n\n\n<p>\ud83c\udf1fTequisquiapan, uno de los pueblos m\u00e1gicos m\u00e1s encantadores de Quer\u00e9taro, ser\u00e1 el escenario del Festival Internacional del Arte, Queso y Vino 2025, del 22 de mayo y el 8 de junio, el cual promete convertirse en una experiencia inolvidable para los amantes de la cultura, la gastronom\u00eda y, por supuesto, el vino.<\/p>\n\n\n\n<p>Con la organizaci\u00f3n del gobierno de Quer\u00e9taro y la Secretar\u00eda de Turismo estatal, en colaboraci\u00f3n con el municipio de Tequisquiapan, el festival buscar\u00e1 consolidar a\u00fan m\u00e1s a este encantador destino como uno de los referentes tur\u00edsticos del pa\u00eds.<\/p>\n\n\n\n<h2 class=\"wp-block-heading\"><strong>Un Evento de Magnitud Internacional<\/strong><\/h2>\n\n\n<div class=\"wp-block-image\">\n<figure class=\"aligncenter size-full\"><img data-recalc-dims=\"1\" loading=\"lazy\" decoding=\"async\" width=\"600\" height=\"377\" data-attachment-id=\"3602\" data-permalink=\"https:\/\/azturismo.net\/?attachment_id=3602\" data-orig-file=\"https:\/\/i0.wp.com\/azturismo.net\/wp-content\/uploads\/2025\/04\/festival-del-vino-queso-tequisquiapan.jpeg?fit=600%2C377&amp;ssl=1\" data-orig-size=\"600,377\" data-comments-opened=\"1\" data-image-meta=\"{&quot;aperture&quot;:&quot;0&quot;,&quot;credit&quot;:&quot;&quot;,&quot;camera&quot;:&quot;&quot;,&quot;caption&quot;:&quot;&quot;,&quot;created_timestamp&quot;:&quot;0&quot;,&quot;copyright&quot;:&quot;&quot;,&quot;focal_length&quot;:&quot;0&quot;,&quot;iso&quot;:&quot;0&quot;,&quot;shutter_speed&quot;:&quot;0&quot;,&quot;title&quot;:&quot;&quot;,&quot;orientation&quot;:&quot;1&quot;}\" data-image-title=\"festival-del-vino-queso-tequisquiapan\" data-image-description=\"\" data-image-caption=\"&lt;p&gt;Los representantes de invitaron a \u00a1brindar por una experiencia \u00fanica en el Festival del Arte, Queso y Vino  en Tequisquiapan!&lt;\/p&gt;\n\" data-large-file=\"https:\/\/i0.wp.com\/azturismo.net\/wp-content\/uploads\/2025\/04\/festival-del-vino-queso-tequisquiapan.jpeg?fit=600%2C377&amp;ssl=1\" src=\"https:\/\/i0.wp.com\/azturismo.net\/wp-content\/uploads\/2025\/04\/festival-del-vino-queso-tequisquiapan.jpeg?resize=600%2C377&#038;ssl=1\" alt=\"\" class=\"wp-image-3602\" srcset=\"https:\/\/i0.wp.com\/azturismo.net\/wp-content\/uploads\/2025\/04\/festival-del-vino-queso-tequisquiapan.jpeg?w=600&amp;ssl=1 600w, https:\/\/i0.wp.com\/azturismo.net\/wp-content\/uploads\/2025\/04\/festival-del-vino-queso-tequisquiapan.jpeg?resize=300%2C189&amp;ssl=1 300w, https:\/\/i0.wp.com\/azturismo.net\/wp-content\/uploads\/2025\/04\/festival-del-vino-queso-tequisquiapan.jpeg?resize=150%2C94&amp;ssl=1 150w\" sizes=\"auto, (max-width: 600px) 100vw, 600px\" \/><figcaption class=\"wp-element-caption\">Los representantes de invitaron a \u00a1brindar por una experiencia \u00fanica en el Festival del Arte, Queso y Vino  en Tequisquiapan!<\/figcaption><\/figure><\/div>\n\n\n<p>Durante la presentaci\u00f3n del evento en la Ciudad de M\u00e9xico, Rodrigo Ibarra, director de Promoci\u00f3n,\u00a0en representaci\u00f3n de Adriana Vega V\u00e1zquez Mellado, Secretaria de Turismo del estado, dijo que con una derrama econ\u00f3mica estimada de m\u00e1s de 180 millones de pesos, el Festival Internacional del Arte, Queso y Vino 2025 espera la llegada de m\u00e1s de 60 mil visitantes, tanto nacionales como internacionales. <\/p>\n\n\n\n<p>Esta celebraci\u00f3n no solo destaca el arte y la gastronom\u00eda local, sino que tambi\u00e9n pone a Tequisquiapan en el centro del mapa vin\u00edcola, con la participaci\u00f3n de 20 vin\u00edcolas nacionales, 10 queser\u00edas locales, y una gran variedad de productores y restaurantes de la regi\u00f3n, coment\u00f3 el presidente municipal de Tequisquiapan, H\u00e9ctor Iv\u00e1n Maga\u00f1a Renter\u00eda, acompa\u00f1ado por Halina Gama, directora del Cluster Vitivin\u00edcola de Quer\u00e9taro.<\/p>\n\n\n\n<h2 class=\"wp-block-heading\"><strong>\ud83c\udf77 Una Experiencia Cultural y Gastron\u00f3mica \u00danica<\/strong><\/h2>\n\n\n\n<figure class=\"wp-block-image size-full\"><img data-recalc-dims=\"1\" loading=\"lazy\" decoding=\"async\" width=\"600\" height=\"398\" data-attachment-id=\"3603\" data-permalink=\"https:\/\/azturismo.net\/?attachment_id=3603\" data-orig-file=\"https:\/\/i0.wp.com\/azturismo.net\/wp-content\/uploads\/2025\/04\/image-15.png?fit=600%2C398&amp;ssl=1\" data-orig-size=\"600,398\" data-comments-opened=\"1\" data-image-meta=\"{&quot;aperture&quot;:&quot;0&quot;,&quot;credit&quot;:&quot;&quot;,&quot;camera&quot;:&quot;&quot;,&quot;caption&quot;:&quot;&quot;,&quot;created_timestamp&quot;:&quot;0&quot;,&quot;copyright&quot;:&quot;&quot;,&quot;focal_length&quot;:&quot;0&quot;,&quot;iso&quot;:&quot;0&quot;,&quot;shutter_speed&quot;:&quot;0&quot;,&quot;title&quot;:&quot;&quot;,&quot;orientation&quot;:&quot;0&quot;}\" data-image-title=\"image (15)\" data-image-description=\"\" data-image-caption=\"\" data-large-file=\"https:\/\/i0.wp.com\/azturismo.net\/wp-content\/uploads\/2025\/04\/image-15.png?fit=600%2C398&amp;ssl=1\" src=\"https:\/\/i0.wp.com\/azturismo.net\/wp-content\/uploads\/2025\/04\/image-15.png?resize=600%2C398&#038;ssl=1\" alt=\"\" class=\"wp-image-3603\" srcset=\"https:\/\/i0.wp.com\/azturismo.net\/wp-content\/uploads\/2025\/04\/image-15.png?w=600&amp;ssl=1 600w, https:\/\/i0.wp.com\/azturismo.net\/wp-content\/uploads\/2025\/04\/image-15.png?resize=300%2C199&amp;ssl=1 300w, https:\/\/i0.wp.com\/azturismo.net\/wp-content\/uploads\/2025\/04\/image-15.png?resize=150%2C100&amp;ssl=1 150w\" sizes=\"auto, (max-width: 600px) 100vw, 600px\" \/><\/figure>\n\n\n\n<p>Este festival ser\u00e1 un escaparate para el arte, la cultura y la gastronom\u00eda de Quer\u00e9taro. Los asistentes podr\u00e1n disfrutar de catas guiadas, experiencias gastron\u00f3micas de la mano de los mejores chefs, actividades interactivas y talleres especializados en el arte del queso y el vino. <\/p>\n\n\n\n<p>Adem\u00e1s, Iv\u00e1n Res\u00e9ndiz Guerrero, secretario de Turismo de Tequisquiapan, indic\u00f3 que este a\u00f1o contar\u00e1 con la presencia destacada de bodegas ib\u00e9ricas en el <strong>Pabell\u00f3n Espa\u00f1ol<\/strong>, con empresas como <strong>Virtus<\/strong>, <strong>Bornos<\/strong> y <strong>Freixenet<\/strong>, lo que fortalecer\u00e1 los lazos entre M\u00e9xico y Espa\u00f1a en el \u00e1mbito vin\u00edcola y cultural.<\/p>\n\n\n\n<h2 class=\"wp-block-heading\"><strong>\ud83c\udfa8 Un Programa Cultural de Alto Nivel<\/strong><\/h2>\n\n\n\n<p>En su oportunidad, Carla Negrete, curadora de arte del Festival Internacional del Arte, Queso y Vino 2025, explic\u00f3<\/p>\n\n\n\n<p>La curadur\u00eda de <strong>Carla Negrete<\/strong> coment\u00f3 que se ofrecer\u00e1 a los visitantes un programa lleno de talento, con artistas de renombre internacional que se presentar\u00e1n en el escenario. Entre los espect\u00e1culos m\u00e1s destacados se encuentran las presentaciones del Ballet Folcl\u00f3rico de Amalia Hern\u00e1ndez y los conciertos de bandas como <strong>Motel, Kinky, Fernando Delgadillo, Grupo Primavera y Cuisillos<\/strong>. Sin duda, la m\u00fasica ser\u00e1 un complemento perfecto para las catas de vino y queso que llenar\u00e1n el ambiente de la ciudad.<\/p>\n\n\n\n<h2 class=\"wp-block-heading\"><strong>Diversi\u00f3n para Toda la Familia<\/strong><\/h2>\n\n\n\n<p>Adem\u00e1s de los eventos gastron\u00f3micos y art\u00edsticos, el festival tambi\u00e9n incluir\u00e1 actividades tradicionales como la carrera de meseros y la charreada nocturna, que han sido parte del folklore local y siempre son un \u00e9xito entre los asistentes. El evento ser\u00e1 completamente gratuito y est\u00e1 dise\u00f1ado para ser una celebraci\u00f3n familiar, brindando a los visitantes una experiencia integral de la cultura local.<\/p>\n\n\n\n<h2 class=\"wp-block-heading\"><strong>Un Escenario \u00danico: Las Calles de Tequisquiapan<\/strong><\/h2>\n\n\n\n<p>Los escenarios del festival ser\u00e1n el Parque de la Pila, la Plaza Miguel Hidalgo y el Jard\u00edn del Arte, lugares emblem\u00e1ticos del Pueblo M\u00e1gico que brindar\u00e1n un ambiente acogedor y pintoresco para disfrutar de todas las actividades programadas. En cada rinc\u00f3n del pueblo, los asistentes podr\u00e1n descubrir la riqueza cultural, las tradiciones, la gastronom\u00eda y la vinicultura que hacen \u00fanico a Tequisquiapan.<\/p>\n\n\n\n<h2 class=\"wp-block-heading\"><strong>\ud83c\udfe8 \u00bfPor qu\u00e9 visitar Tequisquiapan?<\/strong><\/h2>\n\n\n\n<p>Este encantador destino ofrece m\u00e1s de 1,200 habitaciones de hospedaje, balnearios, vi\u00f1edos, galer\u00edas de arte, tiendas de artesan\u00edas y un ambiente tranquilo ideal para escapadas rom\u00e1nticas, viajes en familia o aventuras entre amigos.<\/p>\n\n\n\n<p>Adem\u00e1s, es parte de la Ruta del Arte, Queso y Vino de Quer\u00e9taro, una de las experiencias tur\u00edsticas m\u00e1s reconocidas del pa\u00eds.<\/p>\n\n\n\n<h2 class=\"wp-block-heading\"><strong>\ud83c\udf89 Entrada libre, ambiente familiar<\/strong><\/h2>\n\n\n\n<p>Lo mejor de todo: el acceso es gratuito y est\u00e1 pensado para todas las edades. Un evento familiar, cultural e inclusivo, perfecto para disfrutar de la riqueza del vino mexicano, la gastronom\u00eda local y el arte en un entorno m\u00e1gico.<\/p>\n\n\n\n<p><strong><em>\ud83d\udccc \u00a1Tequisquiapan te espera!<\/em><\/strong><\/p>\n\n\n\n<p>Marca tu calendario:<\/p>\n\n\n\n<p>\ud83d\uddd3\ufe0f Del 22 de mayo al 8 de junio de 2025<\/p>\n\n\n\n<p>\ud83d\udccd Tequisquiapan, Quer\u00e9taro<\/p>\n\n\n\n<p>\u00a1No Te lo Pierdas!<\/p>\n\n\n\n<p> <\/p>\n","protected":false},"excerpt":{"rendered":"<p>Por Oscar V\u00e1zquez C. \ud83c\udf1fTequisquiapan, uno de los pueblos m\u00e1gicos m\u00e1s encantadores de Quer\u00e9taro, ser\u00e1 el escenario del Festival Internacional del Arte, Queso y Vino 2025, del 22 de mayo y el 8 de junio, el cual promete convertirse en una experiencia inolvidable para los amantes de la cultura, la gastronom\u00eda y, por supuesto, el [&hellip;]<\/p>\n","protected":false},"author":1,"featured_media":3601,"comment_status":"open","ping_status":"open","sticky":false,"template":"","format":"standard","meta":{"jetpack_post_was_ever_published":false,"_jetpack_newsletter_access":"","_jetpack_dont_email_post_to_subs":false,"_jetpack_newsletter_tier_id":0,"_jetpack_memberships_contains_paywalled_content":false,"_jetpack_memberships_contains_paid_content":false,"footnotes":"","jetpack_publicize_message":"","jetpack_publicize_feature_enabled":true,"jetpack_social_post_already_shared":true,"jetpack_social_options":{"image_generator_settings":{"template":"highway","default_image_id":0,"font":"","enabled":false},"version":2}},"categories":[30,35],"tags":[],"class_list":{"0":"post-3600","1":"post","2":"type-post","3":"status-publish","4":"format-standard","5":"has-post-thumbnail","7":"category-e","8":"category-sabores"},"yoast_head":"<!-- This site is optimized with the Yoast SEO plugin v27.5 - https:\/\/yoast.com\/product\/yoast-seo-wordpress\/ -->\n<title>\u00a1Se acerca el Festival Internacional del arte, queso y vino 2025! - Azturismo Noticias<\/title>\n<meta name=\"description\" content=\"Si buscas una experiencia \u00fanica que combine arte, gastronom\u00eda y cultura vin\u00edcola, el Festival Internacional del Arte, Queso y Vino 2025 en Tequisquiapan es el destino ideal.\" \/>\n<meta name=\"robots\" content=\"index, follow, max-snippet:-1, max-image-preview:large, max-video-preview:-1\" \/>\n<link rel=\"canonical\" href=\"https:\/\/azturismo.net\/?p=3600\" \/>\n<meta property=\"og:locale\" content=\"es_MX\" \/>\n<meta property=\"og:type\" content=\"article\" \/>\n<meta property=\"og:title\" content=\"\u00a1Se acerca el Festival Internacional del arte, queso y vino 2025! - Azturismo Noticias\" \/>\n<meta property=\"og:description\" content=\"Si buscas una experiencia \u00fanica que combine arte, gastronom\u00eda y cultura vin\u00edcola, el Festival Internacional del Arte, Queso y Vino 2025 en Tequisquiapan es el destino ideal.\" \/>\n<meta property=\"og:url\" content=\"https:\/\/azturismo.net\/?p=3600\" \/>\n<meta property=\"og:site_name\" content=\"Azturismo Noticias\" \/>\n<meta property=\"article:publisher\" content=\"https:\/\/www.facebook.com\/AzturismoNoticias\" \/>\n<meta property=\"article:published_time\" content=\"2025-04-11T03:10:20+00:00\" \/>\n<meta property=\"article:modified_time\" content=\"2025-04-13T18:25:50+00:00\" \/>\n<meta property=\"og:image\" content=\"https:\/\/azturismo.net\/wp-content\/uploads\/2025\/04\/vino-copas.png\" \/>\n\t<meta property=\"og:image:width\" content=\"600\" \/>\n\t<meta property=\"og:image:height\" content=\"373\" \/>\n\t<meta property=\"og:image:type\" content=\"image\/png\" \/>\n<meta name=\"author\" content=\"Azturismo\" \/>\n<meta name=\"twitter:card\" content=\"summary_large_image\" \/>\n<meta name=\"twitter:creator\" content=\"@AzTurismo\" \/>\n<meta name=\"twitter:site\" content=\"@AzTurismo\" \/>\n<meta name=\"twitter:label1\" content=\"Escrito por\" \/>\n\t<meta name=\"twitter:data1\" content=\"Azturismo\" \/>\n\t<meta name=\"twitter:label2\" content=\"Tiempo de lectura\" \/>\n\t<meta name=\"twitter:data2\" content=\"4 minutos\" \/>\n<script type=\"application\/ld+json\" class=\"yoast-schema-graph\">{\"@context\":\"https:\\\/\\\/schema.org\",\"@graph\":[{\"@type\":\"Article\",\"@id\":\"https:\\\/\\\/azturismo.net\\\/?p=3600#article\",\"isPartOf\":{\"@id\":\"https:\\\/\\\/azturismo.net\\\/?p=3600\"},\"author\":{\"name\":\"Azturismo\",\"@id\":\"https:\\\/\\\/azturismo.net\\\/#\\\/schema\\\/person\\\/4b56d87f51c4d1b518c650739ad3bbc1\"},\"headline\":\"\u00a1Se acerca el Festival Internacional del arte, queso y vino 2025!\",\"datePublished\":\"2025-04-11T03:10:20+00:00\",\"dateModified\":\"2025-04-13T18:25:50+00:00\",\"mainEntityOfPage\":{\"@id\":\"https:\\\/\\\/azturismo.net\\\/?p=3600\"},\"wordCount\":790,\"commentCount\":0,\"publisher\":{\"@id\":\"https:\\\/\\\/azturismo.net\\\/#organization\"},\"image\":{\"@id\":\"https:\\\/\\\/azturismo.net\\\/?p=3600#primaryimage\"},\"thumbnailUrl\":\"https:\\\/\\\/i0.wp.com\\\/azturismo.net\\\/wp-content\\\/uploads\\\/2025\\\/04\\\/vino-copas.png?fit=600%2C373&ssl=1\",\"articleSection\":[\"Destacadas\",\"SABORES\"],\"inLanguage\":\"es\",\"potentialAction\":[{\"@type\":\"CommentAction\",\"name\":\"Comment\",\"target\":[\"https:\\\/\\\/azturismo.net\\\/?p=3600#respond\"]}]},{\"@type\":\"WebPage\",\"@id\":\"https:\\\/\\\/azturismo.net\\\/?p=3600\",\"url\":\"https:\\\/\\\/azturismo.net\\\/?p=3600\",\"name\":\"\u00a1Se acerca el Festival Internacional del arte, queso y vino 2025! - Azturismo Noticias\",\"isPartOf\":{\"@id\":\"https:\\\/\\\/azturismo.net\\\/#website\"},\"primaryImageOfPage\":{\"@id\":\"https:\\\/\\\/azturismo.net\\\/?p=3600#primaryimage\"},\"image\":{\"@id\":\"https:\\\/\\\/azturismo.net\\\/?p=3600#primaryimage\"},\"thumbnailUrl\":\"https:\\\/\\\/i0.wp.com\\\/azturismo.net\\\/wp-content\\\/uploads\\\/2025\\\/04\\\/vino-copas.png?fit=600%2C373&ssl=1\",\"datePublished\":\"2025-04-11T03:10:20+00:00\",\"dateModified\":\"2025-04-13T18:25:50+00:00\",\"description\":\"Si buscas una experiencia \u00fanica que combine arte, gastronom\u00eda y cultura vin\u00edcola, el Festival Internacional del Arte, Queso y Vino 2025 en Tequisquiapan es el destino ideal.\",\"breadcrumb\":{\"@id\":\"https:\\\/\\\/azturismo.net\\\/?p=3600#breadcrumb\"},\"inLanguage\":\"es\",\"potentialAction\":[{\"@type\":\"ReadAction\",\"target\":[\"https:\\\/\\\/azturismo.net\\\/?p=3600\"]}]},{\"@type\":\"ImageObject\",\"inLanguage\":\"es\",\"@id\":\"https:\\\/\\\/azturismo.net\\\/?p=3600#primaryimage\",\"url\":\"https:\\\/\\\/i0.wp.com\\\/azturismo.net\\\/wp-content\\\/uploads\\\/2025\\\/04\\\/vino-copas.png?fit=600%2C373&ssl=1\",\"contentUrl\":\"https:\\\/\\\/i0.wp.com\\\/azturismo.net\\\/wp-content\\\/uploads\\\/2025\\\/04\\\/vino-copas.png?fit=600%2C373&ssl=1\",\"width\":600,\"height\":373},{\"@type\":\"BreadcrumbList\",\"@id\":\"https:\\\/\\\/azturismo.net\\\/?p=3600#breadcrumb\",\"itemListElement\":[{\"@type\":\"ListItem\",\"position\":1,\"name\":\"Home\",\"item\":\"https:\\\/\\\/azturismo.net\\\/\"},{\"@type\":\"ListItem\",\"position\":2,\"name\":\"\u00a1Se acerca el Festival Internacional del arte, queso y vino 2025!\"}]},{\"@type\":\"WebSite\",\"@id\":\"https:\\\/\\\/azturismo.net\\\/#website\",\"url\":\"https:\\\/\\\/azturismo.net\\\/\",\"name\":\"Azturismo\",\"description\":\"Azturismo Noticias\",\"publisher\":{\"@id\":\"https:\\\/\\\/azturismo.net\\\/#organization\"},\"potentialAction\":[{\"@type\":\"SearchAction\",\"target\":{\"@type\":\"EntryPoint\",\"urlTemplate\":\"https:\\\/\\\/azturismo.net\\\/?s={search_term_string}\"},\"query-input\":{\"@type\":\"PropertyValueSpecification\",\"valueRequired\":true,\"valueName\":\"search_term_string\"}}],\"inLanguage\":\"es\"},{\"@type\":\"Organization\",\"@id\":\"https:\\\/\\\/azturismo.net\\\/#organization\",\"name\":\"Azturismo\",\"url\":\"https:\\\/\\\/azturismo.net\\\/\",\"logo\":{\"@type\":\"ImageObject\",\"inLanguage\":\"es\",\"@id\":\"https:\\\/\\\/azturismo.net\\\/#\\\/schema\\\/logo\\\/image\\\/\",\"url\":\"https:\\\/\\\/i0.wp.com\\\/azturismo.net\\\/wp-content\\\/uploads\\\/2024\\\/03\\\/logo-el-bueno-.png?fit=294%2C69&ssl=1\",\"contentUrl\":\"https:\\\/\\\/i0.wp.com\\\/azturismo.net\\\/wp-content\\\/uploads\\\/2024\\\/03\\\/logo-el-bueno-.png?fit=294%2C69&ssl=1\",\"width\":294,\"height\":69,\"caption\":\"Azturismo\"},\"image\":{\"@id\":\"https:\\\/\\\/azturismo.net\\\/#\\\/schema\\\/logo\\\/image\\\/\"},\"sameAs\":[\"https:\\\/\\\/www.facebook.com\\\/AzturismoNoticias\",\"https:\\\/\\\/x.com\\\/AzTurismo\",\"https:\\\/\\\/www.instagram.com\\\/azturismo_noticias\\\/?fbclid=IwAR2xMiuoHbs6eLeIHKP8P5sSGa-xFrw7FfejscXO7kDghWa7wKLjGczKOwE\",\"https:\\\/\\\/www.tiktok.com\\\/@azturismo\"]},{\"@type\":\"Person\",\"@id\":\"https:\\\/\\\/azturismo.net\\\/#\\\/schema\\\/person\\\/4b56d87f51c4d1b518c650739ad3bbc1\",\"name\":\"Azturismo\",\"image\":{\"@type\":\"ImageObject\",\"inLanguage\":\"es\",\"@id\":\"https:\\\/\\\/azturismo.net\\\/wp-content\\\/litespeed\\\/avatar\\\/dfe28a31cdd68b788da48a316e50db10.jpg?ver=1777707566\",\"url\":\"https:\\\/\\\/azturismo.net\\\/wp-content\\\/litespeed\\\/avatar\\\/dfe28a31cdd68b788da48a316e50db10.jpg?ver=1777707566\",\"contentUrl\":\"https:\\\/\\\/azturismo.net\\\/wp-content\\\/litespeed\\\/avatar\\\/dfe28a31cdd68b788da48a316e50db10.jpg?ver=1777707566\",\"caption\":\"Azturismo\"},\"sameAs\":[\"https:\\\/\\\/azturismo.net\"],\"url\":\"https:\\\/\\\/azturismo.net\\\/?author=1\"}]}<\/script>\n<!-- \/ Yoast SEO plugin. -->","yoast_head_json":{"title":"\u00a1Se acerca el Festival Internacional del arte, queso y vino 2025! - Azturismo Noticias","description":"Si buscas una experiencia \u00fanica que combine arte, gastronom\u00eda y cultura vin\u00edcola, el Festival Internacional del Arte, Queso y Vino 2025 en Tequisquiapan es el destino ideal.","robots":{"index":"index","follow":"follow","max-snippet":"max-snippet:-1","max-image-preview":"max-image-preview:large","max-video-preview":"max-video-preview:-1"},"canonical":"https:\/\/azturismo.net\/?p=3600","og_locale":"es_MX","og_type":"article","og_title":"\u00a1Se acerca el Festival Internacional del arte, queso y vino 2025! - Azturismo Noticias","og_description":"Si buscas una experiencia \u00fanica que combine arte, gastronom\u00eda y cultura vin\u00edcola, el Festival Internacional del Arte, Queso y Vino 2025 en Tequisquiapan es el destino ideal.","og_url":"https:\/\/azturismo.net\/?p=3600","og_site_name":"Azturismo Noticias","article_publisher":"https:\/\/www.facebook.com\/AzturismoNoticias","article_published_time":"2025-04-11T03:10:20+00:00","article_modified_time":"2025-04-13T18:25:50+00:00","og_image":[{"width":600,"height":373,"url":"https:\/\/azturismo.net\/wp-content\/uploads\/2025\/04\/vino-copas.png","type":"image\/png"}],"author":"Azturismo","twitter_card":"summary_large_image","twitter_creator":"@AzTurismo","twitter_site":"@AzTurismo","twitter_misc":{"Escrito por":"Azturismo","Tiempo de lectura":"4 minutos"},"schema":{"@context":"https:\/\/schema.org","@graph":[{"@type":"Article","@id":"https:\/\/azturismo.net\/?p=3600#article","isPartOf":{"@id":"https:\/\/azturismo.net\/?p=3600"},"author":{"name":"Azturismo","@id":"https:\/\/azturismo.net\/#\/schema\/person\/4b56d87f51c4d1b518c650739ad3bbc1"},"headline":"\u00a1Se acerca el Festival Internacional del arte, queso y vino 2025!","datePublished":"2025-04-11T03:10:20+00:00","dateModified":"2025-04-13T18:25:50+00:00","mainEntityOfPage":{"@id":"https:\/\/azturismo.net\/?p=3600"},"wordCount":790,"commentCount":0,"publisher":{"@id":"https:\/\/azturismo.net\/#organization"},"image":{"@id":"https:\/\/azturismo.net\/?p=3600#primaryimage"},"thumbnailUrl":"https:\/\/i0.wp.com\/azturismo.net\/wp-content\/uploads\/2025\/04\/vino-copas.png?fit=600%2C373&ssl=1","articleSection":["Destacadas","SABORES"],"inLanguage":"es","potentialAction":[{"@type":"CommentAction","name":"Comment","target":["https:\/\/azturismo.net\/?p=3600#respond"]}]},{"@type":"WebPage","@id":"https:\/\/azturismo.net\/?p=3600","url":"https:\/\/azturismo.net\/?p=3600","name":"\u00a1Se acerca el Festival Internacional del arte, queso y vino 2025! - Azturismo Noticias","isPartOf":{"@id":"https:\/\/azturismo.net\/#website"},"primaryImageOfPage":{"@id":"https:\/\/azturismo.net\/?p=3600#primaryimage"},"image":{"@id":"https:\/\/azturismo.net\/?p=3600#primaryimage"},"thumbnailUrl":"https:\/\/i0.wp.com\/azturismo.net\/wp-content\/uploads\/2025\/04\/vino-copas.png?fit=600%2C373&ssl=1","datePublished":"2025-04-11T03:10:20+00:00","dateModified":"2025-04-13T18:25:50+00:00","description":"Si buscas una experiencia \u00fanica que combine arte, gastronom\u00eda y cultura vin\u00edcola, el Festival Internacional del Arte, Queso y Vino 2025 en Tequisquiapan es el destino ideal.","breadcrumb":{"@id":"https:\/\/azturismo.net\/?p=3600#breadcrumb"},"inLanguage":"es","potentialAction":[{"@type":"ReadAction","target":["https:\/\/azturismo.net\/?p=3600"]}]},{"@type":"ImageObject","inLanguage":"es","@id":"https:\/\/azturismo.net\/?p=3600#primaryimage","url":"https:\/\/i0.wp.com\/azturismo.net\/wp-content\/uploads\/2025\/04\/vino-copas.png?fit=600%2C373&ssl=1","contentUrl":"https:\/\/i0.wp.com\/azturismo.net\/wp-content\/uploads\/2025\/04\/vino-copas.png?fit=600%2C373&ssl=1","width":600,"height":373},{"@type":"BreadcrumbList","@id":"https:\/\/azturismo.net\/?p=3600#breadcrumb","itemListElement":[{"@type":"ListItem","position":1,"name":"Home","item":"https:\/\/azturismo.net\/"},{"@type":"ListItem","position":2,"name":"\u00a1Se acerca el Festival Internacional del arte, queso y vino 2025!"}]},{"@type":"WebSite","@id":"https:\/\/azturismo.net\/#website","url":"https:\/\/azturismo.net\/","name":"Azturismo","description":"Azturismo Noticias","publisher":{"@id":"https:\/\/azturismo.net\/#organization"},"potentialAction":[{"@type":"SearchAction","target":{"@type":"EntryPoint","urlTemplate":"https:\/\/azturismo.net\/?s={search_term_string}"},"query-input":{"@type":"PropertyValueSpecification","valueRequired":true,"valueName":"search_term_string"}}],"inLanguage":"es"},{"@type":"Organization","@id":"https:\/\/azturismo.net\/#organization","name":"Azturismo","url":"https:\/\/azturismo.net\/","logo":{"@type":"ImageObject","inLanguage":"es","@id":"https:\/\/azturismo.net\/#\/schema\/logo\/image\/","url":"https:\/\/i0.wp.com\/azturismo.net\/wp-content\/uploads\/2024\/03\/logo-el-bueno-.png?fit=294%2C69&ssl=1","contentUrl":"https:\/\/i0.wp.com\/azturismo.net\/wp-content\/uploads\/2024\/03\/logo-el-bueno-.png?fit=294%2C69&ssl=1","width":294,"height":69,"caption":"Azturismo"},"image":{"@id":"https:\/\/azturismo.net\/#\/schema\/logo\/image\/"},"sameAs":["https:\/\/www.facebook.com\/AzturismoNoticias","https:\/\/x.com\/AzTurismo","https:\/\/www.instagram.com\/azturismo_noticias\/?fbclid=IwAR2xMiuoHbs6eLeIHKP8P5sSGa-xFrw7FfejscXO7kDghWa7wKLjGczKOwE","https:\/\/www.tiktok.com\/@azturismo"]},{"@type":"Person","@id":"https:\/\/azturismo.net\/#\/schema\/person\/4b56d87f51c4d1b518c650739ad3bbc1","name":"Azturismo","image":{"@type":"ImageObject","inLanguage":"es","@id":"https:\/\/azturismo.net\/wp-content\/litespeed\/avatar\/dfe28a31cdd68b788da48a316e50db10.jpg?ver=1777707566","url":"https:\/\/azturismo.net\/wp-content\/litespeed\/avatar\/dfe28a31cdd68b788da48a316e50db10.jpg?ver=1777707566","contentUrl":"https:\/\/azturismo.net\/wp-content\/litespeed\/avatar\/dfe28a31cdd68b788da48a316e50db10.jpg?ver=1777707566","caption":"Azturismo"},"sameAs":["https:\/\/azturismo.net"],"url":"https:\/\/azturismo.net\/?author=1"}]}},"jetpack_publicize_connections":[],"jetpack_featured_media_url":"https:\/\/i0.wp.com\/azturismo.net\/wp-content\/uploads\/2025\/04\/vino-copas.png?fit=600%2C373&ssl=1","jetpack_sharing_enabled":true,"jetpack-related-posts":[{"id":7101,"url":"https:\/\/azturismo.net\/?p=7101","url_meta":{"origin":3600,"position":0},"title":"\ud83c\udf89Tequisquiapan te deleitar\u00e1 con el Festival Internacional del Arte, Queso y Vino 2026","author":"Azturismo","date":"abril 15, 2026","format":false,"excerpt":"El Pueblo M\u00e1gico de Tequisquiapan est\u00e1 listo para hacer historia\u2026 otra vez. En su 50 aniversario, el Festival Internacional del Arte, Queso y Vino 2026 promete romperla con m\u00e1s de 200 mil visitantes, acceso gratuito y un cartel que mezcla vino, fiesta y nostalgia noventera. S\u00ed, le\u00edste bien: \u00a117 d\u00edas\u2026","rel":"","context":"En &quot;Destacadas&quot;","block_context":{"text":"Destacadas","link":"https:\/\/azturismo.net\/?cat=30"},"img":{"alt_text":"","src":"https:\/\/i0.wp.com\/azturismo.net\/wp-content\/uploads\/2026\/04\/Tequisquiapan03.jpeg?fit=1200%2C801&ssl=1&resize=350%2C200","width":350,"height":200,"srcset":"https:\/\/i0.wp.com\/azturismo.net\/wp-content\/uploads\/2026\/04\/Tequisquiapan03.jpeg?fit=1200%2C801&ssl=1&resize=350%2C200 1x, https:\/\/i0.wp.com\/azturismo.net\/wp-content\/uploads\/2026\/04\/Tequisquiapan03.jpeg?fit=1200%2C801&ssl=1&resize=525%2C300 1.5x, https:\/\/i0.wp.com\/azturismo.net\/wp-content\/uploads\/2026\/04\/Tequisquiapan03.jpeg?fit=1200%2C801&ssl=1&resize=700%2C400 2x, https:\/\/i0.wp.com\/azturismo.net\/wp-content\/uploads\/2026\/04\/Tequisquiapan03.jpeg?fit=1200%2C801&ssl=1&resize=1050%2C600 3x"},"classes":[]},{"id":5960,"url":"https:\/\/azturismo.net\/?p=5960","url_meta":{"origin":3600,"position":1},"title":"\ud83c\udf77 Del\u00e9itate en el Festival del Vino Queretano 2025","author":"Azturismo","date":"octubre 14, 2025","format":false,"excerpt":"Por Oscar V\u00e1zquez C. La magia del vino volver\u00e1 a llenar las copas en Quer\u00e9taro. Del 17 al 19 de octubre de 2025, la Plaza Gran Cue, en el municipio de Corregidora, ser\u00e1 sede de la quinta edici\u00f3n del Festival del Vino Queretano, un evento que celebra la riqueza vitivin\u00edcola\u2026","rel":"","context":"En &quot;Destacadas&quot;","block_context":{"text":"Destacadas","link":"https:\/\/azturismo.net\/?cat=30"},"img":{"alt_text":"","src":"https:\/\/i0.wp.com\/azturismo.net\/wp-content\/uploads\/2025\/10\/El-sector-vitivinicola-se-consolida-como-motor-de-movilidad-economica-en-Queretaro.jpg?fit=600%2C399&ssl=1&resize=350%2C200","width":350,"height":200,"srcset":"https:\/\/i0.wp.com\/azturismo.net\/wp-content\/uploads\/2025\/10\/El-sector-vitivinicola-se-consolida-como-motor-de-movilidad-economica-en-Queretaro.jpg?fit=600%2C399&ssl=1&resize=350%2C200 1x, https:\/\/i0.wp.com\/azturismo.net\/wp-content\/uploads\/2025\/10\/El-sector-vitivinicola-se-consolida-como-motor-de-movilidad-economica-en-Queretaro.jpg?fit=600%2C399&ssl=1&resize=525%2C300 1.5x"},"classes":[]},{"id":3039,"url":"https:\/\/azturismo.net\/?p=3039","url_meta":{"origin":3600,"position":2},"title":"Quer\u00e9taro presenta su riqueza tur\u00edstica en el Senado de la Rep\u00fablica","author":"Azturismo","date":"febrero 19, 2025","format":false,"excerpt":"Por Ricardo Aguirre Del 18 al 20 de febrero, Quer\u00e9taro brilla en el Senado de la Rep\u00fablica con una muestra \u00fanica de su riqueza cultural, gastron\u00f3mica y tur\u00edstica. En la Semana de Quer\u00e9taro, el estado destaca lo mejor de su patrimonio, su artesan\u00edas, su vinicultura, y la gastronom\u00eda que lo\u2026","rel":"","context":"En &quot;NOTITUR&quot;","block_context":{"text":"NOTITUR","link":"https:\/\/azturismo.net\/?cat=25"},"img":{"alt_text":"","src":"https:\/\/i0.wp.com\/azturismo.net\/wp-content\/uploads\/2025\/02\/Sectur-Queretaro-Senado01.jpeg?fit=600%2C422&ssl=1&resize=350%2C200","width":350,"height":200,"srcset":"https:\/\/i0.wp.com\/azturismo.net\/wp-content\/uploads\/2025\/02\/Sectur-Queretaro-Senado01.jpeg?fit=600%2C422&ssl=1&resize=350%2C200 1x, https:\/\/i0.wp.com\/azturismo.net\/wp-content\/uploads\/2025\/02\/Sectur-Queretaro-Senado01.jpeg?fit=600%2C422&ssl=1&resize=525%2C300 1.5x"},"classes":[]},{"id":4444,"url":"https:\/\/azturismo.net\/?p=4444","url_meta":{"origin":3600,"position":3},"title":"Vive el arte en el Festival Ib\u00e9rica Contempor\u00e1nea 2025 en Quer\u00e9taro","author":"Azturismo","date":"julio 17, 2025","format":false,"excerpt":"Con un emotivo espect\u00e1culo de apertura, inicia oficialmente el Festival Ib\u00e9rica Contempor\u00e1nea 2025 en el coraz\u00f3n de Quer\u00e9taro, consolidando al estado como uno de los destinos clave para el turismo cultural en M\u00e9xico. Este a\u00f1o, el festival celebra su vig\u00e9simo aniversario, con una semana repleta de presentaciones de danza, m\u00fasica\u2026","rel":"","context":"En &quot;Destacadas&quot;","block_context":{"text":"Destacadas","link":"https:\/\/azturismo.net\/?cat=30"},"img":{"alt_text":"","src":"https:\/\/i0.wp.com\/azturismo.net\/wp-content\/uploads\/2025\/07\/PSX_20250717_121635.jpg?fit=600%2C450&ssl=1&resize=350%2C200","width":350,"height":200,"srcset":"https:\/\/i0.wp.com\/azturismo.net\/wp-content\/uploads\/2025\/07\/PSX_20250717_121635.jpg?fit=600%2C450&ssl=1&resize=350%2C200 1x, https:\/\/i0.wp.com\/azturismo.net\/wp-content\/uploads\/2025\/07\/PSX_20250717_121635.jpg?fit=600%2C450&ssl=1&resize=525%2C300 1.5x"},"classes":[]},{"id":3006,"url":"https:\/\/azturismo.net\/?p=3006","url_meta":{"origin":3600,"position":4},"title":"Presenta Quer\u00e9taro gu\u00eda para turismo de romance","author":"Azturismo","date":"febrero 13, 2025","format":false,"excerpt":"Por Oscar V\u00e1zquez C. Quer\u00e9taro se consolida como uno de los destinos m\u00e1s rom\u00e1nticos de M\u00e9xico con el lanzamiento de la nueva gu\u00eda \"Nupcias\", presentada por Rodrigo Ibarra Lozano, director de Promoci\u00f3n Tur\u00edstica, y Andrea Herrera L\u00e1mbarri, coordinadora de Turismo de Romance, en un evento donde la famosa mu\u00f1eca \"Lele\",\u2026","rel":"","context":"En &quot;Destacadas&quot;","block_context":{"text":"Destacadas","link":"https:\/\/azturismo.net\/?cat=30"},"img":{"alt_text":"","src":"https:\/\/i0.wp.com\/azturismo.net\/wp-content\/uploads\/2025\/02\/WhatsApp-Image-2025-02-12-at-2.39.56-PM.jpeg?fit=600%2C337&ssl=1&resize=350%2C200","width":350,"height":200,"srcset":"https:\/\/i0.wp.com\/azturismo.net\/wp-content\/uploads\/2025\/02\/WhatsApp-Image-2025-02-12-at-2.39.56-PM.jpeg?fit=600%2C337&ssl=1&resize=350%2C200 1x, https:\/\/i0.wp.com\/azturismo.net\/wp-content\/uploads\/2025\/02\/WhatsApp-Image-2025-02-12-at-2.39.56-PM.jpeg?fit=600%2C337&ssl=1&resize=525%2C300 1.5x"},"classes":[]},{"id":6959,"url":"https:\/\/azturismo.net\/?p=6959","url_meta":{"origin":3600,"position":5},"title":"Quer\u00e9taro se prepara para recibir a m\u00e1s de 330 mil visitantes en Semana Santa","author":"Azturismo","date":"abril 1, 2026","format":false,"excerpt":"\ud83c\udf77 Por Staff AzTurismo \u26eaEl estado de se consolida como un im\u00e1n para el turismo religioso y de naturaleza, con una ocupaci\u00f3n hotelera que alcanzar\u00e1 el 75% en d\u00edas pico y la presentaci\u00f3n de una nueva ruta espiritual inspirada en el famoso Camino de Santiago. Con la llegada del periodo\u2026","rel":"","context":"En &quot;Destacadas&quot;","block_context":{"text":"Destacadas","link":"https:\/\/azturismo.net\/?cat=30"},"img":{"alt_text":"","src":"https:\/\/i0.wp.com\/azturismo.net\/wp-content\/uploads\/2026\/03\/WhatsApp-Image-2026-03-19-at-10.37.09-AM-1.jpeg?fit=600%2C397&ssl=1&resize=350%2C200","width":350,"height":200,"srcset":"https:\/\/i0.wp.com\/azturismo.net\/wp-content\/uploads\/2026\/03\/WhatsApp-Image-2026-03-19-at-10.37.09-AM-1.jpeg?fit=600%2C397&ssl=1&resize=350%2C200 1x, https:\/\/i0.wp.com\/azturismo.net\/wp-content\/uploads\/2026\/03\/WhatsApp-Image-2026-03-19-at-10.37.09-AM-1.jpeg?fit=600%2C397&ssl=1&resize=525%2C300 1.5x"},"classes":[]}],"jetpack_shortlink":"https:\/\/wp.me\/pfqZGx-W4","amp_enabled":true,"_links":{"self":[{"href":"https:\/\/azturismo.net\/index.php?rest_route=\/wp\/v2\/posts\/3600","targetHints":{"allow":["GET"]}}],"collection":[{"href":"https:\/\/azturismo.net\/index.php?rest_route=\/wp\/v2\/posts"}],"about":[{"href":"https:\/\/azturismo.net\/index.php?rest_route=\/wp\/v2\/types\/post"}],"author":[{"embeddable":true,"href":"https:\/\/azturismo.net\/index.php?rest_route=\/wp\/v2\/users\/1"}],"replies":[{"embeddable":true,"href":"https:\/\/azturismo.net\/index.php?rest_route=%2Fwp%2Fv2%2Fcomments&post=3600"}],"version-history":[{"count":2,"href":"https:\/\/azturismo.net\/index.php?rest_route=\/wp\/v2\/posts\/3600\/revisions"}],"predecessor-version":[{"id":3608,"href":"https:\/\/azturismo.net\/index.php?rest_route=\/wp\/v2\/posts\/3600\/revisions\/3608"}],"wp:featuredmedia":[{"embeddable":true,"href":"https:\/\/azturismo.net\/index.php?rest_route=\/wp\/v2\/media\/3601"}],"wp:attachment":[{"href":"https:\/\/azturismo.net\/index.php?rest_route=%2Fwp%2Fv2%2Fmedia&parent=3600"}],"wp:term":[{"taxonomy":"category","embeddable":true,"href":"https:\/\/azturismo.net\/index.php?rest_route=%2Fwp%2Fv2%2Fcategories&post=3600"},{"taxonomy":"post_tag","embeddable":true,"href":"https:\/\/azturismo.net\/index.php?rest_route=%2Fwp%2Fv2%2Ftags&post=3600"}],"curies":[{"name":"wp","href":"https:\/\/api.w.org\/{rel}","templated":true}]}}