{"id":3525,"date":"2025-03-31T20:30:00","date_gmt":"2025-04-01T02:30:00","guid":{"rendered":"https:\/\/azturismo.net\/?p=3525"},"modified":"2025-03-31T19:45:45","modified_gmt":"2025-04-01T01:45:45","slug":"laura-rojo-asume-la-direccion-del-museo-maya-de-cancun","status":"publish","type":"post","link":"https:\/\/azturismo.net\/?p=3525","title":{"rendered":"Laura Rojo asume la direcci\u00f3n del Museo Maya de Canc\u00fan"},"content":{"rendered":"\n<p>Por Staff AzTurismo<\/p>\n\n\n\n<p>El <strong>Museo Maya de Canc\u00fan (MMC)<\/strong> tiene nueva directora. La fot\u00f3grafa y muse\u00f3grafa <strong>Laura Rojo F\u00e4rber<\/strong> ha sido nombrada titular de este recinto por acuerdo del <strong>Instituto Nacional de Antropolog\u00eda e Historia (INAH)<\/strong>, bajo la direcci\u00f3n de <strong>Diego Prieto Hern\u00e1ndez<\/strong>.<\/p>\n\n\n\n<p>El anuncio se realiz\u00f3 el <strong>27 de marzo de 2025<\/strong>, en un acto presidido por <strong>Juan Manuel Garibay L\u00f3pez<\/strong>, coordinador nacional de Museos y Exposiciones del INAH, en representaci\u00f3n del antrop\u00f3logo Prieto Hern\u00e1ndez, y <strong>Margarito Molina Rend\u00f3n<\/strong>, director del Centro INAH Quintana Roo.<\/p>\n\n\n\n<h4 class=\"wp-block-heading\">\ud83c\udfdb <strong>Objetivos de la nueva gesti\u00f3n<\/strong><\/h4>\n\n\n<div class=\"wp-block-image\">\n<figure class=\"aligncenter size-full\"><img data-recalc-dims=\"1\" loading=\"lazy\" decoding=\"async\" width=\"600\" height=\"271\" data-attachment-id=\"3527\" data-permalink=\"https:\/\/azturismo.net\/?attachment_id=3527\" data-orig-file=\"https:\/\/i0.wp.com\/azturismo.net\/wp-content\/uploads\/2025\/03\/El-equipo-de-trabajo-del-recinto-continuara-impulsando-el-posicionamiento-del-museo-en-el-publico-quintanarroense-y-entre-el-turismo-que-visita-Cancun.-Foto-Centro-INAH-Quintana-Roo.jpeg?fit=600%2C271&amp;ssl=1\" data-orig-size=\"600,271\" data-comments-opened=\"1\" data-image-meta=\"{&quot;aperture&quot;:&quot;0&quot;,&quot;credit&quot;:&quot;&quot;,&quot;camera&quot;:&quot;&quot;,&quot;caption&quot;:&quot;&quot;,&quot;created_timestamp&quot;:&quot;0&quot;,&quot;copyright&quot;:&quot;&quot;,&quot;focal_length&quot;:&quot;0&quot;,&quot;iso&quot;:&quot;0&quot;,&quot;shutter_speed&quot;:&quot;0&quot;,&quot;title&quot;:&quot;&quot;,&quot;orientation&quot;:&quot;1&quot;}\" data-image-title=\"\" data-image-description=\"\" data-image-caption=\"&lt;p&gt;El equipo de trabajo del recinto continuar\u00e1 impulsando el posicionamiento del museo en el p\u00fablico quintanarroense y entre el turismo que visita Canc\u00fan. Foto; Centro INAH Quintana Roo&lt;\/p&gt;\n\" data-large-file=\"https:\/\/i0.wp.com\/azturismo.net\/wp-content\/uploads\/2025\/03\/El-equipo-de-trabajo-del-recinto-continuara-impulsando-el-posicionamiento-del-museo-en-el-publico-quintanarroense-y-entre-el-turismo-que-visita-Cancun.-Foto-Centro-INAH-Quintana-Roo.jpeg?fit=600%2C271&amp;ssl=1\" src=\"https:\/\/i0.wp.com\/azturismo.net\/wp-content\/uploads\/2025\/03\/El-equipo-de-trabajo-del-recinto-continuara-impulsando-el-posicionamiento-del-museo-en-el-publico-quintanarroense-y-entre-el-turismo-que-visita-Cancun.-Foto-Centro-INAH-Quintana-Roo.jpeg?resize=600%2C271&#038;ssl=1\" alt=\"\" class=\"wp-image-3527\" srcset=\"https:\/\/i0.wp.com\/azturismo.net\/wp-content\/uploads\/2025\/03\/El-equipo-de-trabajo-del-recinto-continuara-impulsando-el-posicionamiento-del-museo-en-el-publico-quintanarroense-y-entre-el-turismo-que-visita-Cancun.-Foto-Centro-INAH-Quintana-Roo.jpeg?w=600&amp;ssl=1 600w, https:\/\/i0.wp.com\/azturismo.net\/wp-content\/uploads\/2025\/03\/El-equipo-de-trabajo-del-recinto-continuara-impulsando-el-posicionamiento-del-museo-en-el-publico-quintanarroense-y-entre-el-turismo-que-visita-Cancun.-Foto-Centro-INAH-Quintana-Roo.jpeg?resize=300%2C136&amp;ssl=1 300w, https:\/\/i0.wp.com\/azturismo.net\/wp-content\/uploads\/2025\/03\/El-equipo-de-trabajo-del-recinto-continuara-impulsando-el-posicionamiento-del-museo-en-el-publico-quintanarroense-y-entre-el-turismo-que-visita-Cancun.-Foto-Centro-INAH-Quintana-Roo.jpeg?resize=150%2C68&amp;ssl=1 150w\" sizes=\"auto, (max-width: 600px) 100vw, 600px\" \/><figcaption class=\"wp-element-caption\">El equipo de trabajo del recinto continuar\u00e1 impulsando el posicionamiento del museo en el p\u00fablico quintanarroense y entre el turismo que visita Canc\u00fan. Foto; Centro INAH Quintana Roo<\/figcaption><\/figure><\/div>\n\n\n<p>Laura Rojo F\u00e4rber asume el reto de <strong>fortalecer la difusi\u00f3n y conservaci\u00f3n del patrimonio arqueol\u00f3gico maya<\/strong>, con un diagn\u00f3stico y un programa de trabajo renovado. Su labor se enfocar\u00e1 en:<br>\u2705 <strong>Vincular el museo con la comunidad<\/strong> de Canc\u00fan y Quintana Roo.<br>\u2705 <strong>Impulsar la educaci\u00f3n cultural<\/strong> en p\u00fablicos infantiles y juveniles.<br>\u2705 <strong>Aprovechar la cercan\u00eda con la Zona Arqueol\u00f3gica de San Miguelito<\/strong> para mejorar la experiencia de los visitantes.<\/p>\n\n\n\n<p><em>\u201cPondr\u00e9 todo mi empe\u00f1o para fortalecer la relaci\u00f3n del museo con la sociedad quintanarroense y los turistas que visitan Canc\u00fan\u201d<\/em>, expres\u00f3 Rojo F\u00e4rber.<\/p>\n\n\n\n<h4 class=\"wp-block-heading\">\ud83d\udcda <strong>\u00bfQui\u00e9n es Laura Rojo F\u00e4rber?<\/strong><\/h4>\n\n\n\n<p>\ud83c\udf93 <strong>Formaci\u00f3n<\/strong>:<\/p>\n\n\n\n<ul class=\"wp-block-list\">\n<li>Museograf\u00eda y museopedagog\u00eda en la <strong>Fundaci\u00f3n Cultural Antonio Haghenbeck<\/strong>, bajo la tutor\u00eda de <strong>Lucio Lara Plata<\/strong>.<\/li>\n\n\n\n<li>Licenciada en <strong>Mercadotecnia<\/strong> por el <strong>Instituto Tecnol\u00f3gico y de Estudios Superiores de Monterrey (ITESM)<\/strong>.<\/li>\n\n\n\n<li>Fot\u00f3grafa reconocida, con exposiciones individuales y colectivas.<\/li>\n<\/ul>\n\n\n\n<p>\ud83c\udfc6 <strong>Premios y trayectoria<\/strong>:<\/p>\n\n\n\n<ul class=\"wp-block-list\">\n<li>Destacada <strong>gestora cultural y poeta<\/strong>, galardonada con el <strong>Premio Sasil 2023<\/strong> del Consejo Ciudadano para la Cultura y las Artes de Quintana Roo.<\/li>\n<\/ul>\n\n\n\n<h4 class=\"wp-block-heading\">\ud83c\udffa <strong>El Museo Maya de Canc\u00fan: un referente cultural<\/strong><\/h4>\n\n\n\n<p>Desde su inauguraci\u00f3n en <strong>2012<\/strong>, el MMC alberga una de las colecciones arqueol\u00f3gicas m\u00e1s importantes de la regi\u00f3n, con piezas provenientes de sitios emblem\u00e1ticos como:<\/p>\n\n\n\n<ul class=\"wp-block-list\">\n<li><strong>Palenque<\/strong><\/li>\n\n\n\n<li><strong>Chich\u00e9n Itz\u00e1<\/strong><\/li>\n\n\n\n<li><strong>Comalcalco<\/strong><\/li>\n\n\n\n<li><strong>Zona Arqueol\u00f3gica de San Miguelito<\/strong>, en la Costa Oriental de Quintana Roo.<\/li>\n<\/ul>\n\n\n\n<p>El <strong>antrop\u00f3logo Margarito Molina<\/strong>, director del <strong>Centro INAH Quintana Roo<\/strong>, resalt\u00f3 que <strong>Laura Rojo cuenta con la formaci\u00f3n y experiencia para consolidar al MMC como un referente cultural<\/strong> en el estado y en M\u00e9xico.<\/p>\n\n\n\n<p>\ud83d\udd0d <strong>Descubre m\u00e1s sobre el Museo Maya de Canc\u00fan y su legado arqueol\u00f3gico.<\/strong> \u00a1Vis\u00edtalo y sum\u00e9rgete en la historia de la civilizaci\u00f3n maya!<\/p>\n\n\n\n<p><\/p>\n","protected":false},"excerpt":{"rendered":"<p>Por Staff AzTurismo El Museo Maya de Canc\u00fan (MMC) tiene nueva directora. La fot\u00f3grafa y muse\u00f3grafa Laura Rojo F\u00e4rber ha sido nombrada titular de este recinto por acuerdo del Instituto Nacional de Antropolog\u00eda e Historia (INAH), bajo la direcci\u00f3n de Diego Prieto Hern\u00e1ndez. El anuncio se realiz\u00f3 el 27 de marzo de 2025, en un [&hellip;]<\/p>\n","protected":false},"author":1,"featured_media":3526,"comment_status":"open","ping_status":"open","sticky":false,"template":"","format":"standard","meta":{"jetpack_post_was_ever_published":false,"_jetpack_newsletter_access":"","_jetpack_dont_email_post_to_subs":false,"_jetpack_newsletter_tier_id":0,"_jetpack_memberships_contains_paywalled_content":false,"_jetpack_memberships_contains_paid_content":false,"footnotes":"","jetpack_publicize_message":"","jetpack_publicize_feature_enabled":true,"jetpack_social_post_already_shared":true,"jetpack_social_options":{"image_generator_settings":{"template":"highway","default_image_id":0,"font":"","enabled":false},"version":2}},"categories":[25],"tags":[1420,99,1422,1419,1421,39],"class_list":{"0":"post-3525","1":"post","2":"type-post","3":"status-publish","4":"format-standard","5":"has-post-thumbnail","7":"category-notitar","8":"tag-arqueologia-maya","9":"tag-azturismo","10":"tag-cultura-en-cancun","11":"tag-laura-rojo-farber","12":"tag-museo-maya-de-cancun","13":"tag-turismo"},"yoast_head":"<!-- This site is optimized with the Yoast SEO plugin v27.5 - https:\/\/yoast.com\/product\/yoast-seo-wordpress\/ -->\n<title>Laura Rojo asume la direcci\u00f3n del Museo Maya de Canc\u00fan - Azturismo Noticias<\/title>\n<meta name=\"description\" content=\"El Museo Maya de Canc\u00fan (MMC) tiene nueva directora. La fot\u00f3grafa y muse\u00f3grafa Laura Rojo F\u00e4rber ha sido nombrada titular de este recinto por acuerdo del Instituto Nacional de Antropolog\u00eda e Historia (INAH), bajo la direcci\u00f3n de Diego Prieto Hern\u00e1ndez. \u2705 #MuseoMayaDeCanc\u00fan #CulturaMaya #HistoriaDeM\u00e9xico #TurismoCultural #Canc\u00fan #LauraRojoF\u00e4rber\" \/>\n<meta name=\"robots\" content=\"index, follow, max-snippet:-1, max-image-preview:large, max-video-preview:-1\" \/>\n<link rel=\"canonical\" href=\"https:\/\/azturismo.net\/?p=3525\" \/>\n<meta property=\"og:locale\" content=\"es_MX\" \/>\n<meta property=\"og:type\" content=\"article\" \/>\n<meta property=\"og:title\" content=\"Laura Rojo asume la direcci\u00f3n del Museo Maya de Canc\u00fan - Azturismo Noticias\" \/>\n<meta property=\"og:description\" content=\"El Museo Maya de Canc\u00fan (MMC) tiene nueva directora. La fot\u00f3grafa y muse\u00f3grafa Laura Rojo F\u00e4rber ha sido nombrada titular de este recinto por acuerdo del Instituto Nacional de Antropolog\u00eda e Historia (INAH), bajo la direcci\u00f3n de Diego Prieto Hern\u00e1ndez. \u2705 #MuseoMayaDeCanc\u00fan #CulturaMaya #HistoriaDeM\u00e9xico #TurismoCultural #Canc\u00fan #LauraRojoF\u00e4rber\" \/>\n<meta property=\"og:url\" content=\"https:\/\/azturismo.net\/?p=3525\" \/>\n<meta property=\"og:site_name\" content=\"Azturismo Noticias\" \/>\n<meta property=\"article:publisher\" content=\"https:\/\/www.facebook.com\/AzturismoNoticias\" \/>\n<meta property=\"article:published_time\" content=\"2025-04-01T02:30:00+00:00\" \/>\n<meta property=\"og:image\" content=\"https:\/\/i0.wp.com\/azturismo.net\/wp-content\/uploads\/2025\/03\/Margarito-Molina-Juan-Manuel-Garibay-Laura-Rojo-y-Carlos-Esperon.-Foto-Centro-INAH-Quintana-Roo.jpeg?fit=600%2C495&ssl=1\" \/>\n\t<meta property=\"og:image:width\" content=\"600\" \/>\n\t<meta property=\"og:image:height\" content=\"495\" \/>\n\t<meta property=\"og:image:type\" content=\"image\/jpeg\" \/>\n<meta name=\"author\" content=\"Azturismo\" \/>\n<meta name=\"twitter:card\" content=\"summary_large_image\" \/>\n<meta name=\"twitter:creator\" content=\"@AzTurismo\" \/>\n<meta name=\"twitter:site\" content=\"@AzTurismo\" \/>\n<meta name=\"twitter:label1\" content=\"Escrito por\" \/>\n\t<meta name=\"twitter:data1\" content=\"Azturismo\" \/>\n\t<meta name=\"twitter:label2\" content=\"Tiempo de lectura\" \/>\n\t<meta name=\"twitter:data2\" content=\"3 minutos\" \/>\n<script type=\"application\/ld+json\" class=\"yoast-schema-graph\">{\"@context\":\"https:\\\/\\\/schema.org\",\"@graph\":[{\"@type\":\"Article\",\"@id\":\"https:\\\/\\\/azturismo.net\\\/?p=3525#article\",\"isPartOf\":{\"@id\":\"https:\\\/\\\/azturismo.net\\\/?p=3525\"},\"author\":{\"name\":\"Azturismo\",\"@id\":\"https:\\\/\\\/azturismo.net\\\/#\\\/schema\\\/person\\\/4b56d87f51c4d1b518c650739ad3bbc1\"},\"headline\":\"Laura Rojo asume la direcci\u00f3n del Museo Maya de Canc\u00fan\",\"datePublished\":\"2025-04-01T02:30:00+00:00\",\"mainEntityOfPage\":{\"@id\":\"https:\\\/\\\/azturismo.net\\\/?p=3525\"},\"wordCount\":446,\"commentCount\":0,\"publisher\":{\"@id\":\"https:\\\/\\\/azturismo.net\\\/#organization\"},\"image\":{\"@id\":\"https:\\\/\\\/azturismo.net\\\/?p=3525#primaryimage\"},\"thumbnailUrl\":\"https:\\\/\\\/i0.wp.com\\\/azturismo.net\\\/wp-content\\\/uploads\\\/2025\\\/03\\\/Margarito-Molina-Juan-Manuel-Garibay-Laura-Rojo-y-Carlos-Esperon.-Foto-Centro-INAH-Quintana-Roo.jpeg?fit=600%2C495&ssl=1\",\"keywords\":[\"arqueolog\u00eda maya\",\"azturismo\",\"cultura en Canc\u00fan.\",\"Laura Rojo F\u00e4rber\",\"Museo Maya de Canc\u00fan\",\"Turismo\"],\"articleSection\":[\"NOTITUR\"],\"inLanguage\":\"es\",\"potentialAction\":[{\"@type\":\"CommentAction\",\"name\":\"Comment\",\"target\":[\"https:\\\/\\\/azturismo.net\\\/?p=3525#respond\"]}]},{\"@type\":\"WebPage\",\"@id\":\"https:\\\/\\\/azturismo.net\\\/?p=3525\",\"url\":\"https:\\\/\\\/azturismo.net\\\/?p=3525\",\"name\":\"Laura Rojo asume la direcci\u00f3n del Museo Maya de Canc\u00fan - Azturismo Noticias\",\"isPartOf\":{\"@id\":\"https:\\\/\\\/azturismo.net\\\/#website\"},\"primaryImageOfPage\":{\"@id\":\"https:\\\/\\\/azturismo.net\\\/?p=3525#primaryimage\"},\"image\":{\"@id\":\"https:\\\/\\\/azturismo.net\\\/?p=3525#primaryimage\"},\"thumbnailUrl\":\"https:\\\/\\\/i0.wp.com\\\/azturismo.net\\\/wp-content\\\/uploads\\\/2025\\\/03\\\/Margarito-Molina-Juan-Manuel-Garibay-Laura-Rojo-y-Carlos-Esperon.-Foto-Centro-INAH-Quintana-Roo.jpeg?fit=600%2C495&ssl=1\",\"datePublished\":\"2025-04-01T02:30:00+00:00\",\"description\":\"El Museo Maya de Canc\u00fan (MMC) tiene nueva directora. La fot\u00f3grafa y muse\u00f3grafa Laura Rojo F\u00e4rber ha sido nombrada titular de este recinto por acuerdo del Instituto Nacional de Antropolog\u00eda e Historia (INAH), bajo la direcci\u00f3n de Diego Prieto Hern\u00e1ndez. \u2705 #MuseoMayaDeCanc\u00fan #CulturaMaya #HistoriaDeM\u00e9xico #TurismoCultural #Canc\u00fan #LauraRojoF\u00e4rber\",\"breadcrumb\":{\"@id\":\"https:\\\/\\\/azturismo.net\\\/?p=3525#breadcrumb\"},\"inLanguage\":\"es\",\"potentialAction\":[{\"@type\":\"ReadAction\",\"target\":[\"https:\\\/\\\/azturismo.net\\\/?p=3525\"]}]},{\"@type\":\"ImageObject\",\"inLanguage\":\"es\",\"@id\":\"https:\\\/\\\/azturismo.net\\\/?p=3525#primaryimage\",\"url\":\"https:\\\/\\\/i0.wp.com\\\/azturismo.net\\\/wp-content\\\/uploads\\\/2025\\\/03\\\/Margarito-Molina-Juan-Manuel-Garibay-Laura-Rojo-y-Carlos-Esperon.-Foto-Centro-INAH-Quintana-Roo.jpeg?fit=600%2C495&ssl=1\",\"contentUrl\":\"https:\\\/\\\/i0.wp.com\\\/azturismo.net\\\/wp-content\\\/uploads\\\/2025\\\/03\\\/Margarito-Molina-Juan-Manuel-Garibay-Laura-Rojo-y-Carlos-Esperon.-Foto-Centro-INAH-Quintana-Roo.jpeg?fit=600%2C495&ssl=1\",\"width\":600,\"height\":495,\"caption\":\"Foto Centro INAH Quintana Roo; Margarito Molina, Juan Manuel Garibay, Laura Rojo y Carlos Esper\u00f3n.\"},{\"@type\":\"BreadcrumbList\",\"@id\":\"https:\\\/\\\/azturismo.net\\\/?p=3525#breadcrumb\",\"itemListElement\":[{\"@type\":\"ListItem\",\"position\":1,\"name\":\"Home\",\"item\":\"https:\\\/\\\/azturismo.net\\\/\"},{\"@type\":\"ListItem\",\"position\":2,\"name\":\"Laura Rojo asume la direcci\u00f3n del Museo Maya de Canc\u00fan\"}]},{\"@type\":\"WebSite\",\"@id\":\"https:\\\/\\\/azturismo.net\\\/#website\",\"url\":\"https:\\\/\\\/azturismo.net\\\/\",\"name\":\"Azturismo\",\"description\":\"Azturismo Noticias\",\"publisher\":{\"@id\":\"https:\\\/\\\/azturismo.net\\\/#organization\"},\"potentialAction\":[{\"@type\":\"SearchAction\",\"target\":{\"@type\":\"EntryPoint\",\"urlTemplate\":\"https:\\\/\\\/azturismo.net\\\/?s={search_term_string}\"},\"query-input\":{\"@type\":\"PropertyValueSpecification\",\"valueRequired\":true,\"valueName\":\"search_term_string\"}}],\"inLanguage\":\"es\"},{\"@type\":\"Organization\",\"@id\":\"https:\\\/\\\/azturismo.net\\\/#organization\",\"name\":\"Azturismo\",\"url\":\"https:\\\/\\\/azturismo.net\\\/\",\"logo\":{\"@type\":\"ImageObject\",\"inLanguage\":\"es\",\"@id\":\"https:\\\/\\\/azturismo.net\\\/#\\\/schema\\\/logo\\\/image\\\/\",\"url\":\"https:\\\/\\\/i0.wp.com\\\/azturismo.net\\\/wp-content\\\/uploads\\\/2024\\\/03\\\/logo-el-bueno-.png?fit=294%2C69&ssl=1\",\"contentUrl\":\"https:\\\/\\\/i0.wp.com\\\/azturismo.net\\\/wp-content\\\/uploads\\\/2024\\\/03\\\/logo-el-bueno-.png?fit=294%2C69&ssl=1\",\"width\":294,\"height\":69,\"caption\":\"Azturismo\"},\"image\":{\"@id\":\"https:\\\/\\\/azturismo.net\\\/#\\\/schema\\\/logo\\\/image\\\/\"},\"sameAs\":[\"https:\\\/\\\/www.facebook.com\\\/AzturismoNoticias\",\"https:\\\/\\\/x.com\\\/AzTurismo\",\"https:\\\/\\\/www.instagram.com\\\/azturismo_noticias\\\/?fbclid=IwAR2xMiuoHbs6eLeIHKP8P5sSGa-xFrw7FfejscXO7kDghWa7wKLjGczKOwE\",\"https:\\\/\\\/www.tiktok.com\\\/@azturismo\"]},{\"@type\":\"Person\",\"@id\":\"https:\\\/\\\/azturismo.net\\\/#\\\/schema\\\/person\\\/4b56d87f51c4d1b518c650739ad3bbc1\",\"name\":\"Azturismo\",\"image\":{\"@type\":\"ImageObject\",\"inLanguage\":\"es\",\"@id\":\"https:\\\/\\\/azturismo.net\\\/wp-content\\\/litespeed\\\/avatar\\\/dfe28a31cdd68b788da48a316e50db10.jpg?ver=1777707566\",\"url\":\"https:\\\/\\\/azturismo.net\\\/wp-content\\\/litespeed\\\/avatar\\\/dfe28a31cdd68b788da48a316e50db10.jpg?ver=1777707566\",\"contentUrl\":\"https:\\\/\\\/azturismo.net\\\/wp-content\\\/litespeed\\\/avatar\\\/dfe28a31cdd68b788da48a316e50db10.jpg?ver=1777707566\",\"caption\":\"Azturismo\"},\"sameAs\":[\"https:\\\/\\\/azturismo.net\"],\"url\":\"https:\\\/\\\/azturismo.net\\\/?author=1\"}]}<\/script>\n<!-- \/ Yoast SEO plugin. -->","yoast_head_json":{"title":"Laura Rojo asume la direcci\u00f3n del Museo Maya de Canc\u00fan - Azturismo Noticias","description":"El Museo Maya de Canc\u00fan (MMC) tiene nueva directora. La fot\u00f3grafa y muse\u00f3grafa Laura Rojo F\u00e4rber ha sido nombrada titular de este recinto por acuerdo del Instituto Nacional de Antropolog\u00eda e Historia (INAH), bajo la direcci\u00f3n de Diego Prieto Hern\u00e1ndez. \u2705 #MuseoMayaDeCanc\u00fan #CulturaMaya #HistoriaDeM\u00e9xico #TurismoCultural #Canc\u00fan #LauraRojoF\u00e4rber","robots":{"index":"index","follow":"follow","max-snippet":"max-snippet:-1","max-image-preview":"max-image-preview:large","max-video-preview":"max-video-preview:-1"},"canonical":"https:\/\/azturismo.net\/?p=3525","og_locale":"es_MX","og_type":"article","og_title":"Laura Rojo asume la direcci\u00f3n del Museo Maya de Canc\u00fan - Azturismo Noticias","og_description":"El Museo Maya de Canc\u00fan (MMC) tiene nueva directora. La fot\u00f3grafa y muse\u00f3grafa Laura Rojo F\u00e4rber ha sido nombrada titular de este recinto por acuerdo del Instituto Nacional de Antropolog\u00eda e Historia (INAH), bajo la direcci\u00f3n de Diego Prieto Hern\u00e1ndez. \u2705 #MuseoMayaDeCanc\u00fan #CulturaMaya #HistoriaDeM\u00e9xico #TurismoCultural #Canc\u00fan #LauraRojoF\u00e4rber","og_url":"https:\/\/azturismo.net\/?p=3525","og_site_name":"Azturismo Noticias","article_publisher":"https:\/\/www.facebook.com\/AzturismoNoticias","article_published_time":"2025-04-01T02:30:00+00:00","og_image":[{"width":600,"height":495,"url":"https:\/\/i0.wp.com\/azturismo.net\/wp-content\/uploads\/2025\/03\/Margarito-Molina-Juan-Manuel-Garibay-Laura-Rojo-y-Carlos-Esperon.-Foto-Centro-INAH-Quintana-Roo.jpeg?fit=600%2C495&ssl=1","type":"image\/jpeg"}],"author":"Azturismo","twitter_card":"summary_large_image","twitter_creator":"@AzTurismo","twitter_site":"@AzTurismo","twitter_misc":{"Escrito por":"Azturismo","Tiempo de lectura":"3 minutos"},"schema":{"@context":"https:\/\/schema.org","@graph":[{"@type":"Article","@id":"https:\/\/azturismo.net\/?p=3525#article","isPartOf":{"@id":"https:\/\/azturismo.net\/?p=3525"},"author":{"name":"Azturismo","@id":"https:\/\/azturismo.net\/#\/schema\/person\/4b56d87f51c4d1b518c650739ad3bbc1"},"headline":"Laura Rojo asume la direcci\u00f3n del Museo Maya de Canc\u00fan","datePublished":"2025-04-01T02:30:00+00:00","mainEntityOfPage":{"@id":"https:\/\/azturismo.net\/?p=3525"},"wordCount":446,"commentCount":0,"publisher":{"@id":"https:\/\/azturismo.net\/#organization"},"image":{"@id":"https:\/\/azturismo.net\/?p=3525#primaryimage"},"thumbnailUrl":"https:\/\/i0.wp.com\/azturismo.net\/wp-content\/uploads\/2025\/03\/Margarito-Molina-Juan-Manuel-Garibay-Laura-Rojo-y-Carlos-Esperon.-Foto-Centro-INAH-Quintana-Roo.jpeg?fit=600%2C495&ssl=1","keywords":["arqueolog\u00eda maya","azturismo","cultura en Canc\u00fan.","Laura Rojo F\u00e4rber","Museo Maya de Canc\u00fan","Turismo"],"articleSection":["NOTITUR"],"inLanguage":"es","potentialAction":[{"@type":"CommentAction","name":"Comment","target":["https:\/\/azturismo.net\/?p=3525#respond"]}]},{"@type":"WebPage","@id":"https:\/\/azturismo.net\/?p=3525","url":"https:\/\/azturismo.net\/?p=3525","name":"Laura Rojo asume la direcci\u00f3n del Museo Maya de Canc\u00fan - Azturismo Noticias","isPartOf":{"@id":"https:\/\/azturismo.net\/#website"},"primaryImageOfPage":{"@id":"https:\/\/azturismo.net\/?p=3525#primaryimage"},"image":{"@id":"https:\/\/azturismo.net\/?p=3525#primaryimage"},"thumbnailUrl":"https:\/\/i0.wp.com\/azturismo.net\/wp-content\/uploads\/2025\/03\/Margarito-Molina-Juan-Manuel-Garibay-Laura-Rojo-y-Carlos-Esperon.-Foto-Centro-INAH-Quintana-Roo.jpeg?fit=600%2C495&ssl=1","datePublished":"2025-04-01T02:30:00+00:00","description":"El Museo Maya de Canc\u00fan (MMC) tiene nueva directora. La fot\u00f3grafa y muse\u00f3grafa Laura Rojo F\u00e4rber ha sido nombrada titular de este recinto por acuerdo del Instituto Nacional de Antropolog\u00eda e Historia (INAH), bajo la direcci\u00f3n de Diego Prieto Hern\u00e1ndez. \u2705 #MuseoMayaDeCanc\u00fan #CulturaMaya #HistoriaDeM\u00e9xico #TurismoCultural #Canc\u00fan #LauraRojoF\u00e4rber","breadcrumb":{"@id":"https:\/\/azturismo.net\/?p=3525#breadcrumb"},"inLanguage":"es","potentialAction":[{"@type":"ReadAction","target":["https:\/\/azturismo.net\/?p=3525"]}]},{"@type":"ImageObject","inLanguage":"es","@id":"https:\/\/azturismo.net\/?p=3525#primaryimage","url":"https:\/\/i0.wp.com\/azturismo.net\/wp-content\/uploads\/2025\/03\/Margarito-Molina-Juan-Manuel-Garibay-Laura-Rojo-y-Carlos-Esperon.-Foto-Centro-INAH-Quintana-Roo.jpeg?fit=600%2C495&ssl=1","contentUrl":"https:\/\/i0.wp.com\/azturismo.net\/wp-content\/uploads\/2025\/03\/Margarito-Molina-Juan-Manuel-Garibay-Laura-Rojo-y-Carlos-Esperon.-Foto-Centro-INAH-Quintana-Roo.jpeg?fit=600%2C495&ssl=1","width":600,"height":495,"caption":"Foto Centro INAH Quintana Roo; Margarito Molina, Juan Manuel Garibay, Laura Rojo y Carlos Esper\u00f3n."},{"@type":"BreadcrumbList","@id":"https:\/\/azturismo.net\/?p=3525#breadcrumb","itemListElement":[{"@type":"ListItem","position":1,"name":"Home","item":"https:\/\/azturismo.net\/"},{"@type":"ListItem","position":2,"name":"Laura Rojo asume la direcci\u00f3n del Museo Maya de Canc\u00fan"}]},{"@type":"WebSite","@id":"https:\/\/azturismo.net\/#website","url":"https:\/\/azturismo.net\/","name":"Azturismo","description":"Azturismo Noticias","publisher":{"@id":"https:\/\/azturismo.net\/#organization"},"potentialAction":[{"@type":"SearchAction","target":{"@type":"EntryPoint","urlTemplate":"https:\/\/azturismo.net\/?s={search_term_string}"},"query-input":{"@type":"PropertyValueSpecification","valueRequired":true,"valueName":"search_term_string"}}],"inLanguage":"es"},{"@type":"Organization","@id":"https:\/\/azturismo.net\/#organization","name":"Azturismo","url":"https:\/\/azturismo.net\/","logo":{"@type":"ImageObject","inLanguage":"es","@id":"https:\/\/azturismo.net\/#\/schema\/logo\/image\/","url":"https:\/\/i0.wp.com\/azturismo.net\/wp-content\/uploads\/2024\/03\/logo-el-bueno-.png?fit=294%2C69&ssl=1","contentUrl":"https:\/\/i0.wp.com\/azturismo.net\/wp-content\/uploads\/2024\/03\/logo-el-bueno-.png?fit=294%2C69&ssl=1","width":294,"height":69,"caption":"Azturismo"},"image":{"@id":"https:\/\/azturismo.net\/#\/schema\/logo\/image\/"},"sameAs":["https:\/\/www.facebook.com\/AzturismoNoticias","https:\/\/x.com\/AzTurismo","https:\/\/www.instagram.com\/azturismo_noticias\/?fbclid=IwAR2xMiuoHbs6eLeIHKP8P5sSGa-xFrw7FfejscXO7kDghWa7wKLjGczKOwE","https:\/\/www.tiktok.com\/@azturismo"]},{"@type":"Person","@id":"https:\/\/azturismo.net\/#\/schema\/person\/4b56d87f51c4d1b518c650739ad3bbc1","name":"Azturismo","image":{"@type":"ImageObject","inLanguage":"es","@id":"https:\/\/azturismo.net\/wp-content\/litespeed\/avatar\/dfe28a31cdd68b788da48a316e50db10.jpg?ver=1777707566","url":"https:\/\/azturismo.net\/wp-content\/litespeed\/avatar\/dfe28a31cdd68b788da48a316e50db10.jpg?ver=1777707566","contentUrl":"https:\/\/azturismo.net\/wp-content\/litespeed\/avatar\/dfe28a31cdd68b788da48a316e50db10.jpg?ver=1777707566","caption":"Azturismo"},"sameAs":["https:\/\/azturismo.net"],"url":"https:\/\/azturismo.net\/?author=1"}]}},"jetpack_publicize_connections":[],"jetpack_featured_media_url":"https:\/\/i0.wp.com\/azturismo.net\/wp-content\/uploads\/2025\/03\/Margarito-Molina-Juan-Manuel-Garibay-Laura-Rojo-y-Carlos-Esperon.-Foto-Centro-INAH-Quintana-Roo.jpeg?fit=600%2C495&ssl=1","jetpack_sharing_enabled":true,"jetpack-related-posts":[{"id":3565,"url":"https:\/\/azturismo.net\/?p=3565","url_meta":{"origin":3525,"position":0},"title":"\ud83c\udf3f Nace la Fundaci\u00f3n Iniciativa Yucat\u00e1n para preservar la Ruta Puuc","author":"Azturismo","date":"abril 2, 2025","format":false,"excerpt":"Por Staff AzTurismo La Fundaci\u00f3n Iniciativa Yucat\u00e1n ha sido presentada oficialmente con la misi\u00f3n de proteger, difundir y conservar el patrimonio arqueol\u00f3gico de la Ruta Puuc, en colaboraci\u00f3n con el Instituto Nacional de Antropolog\u00eda e Historia (INAH), \u00f3rgano de la Secretar\u00eda de Cultura del Gobierno de M\u00e9xico. Esta iniciativa busca\u2026","rel":"","context":"En &quot;Destacadas&quot;","block_context":{"text":"Destacadas","link":"https:\/\/azturismo.net\/?cat=30"},"img":{"alt_text":"","src":"https:\/\/i0.wp.com\/azturismo.net\/wp-content\/uploads\/2025\/03\/Nace-la-Fundacion-Iniciativa-Yucatan-en-pro-de-la-conservacion-de-los-sitios-arqueologicos-de-la-Ruta-Puuc.-Foto-Centro-INAH-Yucatan-1.jpg?fit=600%2C337&ssl=1&resize=350%2C200","width":350,"height":200,"srcset":"https:\/\/i0.wp.com\/azturismo.net\/wp-content\/uploads\/2025\/03\/Nace-la-Fundacion-Iniciativa-Yucatan-en-pro-de-la-conservacion-de-los-sitios-arqueologicos-de-la-Ruta-Puuc.-Foto-Centro-INAH-Yucatan-1.jpg?fit=600%2C337&ssl=1&resize=350%2C200 1x, https:\/\/i0.wp.com\/azturismo.net\/wp-content\/uploads\/2025\/03\/Nace-la-Fundacion-Iniciativa-Yucatan-en-pro-de-la-conservacion-de-los-sitios-arqueologicos-de-la-Ruta-Puuc.-Foto-Centro-INAH-Yucatan-1.jpg?fit=600%2C337&ssl=1&resize=525%2C300 1.5x"},"classes":[]},{"id":3935,"url":"https:\/\/azturismo.net\/?p=3935","url_meta":{"origin":3525,"position":1},"title":"Mayas: Ceiba y Cosmos conquista China","author":"Azturismo","date":"junio 2, 2025","format":false,"excerpt":"ZHENGZHOU, CHINA \u2013 La riqueza milenaria de la cultura maya ha cruzado fronteras con la inauguraci\u00f3n de la exhibici\u00f3n \"Mayas: Ceiba y Cosmos\" en el Museo Henan de Zhengzhou, Rep\u00fablica Popular China. La muestra, que abri\u00f3 sus puertas el 29 de mayo de 2025 y permanecer\u00e1 hasta el 8 de\u2026","rel":"","context":"En &quot;Destacadas&quot;","block_context":{"text":"Destacadas","link":"https:\/\/azturismo.net\/?cat=30"},"img":{"alt_text":"","src":"https:\/\/i0.wp.com\/azturismo.net\/wp-content\/uploads\/2025\/06\/La-exhibicion-mexicana-Mayas-ceiba-y-cosmos-llega-a-China.-Foto-cortesia-CNME-INAH-1.jpeg?fit=600%2C450&ssl=1&resize=350%2C200","width":350,"height":200,"srcset":"https:\/\/i0.wp.com\/azturismo.net\/wp-content\/uploads\/2025\/06\/La-exhibicion-mexicana-Mayas-ceiba-y-cosmos-llega-a-China.-Foto-cortesia-CNME-INAH-1.jpeg?fit=600%2C450&ssl=1&resize=350%2C200 1x, https:\/\/i0.wp.com\/azturismo.net\/wp-content\/uploads\/2025\/06\/La-exhibicion-mexicana-Mayas-ceiba-y-cosmos-llega-a-China.-Foto-cortesia-CNME-INAH-1.jpeg?fit=600%2C450&ssl=1&resize=525%2C300 1.5x"},"classes":[]},{"id":3944,"url":"https:\/\/azturismo.net\/?p=3944","url_meta":{"origin":3525,"position":2},"title":"Conoce la agenda de junio 2025 del INAH para unirte a sus Paseos Culturales en la CDMX","author":"Azturismo","date":"junio 2, 2025","format":false,"excerpt":"Por Staff AzTurismoEl Instituto Nacional de Antropolog\u00eda e Historia (INAH), organismo de la Secretar\u00eda de Cultura del Gobierno de M\u00e9xico, anuncia la apertura de la agenda de junio 2025 de sus reconocidos Paseos Culturales. Esta iniciativa invita a la ciudadan\u00eda a conocer, valorar y disfrutar el patrimonio cultural mexicano mediante\u2026","rel":"","context":"En &quot;Destacadas&quot;","block_context":{"text":"Destacadas","link":"https:\/\/azturismo.net\/?cat=30"},"img":{"alt_text":"","src":"https:\/\/i0.wp.com\/azturismo.net\/wp-content\/uploads\/2025\/06\/Paseos-Culturales-INAH-es-una-iniciativa-de-mas-de-60-anos-de-experiencia-cuenta-con-mas-de-100-destinos-programados-anualmente.-Foto-Gabriela-Berumen-INAH.jpg?fit=600%2C451&ssl=1&resize=350%2C200","width":350,"height":200,"srcset":"https:\/\/i0.wp.com\/azturismo.net\/wp-content\/uploads\/2025\/06\/Paseos-Culturales-INAH-es-una-iniciativa-de-mas-de-60-anos-de-experiencia-cuenta-con-mas-de-100-destinos-programados-anualmente.-Foto-Gabriela-Berumen-INAH.jpg?fit=600%2C451&ssl=1&resize=350%2C200 1x, https:\/\/i0.wp.com\/azturismo.net\/wp-content\/uploads\/2025\/06\/Paseos-Culturales-INAH-es-una-iniciativa-de-mas-de-60-anos-de-experiencia-cuenta-con-mas-de-100-destinos-programados-anualmente.-Foto-Gabriela-Berumen-INAH.jpg?fit=600%2C451&ssl=1&resize=525%2C300 1.5x"},"classes":[]},{"id":3990,"url":"https:\/\/azturismo.net\/?p=3990","url_meta":{"origin":3525,"position":3},"title":"La Meliponicultura Maya florece en Quintana Roo","author":"Azturismo","date":"junio 4, 2025","format":false,"excerpt":"Por Staff AzTurismo La dulce tradici\u00f3n de la meliponicultura prehisp\u00e1nica sigue viva en Quintana Roo, un legado maya que el Instituto Nacional de Antropolog\u00eda e Historia (INAH) y especialistas locales se esmeran en preservar. Recientemente, en el Museo Hist\u00f3rico de Felipe Carrillo Puerto, parte de la red INAH, se destac\u00f3\u2026","rel":"","context":"En &quot;Destacadas&quot;","block_context":{"text":"Destacadas","link":"https:\/\/azturismo.net\/?cat=30"},"img":{"alt_text":"","src":"https:\/\/i0.wp.com\/azturismo.net\/wp-content\/uploads\/2025\/06\/Fotos-cortesia-CINAH-Quintana-Roo.jpeg?fit=600%2C328&ssl=1&resize=350%2C200","width":350,"height":200,"srcset":"https:\/\/i0.wp.com\/azturismo.net\/wp-content\/uploads\/2025\/06\/Fotos-cortesia-CINAH-Quintana-Roo.jpeg?fit=600%2C328&ssl=1&resize=350%2C200 1x, https:\/\/i0.wp.com\/azturismo.net\/wp-content\/uploads\/2025\/06\/Fotos-cortesia-CINAH-Quintana-Roo.jpeg?fit=600%2C328&ssl=1&resize=525%2C300 1.5x"},"classes":[]},{"id":6316,"url":"https:\/\/azturismo.net\/?p=6316","url_meta":{"origin":3525,"position":4},"title":"La Reina Roja: una testigo del hallazgo Maya revive la historia de Tz\u2019aka ab\u2019 Ajaw en Madrid","author":"Azturismo","date":"noviembre 7, 2025","format":false,"excerpt":"Por Staff AzTurismo El misterio y el poder de las mujeres mayas han tomado la capital espa\u00f1ola. En un evento que conjuga arqueolog\u00eda, historia y periodismo narrativo, la escritora y periodista cultural Adriana Malvido present\u00f3 su libro \"La Reina Roja\" el pasado 4 de noviembre de 2025 en la Casa\u2026","rel":"","context":"En &quot;Destacadas&quot;","block_context":{"text":"Destacadas","link":"https:\/\/azturismo.net\/?cat=30"},"img":{"alt_text":"","src":"https:\/\/i0.wp.com\/azturismo.net\/wp-content\/uploads\/2025\/11\/LaReina-Roja-Adriana-Malvido4-Foto-AECID.jpg?fit=600%2C399&ssl=1&resize=350%2C200","width":350,"height":200,"srcset":"https:\/\/i0.wp.com\/azturismo.net\/wp-content\/uploads\/2025\/11\/LaReina-Roja-Adriana-Malvido4-Foto-AECID.jpg?fit=600%2C399&ssl=1&resize=350%2C200 1x, https:\/\/i0.wp.com\/azturismo.net\/wp-content\/uploads\/2025\/11\/LaReina-Roja-Adriana-Malvido4-Foto-AECID.jpg?fit=600%2C399&ssl=1&resize=525%2C300 1.5x"},"classes":[]},{"id":4656,"url":"https:\/\/azturismo.net\/?p=4656","url_meta":{"origin":3525,"position":5},"title":"\u00a1Agosto te ofrece 13 recorridos imperdibles por la CDMX!","author":"Azturismo","date":"agosto 1, 2025","format":false,"excerpt":"Paseos Culturales INAH Por Staff AzTurismo El Instituto Nacional de Antropolog\u00eda e Historia (INAH) presenta su agenda de Paseos Culturales para agosto 2025, con 13 recorridos \u00fanicos que combinan historia, arte, arqueolog\u00eda y cultura en los destinos m\u00e1s emblem\u00e1ticos de la Ciudad de M\u00e9xico. \u00bfQu\u00e9 son los Paseos Culturales INAH?\u2026","rel":"","context":"En &quot;Destacadas&quot;","block_context":{"text":"Destacadas","link":"https:\/\/azturismo.net\/?cat=30"},"img":{"alt_text":"","src":"https:\/\/i0.wp.com\/azturismo.net\/wp-content\/uploads\/2025\/08\/La-vida-del-tlatoani-Cuauhtemoc-sera-el-eje-de-un-paseo-cultural-por-el-Centro-Historico-de-la-Ciudad-de-Mexico-y-Tlatelolco.-Foto-Eduardo-Suarez-INAH.jpg?fit=600%2C400&ssl=1&resize=350%2C200","width":350,"height":200,"srcset":"https:\/\/i0.wp.com\/azturismo.net\/wp-content\/uploads\/2025\/08\/La-vida-del-tlatoani-Cuauhtemoc-sera-el-eje-de-un-paseo-cultural-por-el-Centro-Historico-de-la-Ciudad-de-Mexico-y-Tlatelolco.-Foto-Eduardo-Suarez-INAH.jpg?fit=600%2C400&ssl=1&resize=350%2C200 1x, https:\/\/i0.wp.com\/azturismo.net\/wp-content\/uploads\/2025\/08\/La-vida-del-tlatoani-Cuauhtemoc-sera-el-eje-de-un-paseo-cultural-por-el-Centro-Historico-de-la-Ciudad-de-Mexico-y-Tlatelolco.-Foto-Eduardo-Suarez-INAH.jpg?fit=600%2C400&ssl=1&resize=525%2C300 1.5x"},"classes":[]}],"jetpack_shortlink":"https:\/\/wp.me\/pfqZGx-UR","amp_enabled":true,"_links":{"self":[{"href":"https:\/\/azturismo.net\/index.php?rest_route=\/wp\/v2\/posts\/3525","targetHints":{"allow":["GET"]}}],"collection":[{"href":"https:\/\/azturismo.net\/index.php?rest_route=\/wp\/v2\/posts"}],"about":[{"href":"https:\/\/azturismo.net\/index.php?rest_route=\/wp\/v2\/types\/post"}],"author":[{"embeddable":true,"href":"https:\/\/azturismo.net\/index.php?rest_route=\/wp\/v2\/users\/1"}],"replies":[{"embeddable":true,"href":"https:\/\/azturismo.net\/index.php?rest_route=%2Fwp%2Fv2%2Fcomments&post=3525"}],"version-history":[{"count":1,"href":"https:\/\/azturismo.net\/index.php?rest_route=\/wp\/v2\/posts\/3525\/revisions"}],"predecessor-version":[{"id":3528,"href":"https:\/\/azturismo.net\/index.php?rest_route=\/wp\/v2\/posts\/3525\/revisions\/3528"}],"wp:featuredmedia":[{"embeddable":true,"href":"https:\/\/azturismo.net\/index.php?rest_route=\/wp\/v2\/media\/3526"}],"wp:attachment":[{"href":"https:\/\/azturismo.net\/index.php?rest_route=%2Fwp%2Fv2%2Fmedia&parent=3525"}],"wp:term":[{"taxonomy":"category","embeddable":true,"href":"https:\/\/azturismo.net\/index.php?rest_route=%2Fwp%2Fv2%2Fcategories&post=3525"},{"taxonomy":"post_tag","embeddable":true,"href":"https:\/\/azturismo.net\/index.php?rest_route=%2Fwp%2Fv2%2Ftags&post=3525"}],"curies":[{"name":"wp","href":"https:\/\/api.w.org\/{rel}","templated":true}]}}