{"id":3464,"date":"2025-03-25T17:42:59","date_gmt":"2025-03-25T23:42:59","guid":{"rendered":"https:\/\/azturismo.net\/?p=3464"},"modified":"2025-03-25T17:43:02","modified_gmt":"2025-03-25T23:43:02","slug":"%f0%9f%8c%b7coatepec-se-llena-de-color-con-la-feria-internacional-de-la-orquidea-2025","status":"publish","type":"post","link":"https:\/\/azturismo.net\/?p=3464","title":{"rendered":"\ud83c\udf37Coatepec se llena de color con la Feria Internacional de la Orqu\u00eddea 2025"},"content":{"rendered":"\n<p>Por Staff AzTurismo <\/p>\n\n\n\n<p>Del <strong>11 al 20 de abril<\/strong>, el Pueblo M\u00e1gico de <strong>Coatepec, Veracruz<\/strong>, ser\u00e1 sede de la <strong>15\u00aa Edici\u00f3n del Festival Internacional de la Orqu\u00eddea<\/strong>, el evento m\u00e1s grande de su tipo en M\u00e9xico. Participar\u00e1n <strong>200 productores, investigadores, artesanos y cafeticultores<\/strong>, quienes exhibir\u00e1n m\u00e1s de <strong>25 mil flores de 3 mil especies distintas<\/strong>.<\/p>\n\n\n\n<p>\ud83c\udf3f <strong>Actividades para toda la familia:<\/strong><br>\u2705 <strong>Talleres y conferencias<\/strong> sobre conservaci\u00f3n de orqu\u00eddeas end\u00e9micas.<br>\ud83c\udfa4 <strong>Conciertos en vivo<\/strong> con artistas regionales.<br>\ud83d\udecd\ufe0f <strong>Exposici\u00f3n y venta<\/strong> de plantas, artesan\u00edas, caf\u00e9, miel, mezcal y productos locales.<\/p>\n\n\n\n<p>\ud83d\udcb0 <strong>Impacto econ\u00f3mico:<\/strong><br>Se espera una derrama de <strong>25 a 30 millones de pesos<\/strong>, con la asistencia de <strong>30 mil visitantes<\/strong>, de los cuales el <strong>50 % provendr\u00e1 de la CDMX<\/strong>.<\/p>\n\n\n\n<p>\ud83c\udf0e <strong>Participaci\u00f3n internacional:<\/strong><br>El evento contar\u00e1 con expertos de <strong>Argentina, Colombia, Venezuela, Guatemala y Taiw\u00e1n<\/strong>, adem\u00e1s de productores de 12 estados mexicanos, como Chiapas, Jalisco, Puebla y San Luis Potos\u00ed.<\/p>\n\n\n\n<p>\ud83c\udf37 <strong>Coatepec te espera para disfrutar de la belleza, biodiversidad y tradici\u00f3n de las orqu\u00eddeas mexicanas.<\/strong> \ud83c\udf3f\u2728<\/p>\n\n\n\n<p><\/p>\n","protected":false},"excerpt":{"rendered":"<p>Por Staff AzTurismo Del 11 al 20 de abril, el Pueblo M\u00e1gico de Coatepec, Veracruz, ser\u00e1 sede de la 15\u00aa Edici\u00f3n del Festival Internacional de la Orqu\u00eddea, el evento m\u00e1s grande de su tipo en M\u00e9xico. Participar\u00e1n 200 productores, investigadores, artesanos y cafeticultores, quienes exhibir\u00e1n m\u00e1s de 25 mil flores de 3 mil especies distintas. [&hellip;]<\/p>\n","protected":false},"author":1,"featured_media":3465,"comment_status":"open","ping_status":"open","sticky":false,"template":"","format":"standard","meta":{"jetpack_post_was_ever_published":false,"_jetpack_newsletter_access":"","_jetpack_dont_email_post_to_subs":false,"_jetpack_newsletter_tier_id":0,"_jetpack_memberships_contains_paywalled_content":false,"_jetpack_memberships_contains_paid_content":false,"footnotes":"","jetpack_publicize_message":"","jetpack_publicize_feature_enabled":true,"jetpack_social_post_already_shared":true,"jetpack_social_options":{"image_generator_settings":{"template":"highway","default_image_id":0,"font":"","enabled":false},"version":2}},"categories":[30,25],"tags":[99,1387,1390,1388,39,1389,38],"class_list":{"0":"post-3464","1":"post","2":"type-post","3":"status-publish","4":"format-standard","5":"has-post-thumbnail","7":"category-e","8":"category-notitar","9":"tag-azturismo","10":"tag-coatepec-2025","11":"tag-feria-internacional-de-la-orquidea","12":"tag-orquideas-mexicanas-festival-de-la-orquidea","13":"tag-turismo","14":"tag-turismo-veracruz","15":"tag-viajes"},"yoast_head":"<!-- This site is optimized with the Yoast SEO plugin v27.5 - https:\/\/yoast.com\/product\/yoast-seo-wordpress\/ -->\n<title>\ud83c\udf37Coatepec se llena de color con la Feria Internacional de la Orqu\u00eddea 2025 - Azturismo Noticias<\/title>\n<meta name=\"description\" content=\"\ud83c\udf38 Coatepec, Veracruz se llena de color con la 15\u00aa Edici\u00f3n del Festival Internacional de la Orqu\u00eddea. Del 11 al 20 de abril, disfruta de la exhibici\u00f3n m\u00e1s grande de M\u00e9xico, con 25 mil flores de 3 mil especies y la participaci\u00f3n de 200 productores, investigadores y artesanos. \u00a1No te lo pierdas! \ud83c\udf3f\u2728 #FestivalDeLaOrqu\u00eddea #Coatepec #Veracruz\" \/>\n<meta name=\"robots\" content=\"index, follow, max-snippet:-1, max-image-preview:large, max-video-preview:-1\" \/>\n<link rel=\"canonical\" href=\"https:\/\/azturismo.net\/?p=3464\" \/>\n<meta property=\"og:locale\" content=\"es_MX\" \/>\n<meta property=\"og:type\" content=\"article\" \/>\n<meta property=\"og:title\" content=\"\ud83c\udf37Coatepec se llena de color con la Feria Internacional de la Orqu\u00eddea 2025 - Azturismo Noticias\" \/>\n<meta property=\"og:description\" content=\"\ud83c\udf38 Coatepec, Veracruz se llena de color con la 15\u00aa Edici\u00f3n del Festival Internacional de la Orqu\u00eddea. Del 11 al 20 de abril, disfruta de la exhibici\u00f3n m\u00e1s grande de M\u00e9xico, con 25 mil flores de 3 mil especies y la participaci\u00f3n de 200 productores, investigadores y artesanos. \u00a1No te lo pierdas! \ud83c\udf3f\u2728 #FestivalDeLaOrqu\u00eddea #Coatepec #Veracruz\" \/>\n<meta property=\"og:url\" content=\"https:\/\/azturismo.net\/?p=3464\" \/>\n<meta property=\"og:site_name\" content=\"Azturismo Noticias\" \/>\n<meta property=\"article:publisher\" content=\"https:\/\/www.facebook.com\/AzturismoNoticias\" \/>\n<meta property=\"article:published_time\" content=\"2025-03-25T23:42:59+00:00\" \/>\n<meta property=\"article:modified_time\" content=\"2025-03-25T23:43:02+00:00\" \/>\n<meta property=\"og:image\" content=\"https:\/\/azturismo.net\/wp-content\/uploads\/2025\/03\/PSX_20250325_173253.jpg\" \/>\n\t<meta property=\"og:image:width\" content=\"600\" \/>\n\t<meta property=\"og:image:height\" content=\"347\" \/>\n\t<meta property=\"og:image:type\" content=\"image\/jpeg\" \/>\n<meta name=\"author\" content=\"Azturismo\" \/>\n<meta name=\"twitter:card\" content=\"summary_large_image\" \/>\n<meta name=\"twitter:creator\" content=\"@AzTurismo\" \/>\n<meta name=\"twitter:site\" content=\"@AzTurismo\" \/>\n<meta name=\"twitter:label1\" content=\"Escrito por\" \/>\n\t<meta name=\"twitter:data1\" content=\"Azturismo\" \/>\n\t<meta name=\"twitter:label2\" content=\"Tiempo de lectura\" \/>\n\t<meta name=\"twitter:data2\" content=\"1 minuto\" \/>\n<script type=\"application\/ld+json\" class=\"yoast-schema-graph\">{\"@context\":\"https:\\\/\\\/schema.org\",\"@graph\":[{\"@type\":\"Article\",\"@id\":\"https:\\\/\\\/azturismo.net\\\/?p=3464#article\",\"isPartOf\":{\"@id\":\"https:\\\/\\\/azturismo.net\\\/?p=3464\"},\"author\":{\"name\":\"Azturismo\",\"@id\":\"https:\\\/\\\/azturismo.net\\\/#\\\/schema\\\/person\\\/4b56d87f51c4d1b518c650739ad3bbc1\"},\"headline\":\"\ud83c\udf37Coatepec se llena de color con la Feria Internacional de la Orqu\u00eddea 2025\",\"datePublished\":\"2025-03-25T23:42:59+00:00\",\"dateModified\":\"2025-03-25T23:43:02+00:00\",\"mainEntityOfPage\":{\"@id\":\"https:\\\/\\\/azturismo.net\\\/?p=3464\"},\"wordCount\":180,\"commentCount\":0,\"publisher\":{\"@id\":\"https:\\\/\\\/azturismo.net\\\/#organization\"},\"image\":{\"@id\":\"https:\\\/\\\/azturismo.net\\\/?p=3464#primaryimage\"},\"thumbnailUrl\":\"https:\\\/\\\/i0.wp.com\\\/azturismo.net\\\/wp-content\\\/uploads\\\/2025\\\/03\\\/PSX_20250325_173253.jpg?fit=600%2C347&ssl=1\",\"keywords\":[\"azturismo\",\"Coatepec 2025\",\"Feria Internacional de la Orqu\u00eddea\",\"Orqu\u00eddeas Mexicanas Festival de la Orqu\u00eddea\",\"Turismo\",\"Turismo Veracruz\",\"Viajes\"],\"articleSection\":[\"Destacadas\",\"NOTITUR\"],\"inLanguage\":\"es\",\"potentialAction\":[{\"@type\":\"CommentAction\",\"name\":\"Comment\",\"target\":[\"https:\\\/\\\/azturismo.net\\\/?p=3464#respond\"]}]},{\"@type\":\"WebPage\",\"@id\":\"https:\\\/\\\/azturismo.net\\\/?p=3464\",\"url\":\"https:\\\/\\\/azturismo.net\\\/?p=3464\",\"name\":\"\ud83c\udf37Coatepec se llena de color con la Feria Internacional de la Orqu\u00eddea 2025 - Azturismo Noticias\",\"isPartOf\":{\"@id\":\"https:\\\/\\\/azturismo.net\\\/#website\"},\"primaryImageOfPage\":{\"@id\":\"https:\\\/\\\/azturismo.net\\\/?p=3464#primaryimage\"},\"image\":{\"@id\":\"https:\\\/\\\/azturismo.net\\\/?p=3464#primaryimage\"},\"thumbnailUrl\":\"https:\\\/\\\/i0.wp.com\\\/azturismo.net\\\/wp-content\\\/uploads\\\/2025\\\/03\\\/PSX_20250325_173253.jpg?fit=600%2C347&ssl=1\",\"datePublished\":\"2025-03-25T23:42:59+00:00\",\"dateModified\":\"2025-03-25T23:43:02+00:00\",\"description\":\"\ud83c\udf38 Coatepec, Veracruz se llena de color con la 15\u00aa Edici\u00f3n del Festival Internacional de la Orqu\u00eddea. Del 11 al 20 de abril, disfruta de la exhibici\u00f3n m\u00e1s grande de M\u00e9xico, con 25 mil flores de 3 mil especies y la participaci\u00f3n de 200 productores, investigadores y artesanos. \u00a1No te lo pierdas! \ud83c\udf3f\u2728 #FestivalDeLaOrqu\u00eddea #Coatepec #Veracruz\",\"breadcrumb\":{\"@id\":\"https:\\\/\\\/azturismo.net\\\/?p=3464#breadcrumb\"},\"inLanguage\":\"es\",\"potentialAction\":[{\"@type\":\"ReadAction\",\"target\":[\"https:\\\/\\\/azturismo.net\\\/?p=3464\"]}]},{\"@type\":\"ImageObject\",\"inLanguage\":\"es\",\"@id\":\"https:\\\/\\\/azturismo.net\\\/?p=3464#primaryimage\",\"url\":\"https:\\\/\\\/i0.wp.com\\\/azturismo.net\\\/wp-content\\\/uploads\\\/2025\\\/03\\\/PSX_20250325_173253.jpg?fit=600%2C347&ssl=1\",\"contentUrl\":\"https:\\\/\\\/i0.wp.com\\\/azturismo.net\\\/wp-content\\\/uploads\\\/2025\\\/03\\\/PSX_20250325_173253.jpg?fit=600%2C347&ssl=1\",\"width\":600,\"height\":347},{\"@type\":\"BreadcrumbList\",\"@id\":\"https:\\\/\\\/azturismo.net\\\/?p=3464#breadcrumb\",\"itemListElement\":[{\"@type\":\"ListItem\",\"position\":1,\"name\":\"Home\",\"item\":\"https:\\\/\\\/azturismo.net\\\/\"},{\"@type\":\"ListItem\",\"position\":2,\"name\":\"\ud83c\udf37Coatepec se llena de color con la Feria Internacional de la Orqu\u00eddea 2025\"}]},{\"@type\":\"WebSite\",\"@id\":\"https:\\\/\\\/azturismo.net\\\/#website\",\"url\":\"https:\\\/\\\/azturismo.net\\\/\",\"name\":\"Azturismo\",\"description\":\"Azturismo Noticias\",\"publisher\":{\"@id\":\"https:\\\/\\\/azturismo.net\\\/#organization\"},\"potentialAction\":[{\"@type\":\"SearchAction\",\"target\":{\"@type\":\"EntryPoint\",\"urlTemplate\":\"https:\\\/\\\/azturismo.net\\\/?s={search_term_string}\"},\"query-input\":{\"@type\":\"PropertyValueSpecification\",\"valueRequired\":true,\"valueName\":\"search_term_string\"}}],\"inLanguage\":\"es\"},{\"@type\":\"Organization\",\"@id\":\"https:\\\/\\\/azturismo.net\\\/#organization\",\"name\":\"Azturismo\",\"url\":\"https:\\\/\\\/azturismo.net\\\/\",\"logo\":{\"@type\":\"ImageObject\",\"inLanguage\":\"es\",\"@id\":\"https:\\\/\\\/azturismo.net\\\/#\\\/schema\\\/logo\\\/image\\\/\",\"url\":\"https:\\\/\\\/i0.wp.com\\\/azturismo.net\\\/wp-content\\\/uploads\\\/2024\\\/03\\\/logo-el-bueno-.png?fit=294%2C69&ssl=1\",\"contentUrl\":\"https:\\\/\\\/i0.wp.com\\\/azturismo.net\\\/wp-content\\\/uploads\\\/2024\\\/03\\\/logo-el-bueno-.png?fit=294%2C69&ssl=1\",\"width\":294,\"height\":69,\"caption\":\"Azturismo\"},\"image\":{\"@id\":\"https:\\\/\\\/azturismo.net\\\/#\\\/schema\\\/logo\\\/image\\\/\"},\"sameAs\":[\"https:\\\/\\\/www.facebook.com\\\/AzturismoNoticias\",\"https:\\\/\\\/x.com\\\/AzTurismo\",\"https:\\\/\\\/www.instagram.com\\\/azturismo_noticias\\\/?fbclid=IwAR2xMiuoHbs6eLeIHKP8P5sSGa-xFrw7FfejscXO7kDghWa7wKLjGczKOwE\",\"https:\\\/\\\/www.tiktok.com\\\/@azturismo\"]},{\"@type\":\"Person\",\"@id\":\"https:\\\/\\\/azturismo.net\\\/#\\\/schema\\\/person\\\/4b56d87f51c4d1b518c650739ad3bbc1\",\"name\":\"Azturismo\",\"image\":{\"@type\":\"ImageObject\",\"inLanguage\":\"es\",\"@id\":\"https:\\\/\\\/azturismo.net\\\/wp-content\\\/litespeed\\\/avatar\\\/dfe28a31cdd68b788da48a316e50db10.jpg?ver=1777707566\",\"url\":\"https:\\\/\\\/azturismo.net\\\/wp-content\\\/litespeed\\\/avatar\\\/dfe28a31cdd68b788da48a316e50db10.jpg?ver=1777707566\",\"contentUrl\":\"https:\\\/\\\/azturismo.net\\\/wp-content\\\/litespeed\\\/avatar\\\/dfe28a31cdd68b788da48a316e50db10.jpg?ver=1777707566\",\"caption\":\"Azturismo\"},\"sameAs\":[\"https:\\\/\\\/azturismo.net\"],\"url\":\"https:\\\/\\\/azturismo.net\\\/?author=1\"}]}<\/script>\n<!-- \/ Yoast SEO plugin. -->","yoast_head_json":{"title":"\ud83c\udf37Coatepec se llena de color con la Feria Internacional de la Orqu\u00eddea 2025 - Azturismo Noticias","description":"\ud83c\udf38 Coatepec, Veracruz se llena de color con la 15\u00aa Edici\u00f3n del Festival Internacional de la Orqu\u00eddea. Del 11 al 20 de abril, disfruta de la exhibici\u00f3n m\u00e1s grande de M\u00e9xico, con 25 mil flores de 3 mil especies y la participaci\u00f3n de 200 productores, investigadores y artesanos. \u00a1No te lo pierdas! \ud83c\udf3f\u2728 #FestivalDeLaOrqu\u00eddea #Coatepec #Veracruz","robots":{"index":"index","follow":"follow","max-snippet":"max-snippet:-1","max-image-preview":"max-image-preview:large","max-video-preview":"max-video-preview:-1"},"canonical":"https:\/\/azturismo.net\/?p=3464","og_locale":"es_MX","og_type":"article","og_title":"\ud83c\udf37Coatepec se llena de color con la Feria Internacional de la Orqu\u00eddea 2025 - Azturismo Noticias","og_description":"\ud83c\udf38 Coatepec, Veracruz se llena de color con la 15\u00aa Edici\u00f3n del Festival Internacional de la Orqu\u00eddea. Del 11 al 20 de abril, disfruta de la exhibici\u00f3n m\u00e1s grande de M\u00e9xico, con 25 mil flores de 3 mil especies y la participaci\u00f3n de 200 productores, investigadores y artesanos. \u00a1No te lo pierdas! \ud83c\udf3f\u2728 #FestivalDeLaOrqu\u00eddea #Coatepec #Veracruz","og_url":"https:\/\/azturismo.net\/?p=3464","og_site_name":"Azturismo Noticias","article_publisher":"https:\/\/www.facebook.com\/AzturismoNoticias","article_published_time":"2025-03-25T23:42:59+00:00","article_modified_time":"2025-03-25T23:43:02+00:00","og_image":[{"width":600,"height":347,"url":"https:\/\/azturismo.net\/wp-content\/uploads\/2025\/03\/PSX_20250325_173253.jpg","type":"image\/jpeg"}],"author":"Azturismo","twitter_card":"summary_large_image","twitter_creator":"@AzTurismo","twitter_site":"@AzTurismo","twitter_misc":{"Escrito por":"Azturismo","Tiempo de lectura":"1 minuto"},"schema":{"@context":"https:\/\/schema.org","@graph":[{"@type":"Article","@id":"https:\/\/azturismo.net\/?p=3464#article","isPartOf":{"@id":"https:\/\/azturismo.net\/?p=3464"},"author":{"name":"Azturismo","@id":"https:\/\/azturismo.net\/#\/schema\/person\/4b56d87f51c4d1b518c650739ad3bbc1"},"headline":"\ud83c\udf37Coatepec se llena de color con la Feria Internacional de la Orqu\u00eddea 2025","datePublished":"2025-03-25T23:42:59+00:00","dateModified":"2025-03-25T23:43:02+00:00","mainEntityOfPage":{"@id":"https:\/\/azturismo.net\/?p=3464"},"wordCount":180,"commentCount":0,"publisher":{"@id":"https:\/\/azturismo.net\/#organization"},"image":{"@id":"https:\/\/azturismo.net\/?p=3464#primaryimage"},"thumbnailUrl":"https:\/\/i0.wp.com\/azturismo.net\/wp-content\/uploads\/2025\/03\/PSX_20250325_173253.jpg?fit=600%2C347&ssl=1","keywords":["azturismo","Coatepec 2025","Feria Internacional de la Orqu\u00eddea","Orqu\u00eddeas Mexicanas Festival de la Orqu\u00eddea","Turismo","Turismo Veracruz","Viajes"],"articleSection":["Destacadas","NOTITUR"],"inLanguage":"es","potentialAction":[{"@type":"CommentAction","name":"Comment","target":["https:\/\/azturismo.net\/?p=3464#respond"]}]},{"@type":"WebPage","@id":"https:\/\/azturismo.net\/?p=3464","url":"https:\/\/azturismo.net\/?p=3464","name":"\ud83c\udf37Coatepec se llena de color con la Feria Internacional de la Orqu\u00eddea 2025 - Azturismo Noticias","isPartOf":{"@id":"https:\/\/azturismo.net\/#website"},"primaryImageOfPage":{"@id":"https:\/\/azturismo.net\/?p=3464#primaryimage"},"image":{"@id":"https:\/\/azturismo.net\/?p=3464#primaryimage"},"thumbnailUrl":"https:\/\/i0.wp.com\/azturismo.net\/wp-content\/uploads\/2025\/03\/PSX_20250325_173253.jpg?fit=600%2C347&ssl=1","datePublished":"2025-03-25T23:42:59+00:00","dateModified":"2025-03-25T23:43:02+00:00","description":"\ud83c\udf38 Coatepec, Veracruz se llena de color con la 15\u00aa Edici\u00f3n del Festival Internacional de la Orqu\u00eddea. Del 11 al 20 de abril, disfruta de la exhibici\u00f3n m\u00e1s grande de M\u00e9xico, con 25 mil flores de 3 mil especies y la participaci\u00f3n de 200 productores, investigadores y artesanos. \u00a1No te lo pierdas! \ud83c\udf3f\u2728 #FestivalDeLaOrqu\u00eddea #Coatepec #Veracruz","breadcrumb":{"@id":"https:\/\/azturismo.net\/?p=3464#breadcrumb"},"inLanguage":"es","potentialAction":[{"@type":"ReadAction","target":["https:\/\/azturismo.net\/?p=3464"]}]},{"@type":"ImageObject","inLanguage":"es","@id":"https:\/\/azturismo.net\/?p=3464#primaryimage","url":"https:\/\/i0.wp.com\/azturismo.net\/wp-content\/uploads\/2025\/03\/PSX_20250325_173253.jpg?fit=600%2C347&ssl=1","contentUrl":"https:\/\/i0.wp.com\/azturismo.net\/wp-content\/uploads\/2025\/03\/PSX_20250325_173253.jpg?fit=600%2C347&ssl=1","width":600,"height":347},{"@type":"BreadcrumbList","@id":"https:\/\/azturismo.net\/?p=3464#breadcrumb","itemListElement":[{"@type":"ListItem","position":1,"name":"Home","item":"https:\/\/azturismo.net\/"},{"@type":"ListItem","position":2,"name":"\ud83c\udf37Coatepec se llena de color con la Feria Internacional de la Orqu\u00eddea 2025"}]},{"@type":"WebSite","@id":"https:\/\/azturismo.net\/#website","url":"https:\/\/azturismo.net\/","name":"Azturismo","description":"Azturismo Noticias","publisher":{"@id":"https:\/\/azturismo.net\/#organization"},"potentialAction":[{"@type":"SearchAction","target":{"@type":"EntryPoint","urlTemplate":"https:\/\/azturismo.net\/?s={search_term_string}"},"query-input":{"@type":"PropertyValueSpecification","valueRequired":true,"valueName":"search_term_string"}}],"inLanguage":"es"},{"@type":"Organization","@id":"https:\/\/azturismo.net\/#organization","name":"Azturismo","url":"https:\/\/azturismo.net\/","logo":{"@type":"ImageObject","inLanguage":"es","@id":"https:\/\/azturismo.net\/#\/schema\/logo\/image\/","url":"https:\/\/i0.wp.com\/azturismo.net\/wp-content\/uploads\/2024\/03\/logo-el-bueno-.png?fit=294%2C69&ssl=1","contentUrl":"https:\/\/i0.wp.com\/azturismo.net\/wp-content\/uploads\/2024\/03\/logo-el-bueno-.png?fit=294%2C69&ssl=1","width":294,"height":69,"caption":"Azturismo"},"image":{"@id":"https:\/\/azturismo.net\/#\/schema\/logo\/image\/"},"sameAs":["https:\/\/www.facebook.com\/AzturismoNoticias","https:\/\/x.com\/AzTurismo","https:\/\/www.instagram.com\/azturismo_noticias\/?fbclid=IwAR2xMiuoHbs6eLeIHKP8P5sSGa-xFrw7FfejscXO7kDghWa7wKLjGczKOwE","https:\/\/www.tiktok.com\/@azturismo"]},{"@type":"Person","@id":"https:\/\/azturismo.net\/#\/schema\/person\/4b56d87f51c4d1b518c650739ad3bbc1","name":"Azturismo","image":{"@type":"ImageObject","inLanguage":"es","@id":"https:\/\/azturismo.net\/wp-content\/litespeed\/avatar\/dfe28a31cdd68b788da48a316e50db10.jpg?ver=1777707566","url":"https:\/\/azturismo.net\/wp-content\/litespeed\/avatar\/dfe28a31cdd68b788da48a316e50db10.jpg?ver=1777707566","contentUrl":"https:\/\/azturismo.net\/wp-content\/litespeed\/avatar\/dfe28a31cdd68b788da48a316e50db10.jpg?ver=1777707566","caption":"Azturismo"},"sameAs":["https:\/\/azturismo.net"],"url":"https:\/\/azturismo.net\/?author=1"}]}},"jetpack_publicize_connections":[],"jetpack_featured_media_url":"https:\/\/i0.wp.com\/azturismo.net\/wp-content\/uploads\/2025\/03\/PSX_20250325_173253.jpg?fit=600%2C347&ssl=1","jetpack_sharing_enabled":true,"jetpack-related-posts":[{"id":7018,"url":"https:\/\/azturismo.net\/?p=7018","url_meta":{"origin":3464,"position":0},"title":"Coatepec 2026 ser\u00e1 la capital mundial del caf\u00e9","author":"Azturismo","date":"abril 13, 2026","format":false,"excerpt":"Por Oscar V\u00e1zquez C.Coatepec, Veracruz, se prepara para recibir a miles de visitantes con la Feria Nacional del Caf\u00e9 Coatepec 2026, una celebraci\u00f3n que busca consolidarse como el motor tur\u00edstico de esta regi\u00f3n cafetalera. El evento, que se realizar\u00e1 del 30 de abril al 10 de mayo, fue presentado oficialmente\u2026","rel":"","context":"En &quot;Destacadas&quot;","block_context":{"text":"Destacadas","link":"https:\/\/azturismo.net\/?cat=30"},"img":{"alt_text":"","src":"https:\/\/i0.wp.com\/azturismo.net\/wp-content\/uploads\/2026\/04\/coatepec_.jpeg?fit=600%2C316&ssl=1&resize=350%2C200","width":350,"height":200,"srcset":"https:\/\/i0.wp.com\/azturismo.net\/wp-content\/uploads\/2026\/04\/coatepec_.jpeg?fit=600%2C316&ssl=1&resize=350%2C200 1x, https:\/\/i0.wp.com\/azturismo.net\/wp-content\/uploads\/2026\/04\/coatepec_.jpeg?fit=600%2C316&ssl=1&resize=525%2C300 1.5x"},"classes":[]},{"id":6027,"url":"https:\/\/azturismo.net\/?p=6027","url_meta":{"origin":3464,"position":1},"title":"Guanajuato capital se transformar\u00e1 en D\u00eda de Muertos","author":"Azturismo","date":"octubre 21, 2025","format":false,"excerpt":"Por Oscar V\u00e1zquez C. \ud83c\udf3c Del 29 de octubre al 2 de noviembre, Guanajuato Capital se llena de color, arte y tradici\u00f3n con la s\u00e9ptima edici\u00f3n del Festival del D\u00eda de Muertos 2025, una celebraci\u00f3n que honra la memoria, fortalece la identidad cultural y consolida a la ciudad como uno\u2026","rel":"","context":"En &quot;NOTITUR&quot;","block_context":{"text":"NOTITUR","link":"https:\/\/azturismo.net\/?cat=25"},"img":{"alt_text":"","src":"https:\/\/i0.wp.com\/azturismo.net\/wp-content\/uploads\/2025\/10\/Guanajuato-DiaMuertos2.jpeg?fit=891%2C1200&ssl=1&resize=350%2C200","width":350,"height":200,"srcset":"https:\/\/i0.wp.com\/azturismo.net\/wp-content\/uploads\/2025\/10\/Guanajuato-DiaMuertos2.jpeg?fit=891%2C1200&ssl=1&resize=350%2C200 1x, https:\/\/i0.wp.com\/azturismo.net\/wp-content\/uploads\/2025\/10\/Guanajuato-DiaMuertos2.jpeg?fit=891%2C1200&ssl=1&resize=525%2C300 1.5x, https:\/\/i0.wp.com\/azturismo.net\/wp-content\/uploads\/2025\/10\/Guanajuato-DiaMuertos2.jpeg?fit=891%2C1200&ssl=1&resize=700%2C400 2x"},"classes":[]},{"id":5645,"url":"https:\/\/azturismo.net\/?p=5645","url_meta":{"origin":3464,"position":2},"title":"Todo listo para la Feria Nacional de la Cultura Rural Chapingo 2025","author":"Azturismo","date":"septiembre 26, 2025","format":false,"excerpt":"Por Staff AzTurismo La Universidad Aut\u00f3noma Chapingo (UACh) anunci\u00f3 la celebraci\u00f3n de la XXX Feria Nacional de la Cultura Rural (FNCR), que se llevar\u00e1 a cabo del 2 al 12 de octubre de 2025 en Texcoco, con un homenaje especial a las lenguas ind\u00edgenas de M\u00e9xico. En esta edici\u00f3n, la\u2026","rel":"","context":"En &quot;Destacadas&quot;","block_context":{"text":"Destacadas","link":"https:\/\/azturismo.net\/?cat=30"},"img":{"alt_text":"","src":"https:\/\/i0.wp.com\/azturismo.net\/wp-content\/uploads\/2025\/09\/FeriaNacionalCulturaRural1.jpeg?fit=600%2C563&ssl=1&resize=350%2C200","width":350,"height":200,"srcset":"https:\/\/i0.wp.com\/azturismo.net\/wp-content\/uploads\/2025\/09\/FeriaNacionalCulturaRural1.jpeg?fit=600%2C563&ssl=1&resize=350%2C200 1x, https:\/\/i0.wp.com\/azturismo.net\/wp-content\/uploads\/2025\/09\/FeriaNacionalCulturaRural1.jpeg?fit=600%2C563&ssl=1&resize=525%2C300 1.5x"},"classes":[]},{"id":6398,"url":"https:\/\/azturismo.net\/?p=6398","url_meta":{"origin":3464,"position":3},"title":"Cumple 500 a\u00f1os La Antigua, Veracruz, cuna del mestizaje","author":"Azturismo","date":"noviembre 13, 2025","format":false,"excerpt":"Por Staff AzTurismo \ud83d\uddfa\ufe0f Imaginen un lugar donde el tiempo se detuvo para proteger la memoria, un sitio de clima c\u00e1lido y calles empedradas, ba\u00f1ado por el r\u00edo Huitzilapan. Ese lugar es La Antigua, Veracruz, el verdadero punto de partida de nuestra historia como naci\u00f3n y que acaba de celebrar\u2026","rel":"","context":"En &quot;Destacadas&quot;","block_context":{"text":"Destacadas","link":"https:\/\/azturismo.net\/?cat=30"},"img":{"alt_text":"","src":"https:\/\/i0.wp.com\/azturismo.net\/wp-content\/uploads\/2025\/11\/Asociaciones-como-la-Fundacion-Veracruzana-promueven-la-capacitacion-gratuita-de-las-y-los-habitantes-de-la-localidad-con-cursos-de-artesanias-con-lirio-acuatico.-Foto-Gerardo-Pena-INAH.jpeg?fit=600%2C399&ssl=1&resize=350%2C200","width":350,"height":200,"srcset":"https:\/\/i0.wp.com\/azturismo.net\/wp-content\/uploads\/2025\/11\/Asociaciones-como-la-Fundacion-Veracruzana-promueven-la-capacitacion-gratuita-de-las-y-los-habitantes-de-la-localidad-con-cursos-de-artesanias-con-lirio-acuatico.-Foto-Gerardo-Pena-INAH.jpeg?fit=600%2C399&ssl=1&resize=350%2C200 1x, https:\/\/i0.wp.com\/azturismo.net\/wp-content\/uploads\/2025\/11\/Asociaciones-como-la-Fundacion-Veracruzana-promueven-la-capacitacion-gratuita-de-las-y-los-habitantes-de-la-localidad-con-cursos-de-artesanias-con-lirio-acuatico.-Foto-Gerardo-Pena-INAH.jpeg?fit=600%2C399&ssl=1&resize=525%2C300 1.5x"},"classes":[]},{"id":5825,"url":"https:\/\/azturismo.net\/?p=5825","url_meta":{"origin":3464,"position":4},"title":"FESTIN MUSTIN 2025 celebra el legado de Cri-Cri, el Grillito Cantor","author":"Azturismo","date":"octubre 3, 2025","format":false,"excerpt":"Por Ronaldo Zanon Francisco Gabilondo Soler, mejor conocido como Cri-Cri, el Grillito Cantor, sigue siendo un \u00edcono de la m\u00fasica infantil mexicana que ha trascendido generaciones. Sus canciones, personajes y relatos forman parte de la memoria colectiva de millones de familias en M\u00e9xico y el mundo. Este a\u00f1o, el FESTIN\u2026","rel":"","context":"En &quot;Destacadas&quot;","block_context":{"text":"Destacadas","link":"https:\/\/azturismo.net\/?cat=30"},"img":{"alt_text":"","src":"https:\/\/i0.wp.com\/azturismo.net\/wp-content\/uploads\/2025\/10\/Cartel-Oficial-Festin-Mustin-Cri-Cri-2025-_Postal.jpg?fit=600%2C750&ssl=1&resize=350%2C200","width":350,"height":200,"srcset":"https:\/\/i0.wp.com\/azturismo.net\/wp-content\/uploads\/2025\/10\/Cartel-Oficial-Festin-Mustin-Cri-Cri-2025-_Postal.jpg?fit=600%2C750&ssl=1&resize=350%2C200 1x, https:\/\/i0.wp.com\/azturismo.net\/wp-content\/uploads\/2025\/10\/Cartel-Oficial-Festin-Mustin-Cri-Cri-2025-_Postal.jpg?fit=600%2C750&ssl=1&resize=525%2C300 1.5x"},"classes":[]},{"id":4913,"url":"https:\/\/azturismo.net\/?p=4913","url_meta":{"origin":3464,"position":5},"title":"Tir\u00edndaro se prepara para iluminar el cielo michoacano","author":"Azturismo","date":"agosto 17, 2025","format":false,"excerpt":"Por Staff AzTurismo El peque\u00f1o pueblo de Tir\u00edndaro, en el municipio de Zacapu, se alista para convertirse en el epicentro de uno de los espect\u00e1culos m\u00e1s m\u00e1gicos de M\u00e9xico. El pr\u00f3ximo 30 y 31 de agosto, el cielo michoacano se iluminar\u00e1 con miles de globos de cantoya en una tradici\u00f3n\u2026","rel":"","context":"En &quot;NOTITUR&quot;","block_context":{"text":"NOTITUR","link":"https:\/\/azturismo.net\/?cat=25"},"img":{"alt_text":"","src":"https:\/\/i0.wp.com\/azturismo.net\/wp-content\/uploads\/2025\/08\/tirindaro-cantolla.jpeg?fit=600%2C655&ssl=1&resize=350%2C200","width":350,"height":200,"srcset":"https:\/\/i0.wp.com\/azturismo.net\/wp-content\/uploads\/2025\/08\/tirindaro-cantolla.jpeg?fit=600%2C655&ssl=1&resize=350%2C200 1x, https:\/\/i0.wp.com\/azturismo.net\/wp-content\/uploads\/2025\/08\/tirindaro-cantolla.jpeg?fit=600%2C655&ssl=1&resize=525%2C300 1.5x"},"classes":[]}],"jetpack_shortlink":"https:\/\/wp.me\/pfqZGx-TS","amp_enabled":true,"_links":{"self":[{"href":"https:\/\/azturismo.net\/index.php?rest_route=\/wp\/v2\/posts\/3464","targetHints":{"allow":["GET"]}}],"collection":[{"href":"https:\/\/azturismo.net\/index.php?rest_route=\/wp\/v2\/posts"}],"about":[{"href":"https:\/\/azturismo.net\/index.php?rest_route=\/wp\/v2\/types\/post"}],"author":[{"embeddable":true,"href":"https:\/\/azturismo.net\/index.php?rest_route=\/wp\/v2\/users\/1"}],"replies":[{"embeddable":true,"href":"https:\/\/azturismo.net\/index.php?rest_route=%2Fwp%2Fv2%2Fcomments&post=3464"}],"version-history":[{"count":1,"href":"https:\/\/azturismo.net\/index.php?rest_route=\/wp\/v2\/posts\/3464\/revisions"}],"predecessor-version":[{"id":3466,"href":"https:\/\/azturismo.net\/index.php?rest_route=\/wp\/v2\/posts\/3464\/revisions\/3466"}],"wp:featuredmedia":[{"embeddable":true,"href":"https:\/\/azturismo.net\/index.php?rest_route=\/wp\/v2\/media\/3465"}],"wp:attachment":[{"href":"https:\/\/azturismo.net\/index.php?rest_route=%2Fwp%2Fv2%2Fmedia&parent=3464"}],"wp:term":[{"taxonomy":"category","embeddable":true,"href":"https:\/\/azturismo.net\/index.php?rest_route=%2Fwp%2Fv2%2Fcategories&post=3464"},{"taxonomy":"post_tag","embeddable":true,"href":"https:\/\/azturismo.net\/index.php?rest_route=%2Fwp%2Fv2%2Ftags&post=3464"}],"curies":[{"name":"wp","href":"https:\/\/api.w.org\/{rel}","templated":true}]}}