{"id":3381,"date":"2025-03-18T19:07:00","date_gmt":"2025-03-19T01:07:00","guid":{"rendered":"https:\/\/azturismo.net\/?p=3381"},"modified":"2025-03-18T16:28:26","modified_gmt":"2025-03-18T22:28:26","slug":"nayarit-se-alista-para-la-gala-riviera-nayarit-puerto-vallarta-2025","status":"publish","type":"post","link":"https:\/\/azturismo.net\/?p=3381","title":{"rendered":"Nayarit se alista para la Gala Riviera Nayarit &amp; Puerto Vallarta 2025"},"content":{"rendered":"\n<p>\ud83c\udf34\u2728 La <strong>Gala Riviera Nayarit &amp; Puerto Vallarta 2025<\/strong>, el encuentro tur\u00edstico m\u00e1s importante de la regi\u00f3n, se llevar\u00e1 a cabo los d\u00edas <strong>20 y 21 de marzo<\/strong>, consolid\u00e1ndose como un escaparate clave para la promoci\u00f3n de <strong>M\u00e9xico en el mercado norteamericano<\/strong>. Este evento reunir\u00e1 a m\u00e1s de <strong>100 hoteles de la regi\u00f3n<\/strong> con mayoristas, tour operadores, aerol\u00edneas y empresas comerciales de <strong>Estados Unidos, Canad\u00e1 y M\u00e9xico<\/strong>, impulsando acuerdos estrat\u00e9gicos que fortalecer\u00e1n la industria tur\u00edstica.<\/p>\n\n\n\n<h3 class=\"wp-block-heading\">\u2708\ufe0f <strong>El preludio del Tianguis Tur\u00edstico: impulso clave para la industria<\/strong><\/h3>\n\n\n<div class=\"wp-block-image\">\n<figure class=\"aligncenter size-full\"><img data-recalc-dims=\"1\" loading=\"lazy\" decoding=\"async\" width=\"600\" height=\"400\" data-attachment-id=\"3383\" data-permalink=\"https:\/\/azturismo.net\/?attachment_id=3383\" data-orig-file=\"https:\/\/i0.wp.com\/azturismo.net\/wp-content\/uploads\/2025\/03\/RivieraNayarit-turista.jpg?fit=600%2C400&amp;ssl=1\" data-orig-size=\"600,400\" data-comments-opened=\"1\" data-image-meta=\"{&quot;aperture&quot;:&quot;5&quot;,&quot;credit&quot;:&quot;&quot;,&quot;camera&quot;:&quot;ILCE-7M4&quot;,&quot;caption&quot;:&quot;&quot;,&quot;created_timestamp&quot;:&quot;1732543712&quot;,&quot;copyright&quot;:&quot;&quot;,&quot;focal_length&quot;:&quot;12&quot;,&quot;iso&quot;:&quot;80&quot;,&quot;shutter_speed&quot;:&quot;0.002&quot;,&quot;title&quot;:&quot;&quot;,&quot;orientation&quot;:&quot;0&quot;}\" data-image-title=\"RivieraNayarit-turista\" data-image-description=\"\" data-image-caption=\"\" data-large-file=\"https:\/\/i0.wp.com\/azturismo.net\/wp-content\/uploads\/2025\/03\/RivieraNayarit-turista.jpg?fit=600%2C400&amp;ssl=1\" src=\"https:\/\/i0.wp.com\/azturismo.net\/wp-content\/uploads\/2025\/03\/RivieraNayarit-turista.jpg?resize=600%2C400&#038;ssl=1\" alt=\"\" class=\"wp-image-3383\" srcset=\"https:\/\/i0.wp.com\/azturismo.net\/wp-content\/uploads\/2025\/03\/RivieraNayarit-turista.jpg?w=600&amp;ssl=1 600w, https:\/\/i0.wp.com\/azturismo.net\/wp-content\/uploads\/2025\/03\/RivieraNayarit-turista.jpg?resize=300%2C200&amp;ssl=1 300w, https:\/\/i0.wp.com\/azturismo.net\/wp-content\/uploads\/2025\/03\/RivieraNayarit-turista.jpg?resize=150%2C100&amp;ssl=1 150w\" sizes=\"auto, (max-width: 600px) 100vw, 600px\" \/><\/figure><\/div>\n\n\n<p>La Gala es reconocida como la <strong>antesala del Tianguis Tur\u00edstico<\/strong>, el evento m\u00e1s relevante del sector en M\u00e9xico. Durante dos d\u00edas, los participantes sostendr\u00e1n <strong>citas de negocios preestablecidas<\/strong>, donde los <strong>Fideicomisos de Promoci\u00f3n Tur\u00edstica de Nayarit y Puerto Vallarta<\/strong> actuar\u00e1n como enlace entre hoteleros y socios comerciales. Esta din\u00e1mica permitir\u00e1 concretar alianzas estrat\u00e9gicas y aumentar la comercializaci\u00f3n de la regi\u00f3n en los principales mercados emisores de turistas.<\/p>\n\n\n\n<h3 class=\"wp-block-heading\">\ud83c\udf0a <strong>Nayarit: Un para\u00edso natural con gran proyecci\u00f3n internacional<\/strong><\/h3>\n\n\n\n<p>Nayarit, con <strong>200 millas de costa<\/strong>, playas v\u00edrgenes, pueblos pintorescos y la imponente <strong>Sierra Madre Occidental<\/strong>, es un destino que fusiona <strong>lujo, naturaleza y cultura<\/strong>. La regi\u00f3n ofrece una amplia variedad de opciones para el turismo de alto nivel, desde resorts ic\u00f3nicos como el <strong>Four Seasons Resort Punta Mita<\/strong> y el renovado <strong>St. Regis Punta Mita Resort<\/strong>, hasta el exclusivo <strong>One&amp;Only Mandarina<\/strong>, con villas en acantilados y piscinas privadas, ideales para viajeros exigentes.<\/p>\n\n\n\n<h3 class=\"wp-block-heading\">\ud83c\udf10 <strong>Conectividad a\u00e9rea: M\u00e1s cerca de Am\u00e9rica del Norte<\/strong><\/h3>\n\n\n\n<p>El reciente crecimiento en la <strong>conectividad a\u00e9rea<\/strong> facilitar\u00e1 la llegada de turistas internacionales. A partir de julio, el <strong>Aeropuerto Internacional Tepic-Riviera Nayarit<\/strong> contar\u00e1 con <strong>vuelos directos desde Los \u00c1ngeles<\/strong>, lo que fortalecer\u00e1 la presencia de viajeros de <strong>Estados Unidos y Canad\u00e1<\/strong>, dos de los mercados clave para la regi\u00f3n.<\/p>\n\n\n\n<h3 class=\"wp-block-heading\">\ud83c\udf34 <strong>M\u00e1s que un evento, un motor para el turismo local<\/strong><\/h3>\n\n\n\n<p>La <strong>Gala Riviera Nayarit &amp; Puerto Vallarta 2025<\/strong> no solo celebra la belleza natural y la riqueza cultural de la regi\u00f3n, sino que tambi\u00e9n impulsa la <strong>econom\u00eda local<\/strong>, atrayendo inversiones, fomentando el empleo y promoviendo la oferta tur\u00edstica mexicana ante los ojos del mundo.<\/p>\n\n\n\n<h3 class=\"wp-block-heading\">\ud83d\udccd <strong>Hotel sede:<\/strong> Vidanta Nuevo Nayarit<\/h3>\n\n\n\n<h3 class=\"wp-block-heading\">\u2705 <strong>\u00a1\u00danete a la Gala 2025!<\/strong><\/h3>\n\n\n\n<p>Descubre todo lo que <strong>Nayarit y Puerto Vallarta<\/strong> tienen para ofrecer y s\u00e9 parte del evento que marcar\u00e1 la pauta en la <strong>industria tur\u00edstica de M\u00e9xico y Am\u00e9rica del Norte<\/strong>.<\/p>\n\n\n\n<p>\ud83c\udf10 <strong>M\u00e1s informaci\u00f3n:<\/strong> <a href=\"https:\/\/visitnayarit.travel\/\">Visit Nayarit<\/a><\/p>\n","protected":false},"excerpt":{"rendered":"<p>\ud83c\udf34\u2728 La Gala Riviera Nayarit &amp; Puerto Vallarta 2025, el encuentro tur\u00edstico m\u00e1s importante de la regi\u00f3n, se llevar\u00e1 a cabo los d\u00edas 20 y 21 de marzo, consolid\u00e1ndose como un escaparate clave para la promoci\u00f3n de M\u00e9xico en el mercado norteamericano. Este evento reunir\u00e1 a m\u00e1s de 100 hoteles de la regi\u00f3n con mayoristas, [&hellip;]<\/p>\n","protected":false},"author":1,"featured_media":3382,"comment_status":"open","ping_status":"open","sticky":false,"template":"","format":"standard","meta":{"jetpack_post_was_ever_published":false,"_jetpack_newsletter_access":"","_jetpack_dont_email_post_to_subs":false,"_jetpack_newsletter_tier_id":0,"_jetpack_memberships_contains_paywalled_content":false,"_jetpack_memberships_contains_paid_content":false,"footnotes":"","jetpack_publicize_message":"","jetpack_publicize_feature_enabled":true,"jetpack_social_post_already_shared":true,"jetpack_social_options":{"image_generator_settings":{"template":"highway","default_image_id":0,"font":"","enabled":false},"version":2}},"categories":[30,25],"tags":[99,181,484,116,1333,39,1332,38],"class_list":{"0":"post-3381","1":"post","2":"type-post","3":"status-publish","4":"format-standard","5":"has-post-thumbnail","7":"category-e","8":"category-notitar","9":"tag-azturismo","10":"tag-puerto-vallarta","11":"tag-riviera-nayarit","12":"tag-sectur","13":"tag-tianguis-turistico","14":"tag-turismo","15":"tag-turismo-en-nayarit","16":"tag-viajes"},"yoast_head":"<!-- This site is optimized with the Yoast SEO plugin v27.5 - https:\/\/yoast.com\/product\/yoast-seo-wordpress\/ -->\n<title>Nayarit se alista para la Gala Riviera Nayarit &amp; Puerto Vallarta 2025 - Azturismo Noticias<\/title>\n<meta name=\"description\" content=\"\ud83c\udf34\u2728 La Gala Riviera Nayarit &amp; Puerto Vallarta 2025, el encuentro tur\u00edstico m\u00e1s importante de la regi\u00f3n, se llevar\u00e1 a cabo los d\u00edas 20 y 21 de marzo, consolid\u00e1ndose como un escaparate clave para la promoci\u00f3n de M\u00e9xico en el mercado norteamericano. Este evento reunir\u00e1 a m\u00e1s de 100 hoteles de la regi\u00f3n con mayoristas, tour operadores, aerol\u00edneas y empresas comerciales de Estados Unidos, Canad\u00e1 y M\u00e9xico, impulsando acuerdos estrat\u00e9gicos que fortalecer\u00e1n la industria tur\u00edstica.\" \/>\n<meta name=\"robots\" content=\"index, follow, max-snippet:-1, max-image-preview:large, max-video-preview:-1\" \/>\n<link rel=\"canonical\" href=\"https:\/\/azturismo.net\/?p=3381\" \/>\n<meta property=\"og:locale\" content=\"es_MX\" \/>\n<meta property=\"og:type\" content=\"article\" \/>\n<meta property=\"og:title\" content=\"Nayarit se alista para la Gala Riviera Nayarit &amp; Puerto Vallarta 2025 - Azturismo Noticias\" \/>\n<meta property=\"og:description\" content=\"\ud83c\udf34\u2728 La Gala Riviera Nayarit &amp; Puerto Vallarta 2025, el encuentro tur\u00edstico m\u00e1s importante de la regi\u00f3n, se llevar\u00e1 a cabo los d\u00edas 20 y 21 de marzo, consolid\u00e1ndose como un escaparate clave para la promoci\u00f3n de M\u00e9xico en el mercado norteamericano. Este evento reunir\u00e1 a m\u00e1s de 100 hoteles de la regi\u00f3n con mayoristas, tour operadores, aerol\u00edneas y empresas comerciales de Estados Unidos, Canad\u00e1 y M\u00e9xico, impulsando acuerdos estrat\u00e9gicos que fortalecer\u00e1n la industria tur\u00edstica.\" \/>\n<meta property=\"og:url\" content=\"https:\/\/azturismo.net\/?p=3381\" \/>\n<meta property=\"og:site_name\" content=\"Azturismo Noticias\" \/>\n<meta property=\"article:publisher\" content=\"https:\/\/www.facebook.com\/AzturismoNoticias\" \/>\n<meta property=\"article:published_time\" content=\"2025-03-19T01:07:00+00:00\" \/>\n<meta property=\"og:image\" content=\"https:\/\/i0.wp.com\/azturismo.net\/wp-content\/uploads\/2025\/03\/RivieraNayarit-Marival-Armony.jpg?fit=600%2C399&ssl=1\" \/>\n\t<meta property=\"og:image:width\" content=\"600\" \/>\n\t<meta property=\"og:image:height\" content=\"399\" \/>\n\t<meta property=\"og:image:type\" content=\"image\/jpeg\" \/>\n<meta name=\"author\" content=\"Azturismo\" \/>\n<meta name=\"twitter:card\" content=\"summary_large_image\" \/>\n<meta name=\"twitter:creator\" content=\"@AzTurismo\" \/>\n<meta name=\"twitter:site\" content=\"@AzTurismo\" \/>\n<meta name=\"twitter:label1\" content=\"Escrito por\" \/>\n\t<meta name=\"twitter:data1\" content=\"Azturismo\" \/>\n\t<meta name=\"twitter:label2\" content=\"Tiempo de lectura\" \/>\n\t<meta name=\"twitter:data2\" content=\"3 minutos\" \/>\n<script type=\"application\/ld+json\" class=\"yoast-schema-graph\">{\"@context\":\"https:\\\/\\\/schema.org\",\"@graph\":[{\"@type\":\"Article\",\"@id\":\"https:\\\/\\\/azturismo.net\\\/?p=3381#article\",\"isPartOf\":{\"@id\":\"https:\\\/\\\/azturismo.net\\\/?p=3381\"},\"author\":{\"name\":\"Azturismo\",\"@id\":\"https:\\\/\\\/azturismo.net\\\/#\\\/schema\\\/person\\\/4b56d87f51c4d1b518c650739ad3bbc1\"},\"headline\":\"Nayarit se alista para la Gala Riviera Nayarit &amp; Puerto Vallarta 2025\",\"datePublished\":\"2025-03-19T01:07:00+00:00\",\"mainEntityOfPage\":{\"@id\":\"https:\\\/\\\/azturismo.net\\\/?p=3381\"},\"wordCount\":440,\"commentCount\":0,\"publisher\":{\"@id\":\"https:\\\/\\\/azturismo.net\\\/#organization\"},\"image\":{\"@id\":\"https:\\\/\\\/azturismo.net\\\/?p=3381#primaryimage\"},\"thumbnailUrl\":\"https:\\\/\\\/i0.wp.com\\\/azturismo.net\\\/wp-content\\\/uploads\\\/2025\\\/03\\\/RivieraNayarit-Marival-Armony.jpg?fit=600%2C399&ssl=1\",\"keywords\":[\"azturismo\",\"Puerto Vallarta\",\"Riviera Nayarit\",\"Sectur\",\"Tianguis Tur\u00edstico\",\"Turismo\",\"turismo en Nayarit\",\"Viajes\"],\"articleSection\":[\"Destacadas\",\"NOTITUR\"],\"inLanguage\":\"es\",\"potentialAction\":[{\"@type\":\"CommentAction\",\"name\":\"Comment\",\"target\":[\"https:\\\/\\\/azturismo.net\\\/?p=3381#respond\"]}]},{\"@type\":\"WebPage\",\"@id\":\"https:\\\/\\\/azturismo.net\\\/?p=3381\",\"url\":\"https:\\\/\\\/azturismo.net\\\/?p=3381\",\"name\":\"Nayarit se alista para la Gala Riviera Nayarit &amp; Puerto Vallarta 2025 - Azturismo Noticias\",\"isPartOf\":{\"@id\":\"https:\\\/\\\/azturismo.net\\\/#website\"},\"primaryImageOfPage\":{\"@id\":\"https:\\\/\\\/azturismo.net\\\/?p=3381#primaryimage\"},\"image\":{\"@id\":\"https:\\\/\\\/azturismo.net\\\/?p=3381#primaryimage\"},\"thumbnailUrl\":\"https:\\\/\\\/i0.wp.com\\\/azturismo.net\\\/wp-content\\\/uploads\\\/2025\\\/03\\\/RivieraNayarit-Marival-Armony.jpg?fit=600%2C399&ssl=1\",\"datePublished\":\"2025-03-19T01:07:00+00:00\",\"description\":\"\ud83c\udf34\u2728 La Gala Riviera Nayarit & Puerto Vallarta 2025, el encuentro tur\u00edstico m\u00e1s importante de la regi\u00f3n, se llevar\u00e1 a cabo los d\u00edas 20 y 21 de marzo, consolid\u00e1ndose como un escaparate clave para la promoci\u00f3n de M\u00e9xico en el mercado norteamericano. Este evento reunir\u00e1 a m\u00e1s de 100 hoteles de la regi\u00f3n con mayoristas, tour operadores, aerol\u00edneas y empresas comerciales de Estados Unidos, Canad\u00e1 y M\u00e9xico, impulsando acuerdos estrat\u00e9gicos que fortalecer\u00e1n la industria tur\u00edstica.\",\"breadcrumb\":{\"@id\":\"https:\\\/\\\/azturismo.net\\\/?p=3381#breadcrumb\"},\"inLanguage\":\"es\",\"potentialAction\":[{\"@type\":\"ReadAction\",\"target\":[\"https:\\\/\\\/azturismo.net\\\/?p=3381\"]}]},{\"@type\":\"ImageObject\",\"inLanguage\":\"es\",\"@id\":\"https:\\\/\\\/azturismo.net\\\/?p=3381#primaryimage\",\"url\":\"https:\\\/\\\/i0.wp.com\\\/azturismo.net\\\/wp-content\\\/uploads\\\/2025\\\/03\\\/RivieraNayarit-Marival-Armony.jpg?fit=600%2C399&ssl=1\",\"contentUrl\":\"https:\\\/\\\/i0.wp.com\\\/azturismo.net\\\/wp-content\\\/uploads\\\/2025\\\/03\\\/RivieraNayarit-Marival-Armony.jpg?fit=600%2C399&ssl=1\",\"width\":600,\"height\":399},{\"@type\":\"BreadcrumbList\",\"@id\":\"https:\\\/\\\/azturismo.net\\\/?p=3381#breadcrumb\",\"itemListElement\":[{\"@type\":\"ListItem\",\"position\":1,\"name\":\"Home\",\"item\":\"https:\\\/\\\/azturismo.net\\\/\"},{\"@type\":\"ListItem\",\"position\":2,\"name\":\"Nayarit se alista para la Gala Riviera Nayarit &amp; Puerto Vallarta 2025\"}]},{\"@type\":\"WebSite\",\"@id\":\"https:\\\/\\\/azturismo.net\\\/#website\",\"url\":\"https:\\\/\\\/azturismo.net\\\/\",\"name\":\"Azturismo\",\"description\":\"Azturismo Noticias\",\"publisher\":{\"@id\":\"https:\\\/\\\/azturismo.net\\\/#organization\"},\"potentialAction\":[{\"@type\":\"SearchAction\",\"target\":{\"@type\":\"EntryPoint\",\"urlTemplate\":\"https:\\\/\\\/azturismo.net\\\/?s={search_term_string}\"},\"query-input\":{\"@type\":\"PropertyValueSpecification\",\"valueRequired\":true,\"valueName\":\"search_term_string\"}}],\"inLanguage\":\"es\"},{\"@type\":\"Organization\",\"@id\":\"https:\\\/\\\/azturismo.net\\\/#organization\",\"name\":\"Azturismo\",\"url\":\"https:\\\/\\\/azturismo.net\\\/\",\"logo\":{\"@type\":\"ImageObject\",\"inLanguage\":\"es\",\"@id\":\"https:\\\/\\\/azturismo.net\\\/#\\\/schema\\\/logo\\\/image\\\/\",\"url\":\"https:\\\/\\\/i0.wp.com\\\/azturismo.net\\\/wp-content\\\/uploads\\\/2024\\\/03\\\/logo-el-bueno-.png?fit=294%2C69&ssl=1\",\"contentUrl\":\"https:\\\/\\\/i0.wp.com\\\/azturismo.net\\\/wp-content\\\/uploads\\\/2024\\\/03\\\/logo-el-bueno-.png?fit=294%2C69&ssl=1\",\"width\":294,\"height\":69,\"caption\":\"Azturismo\"},\"image\":{\"@id\":\"https:\\\/\\\/azturismo.net\\\/#\\\/schema\\\/logo\\\/image\\\/\"},\"sameAs\":[\"https:\\\/\\\/www.facebook.com\\\/AzturismoNoticias\",\"https:\\\/\\\/x.com\\\/AzTurismo\",\"https:\\\/\\\/www.instagram.com\\\/azturismo_noticias\\\/?fbclid=IwAR2xMiuoHbs6eLeIHKP8P5sSGa-xFrw7FfejscXO7kDghWa7wKLjGczKOwE\",\"https:\\\/\\\/www.tiktok.com\\\/@azturismo\"]},{\"@type\":\"Person\",\"@id\":\"https:\\\/\\\/azturismo.net\\\/#\\\/schema\\\/person\\\/4b56d87f51c4d1b518c650739ad3bbc1\",\"name\":\"Azturismo\",\"image\":{\"@type\":\"ImageObject\",\"inLanguage\":\"es\",\"@id\":\"https:\\\/\\\/azturismo.net\\\/wp-content\\\/litespeed\\\/avatar\\\/dfe28a31cdd68b788da48a316e50db10.jpg?ver=1777707566\",\"url\":\"https:\\\/\\\/azturismo.net\\\/wp-content\\\/litespeed\\\/avatar\\\/dfe28a31cdd68b788da48a316e50db10.jpg?ver=1777707566\",\"contentUrl\":\"https:\\\/\\\/azturismo.net\\\/wp-content\\\/litespeed\\\/avatar\\\/dfe28a31cdd68b788da48a316e50db10.jpg?ver=1777707566\",\"caption\":\"Azturismo\"},\"sameAs\":[\"https:\\\/\\\/azturismo.net\"],\"url\":\"https:\\\/\\\/azturismo.net\\\/?author=1\"}]}<\/script>\n<!-- \/ Yoast SEO plugin. -->","yoast_head_json":{"title":"Nayarit se alista para la Gala Riviera Nayarit &amp; Puerto Vallarta 2025 - Azturismo Noticias","description":"\ud83c\udf34\u2728 La Gala Riviera Nayarit & Puerto Vallarta 2025, el encuentro tur\u00edstico m\u00e1s importante de la regi\u00f3n, se llevar\u00e1 a cabo los d\u00edas 20 y 21 de marzo, consolid\u00e1ndose como un escaparate clave para la promoci\u00f3n de M\u00e9xico en el mercado norteamericano. Este evento reunir\u00e1 a m\u00e1s de 100 hoteles de la regi\u00f3n con mayoristas, tour operadores, aerol\u00edneas y empresas comerciales de Estados Unidos, Canad\u00e1 y M\u00e9xico, impulsando acuerdos estrat\u00e9gicos que fortalecer\u00e1n la industria tur\u00edstica.","robots":{"index":"index","follow":"follow","max-snippet":"max-snippet:-1","max-image-preview":"max-image-preview:large","max-video-preview":"max-video-preview:-1"},"canonical":"https:\/\/azturismo.net\/?p=3381","og_locale":"es_MX","og_type":"article","og_title":"Nayarit se alista para la Gala Riviera Nayarit &amp; Puerto Vallarta 2025 - Azturismo Noticias","og_description":"\ud83c\udf34\u2728 La Gala Riviera Nayarit & Puerto Vallarta 2025, el encuentro tur\u00edstico m\u00e1s importante de la regi\u00f3n, se llevar\u00e1 a cabo los d\u00edas 20 y 21 de marzo, consolid\u00e1ndose como un escaparate clave para la promoci\u00f3n de M\u00e9xico en el mercado norteamericano. Este evento reunir\u00e1 a m\u00e1s de 100 hoteles de la regi\u00f3n con mayoristas, tour operadores, aerol\u00edneas y empresas comerciales de Estados Unidos, Canad\u00e1 y M\u00e9xico, impulsando acuerdos estrat\u00e9gicos que fortalecer\u00e1n la industria tur\u00edstica.","og_url":"https:\/\/azturismo.net\/?p=3381","og_site_name":"Azturismo Noticias","article_publisher":"https:\/\/www.facebook.com\/AzturismoNoticias","article_published_time":"2025-03-19T01:07:00+00:00","og_image":[{"width":600,"height":399,"url":"https:\/\/i0.wp.com\/azturismo.net\/wp-content\/uploads\/2025\/03\/RivieraNayarit-Marival-Armony.jpg?fit=600%2C399&ssl=1","type":"image\/jpeg"}],"author":"Azturismo","twitter_card":"summary_large_image","twitter_creator":"@AzTurismo","twitter_site":"@AzTurismo","twitter_misc":{"Escrito por":"Azturismo","Tiempo de lectura":"3 minutos"},"schema":{"@context":"https:\/\/schema.org","@graph":[{"@type":"Article","@id":"https:\/\/azturismo.net\/?p=3381#article","isPartOf":{"@id":"https:\/\/azturismo.net\/?p=3381"},"author":{"name":"Azturismo","@id":"https:\/\/azturismo.net\/#\/schema\/person\/4b56d87f51c4d1b518c650739ad3bbc1"},"headline":"Nayarit se alista para la Gala Riviera Nayarit &amp; Puerto Vallarta 2025","datePublished":"2025-03-19T01:07:00+00:00","mainEntityOfPage":{"@id":"https:\/\/azturismo.net\/?p=3381"},"wordCount":440,"commentCount":0,"publisher":{"@id":"https:\/\/azturismo.net\/#organization"},"image":{"@id":"https:\/\/azturismo.net\/?p=3381#primaryimage"},"thumbnailUrl":"https:\/\/i0.wp.com\/azturismo.net\/wp-content\/uploads\/2025\/03\/RivieraNayarit-Marival-Armony.jpg?fit=600%2C399&ssl=1","keywords":["azturismo","Puerto Vallarta","Riviera Nayarit","Sectur","Tianguis Tur\u00edstico","Turismo","turismo en Nayarit","Viajes"],"articleSection":["Destacadas","NOTITUR"],"inLanguage":"es","potentialAction":[{"@type":"CommentAction","name":"Comment","target":["https:\/\/azturismo.net\/?p=3381#respond"]}]},{"@type":"WebPage","@id":"https:\/\/azturismo.net\/?p=3381","url":"https:\/\/azturismo.net\/?p=3381","name":"Nayarit se alista para la Gala Riviera Nayarit &amp; Puerto Vallarta 2025 - Azturismo Noticias","isPartOf":{"@id":"https:\/\/azturismo.net\/#website"},"primaryImageOfPage":{"@id":"https:\/\/azturismo.net\/?p=3381#primaryimage"},"image":{"@id":"https:\/\/azturismo.net\/?p=3381#primaryimage"},"thumbnailUrl":"https:\/\/i0.wp.com\/azturismo.net\/wp-content\/uploads\/2025\/03\/RivieraNayarit-Marival-Armony.jpg?fit=600%2C399&ssl=1","datePublished":"2025-03-19T01:07:00+00:00","description":"\ud83c\udf34\u2728 La Gala Riviera Nayarit & Puerto Vallarta 2025, el encuentro tur\u00edstico m\u00e1s importante de la regi\u00f3n, se llevar\u00e1 a cabo los d\u00edas 20 y 21 de marzo, consolid\u00e1ndose como un escaparate clave para la promoci\u00f3n de M\u00e9xico en el mercado norteamericano. Este evento reunir\u00e1 a m\u00e1s de 100 hoteles de la regi\u00f3n con mayoristas, tour operadores, aerol\u00edneas y empresas comerciales de Estados Unidos, Canad\u00e1 y M\u00e9xico, impulsando acuerdos estrat\u00e9gicos que fortalecer\u00e1n la industria tur\u00edstica.","breadcrumb":{"@id":"https:\/\/azturismo.net\/?p=3381#breadcrumb"},"inLanguage":"es","potentialAction":[{"@type":"ReadAction","target":["https:\/\/azturismo.net\/?p=3381"]}]},{"@type":"ImageObject","inLanguage":"es","@id":"https:\/\/azturismo.net\/?p=3381#primaryimage","url":"https:\/\/i0.wp.com\/azturismo.net\/wp-content\/uploads\/2025\/03\/RivieraNayarit-Marival-Armony.jpg?fit=600%2C399&ssl=1","contentUrl":"https:\/\/i0.wp.com\/azturismo.net\/wp-content\/uploads\/2025\/03\/RivieraNayarit-Marival-Armony.jpg?fit=600%2C399&ssl=1","width":600,"height":399},{"@type":"BreadcrumbList","@id":"https:\/\/azturismo.net\/?p=3381#breadcrumb","itemListElement":[{"@type":"ListItem","position":1,"name":"Home","item":"https:\/\/azturismo.net\/"},{"@type":"ListItem","position":2,"name":"Nayarit se alista para la Gala Riviera Nayarit &amp; Puerto Vallarta 2025"}]},{"@type":"WebSite","@id":"https:\/\/azturismo.net\/#website","url":"https:\/\/azturismo.net\/","name":"Azturismo","description":"Azturismo Noticias","publisher":{"@id":"https:\/\/azturismo.net\/#organization"},"potentialAction":[{"@type":"SearchAction","target":{"@type":"EntryPoint","urlTemplate":"https:\/\/azturismo.net\/?s={search_term_string}"},"query-input":{"@type":"PropertyValueSpecification","valueRequired":true,"valueName":"search_term_string"}}],"inLanguage":"es"},{"@type":"Organization","@id":"https:\/\/azturismo.net\/#organization","name":"Azturismo","url":"https:\/\/azturismo.net\/","logo":{"@type":"ImageObject","inLanguage":"es","@id":"https:\/\/azturismo.net\/#\/schema\/logo\/image\/","url":"https:\/\/i0.wp.com\/azturismo.net\/wp-content\/uploads\/2024\/03\/logo-el-bueno-.png?fit=294%2C69&ssl=1","contentUrl":"https:\/\/i0.wp.com\/azturismo.net\/wp-content\/uploads\/2024\/03\/logo-el-bueno-.png?fit=294%2C69&ssl=1","width":294,"height":69,"caption":"Azturismo"},"image":{"@id":"https:\/\/azturismo.net\/#\/schema\/logo\/image\/"},"sameAs":["https:\/\/www.facebook.com\/AzturismoNoticias","https:\/\/x.com\/AzTurismo","https:\/\/www.instagram.com\/azturismo_noticias\/?fbclid=IwAR2xMiuoHbs6eLeIHKP8P5sSGa-xFrw7FfejscXO7kDghWa7wKLjGczKOwE","https:\/\/www.tiktok.com\/@azturismo"]},{"@type":"Person","@id":"https:\/\/azturismo.net\/#\/schema\/person\/4b56d87f51c4d1b518c650739ad3bbc1","name":"Azturismo","image":{"@type":"ImageObject","inLanguage":"es","@id":"https:\/\/azturismo.net\/wp-content\/litespeed\/avatar\/dfe28a31cdd68b788da48a316e50db10.jpg?ver=1777707566","url":"https:\/\/azturismo.net\/wp-content\/litespeed\/avatar\/dfe28a31cdd68b788da48a316e50db10.jpg?ver=1777707566","contentUrl":"https:\/\/azturismo.net\/wp-content\/litespeed\/avatar\/dfe28a31cdd68b788da48a316e50db10.jpg?ver=1777707566","caption":"Azturismo"},"sameAs":["https:\/\/azturismo.net"],"url":"https:\/\/azturismo.net\/?author=1"}]}},"jetpack_publicize_connections":[],"jetpack_featured_media_url":"https:\/\/i0.wp.com\/azturismo.net\/wp-content\/uploads\/2025\/03\/RivieraNayarit-Marival-Armony.jpg?fit=600%2C399&ssl=1","jetpack_sharing_enabled":true,"jetpack-related-posts":[{"id":5783,"url":"https:\/\/azturismo.net\/?p=5783","url_meta":{"origin":3381,"position":0},"title":"Del\u00e9itate con el Festival Gourmet Internacional Puerto Vallarta 2025, 30 a\u00f1os de sabores","author":"Azturismo","date":"octubre 1, 2025","format":false,"excerpt":"Por Oscar V\u00e1zquez C. En ambiente festivo y muy medi\u00e1tico, se present\u00f3 oficialmente la 30\u00aa edici\u00f3n del Festival Gourmet Internacional, el evento culinario que del 13 al 23 de noviembre de 2025 transformar\u00e1 a Puerto Vallarta, Riviera Nayarit y Tepic en la capital gastron\u00f3mica de Am\u00e9rica. El restaurante Almara en\u2026","rel":"","context":"En &quot;Destacadas&quot;","block_context":{"text":"Destacadas","link":"https:\/\/azturismo.net\/?cat=30"},"img":{"alt_text":"","src":"https:\/\/i0.wp.com\/azturismo.net\/wp-content\/uploads\/2025\/10\/Festival-Gourmet-Puerto-Vallarta06.jpg?fit=600%2C400&ssl=1&resize=350%2C200","width":350,"height":200,"srcset":"https:\/\/i0.wp.com\/azturismo.net\/wp-content\/uploads\/2025\/10\/Festival-Gourmet-Puerto-Vallarta06.jpg?fit=600%2C400&ssl=1&resize=350%2C200 1x, https:\/\/i0.wp.com\/azturismo.net\/wp-content\/uploads\/2025\/10\/Festival-Gourmet-Puerto-Vallarta06.jpg?fit=600%2C400&ssl=1&resize=525%2C300 1.5x"},"classes":[]},{"id":7183,"url":"https:\/\/azturismo.net\/?p=7183","url_meta":{"origin":3381,"position":1},"title":"\u00bfEl nuevo rey del Pac\u00edfico? Nayarit presentar\u00e1 su lujo en Tianguis de Acapulco","author":"Azturismo","date":"abril 23, 2026","format":false,"excerpt":"Por Oscar V\u00e1zquez C. El Tianguis Tur\u00edstico de Acapulco 2026 no ser\u00e1 un evento m\u00e1s para Nayarit; ser\u00e1 el escenario de su consolidaci\u00f3n global. Con una agenda que mezcla alianzas con la NBA, la NFL y una revoluci\u00f3n en conectividad a\u00e9rea, el estado se posiciona como el gigante a vencer\u2026","rel":"","context":"En &quot;Destacadas&quot;","block_context":{"text":"Destacadas","link":"https:\/\/azturismo.net\/?cat=30"},"img":{"alt_text":"","src":"https:\/\/i0.wp.com\/azturismo.net\/wp-content\/uploads\/2026\/04\/Campo-de-golf-Nayarit.jpeg?fit=600%2C399&ssl=1&resize=350%2C200","width":350,"height":200,"srcset":"https:\/\/i0.wp.com\/azturismo.net\/wp-content\/uploads\/2026\/04\/Campo-de-golf-Nayarit.jpeg?fit=600%2C399&ssl=1&resize=350%2C200 1x, https:\/\/i0.wp.com\/azturismo.net\/wp-content\/uploads\/2026\/04\/Campo-de-golf-Nayarit.jpeg?fit=600%2C399&ssl=1&resize=525%2C300 1.5x"},"classes":[]},{"id":4418,"url":"https:\/\/azturismo.net\/?p=4418","url_meta":{"origin":3381,"position":2},"title":"Descubre el nuevo para\u00edso all inclusive en Nuevo Vallarta","author":"Azturismo","date":"julio 3, 2025","format":false,"excerpt":"Por Oscar V\u00e1zquez C. \u00bfBuscas el destino perfecto para tus pr\u00f3ximas vacaciones en la Riviera Nayarit? El nuevo Fiesta Americana Nuevo Vallarta Resort & Spa acaba de abrir sus puertas y promete ser tu refugio ideal para unas vacaciones inolvidables. Un Resort que Redefine el Lujo All Inclusive en Nuevo\u2026","rel":"","context":"En &quot;Destacadas&quot;","block_context":{"text":"Destacadas","link":"https:\/\/azturismo.net\/?cat=30"},"img":{"alt_text":"","src":"https:\/\/i0.wp.com\/azturismo.net\/wp-content\/uploads\/2025\/07\/PSX_20250702_121402.jpg?fit=600%2C400&ssl=1&resize=350%2C200","width":350,"height":200,"srcset":"https:\/\/i0.wp.com\/azturismo.net\/wp-content\/uploads\/2025\/07\/PSX_20250702_121402.jpg?fit=600%2C400&ssl=1&resize=350%2C200 1x, https:\/\/i0.wp.com\/azturismo.net\/wp-content\/uploads\/2025\/07\/PSX_20250702_121402.jpg?fit=600%2C400&ssl=1&resize=525%2C300 1.5x"},"classes":[]},{"id":3732,"url":"https:\/\/azturismo.net\/?p=3732","url_meta":{"origin":3381,"position":3},"title":"Ocho estados refuerzan alianza para impulsar la promoci\u00f3n tur\u00edstica","author":"Azturismo","date":"mayo 2, 2025","format":false,"excerpt":"En el marco del Tianguis Tur\u00edstico M\u00e9xico 2025, celebrado en el estado de Baja California, ocho entidades federativas consolidaron una alianza estrat\u00e9gica para fortalecer la difusi\u00f3n y promoci\u00f3n tur\u00edstica nacional e internacional. Los estados participantes en este acuerdo de colaboraci\u00f3n son: Ciudad de M\u00e9xico, Baja California, Jalisco, Guerrero, Michoac\u00e1n, Nayarit,\u2026","rel":"","context":"En &quot;Destacadas&quot;","block_context":{"text":"Destacadas","link":"https:\/\/azturismo.net\/?cat=30"},"img":{"alt_text":"","src":"https:\/\/i0.wp.com\/azturismo.net\/wp-content\/uploads\/2025\/05\/Sectur-marca-precedente-importante-para-el-turismo-de-Michoacan.jpeg?fit=600%2C399&ssl=1&resize=350%2C200","width":350,"height":200,"srcset":"https:\/\/i0.wp.com\/azturismo.net\/wp-content\/uploads\/2025\/05\/Sectur-marca-precedente-importante-para-el-turismo-de-Michoacan.jpeg?fit=600%2C399&ssl=1&resize=350%2C200 1x, https:\/\/i0.wp.com\/azturismo.net\/wp-content\/uploads\/2025\/05\/Sectur-marca-precedente-importante-para-el-turismo-de-Michoacan.jpeg?fit=600%2C399&ssl=1&resize=525%2C300 1.5x"},"classes":[]},{"id":6481,"url":"https:\/\/azturismo.net\/?p=6481","url_meta":{"origin":3381,"position":4},"title":"Designan a Nayarit como miembro de la Junta Directiva Mundial de ONU turismo","author":"Azturismo","date":"noviembre 15, 2025","format":false,"excerpt":"Por Staff AzTurismo Nayarit se posiciona en el escenario internacional tras ser designado como miembro de la Junta Directiva Mundial de ONU Turismo, una distinci\u00f3n anunciada por el Secretario General de este organismo, Zurab Pololikashvili, que reconoce la creciente relevancia del estado en el desarrollo tur\u00edstico sostenible y la innovaci\u00f3n\u2026","rel":"","context":"En &quot;NACIONALES&quot;","block_context":{"text":"NACIONALES","link":"https:\/\/azturismo.net\/?cat=29"},"img":{"alt_text":"","src":"https:\/\/i0.wp.com\/azturismo.net\/wp-content\/uploads\/2025\/11\/Sectur-Nayarit-2.jpg?fit=600%2C450&ssl=1&resize=350%2C200","width":350,"height":200,"srcset":"https:\/\/i0.wp.com\/azturismo.net\/wp-content\/uploads\/2025\/11\/Sectur-Nayarit-2.jpg?fit=600%2C450&ssl=1&resize=350%2C200 1x, https:\/\/i0.wp.com\/azturismo.net\/wp-content\/uploads\/2025\/11\/Sectur-Nayarit-2.jpg?fit=600%2C450&ssl=1&resize=525%2C300 1.5x"},"classes":[]},{"id":3356,"url":"https:\/\/azturismo.net\/?p=3356","url_meta":{"origin":3381,"position":5},"title":"Puente vacacional de Marzo 2025 generar\u00e1 m\u00e1s de 63 mil mdp en M\u00e9xico: Sectur","author":"Azturismo","date":"marzo 14, 2025","format":false,"excerpt":"Por Staff AzTurismo La Secretar\u00eda de Turismo (Sectur), encabezada por Josefina Rodr\u00edguez Zamora, anunci\u00f3 que el puente vacacional de marzo de 2025, en conmemoraci\u00f3n del natalicio de Benito Ju\u00e1rez, generar\u00e1 una derrama econ\u00f3mica de 63,485 millones de pesos, un 2% m\u00e1s que en 2024. Turismo y Ocupaci\u00f3n Hotelera en Crecimiento\u2026","rel":"","context":"En &quot;Destacadas&quot;","block_context":{"text":"Destacadas","link":"https:\/\/azturismo.net\/?cat=30"},"img":{"alt_text":"","src":"https:\/\/i0.wp.com\/azturismo.net\/wp-content\/uploads\/2025\/03\/PSX_20250314_114034.jpg?fit=600%2C400&ssl=1&resize=350%2C200","width":350,"height":200,"srcset":"https:\/\/i0.wp.com\/azturismo.net\/wp-content\/uploads\/2025\/03\/PSX_20250314_114034.jpg?fit=600%2C400&ssl=1&resize=350%2C200 1x, https:\/\/i0.wp.com\/azturismo.net\/wp-content\/uploads\/2025\/03\/PSX_20250314_114034.jpg?fit=600%2C400&ssl=1&resize=525%2C300 1.5x"},"classes":[]}],"jetpack_shortlink":"https:\/\/wp.me\/pfqZGx-Sx","amp_enabled":true,"_links":{"self":[{"href":"https:\/\/azturismo.net\/index.php?rest_route=\/wp\/v2\/posts\/3381","targetHints":{"allow":["GET"]}}],"collection":[{"href":"https:\/\/azturismo.net\/index.php?rest_route=\/wp\/v2\/posts"}],"about":[{"href":"https:\/\/azturismo.net\/index.php?rest_route=\/wp\/v2\/types\/post"}],"author":[{"embeddable":true,"href":"https:\/\/azturismo.net\/index.php?rest_route=\/wp\/v2\/users\/1"}],"replies":[{"embeddable":true,"href":"https:\/\/azturismo.net\/index.php?rest_route=%2Fwp%2Fv2%2Fcomments&post=3381"}],"version-history":[{"count":1,"href":"https:\/\/azturismo.net\/index.php?rest_route=\/wp\/v2\/posts\/3381\/revisions"}],"predecessor-version":[{"id":3384,"href":"https:\/\/azturismo.net\/index.php?rest_route=\/wp\/v2\/posts\/3381\/revisions\/3384"}],"wp:featuredmedia":[{"embeddable":true,"href":"https:\/\/azturismo.net\/index.php?rest_route=\/wp\/v2\/media\/3382"}],"wp:attachment":[{"href":"https:\/\/azturismo.net\/index.php?rest_route=%2Fwp%2Fv2%2Fmedia&parent=3381"}],"wp:term":[{"taxonomy":"category","embeddable":true,"href":"https:\/\/azturismo.net\/index.php?rest_route=%2Fwp%2Fv2%2Fcategories&post=3381"},{"taxonomy":"post_tag","embeddable":true,"href":"https:\/\/azturismo.net\/index.php?rest_route=%2Fwp%2Fv2%2Ftags&post=3381"}],"curies":[{"name":"wp","href":"https:\/\/api.w.org\/{rel}","templated":true}]}}