{"id":3199,"date":"2025-03-02T12:43:46","date_gmt":"2025-03-02T18:43:46","guid":{"rendered":"https:\/\/azturismo.net\/?p=3199"},"modified":"2025-03-02T12:43:48","modified_gmt":"2025-03-02T18:43:48","slug":"vive-una-experiencia-transformadora-en-el-holistic-yoga-fest-2025","status":"publish","type":"post","link":"https:\/\/azturismo.net\/?p=3199","title":{"rendered":"\u00a1Vive una experiencia transformadora en el Holistic Yoga Fest 2025!"},"content":{"rendered":"\n<p>Por Claudia Carrera<\/p>\n\n\n\n<p>Si buscas renovar tu energ\u00eda, aprender nuevas pr\u00e1cticas de bienestar y conectar con una comunidad vibrante, el Holistic Yoga Fest 2025 es el evento ideal para ti, ya que est\u00e1 dise\u00f1ado para conectar cuerpo, mente y esp\u00edritu a trav\u00e9s de pr\u00e1cticas ancestrales y modernas del bienestar.<\/p>\n\n\n\n<p>El festival se llevar\u00e1 a cabo del 7 al 9 de marzo en Tepoztl\u00e1n, en el exclusivo Buena Vibra Wellness Resort &amp; SPA Hotel, un espacio ideal para la relajaci\u00f3n y el crecimiento personal.<\/p>\n\n\n\n<p>Experiencia integral de bienestar en el Holistic Yoga Fest 2025<\/p>\n\n\n<div class=\"wp-block-image\">\n<figure class=\"aligncenter size-full\"><img data-recalc-dims=\"1\" loading=\"lazy\" decoding=\"async\" width=\"600\" height=\"400\" data-attachment-id=\"3201\" data-permalink=\"https:\/\/azturismo.net\/?attachment_id=3201\" data-orig-file=\"https:\/\/i0.wp.com\/azturismo.net\/wp-content\/uploads\/2025\/03\/PSX_20250302_121824.jpg?fit=600%2C400&amp;ssl=1\" data-orig-size=\"600,400\" data-comments-opened=\"1\" data-image-meta=\"{&quot;aperture&quot;:&quot;0&quot;,&quot;credit&quot;:&quot;&quot;,&quot;camera&quot;:&quot;&quot;,&quot;caption&quot;:&quot;&quot;,&quot;created_timestamp&quot;:&quot;0&quot;,&quot;copyright&quot;:&quot;&quot;,&quot;focal_length&quot;:&quot;0&quot;,&quot;iso&quot;:&quot;0&quot;,&quot;shutter_speed&quot;:&quot;0&quot;,&quot;title&quot;:&quot;&quot;,&quot;orientation&quot;:&quot;0&quot;}\" data-image-title=\"PSX_20250302_121824\" data-image-description=\"\" data-image-caption=\"\" data-large-file=\"https:\/\/i0.wp.com\/azturismo.net\/wp-content\/uploads\/2025\/03\/PSX_20250302_121824.jpg?fit=600%2C400&amp;ssl=1\" src=\"https:\/\/i0.wp.com\/azturismo.net\/wp-content\/uploads\/2025\/03\/PSX_20250302_121824.jpg?resize=600%2C400&#038;ssl=1\" alt=\"\" class=\"wp-image-3201\" srcset=\"https:\/\/i0.wp.com\/azturismo.net\/wp-content\/uploads\/2025\/03\/PSX_20250302_121824.jpg?w=600&amp;ssl=1 600w, https:\/\/i0.wp.com\/azturismo.net\/wp-content\/uploads\/2025\/03\/PSX_20250302_121824.jpg?resize=300%2C200&amp;ssl=1 300w, https:\/\/i0.wp.com\/azturismo.net\/wp-content\/uploads\/2025\/03\/PSX_20250302_121824.jpg?resize=150%2C100&amp;ssl=1 150w\" sizes=\"auto, (max-width: 600px) 100vw, 600px\" \/><\/figure><\/div>\n\n\n<p>Durante tres d\u00edas, los asistentes podr\u00e1n disfrutar de un programa dise\u00f1ado para potenciar el bienestar f\u00edsico, mental y espiritual. Algunas de las actividades destacadas incluyen:<\/p>\n\n\n\n<p>\u2705 Yoga y meditaci\u00f3n con expertos internacionales.<br>\u2705 Movimiento funcional para mejorar fuerza y flexibilidad.<br>\u2705 Sound healing y terapias de sanaci\u00f3n con sonido.<br>\u2705 Conferencias inspiradoras sobre bienestar y crecimiento personal.<br>\u2705 Bazar hol\u00edstico con productos y servicios para una vida saludable.<\/p>\n\n\n\n<p>Maestros invitados: referentes del bienestar<\/p>\n\n\n\n<p>El evento contar\u00e1 con la participaci\u00f3n de renombrados especialistas en yoga, meditaci\u00f3n y desarrollo personal, entre ellos:<\/p>\n\n\n\n<p>Prem Dayal, con una sesi\u00f3n especial sobre meditaci\u00f3n Kundalini.<\/p>\n\n\n\n<p>Gueshe Sherab, monje budista que ofrecer\u00e1 una conferencia inspiradora.<\/p>\n\n\n\n<p>Shakti Bird, creadora de la pr\u00e1ctica Freedom Flow.<\/p>\n\n\n\n<p>Tanya Witmond, experta en Primal Yoga y organizadora del evento.<\/p>\n\n\n\n<p>Valezka y Martha PF50, instructoras de entrenamiento funcional.<\/p>\n\n\n\n<p>Chef Yogui, con un taller de pizza saludable.<\/p>\n\n\n\n<p>Marissa Esparza, especialista en Yoga\/Back Mitra.<\/p>\n\n\n\n<p>Humberto Espinosa, instructor de Yoga &amp; Mindfulness.<\/p>\n\n\n\n<p>Vanessa Xamania, con la experiencia Spa Day.<\/p>\n\n\n\n<p>Alyosha Barreiro, con una sesi\u00f3n de Ecstatic Dance.<\/p>\n\n\n\n<p>No te pierdas la oportunidad de vivir un fin de semana de transformaci\u00f3n y bienestar en uno de los destinos m\u00e1s m\u00edsticos de M\u00e9xico.<\/p>\n\n\n\n<p>\ud83d\udcf2 M\u00e1s informaci\u00f3n y contacto: @holisticyogafest<\/p>\n\n\n\n<figure class=\"wp-block-embed is-type-rich is-provider-instagram wp-block-embed-instagram\"><div class=\"wp-block-embed__wrapper\">\n<blockquote class=\"instagram-media\" data-instgrm-captioned data-instgrm-permalink=\"https:\/\/www.instagram.com\/reel\/DFaeyjPO6qk\/?utm_source=ig_embed&amp;utm_campaign=loading\" data-instgrm-version=\"14\" style=\" background:#FFF; border:0; border-radius:3px; box-shadow:0 0 1px 0 rgba(0,0,0,0.5),0 1px 10px 0 rgba(0,0,0,0.15); margin: 1px; max-width:658px; min-width:326px; padding:0; width:99.375%; width:-webkit-calc(100% - 2px); width:calc(100% - 2px);\"><div style=\"padding:16px;\"> <a href=\"https:\/\/www.instagram.com\/reel\/DFaeyjPO6qk\/?utm_source=ig_embed&amp;utm_campaign=loading\" style=\" background:#FFFFFF; line-height:0; padding:0 0; text-align:center; text-decoration:none; width:100%;\" target=\"_blank\"> <div style=\" display: flex; flex-direction: row; align-items: center;\"> <div style=\"background-color: #F4F4F4; border-radius: 50%; flex-grow: 0; height: 40px; margin-right: 14px; width: 40px;\"><\/div> <div style=\"display: flex; flex-direction: column; flex-grow: 1; justify-content: center;\"> <div style=\" background-color: #F4F4F4; border-radius: 4px; flex-grow: 0; height: 14px; margin-bottom: 6px; width: 100px;\"><\/div> <div style=\" background-color: #F4F4F4; border-radius: 4px; flex-grow: 0; height: 14px; width: 60px;\"><\/div><\/div><\/div><div style=\"padding: 19% 0;\"><\/div> <div style=\"display:block; height:50px; margin:0 auto 12px; width:50px;\"><svg width=\"50px\" height=\"50px\" viewBox=\"0 0 60 60\" version=\"1.1\" xmlns=\"https:\/\/www.w3.org\/2000\/svg\" xmlns:xlink=\"https:\/\/www.w3.org\/1999\/xlink\"><g stroke=\"none\" stroke-width=\"1\" fill=\"none\" fill-rule=\"evenodd\"><g transform=\"translate(-511.000000, -20.000000)\" fill=\"#000000\"><g><path d=\"M556.869,30.41 C554.814,30.41 553.148,32.076 553.148,34.131 C553.148,36.186 554.814,37.852 556.869,37.852 C558.924,37.852 560.59,36.186 560.59,34.131 C560.59,32.076 558.924,30.41 556.869,30.41 M541,60.657 C535.114,60.657 530.342,55.887 530.342,50 C530.342,44.114 535.114,39.342 541,39.342 C546.887,39.342 551.658,44.114 551.658,50 C551.658,55.887 546.887,60.657 541,60.657 M541,33.886 C532.1,33.886 524.886,41.1 524.886,50 C524.886,58.899 532.1,66.113 541,66.113 C549.9,66.113 557.115,58.899 557.115,50 C557.115,41.1 549.9,33.886 541,33.886 M565.378,62.101 C565.244,65.022 564.756,66.606 564.346,67.663 C563.803,69.06 563.154,70.057 562.106,71.106 C561.058,72.155 560.06,72.803 558.662,73.347 C557.607,73.757 556.021,74.244 553.102,74.378 C549.944,74.521 548.997,74.552 541,74.552 C533.003,74.552 532.056,74.521 528.898,74.378 C525.979,74.244 524.393,73.757 523.338,73.347 C521.94,72.803 520.942,72.155 519.894,71.106 C518.846,70.057 518.197,69.06 517.654,67.663 C517.244,66.606 516.755,65.022 516.623,62.101 C516.479,58.943 516.448,57.996 516.448,50 C516.448,42.003 516.479,41.056 516.623,37.899 C516.755,34.978 517.244,33.391 517.654,32.338 C518.197,30.938 518.846,29.942 519.894,28.894 C520.942,27.846 521.94,27.196 523.338,26.654 C524.393,26.244 525.979,25.756 528.898,25.623 C532.057,25.479 533.004,25.448 541,25.448 C548.997,25.448 549.943,25.479 553.102,25.623 C556.021,25.756 557.607,26.244 558.662,26.654 C560.06,27.196 561.058,27.846 562.106,28.894 C563.154,29.942 563.803,30.938 564.346,32.338 C564.756,33.391 565.244,34.978 565.378,37.899 C565.522,41.056 565.552,42.003 565.552,50 C565.552,57.996 565.522,58.943 565.378,62.101 M570.82,37.631 C570.674,34.438 570.167,32.258 569.425,30.349 C568.659,28.377 567.633,26.702 565.965,25.035 C564.297,23.368 562.623,22.342 560.652,21.575 C558.743,20.834 556.562,20.326 553.369,20.18 C550.169,20.033 549.148,20 541,20 C532.853,20 531.831,20.033 528.631,20.18 C525.438,20.326 523.257,20.834 521.349,21.575 C519.376,22.342 517.703,23.368 516.035,25.035 C514.368,26.702 513.342,28.377 512.574,30.349 C511.834,32.258 511.326,34.438 511.181,37.631 C511.035,40.831 511,41.851 511,50 C511,58.147 511.035,59.17 511.181,62.369 C511.326,65.562 511.834,67.743 512.574,69.651 C513.342,71.625 514.368,73.296 516.035,74.965 C517.703,76.634 519.376,77.658 521.349,78.425 C523.257,79.167 525.438,79.673 528.631,79.82 C531.831,79.965 532.853,80.001 541,80.001 C549.148,80.001 550.169,79.965 553.369,79.82 C556.562,79.673 558.743,79.167 560.652,78.425 C562.623,77.658 564.297,76.634 565.965,74.965 C567.633,73.296 568.659,71.625 569.425,69.651 C570.167,67.743 570.674,65.562 570.82,62.369 C570.966,59.17 571,58.147 571,50 C571,41.851 570.966,40.831 570.82,37.631\"><\/path><\/g><\/g><\/g><\/svg><\/div><div style=\"padding-top: 8px;\"> <div style=\" color:#3897f0; font-family:Arial,sans-serif; font-size:14px; font-style:normal; font-weight:550; line-height:18px;\">View this post on Instagram<\/div><\/div><div style=\"padding: 12.5% 0;\"><\/div> <div style=\"display: flex; flex-direction: row; margin-bottom: 14px; align-items: center;\"><div> <div style=\"background-color: #F4F4F4; border-radius: 50%; height: 12.5px; width: 12.5px; transform: translateX(0px) translateY(7px);\"><\/div> <div style=\"background-color: #F4F4F4; height: 12.5px; transform: rotate(-45deg) translateX(3px) translateY(1px); width: 12.5px; flex-grow: 0; margin-right: 14px; margin-left: 2px;\"><\/div> <div style=\"background-color: #F4F4F4; border-radius: 50%; height: 12.5px; width: 12.5px; transform: translateX(9px) translateY(-18px);\"><\/div><\/div><div style=\"margin-left: 8px;\"> <div style=\" background-color: #F4F4F4; border-radius: 50%; flex-grow: 0; height: 20px; width: 20px;\"><\/div> <div style=\" width: 0; height: 0; border-top: 2px solid transparent; border-left: 6px solid #f4f4f4; border-bottom: 2px solid transparent; transform: translateX(16px) translateY(-4px) rotate(30deg)\"><\/div><\/div><div style=\"margin-left: auto;\"> <div style=\" width: 0px; border-top: 8px solid #F4F4F4; border-right: 8px solid transparent; transform: translateY(16px);\"><\/div> <div style=\" background-color: #F4F4F4; flex-grow: 0; height: 12px; width: 16px; transform: translateY(-4px);\"><\/div> <div style=\" width: 0; height: 0; border-top: 8px solid #F4F4F4; border-left: 8px solid transparent; transform: translateY(-4px) translateX(8px);\"><\/div><\/div><\/div> <div style=\"display: flex; flex-direction: column; flex-grow: 1; justify-content: center; margin-bottom: 24px;\"> <div style=\" background-color: #F4F4F4; border-radius: 4px; flex-grow: 0; height: 14px; margin-bottom: 6px; width: 224px;\"><\/div> <div style=\" background-color: #F4F4F4; border-radius: 4px; flex-grow: 0; height: 14px; width: 144px;\"><\/div><\/div><\/a><p style=\" color:#c9c8cd; font-family:Arial,sans-serif; font-size:14px; line-height:17px; margin-bottom:0; margin-top:8px; overflow:hidden; padding:8px 0 7px; text-align:center; text-overflow:ellipsis; white-space:nowrap;\"><a href=\"https:\/\/www.instagram.com\/reel\/DFaeyjPO6qk\/?utm_source=ig_embed&amp;utm_campaign=loading\" style=\" color:#c9c8cd; font-family:Arial,sans-serif; font-size:14px; font-style:normal; font-weight:normal; line-height:17px; text-decoration:none;\" target=\"_blank\">A post shared by Holistic Yoga Fest (@holisticyogafest)<\/a><\/p><\/div><\/blockquote><script async src=\"\/\/platform.instagram.com\/en_US\/embeds.js\"><\/script>\n<\/div><\/figure>\n\n\n\n<p>,<\/p>\n","protected":false},"excerpt":{"rendered":"<p>Por Claudia Carrera Si buscas renovar tu energ\u00eda, aprender nuevas pr\u00e1cticas de bienestar y conectar con una comunidad vibrante, el Holistic Yoga Fest 2025 es el evento ideal para ti, ya que est\u00e1 dise\u00f1ado para conectar cuerpo, mente y esp\u00edritu a trav\u00e9s de pr\u00e1cticas ancestrales y modernas del bienestar. El festival se llevar\u00e1 a cabo [&hellip;]<\/p>\n","protected":false},"author":1,"featured_media":3200,"comment_status":"open","ping_status":"open","sticky":false,"template":"","format":"standard","meta":{"jetpack_post_was_ever_published":false,"_jetpack_newsletter_access":"","_jetpack_dont_email_post_to_subs":false,"_jetpack_newsletter_tier_id":0,"_jetpack_memberships_contains_paywalled_content":false,"_jetpack_memberships_contains_paid_content":false,"footnotes":"","jetpack_publicize_message":"","jetpack_publicize_feature_enabled":true,"jetpack_social_post_already_shared":true,"jetpack_social_options":{"image_generator_settings":{"template":"highway","default_image_id":0,"font":"","enabled":false},"version":2}},"categories":[30,27],"tags":[99,403,39,1237,509],"class_list":{"0":"post-3199","1":"post","2":"type-post","3":"status-publish","4":"format-standard","5":"has-post-thumbnail","7":"category-e","8":"category-salud","9":"tag-azturismo","10":"tag-morelos","11":"tag-turismo","12":"tag-turismo-wellness-2","13":"tag-yoga"},"yoast_head":"<!-- This site is optimized with the Yoast SEO plugin v27.5 - https:\/\/yoast.com\/product\/yoast-seo-wordpress\/ -->\n<title>\u00a1Vive una experiencia transformadora en el Holistic Yoga Fest 2025! - Azturismo Noticias<\/title>\n<meta name=\"description\" content=\"Morelos se posiciona como uno de los principales destinos de turismo wellness en M\u00e9xico. Este 2025, el estado ser\u00e1 sede del Holistic Yoga Fest, un evento dise\u00f1ado para conectar cuerpo, mente y esp\u00edritu a trav\u00e9s de pr\u00e1cticas ancestrales y modernas del bienestar.\" \/>\n<meta name=\"robots\" content=\"index, follow, max-snippet:-1, max-image-preview:large, max-video-preview:-1\" \/>\n<link rel=\"canonical\" href=\"https:\/\/azturismo.net\/?p=3199\" \/>\n<meta property=\"og:locale\" content=\"es_MX\" \/>\n<meta property=\"og:type\" content=\"article\" \/>\n<meta property=\"og:title\" content=\"\u00a1Vive una experiencia transformadora en el Holistic Yoga Fest 2025! - Azturismo Noticias\" \/>\n<meta property=\"og:description\" content=\"Morelos se posiciona como uno de los principales destinos de turismo wellness en M\u00e9xico. Este 2025, el estado ser\u00e1 sede del Holistic Yoga Fest, un evento dise\u00f1ado para conectar cuerpo, mente y esp\u00edritu a trav\u00e9s de pr\u00e1cticas ancestrales y modernas del bienestar.\" \/>\n<meta property=\"og:url\" content=\"https:\/\/azturismo.net\/?p=3199\" \/>\n<meta property=\"og:site_name\" content=\"Azturismo Noticias\" \/>\n<meta property=\"article:publisher\" content=\"https:\/\/www.facebook.com\/AzturismoNoticias\" \/>\n<meta property=\"article:published_time\" content=\"2025-03-02T18:43:46+00:00\" \/>\n<meta property=\"article:modified_time\" content=\"2025-03-02T18:43:48+00:00\" \/>\n<meta property=\"og:image\" content=\"https:\/\/azturismo.net\/wp-content\/uploads\/2025\/03\/PSX_20250302_122431.jpg\" \/>\n\t<meta property=\"og:image:width\" content=\"600\" \/>\n\t<meta property=\"og:image:height\" content=\"598\" \/>\n\t<meta property=\"og:image:type\" content=\"image\/jpeg\" \/>\n<meta name=\"author\" content=\"Azturismo\" \/>\n<meta name=\"twitter:card\" content=\"summary_large_image\" \/>\n<meta name=\"twitter:creator\" content=\"@AzTurismo\" \/>\n<meta name=\"twitter:site\" content=\"@AzTurismo\" \/>\n<meta name=\"twitter:label1\" content=\"Escrito por\" \/>\n\t<meta name=\"twitter:data1\" content=\"Azturismo\" \/>\n\t<meta name=\"twitter:label2\" content=\"Tiempo de lectura\" \/>\n\t<meta name=\"twitter:data2\" content=\"2 minutos\" \/>\n<script type=\"application\/ld+json\" class=\"yoast-schema-graph\">{\"@context\":\"https:\\\/\\\/schema.org\",\"@graph\":[{\"@type\":\"Article\",\"@id\":\"https:\\\/\\\/azturismo.net\\\/?p=3199#article\",\"isPartOf\":{\"@id\":\"https:\\\/\\\/azturismo.net\\\/?p=3199\"},\"author\":{\"name\":\"Azturismo\",\"@id\":\"https:\\\/\\\/azturismo.net\\\/#\\\/schema\\\/person\\\/4b56d87f51c4d1b518c650739ad3bbc1\"},\"headline\":\"\u00a1Vive una experiencia transformadora en el Holistic Yoga Fest 2025!\",\"datePublished\":\"2025-03-02T18:43:46+00:00\",\"dateModified\":\"2025-03-02T18:43:48+00:00\",\"mainEntityOfPage\":{\"@id\":\"https:\\\/\\\/azturismo.net\\\/?p=3199\"},\"wordCount\":332,\"commentCount\":0,\"publisher\":{\"@id\":\"https:\\\/\\\/azturismo.net\\\/#organization\"},\"image\":{\"@id\":\"https:\\\/\\\/azturismo.net\\\/?p=3199#primaryimage\"},\"thumbnailUrl\":\"https:\\\/\\\/i0.wp.com\\\/azturismo.net\\\/wp-content\\\/uploads\\\/2025\\\/03\\\/PSX_20250302_122431.jpg?fit=600%2C598&ssl=1\",\"keywords\":[\"azturismo\",\"Morelos\",\"Turismo\",\"Turismo wellness\",\"yoga\"],\"articleSection\":[\"Destacadas\",\"SALUD\"],\"inLanguage\":\"es\",\"potentialAction\":[{\"@type\":\"CommentAction\",\"name\":\"Comment\",\"target\":[\"https:\\\/\\\/azturismo.net\\\/?p=3199#respond\"]}]},{\"@type\":\"WebPage\",\"@id\":\"https:\\\/\\\/azturismo.net\\\/?p=3199\",\"url\":\"https:\\\/\\\/azturismo.net\\\/?p=3199\",\"name\":\"\u00a1Vive una experiencia transformadora en el Holistic Yoga Fest 2025! - Azturismo Noticias\",\"isPartOf\":{\"@id\":\"https:\\\/\\\/azturismo.net\\\/#website\"},\"primaryImageOfPage\":{\"@id\":\"https:\\\/\\\/azturismo.net\\\/?p=3199#primaryimage\"},\"image\":{\"@id\":\"https:\\\/\\\/azturismo.net\\\/?p=3199#primaryimage\"},\"thumbnailUrl\":\"https:\\\/\\\/i0.wp.com\\\/azturismo.net\\\/wp-content\\\/uploads\\\/2025\\\/03\\\/PSX_20250302_122431.jpg?fit=600%2C598&ssl=1\",\"datePublished\":\"2025-03-02T18:43:46+00:00\",\"dateModified\":\"2025-03-02T18:43:48+00:00\",\"description\":\"Morelos se posiciona como uno de los principales destinos de turismo wellness en M\u00e9xico. Este 2025, el estado ser\u00e1 sede del Holistic Yoga Fest, un evento dise\u00f1ado para conectar cuerpo, mente y esp\u00edritu a trav\u00e9s de pr\u00e1cticas ancestrales y modernas del bienestar.\",\"breadcrumb\":{\"@id\":\"https:\\\/\\\/azturismo.net\\\/?p=3199#breadcrumb\"},\"inLanguage\":\"es\",\"potentialAction\":[{\"@type\":\"ReadAction\",\"target\":[\"https:\\\/\\\/azturismo.net\\\/?p=3199\"]}]},{\"@type\":\"ImageObject\",\"inLanguage\":\"es\",\"@id\":\"https:\\\/\\\/azturismo.net\\\/?p=3199#primaryimage\",\"url\":\"https:\\\/\\\/i0.wp.com\\\/azturismo.net\\\/wp-content\\\/uploads\\\/2025\\\/03\\\/PSX_20250302_122431.jpg?fit=600%2C598&ssl=1\",\"contentUrl\":\"https:\\\/\\\/i0.wp.com\\\/azturismo.net\\\/wp-content\\\/uploads\\\/2025\\\/03\\\/PSX_20250302_122431.jpg?fit=600%2C598&ssl=1\",\"width\":600,\"height\":598},{\"@type\":\"BreadcrumbList\",\"@id\":\"https:\\\/\\\/azturismo.net\\\/?p=3199#breadcrumb\",\"itemListElement\":[{\"@type\":\"ListItem\",\"position\":1,\"name\":\"Home\",\"item\":\"https:\\\/\\\/azturismo.net\\\/\"},{\"@type\":\"ListItem\",\"position\":2,\"name\":\"\u00a1Vive una experiencia transformadora en el Holistic Yoga Fest 2025!\"}]},{\"@type\":\"WebSite\",\"@id\":\"https:\\\/\\\/azturismo.net\\\/#website\",\"url\":\"https:\\\/\\\/azturismo.net\\\/\",\"name\":\"Azturismo\",\"description\":\"Azturismo Noticias\",\"publisher\":{\"@id\":\"https:\\\/\\\/azturismo.net\\\/#organization\"},\"potentialAction\":[{\"@type\":\"SearchAction\",\"target\":{\"@type\":\"EntryPoint\",\"urlTemplate\":\"https:\\\/\\\/azturismo.net\\\/?s={search_term_string}\"},\"query-input\":{\"@type\":\"PropertyValueSpecification\",\"valueRequired\":true,\"valueName\":\"search_term_string\"}}],\"inLanguage\":\"es\"},{\"@type\":\"Organization\",\"@id\":\"https:\\\/\\\/azturismo.net\\\/#organization\",\"name\":\"Azturismo\",\"url\":\"https:\\\/\\\/azturismo.net\\\/\",\"logo\":{\"@type\":\"ImageObject\",\"inLanguage\":\"es\",\"@id\":\"https:\\\/\\\/azturismo.net\\\/#\\\/schema\\\/logo\\\/image\\\/\",\"url\":\"https:\\\/\\\/i0.wp.com\\\/azturismo.net\\\/wp-content\\\/uploads\\\/2024\\\/03\\\/logo-el-bueno-.png?fit=294%2C69&ssl=1\",\"contentUrl\":\"https:\\\/\\\/i0.wp.com\\\/azturismo.net\\\/wp-content\\\/uploads\\\/2024\\\/03\\\/logo-el-bueno-.png?fit=294%2C69&ssl=1\",\"width\":294,\"height\":69,\"caption\":\"Azturismo\"},\"image\":{\"@id\":\"https:\\\/\\\/azturismo.net\\\/#\\\/schema\\\/logo\\\/image\\\/\"},\"sameAs\":[\"https:\\\/\\\/www.facebook.com\\\/AzturismoNoticias\",\"https:\\\/\\\/x.com\\\/AzTurismo\",\"https:\\\/\\\/www.instagram.com\\\/azturismo_noticias\\\/?fbclid=IwAR2xMiuoHbs6eLeIHKP8P5sSGa-xFrw7FfejscXO7kDghWa7wKLjGczKOwE\",\"https:\\\/\\\/www.tiktok.com\\\/@azturismo\"]},{\"@type\":\"Person\",\"@id\":\"https:\\\/\\\/azturismo.net\\\/#\\\/schema\\\/person\\\/4b56d87f51c4d1b518c650739ad3bbc1\",\"name\":\"Azturismo\",\"image\":{\"@type\":\"ImageObject\",\"inLanguage\":\"es\",\"@id\":\"https:\\\/\\\/azturismo.net\\\/wp-content\\\/litespeed\\\/avatar\\\/dfe28a31cdd68b788da48a316e50db10.jpg?ver=1777707566\",\"url\":\"https:\\\/\\\/azturismo.net\\\/wp-content\\\/litespeed\\\/avatar\\\/dfe28a31cdd68b788da48a316e50db10.jpg?ver=1777707566\",\"contentUrl\":\"https:\\\/\\\/azturismo.net\\\/wp-content\\\/litespeed\\\/avatar\\\/dfe28a31cdd68b788da48a316e50db10.jpg?ver=1777707566\",\"caption\":\"Azturismo\"},\"sameAs\":[\"https:\\\/\\\/azturismo.net\"],\"url\":\"https:\\\/\\\/azturismo.net\\\/?author=1\"}]}<\/script>\n<!-- \/ Yoast SEO plugin. -->","yoast_head_json":{"title":"\u00a1Vive una experiencia transformadora en el Holistic Yoga Fest 2025! - Azturismo Noticias","description":"Morelos se posiciona como uno de los principales destinos de turismo wellness en M\u00e9xico. Este 2025, el estado ser\u00e1 sede del Holistic Yoga Fest, un evento dise\u00f1ado para conectar cuerpo, mente y esp\u00edritu a trav\u00e9s de pr\u00e1cticas ancestrales y modernas del bienestar.","robots":{"index":"index","follow":"follow","max-snippet":"max-snippet:-1","max-image-preview":"max-image-preview:large","max-video-preview":"max-video-preview:-1"},"canonical":"https:\/\/azturismo.net\/?p=3199","og_locale":"es_MX","og_type":"article","og_title":"\u00a1Vive una experiencia transformadora en el Holistic Yoga Fest 2025! - Azturismo Noticias","og_description":"Morelos se posiciona como uno de los principales destinos de turismo wellness en M\u00e9xico. Este 2025, el estado ser\u00e1 sede del Holistic Yoga Fest, un evento dise\u00f1ado para conectar cuerpo, mente y esp\u00edritu a trav\u00e9s de pr\u00e1cticas ancestrales y modernas del bienestar.","og_url":"https:\/\/azturismo.net\/?p=3199","og_site_name":"Azturismo Noticias","article_publisher":"https:\/\/www.facebook.com\/AzturismoNoticias","article_published_time":"2025-03-02T18:43:46+00:00","article_modified_time":"2025-03-02T18:43:48+00:00","og_image":[{"width":600,"height":598,"url":"https:\/\/azturismo.net\/wp-content\/uploads\/2025\/03\/PSX_20250302_122431.jpg","type":"image\/jpeg"}],"author":"Azturismo","twitter_card":"summary_large_image","twitter_creator":"@AzTurismo","twitter_site":"@AzTurismo","twitter_misc":{"Escrito por":"Azturismo","Tiempo de lectura":"2 minutos"},"schema":{"@context":"https:\/\/schema.org","@graph":[{"@type":"Article","@id":"https:\/\/azturismo.net\/?p=3199#article","isPartOf":{"@id":"https:\/\/azturismo.net\/?p=3199"},"author":{"name":"Azturismo","@id":"https:\/\/azturismo.net\/#\/schema\/person\/4b56d87f51c4d1b518c650739ad3bbc1"},"headline":"\u00a1Vive una experiencia transformadora en el Holistic Yoga Fest 2025!","datePublished":"2025-03-02T18:43:46+00:00","dateModified":"2025-03-02T18:43:48+00:00","mainEntityOfPage":{"@id":"https:\/\/azturismo.net\/?p=3199"},"wordCount":332,"commentCount":0,"publisher":{"@id":"https:\/\/azturismo.net\/#organization"},"image":{"@id":"https:\/\/azturismo.net\/?p=3199#primaryimage"},"thumbnailUrl":"https:\/\/i0.wp.com\/azturismo.net\/wp-content\/uploads\/2025\/03\/PSX_20250302_122431.jpg?fit=600%2C598&ssl=1","keywords":["azturismo","Morelos","Turismo","Turismo wellness","yoga"],"articleSection":["Destacadas","SALUD"],"inLanguage":"es","potentialAction":[{"@type":"CommentAction","name":"Comment","target":["https:\/\/azturismo.net\/?p=3199#respond"]}]},{"@type":"WebPage","@id":"https:\/\/azturismo.net\/?p=3199","url":"https:\/\/azturismo.net\/?p=3199","name":"\u00a1Vive una experiencia transformadora en el Holistic Yoga Fest 2025! - Azturismo Noticias","isPartOf":{"@id":"https:\/\/azturismo.net\/#website"},"primaryImageOfPage":{"@id":"https:\/\/azturismo.net\/?p=3199#primaryimage"},"image":{"@id":"https:\/\/azturismo.net\/?p=3199#primaryimage"},"thumbnailUrl":"https:\/\/i0.wp.com\/azturismo.net\/wp-content\/uploads\/2025\/03\/PSX_20250302_122431.jpg?fit=600%2C598&ssl=1","datePublished":"2025-03-02T18:43:46+00:00","dateModified":"2025-03-02T18:43:48+00:00","description":"Morelos se posiciona como uno de los principales destinos de turismo wellness en M\u00e9xico. Este 2025, el estado ser\u00e1 sede del Holistic Yoga Fest, un evento dise\u00f1ado para conectar cuerpo, mente y esp\u00edritu a trav\u00e9s de pr\u00e1cticas ancestrales y modernas del bienestar.","breadcrumb":{"@id":"https:\/\/azturismo.net\/?p=3199#breadcrumb"},"inLanguage":"es","potentialAction":[{"@type":"ReadAction","target":["https:\/\/azturismo.net\/?p=3199"]}]},{"@type":"ImageObject","inLanguage":"es","@id":"https:\/\/azturismo.net\/?p=3199#primaryimage","url":"https:\/\/i0.wp.com\/azturismo.net\/wp-content\/uploads\/2025\/03\/PSX_20250302_122431.jpg?fit=600%2C598&ssl=1","contentUrl":"https:\/\/i0.wp.com\/azturismo.net\/wp-content\/uploads\/2025\/03\/PSX_20250302_122431.jpg?fit=600%2C598&ssl=1","width":600,"height":598},{"@type":"BreadcrumbList","@id":"https:\/\/azturismo.net\/?p=3199#breadcrumb","itemListElement":[{"@type":"ListItem","position":1,"name":"Home","item":"https:\/\/azturismo.net\/"},{"@type":"ListItem","position":2,"name":"\u00a1Vive una experiencia transformadora en el Holistic Yoga Fest 2025!"}]},{"@type":"WebSite","@id":"https:\/\/azturismo.net\/#website","url":"https:\/\/azturismo.net\/","name":"Azturismo","description":"Azturismo Noticias","publisher":{"@id":"https:\/\/azturismo.net\/#organization"},"potentialAction":[{"@type":"SearchAction","target":{"@type":"EntryPoint","urlTemplate":"https:\/\/azturismo.net\/?s={search_term_string}"},"query-input":{"@type":"PropertyValueSpecification","valueRequired":true,"valueName":"search_term_string"}}],"inLanguage":"es"},{"@type":"Organization","@id":"https:\/\/azturismo.net\/#organization","name":"Azturismo","url":"https:\/\/azturismo.net\/","logo":{"@type":"ImageObject","inLanguage":"es","@id":"https:\/\/azturismo.net\/#\/schema\/logo\/image\/","url":"https:\/\/i0.wp.com\/azturismo.net\/wp-content\/uploads\/2024\/03\/logo-el-bueno-.png?fit=294%2C69&ssl=1","contentUrl":"https:\/\/i0.wp.com\/azturismo.net\/wp-content\/uploads\/2024\/03\/logo-el-bueno-.png?fit=294%2C69&ssl=1","width":294,"height":69,"caption":"Azturismo"},"image":{"@id":"https:\/\/azturismo.net\/#\/schema\/logo\/image\/"},"sameAs":["https:\/\/www.facebook.com\/AzturismoNoticias","https:\/\/x.com\/AzTurismo","https:\/\/www.instagram.com\/azturismo_noticias\/?fbclid=IwAR2xMiuoHbs6eLeIHKP8P5sSGa-xFrw7FfejscXO7kDghWa7wKLjGczKOwE","https:\/\/www.tiktok.com\/@azturismo"]},{"@type":"Person","@id":"https:\/\/azturismo.net\/#\/schema\/person\/4b56d87f51c4d1b518c650739ad3bbc1","name":"Azturismo","image":{"@type":"ImageObject","inLanguage":"es","@id":"https:\/\/azturismo.net\/wp-content\/litespeed\/avatar\/dfe28a31cdd68b788da48a316e50db10.jpg?ver=1777707566","url":"https:\/\/azturismo.net\/wp-content\/litespeed\/avatar\/dfe28a31cdd68b788da48a316e50db10.jpg?ver=1777707566","contentUrl":"https:\/\/azturismo.net\/wp-content\/litespeed\/avatar\/dfe28a31cdd68b788da48a316e50db10.jpg?ver=1777707566","caption":"Azturismo"},"sameAs":["https:\/\/azturismo.net"],"url":"https:\/\/azturismo.net\/?author=1"}]}},"jetpack_publicize_connections":[],"jetpack_featured_media_url":"https:\/\/i0.wp.com\/azturismo.net\/wp-content\/uploads\/2025\/03\/PSX_20250302_122431.jpg?fit=600%2C598&ssl=1","jetpack_sharing_enabled":true,"jetpack-related-posts":[{"id":5510,"url":"https:\/\/azturismo.net\/?p=5510","url_meta":{"origin":3199,"position":0},"title":"Baja California Sur ser\u00e1 el epicentro del Wellness con 2 festivales este oto\u00f1o","author":"Azturismo","date":"octubre 13, 2025","format":false,"excerpt":"Por Claudia Carrera Baja California Sur se prepara para convertirse en el epicentro del wellness en M\u00e9xico con dos experiencias \u00fanicas que combinan yoga, meditaci\u00f3n, m\u00fasica en vivo y gastronom\u00eda saludable: Todos Santos Wellness Fest y Loreto Live Well Experience. Estos encuentros, impulsados por el Fideicomiso de Turismo Estatal, la\u2026","rel":"","context":"En &quot;Destacadas&quot;","block_context":{"text":"Destacadas","link":"https:\/\/azturismo.net\/?cat=30"},"img":{"alt_text":"","src":"https:\/\/i0.wp.com\/azturismo.net\/wp-content\/uploads\/2025\/09\/BCS-Wellness1.png?fit=600%2C450&ssl=1&resize=350%2C200","width":350,"height":200,"srcset":"https:\/\/i0.wp.com\/azturismo.net\/wp-content\/uploads\/2025\/09\/BCS-Wellness1.png?fit=600%2C450&ssl=1&resize=350%2C200 1x, https:\/\/i0.wp.com\/azturismo.net\/wp-content\/uploads\/2025\/09\/BCS-Wellness1.png?fit=600%2C450&ssl=1&resize=525%2C300 1.5x"},"classes":[]},{"id":5844,"url":"https:\/\/azturismo.net\/?p=5844","url_meta":{"origin":3199,"position":1},"title":"Descubre los spas de Nayarit: lujo, bienestar y experiencias \u00fanicas","author":"Azturismo","date":"octubre 5, 2025","format":false,"excerpt":"Por Oscar V\u00e1zquez C. Nayarit, ubicado en la costa del Pac\u00edfico Mexicano, es mucho m\u00e1s que playas doradas y atardeceres de ensue\u00f1o. Este destino se ha consolidado como un para\u00edso de turismo de bienestar, donde la naturaleza, el lujo y la tradici\u00f3n se combinan para ofrecer experiencias transformadoras para el\u2026","rel":"","context":"En &quot;Destacadas&quot;","block_context":{"text":"Destacadas","link":"https:\/\/azturismo.net\/?cat=30"},"img":{"alt_text":"","src":"https:\/\/i0.wp.com\/azturismo.net\/wp-content\/uploads\/2025\/10\/SPAS-Nayarit-2.jpg?fit=600%2C400&ssl=1&resize=350%2C200","width":350,"height":200,"srcset":"https:\/\/i0.wp.com\/azturismo.net\/wp-content\/uploads\/2025\/10\/SPAS-Nayarit-2.jpg?fit=600%2C400&ssl=1&resize=350%2C200 1x, https:\/\/i0.wp.com\/azturismo.net\/wp-content\/uploads\/2025\/10\/SPAS-Nayarit-2.jpg?fit=600%2C400&ssl=1&resize=525%2C300 1.5x"},"classes":[]},{"id":5859,"url":"https:\/\/azturismo.net\/?p=5859","url_meta":{"origin":3199,"position":2},"title":"Costalegre: el para\u00edso del glamping y eco-lodges","author":"Azturismo","date":"octubre 16, 2025","format":false,"excerpt":"Por Staff AzTurismo Si lo que buscas es un viaje que combine lujo, naturaleza y experiencias aut\u00e9nticas, Costalegre, Jalisco, es el destino ideal. Ubicado en el coraz\u00f3n del Pac\u00edfico mexicano, este corredor tur\u00edstico entre selvas tropicales y playas v\u00edrgenes se ha convertido en un refugio exclusivo para quienes buscan una\u2026","rel":"","context":"En &quot;Destacadas&quot;","block_context":{"text":"Destacadas","link":"https:\/\/azturismo.net\/?cat=30"},"img":{"alt_text":"","src":"https:\/\/i0.wp.com\/azturismo.net\/wp-content\/uploads\/2025\/10\/Costalegre-Glamping05.png?fit=600%2C584&ssl=1&resize=350%2C200","width":350,"height":200,"srcset":"https:\/\/i0.wp.com\/azturismo.net\/wp-content\/uploads\/2025\/10\/Costalegre-Glamping05.png?fit=600%2C584&ssl=1&resize=350%2C200 1x, https:\/\/i0.wp.com\/azturismo.net\/wp-content\/uploads\/2025\/10\/Costalegre-Glamping05.png?fit=600%2C584&ssl=1&resize=525%2C300 1.5x"},"classes":[]},{"id":5855,"url":"https:\/\/azturismo.net\/?p=5855","url_meta":{"origin":3199,"position":3},"title":"7 alojamientos \u00fanicos en Valle de Bravo","author":"Azturismo","date":"octubre 17, 2025","format":false,"excerpt":"Por Oscar V\u00e1zquez C. Valle de Bravo es uno de los destinos m\u00e1s encantadores de M\u00e9xico, un Pueblo M\u00e1gico que combina turismo de aventura, hospitalidad de primer nivel y paisajes que parecen sacados de una postal. Hospedarse aqu\u00ed significa disfrutar de experiencias que mezclan descanso, cultura y contacto con la\u2026","rel":"","context":"En &quot;Destacadas&quot;","block_context":{"text":"Destacadas","link":"https:\/\/azturismo.net\/?cat=30"},"img":{"alt_text":"","src":"https:\/\/i0.wp.com\/azturismo.net\/wp-content\/uploads\/2025\/10\/Hotel-Botaniq.jpeg?fit=600%2C337&ssl=1&resize=350%2C200","width":350,"height":200,"srcset":"https:\/\/i0.wp.com\/azturismo.net\/wp-content\/uploads\/2025\/10\/Hotel-Botaniq.jpeg?fit=600%2C337&ssl=1&resize=350%2C200 1x, https:\/\/i0.wp.com\/azturismo.net\/wp-content\/uploads\/2025\/10\/Hotel-Botaniq.jpeg?fit=600%2C337&ssl=1&resize=525%2C300 1.5x"},"classes":[]},{"id":4798,"url":"https:\/\/azturismo.net\/?p=4798","url_meta":{"origin":3199,"position":4},"title":"\u2728 8 de agosto: una fecha energ\u00e9tica que inspira viajes con prop\u00f3sito \ud83c\udf0d","author":"Azturismo","date":"agosto 8, 2025","format":false,"excerpt":"\ud83c\udf0c \u00bfPor qu\u00e9 es especial el 8\/8? Por Staff AzTurismo Cada 8 de agosto, miles de personas alrededor del mundo celebran lo que se conoce como la apertura del \"Portal del Le\u00f3n\" (Lions Gate Portal), una alineaci\u00f3n c\u00f3smica que \u2014seg\u00fan distintas corrientes espirituales y esot\u00e9ricas\u2014 representa un momento de renovaci\u00f3n\u2026","rel":"","context":"En &quot;ESPECIALES 1&quot;","block_context":{"text":"ESPECIALES 1","link":"https:\/\/azturismo.net\/?cat=31"},"img":{"alt_text":"orange and red wallpaper","src":"https:\/\/i0.wp.com\/azturismo.net\/wp-content\/uploads\/2025\/08\/pexels-photo-1293120.jpeg?fit=1200%2C800&ssl=1&resize=350%2C200","width":350,"height":200,"srcset":"https:\/\/i0.wp.com\/azturismo.net\/wp-content\/uploads\/2025\/08\/pexels-photo-1293120.jpeg?fit=1200%2C800&ssl=1&resize=350%2C200 1x, https:\/\/i0.wp.com\/azturismo.net\/wp-content\/uploads\/2025\/08\/pexels-photo-1293120.jpeg?fit=1200%2C800&ssl=1&resize=525%2C300 1.5x, https:\/\/i0.wp.com\/azturismo.net\/wp-content\/uploads\/2025\/08\/pexels-photo-1293120.jpeg?fit=1200%2C800&ssl=1&resize=700%2C400 2x, https:\/\/i0.wp.com\/azturismo.net\/wp-content\/uploads\/2025\/08\/pexels-photo-1293120.jpeg?fit=1200%2C800&ssl=1&resize=1050%2C600 3x"},"classes":[]},{"id":4537,"url":"https:\/\/azturismo.net\/?p=4537","url_meta":{"origin":3199,"position":5},"title":"\u00a1Disfruta del mundo de los hongos con el Fungi!","author":"Azturismo","date":"julio 23, 2025","format":false,"excerpt":"Por Ricardo Aguirre Michoac\u00e1n se prepara para recibir uno de los festivales m\u00e1s innovadores del turismo gastron\u00f3mico mexicano, el Fungi Fest 2025 que se celebrar\u00e1 en Morelia los pr\u00f3ximos 2 y 3 de agosto, posicionando a la capital michoacana como epicentro de la cultura micol\u00f3gica nacional y ofreciendo una experiencia\u2026","rel":"","context":"En &quot;Destacadas&quot;","block_context":{"text":"Destacadas","link":"https:\/\/azturismo.net\/?cat=30"},"img":{"alt_text":"","src":"https:\/\/i0.wp.com\/azturismo.net\/wp-content\/uploads\/2025\/07\/Disfruta-del-mundo-de-los-hongos-con-el-Fungi-Fest-Sectur-3.jpeg?fit=600%2C399&ssl=1&resize=350%2C200","width":350,"height":200,"srcset":"https:\/\/i0.wp.com\/azturismo.net\/wp-content\/uploads\/2025\/07\/Disfruta-del-mundo-de-los-hongos-con-el-Fungi-Fest-Sectur-3.jpeg?fit=600%2C399&ssl=1&resize=350%2C200 1x, https:\/\/i0.wp.com\/azturismo.net\/wp-content\/uploads\/2025\/07\/Disfruta-del-mundo-de-los-hongos-con-el-Fungi-Fest-Sectur-3.jpeg?fit=600%2C399&ssl=1&resize=525%2C300 1.5x"},"classes":[]}],"jetpack_shortlink":"https:\/\/wp.me\/pfqZGx-PB","amp_enabled":true,"_links":{"self":[{"href":"https:\/\/azturismo.net\/index.php?rest_route=\/wp\/v2\/posts\/3199","targetHints":{"allow":["GET"]}}],"collection":[{"href":"https:\/\/azturismo.net\/index.php?rest_route=\/wp\/v2\/posts"}],"about":[{"href":"https:\/\/azturismo.net\/index.php?rest_route=\/wp\/v2\/types\/post"}],"author":[{"embeddable":true,"href":"https:\/\/azturismo.net\/index.php?rest_route=\/wp\/v2\/users\/1"}],"replies":[{"embeddable":true,"href":"https:\/\/azturismo.net\/index.php?rest_route=%2Fwp%2Fv2%2Fcomments&post=3199"}],"version-history":[{"count":1,"href":"https:\/\/azturismo.net\/index.php?rest_route=\/wp\/v2\/posts\/3199\/revisions"}],"predecessor-version":[{"id":3202,"href":"https:\/\/azturismo.net\/index.php?rest_route=\/wp\/v2\/posts\/3199\/revisions\/3202"}],"wp:featuredmedia":[{"embeddable":true,"href":"https:\/\/azturismo.net\/index.php?rest_route=\/wp\/v2\/media\/3200"}],"wp:attachment":[{"href":"https:\/\/azturismo.net\/index.php?rest_route=%2Fwp%2Fv2%2Fmedia&parent=3199"}],"wp:term":[{"taxonomy":"category","embeddable":true,"href":"https:\/\/azturismo.net\/index.php?rest_route=%2Fwp%2Fv2%2Fcategories&post=3199"},{"taxonomy":"post_tag","embeddable":true,"href":"https:\/\/azturismo.net\/index.php?rest_route=%2Fwp%2Fv2%2Ftags&post=3199"}],"curies":[{"name":"wp","href":"https:\/\/api.w.org\/{rel}","templated":true}]}}