{"id":3027,"date":"2025-02-19T14:48:32","date_gmt":"2025-02-19T20:48:32","guid":{"rendered":"https:\/\/azturismo.net\/?p=3027"},"modified":"2025-02-19T15:33:04","modified_gmt":"2025-02-19T21:33:04","slug":"se-une-sector-turistico-a-la-marca-hecho-en-mexico","status":"publish","type":"post","link":"https:\/\/azturismo.net\/?p=3027","title":{"rendered":"Se une sector tur\u00edstico a la Marca &#8220;Hecho en M\u00e9xico&#8221;"},"content":{"rendered":"\n<p>Por Staff AzTurismo<\/p>\n\n\n\n<p>En el marco del <strong>Plan M\u00e9xico<\/strong>, impulsado por la presidenta <strong>Claudia Sheinbaum Pardo<\/strong>, el sector tur\u00edstico mexicano di\u00f3 su apoyo al relanzamiento de la marca <strong>&#8220;Hecho en M\u00e9xico&#8221;<\/strong>. <\/p>\n\n\n\n<p>La <strong>secretaria de Turismo<\/strong>, <strong>Josefina Rodr\u00edguez Zamora<\/strong>,  destac\u00f3 que la gran familia tur\u00edstica de M\u00e9xico se ha sumado con entusiasmo a esta iniciativa nacional tras su nombramiento como miembro del <strong>Consejo Honorario Promotor<\/strong> de la marca.<\/p>\n\n\n\n<p>Rodr\u00edguez Zamora explic\u00f3 que la actual administraci\u00f3n est\u00e1 trabajando arduamente para consolidar la marca <strong>M\u00e9xico<\/strong> como un referente tur\u00edstico global. Adem\u00e1s, el lanzamiento del distintivo <strong>Hecho en M\u00e9xico<\/strong> refuerza el compromiso de la presidenta <strong>Claudia Sheinbaum Pardo<\/strong> de enaltecer los productos nacionales, reflejando la rica diversidad cultural y econ\u00f3mica del pa\u00eds.<\/p>\n\n\n\n<p>Cada producto manufacturado en M\u00e9xico, ya sea <strong>gastron\u00f3mico<\/strong> o <strong>artesanal<\/strong>, genera un fuerte sentido de <strong>pertenencia<\/strong> y contribuye a fortalecer la identidad nacional. La secretaria tambi\u00e9n destac\u00f3 que, al promover estos productos, los profesionales del sector tur\u00edstico tienen una oportunidad \u00fanica de dar visibilidad a la calidad y variedad de lo hecho en M\u00e9xico, tanto para los turistas internacionales como para los mexicanos que buscan fortalecer sus v\u00ednculos con la naci\u00f3n.<\/p>\n\n\n<div class=\"wp-block-image\">\n<figure class=\"aligncenter size-full\"><img data-recalc-dims=\"1\" loading=\"lazy\" decoding=\"async\" width=\"600\" height=\"399\" data-attachment-id=\"3028\" data-permalink=\"https:\/\/azturismo.net\/?attachment_id=3028\" data-orig-file=\"https:\/\/i0.wp.com\/azturismo.net\/wp-content\/uploads\/2025\/02\/Comunicado-030-8.jpg?fit=600%2C399&amp;ssl=1\" data-orig-size=\"600,399\" data-comments-opened=\"1\" data-image-meta=\"{&quot;aperture&quot;:&quot;0&quot;,&quot;credit&quot;:&quot;&quot;,&quot;camera&quot;:&quot;&quot;,&quot;caption&quot;:&quot;&quot;,&quot;created_timestamp&quot;:&quot;0&quot;,&quot;copyright&quot;:&quot;&quot;,&quot;focal_length&quot;:&quot;0&quot;,&quot;iso&quot;:&quot;0&quot;,&quot;shutter_speed&quot;:&quot;0&quot;,&quot;title&quot;:&quot;&quot;,&quot;orientation&quot;:&quot;1&quot;}\" data-image-title=\"Comunicado 030 (8)\" data-image-description=\"\" data-image-caption=\"\" data-large-file=\"https:\/\/i0.wp.com\/azturismo.net\/wp-content\/uploads\/2025\/02\/Comunicado-030-8.jpg?fit=600%2C399&amp;ssl=1\" src=\"https:\/\/i0.wp.com\/azturismo.net\/wp-content\/uploads\/2025\/02\/Comunicado-030-8.jpg?resize=600%2C399&#038;ssl=1\" alt=\"\" class=\"wp-image-3028\" srcset=\"https:\/\/i0.wp.com\/azturismo.net\/wp-content\/uploads\/2025\/02\/Comunicado-030-8.jpg?w=600&amp;ssl=1 600w, https:\/\/i0.wp.com\/azturismo.net\/wp-content\/uploads\/2025\/02\/Comunicado-030-8.jpg?resize=300%2C200&amp;ssl=1 300w, https:\/\/i0.wp.com\/azturismo.net\/wp-content\/uploads\/2025\/02\/Comunicado-030-8.jpg?resize=150%2C100&amp;ssl=1 150w\" sizes=\"auto, (max-width: 600px) 100vw, 600px\" \/><\/figure><\/div>\n\n\n<p>El <strong>Consejo Honorario Promotor<\/strong> de la marca <strong>Hecho en M\u00e9xico<\/strong> est\u00e1 compuesto por destacados l\u00edderes del sector tur\u00edstico y empresarial, incluyendo a:<\/p>\n\n\n\n<ul class=\"wp-block-list\">\n<li><strong>Juan Antonio Hern\u00e1ndez<\/strong>, presidente de <strong>Grupo Autofin<\/strong> y <strong>Grupo Mundo Imperial<\/strong><\/li>\n\n\n\n<li><strong>Daniel Ch\u00e1vez Mor\u00e1n<\/strong>, fundador de <strong>Grupo Vidanta<\/strong><\/li>\n\n\n\n<li><strong>Antonio Pando Cos\u00edo<\/strong>, CEO de <strong>Grupo Brisas<\/strong><\/li>\n\n\n\n<li><strong>Jose Chapur Zahoul<\/strong>, presidente de <strong>Grupo Palace Resorts<\/strong><\/li>\n\n\n\n<li><strong>Alonso Vera<\/strong>, presidente de <strong>AMOM\u00e9XICO<\/strong><\/li>\n\n\n\n<li><strong>Emiliano Iturriaga<\/strong>, director general y fundador de <strong>Rutop\u00eda<\/strong><\/li>\n<\/ul>\n\n\n\n<p>Rodr\u00edguez Zamora hizo un llamado a todos los actores del sector tur\u00edstico para unirse en la promoci\u00f3n global de los productos mexicanos: \u201cEs fundamental que todos trabajemos juntos para mostrar al mundo la riqueza y diversidad de M\u00e9xico. Invito a todo el sector tur\u00edstico a que se sumen a este esfuerzo, no solo para atraer a los <strong>45 millones de turistas<\/strong> que recibimos anualmente, sino para llegar a m\u00e1s mercados internacionales\u201d, concluy\u00f3.<\/p>\n\n\n<div class=\"wp-block-image\">\n<figure class=\"aligncenter size-large\"><img data-recalc-dims=\"1\" loading=\"lazy\" decoding=\"async\" width=\"696\" height=\"464\" data-attachment-id=\"3031\" data-permalink=\"https:\/\/azturismo.net\/?attachment_id=3031\" data-orig-file=\"https:\/\/i0.wp.com\/azturismo.net\/wp-content\/uploads\/2025\/02\/Comunicado-030-3-scaled.jpg?fit=2560%2C1706&amp;ssl=1\" data-orig-size=\"2560,1706\" data-comments-opened=\"1\" data-image-meta=\"{&quot;aperture&quot;:&quot;0&quot;,&quot;credit&quot;:&quot;&quot;,&quot;camera&quot;:&quot;&quot;,&quot;caption&quot;:&quot;&quot;,&quot;created_timestamp&quot;:&quot;0&quot;,&quot;copyright&quot;:&quot;&quot;,&quot;focal_length&quot;:&quot;0&quot;,&quot;iso&quot;:&quot;0&quot;,&quot;shutter_speed&quot;:&quot;0&quot;,&quot;title&quot;:&quot;&quot;,&quot;orientation&quot;:&quot;0&quot;}\" data-image-title=\"Comunicado 030 (3)\" data-image-description=\"\" data-image-caption=\"\" data-large-file=\"https:\/\/i0.wp.com\/azturismo.net\/wp-content\/uploads\/2025\/02\/Comunicado-030-3-scaled.jpg?fit=696%2C464&amp;ssl=1\" src=\"https:\/\/i0.wp.com\/azturismo.net\/wp-content\/uploads\/2025\/02\/Comunicado-030-3.jpg?resize=696%2C464&#038;ssl=1\" alt=\"\" class=\"wp-image-3031\" srcset=\"https:\/\/i0.wp.com\/azturismo.net\/wp-content\/uploads\/2025\/02\/Comunicado-030-3-scaled.jpg?resize=1024%2C683&amp;ssl=1 1024w, https:\/\/i0.wp.com\/azturismo.net\/wp-content\/uploads\/2025\/02\/Comunicado-030-3-scaled.jpg?resize=300%2C200&amp;ssl=1 300w, https:\/\/i0.wp.com\/azturismo.net\/wp-content\/uploads\/2025\/02\/Comunicado-030-3-scaled.jpg?resize=768%2C512&amp;ssl=1 768w, https:\/\/i0.wp.com\/azturismo.net\/wp-content\/uploads\/2025\/02\/Comunicado-030-3-scaled.jpg?resize=1536%2C1024&amp;ssl=1 1536w, https:\/\/i0.wp.com\/azturismo.net\/wp-content\/uploads\/2025\/02\/Comunicado-030-3-scaled.jpg?resize=2048%2C1365&amp;ssl=1 2048w, https:\/\/i0.wp.com\/azturismo.net\/wp-content\/uploads\/2025\/02\/Comunicado-030-3-scaled.jpg?resize=150%2C100&amp;ssl=1 150w, https:\/\/i0.wp.com\/azturismo.net\/wp-content\/uploads\/2025\/02\/Comunicado-030-3-scaled.jpg?resize=696%2C464&amp;ssl=1 696w, https:\/\/i0.wp.com\/azturismo.net\/wp-content\/uploads\/2025\/02\/Comunicado-030-3-scaled.jpg?resize=1068%2C712&amp;ssl=1 1068w, https:\/\/i0.wp.com\/azturismo.net\/wp-content\/uploads\/2025\/02\/Comunicado-030-3-scaled.jpg?resize=1920%2C1280&amp;ssl=1 1920w, https:\/\/i0.wp.com\/azturismo.net\/wp-content\/uploads\/2025\/02\/Comunicado-030-3-scaled.jpg?w=1392&amp;ssl=1 1392w\" sizes=\"auto, (max-width: 696px) 100vw, 696px\" \/><\/figure><\/div>\n\n\n<p><\/p>\n","protected":false},"excerpt":{"rendered":"<p>Por Staff AzTurismo En el marco del Plan M\u00e9xico, impulsado por la presidenta Claudia Sheinbaum Pardo, el sector tur\u00edstico mexicano di\u00f3 su apoyo al relanzamiento de la marca &#8220;Hecho en M\u00e9xico&#8221;. La secretaria de Turismo, Josefina Rodr\u00edguez Zamora, destac\u00f3 que la gran familia tur\u00edstica de M\u00e9xico se ha sumado con entusiasmo a esta iniciativa nacional [&hellip;]<\/p>\n","protected":false},"author":1,"featured_media":3029,"comment_status":"open","ping_status":"open","sticky":false,"template":"","format":"standard","meta":{"jetpack_post_was_ever_published":false,"_jetpack_newsletter_access":"","_jetpack_dont_email_post_to_subs":false,"_jetpack_newsletter_tier_id":0,"_jetpack_memberships_contains_paywalled_content":false,"_jetpack_memberships_contains_paid_content":false,"footnotes":"","jetpack_publicize_message":"","jetpack_publicize_feature_enabled":true,"jetpack_social_post_already_shared":true,"jetpack_social_options":{"image_generator_settings":{"template":"highway","default_image_id":0,"font":"","enabled":false},"version":2}},"categories":[30,29],"tags":[99,289,1124,313,1126,1128,1127,116,39,643,38],"class_list":{"0":"post-3027","1":"post","2":"type-post","3":"status-publish","4":"format-standard","5":"has-post-thumbnail","7":"category-e","8":"category-nacionales","9":"tag-azturismo","10":"tag-claudia-sheinbaum","11":"tag-hecho-en-mexico","12":"tag-josefina-rodriguez-zamora","13":"tag-marca-mexico","14":"tag-productos-mexicanos","15":"tag-sector-turistico-mexicano","16":"tag-sectur","17":"tag-turismo","18":"tag-turismo-mexico","19":"tag-viajes"},"yoast_head":"<!-- This site is optimized with the Yoast SEO plugin v27.5 - https:\/\/yoast.com\/product\/yoast-seo-wordpress\/ -->\n<title>Se une sector tur\u00edstico a la Marca &quot;Hecho en M\u00e9xico&quot; - Azturismo Noticias<\/title>\n<meta name=\"description\" content=\"En el marco del Plan M\u00e9xico, impulsado por la presidenta Claudia Sheinbaum Pardo, el sector tur\u00edstico mexicano di\u00f3 su apoyo al relanzamiento de la marca &quot;Hecho en M\u00e9xico&quot;.\" \/>\n<meta name=\"robots\" content=\"index, follow, max-snippet:-1, max-image-preview:large, max-video-preview:-1\" \/>\n<link rel=\"canonical\" href=\"https:\/\/azturismo.net\/?p=3027\" \/>\n<meta property=\"og:locale\" content=\"es_MX\" \/>\n<meta property=\"og:type\" content=\"article\" \/>\n<meta property=\"og:title\" content=\"Se une sector tur\u00edstico a la Marca &quot;Hecho en M\u00e9xico&quot; - Azturismo Noticias\" \/>\n<meta property=\"og:description\" content=\"En el marco del Plan M\u00e9xico, impulsado por la presidenta Claudia Sheinbaum Pardo, el sector tur\u00edstico mexicano di\u00f3 su apoyo al relanzamiento de la marca &quot;Hecho en M\u00e9xico&quot;.\" \/>\n<meta property=\"og:url\" content=\"https:\/\/azturismo.net\/?p=3027\" \/>\n<meta property=\"og:site_name\" content=\"Azturismo Noticias\" \/>\n<meta property=\"article:publisher\" content=\"https:\/\/www.facebook.com\/AzturismoNoticias\" \/>\n<meta property=\"article:published_time\" content=\"2025-02-19T20:48:32+00:00\" \/>\n<meta property=\"article:modified_time\" content=\"2025-02-19T21:33:04+00:00\" \/>\n<meta property=\"og:image\" content=\"https:\/\/azturismo.net\/wp-content\/uploads\/2025\/02\/Comunicado-030-9.jpg\" \/>\n\t<meta property=\"og:image:width\" content=\"600\" \/>\n\t<meta property=\"og:image:height\" content=\"399\" \/>\n\t<meta property=\"og:image:type\" content=\"image\/jpeg\" \/>\n<meta name=\"author\" content=\"Azturismo\" \/>\n<meta name=\"twitter:card\" content=\"summary_large_image\" \/>\n<meta name=\"twitter:creator\" content=\"@AzTurismo\" \/>\n<meta name=\"twitter:site\" content=\"@AzTurismo\" \/>\n<meta name=\"twitter:label1\" content=\"Escrito por\" \/>\n\t<meta name=\"twitter:data1\" content=\"Azturismo\" \/>\n\t<meta name=\"twitter:label2\" content=\"Tiempo de lectura\" \/>\n\t<meta name=\"twitter:data2\" content=\"3 minutos\" \/>\n<script type=\"application\/ld+json\" class=\"yoast-schema-graph\">{\"@context\":\"https:\\\/\\\/schema.org\",\"@graph\":[{\"@type\":\"Article\",\"@id\":\"https:\\\/\\\/azturismo.net\\\/?p=3027#article\",\"isPartOf\":{\"@id\":\"https:\\\/\\\/azturismo.net\\\/?p=3027\"},\"author\":{\"name\":\"Azturismo\",\"@id\":\"https:\\\/\\\/azturismo.net\\\/#\\\/schema\\\/person\\\/4b56d87f51c4d1b518c650739ad3bbc1\"},\"headline\":\"Se une sector tur\u00edstico a la Marca &#8220;Hecho en M\u00e9xico&#8221;\",\"datePublished\":\"2025-02-19T20:48:32+00:00\",\"dateModified\":\"2025-02-19T21:33:04+00:00\",\"mainEntityOfPage\":{\"@id\":\"https:\\\/\\\/azturismo.net\\\/?p=3027\"},\"wordCount\":376,\"commentCount\":0,\"publisher\":{\"@id\":\"https:\\\/\\\/azturismo.net\\\/#organization\"},\"image\":{\"@id\":\"https:\\\/\\\/azturismo.net\\\/?p=3027#primaryimage\"},\"thumbnailUrl\":\"https:\\\/\\\/i0.wp.com\\\/azturismo.net\\\/wp-content\\\/uploads\\\/2025\\\/02\\\/Comunicado-030-9.jpg?fit=600%2C399&ssl=1\",\"keywords\":[\"azturismo\",\"claudia sheinbaum\",\"Hecho en M\u00e9xico\",\"Josefina Rodr\u00edguez Zamora\",\"Marca M\u00e9xico\",\"Productos mexicanos\",\"Sector tur\u00edstico mexicano\",\"Sectur\",\"Turismo\",\"Turismo M\u00e9xico\",\"Viajes\"],\"articleSection\":[\"Destacadas\",\"NACIONALES\"],\"inLanguage\":\"es\",\"potentialAction\":[{\"@type\":\"CommentAction\",\"name\":\"Comment\",\"target\":[\"https:\\\/\\\/azturismo.net\\\/?p=3027#respond\"]}]},{\"@type\":\"WebPage\",\"@id\":\"https:\\\/\\\/azturismo.net\\\/?p=3027\",\"url\":\"https:\\\/\\\/azturismo.net\\\/?p=3027\",\"name\":\"Se une sector tur\u00edstico a la Marca \\\"Hecho en M\u00e9xico\\\" - Azturismo Noticias\",\"isPartOf\":{\"@id\":\"https:\\\/\\\/azturismo.net\\\/#website\"},\"primaryImageOfPage\":{\"@id\":\"https:\\\/\\\/azturismo.net\\\/?p=3027#primaryimage\"},\"image\":{\"@id\":\"https:\\\/\\\/azturismo.net\\\/?p=3027#primaryimage\"},\"thumbnailUrl\":\"https:\\\/\\\/i0.wp.com\\\/azturismo.net\\\/wp-content\\\/uploads\\\/2025\\\/02\\\/Comunicado-030-9.jpg?fit=600%2C399&ssl=1\",\"datePublished\":\"2025-02-19T20:48:32+00:00\",\"dateModified\":\"2025-02-19T21:33:04+00:00\",\"description\":\"En el marco del Plan M\u00e9xico, impulsado por la presidenta Claudia Sheinbaum Pardo, el sector tur\u00edstico mexicano di\u00f3 su apoyo al relanzamiento de la marca \\\"Hecho en M\u00e9xico\\\".\",\"breadcrumb\":{\"@id\":\"https:\\\/\\\/azturismo.net\\\/?p=3027#breadcrumb\"},\"inLanguage\":\"es\",\"potentialAction\":[{\"@type\":\"ReadAction\",\"target\":[\"https:\\\/\\\/azturismo.net\\\/?p=3027\"]}]},{\"@type\":\"ImageObject\",\"inLanguage\":\"es\",\"@id\":\"https:\\\/\\\/azturismo.net\\\/?p=3027#primaryimage\",\"url\":\"https:\\\/\\\/i0.wp.com\\\/azturismo.net\\\/wp-content\\\/uploads\\\/2025\\\/02\\\/Comunicado-030-9.jpg?fit=600%2C399&ssl=1\",\"contentUrl\":\"https:\\\/\\\/i0.wp.com\\\/azturismo.net\\\/wp-content\\\/uploads\\\/2025\\\/02\\\/Comunicado-030-9.jpg?fit=600%2C399&ssl=1\",\"width\":600,\"height\":399},{\"@type\":\"BreadcrumbList\",\"@id\":\"https:\\\/\\\/azturismo.net\\\/?p=3027#breadcrumb\",\"itemListElement\":[{\"@type\":\"ListItem\",\"position\":1,\"name\":\"Home\",\"item\":\"https:\\\/\\\/azturismo.net\\\/\"},{\"@type\":\"ListItem\",\"position\":2,\"name\":\"Se une sector tur\u00edstico a la Marca &#8220;Hecho en M\u00e9xico&#8221;\"}]},{\"@type\":\"WebSite\",\"@id\":\"https:\\\/\\\/azturismo.net\\\/#website\",\"url\":\"https:\\\/\\\/azturismo.net\\\/\",\"name\":\"Azturismo\",\"description\":\"Azturismo Noticias\",\"publisher\":{\"@id\":\"https:\\\/\\\/azturismo.net\\\/#organization\"},\"potentialAction\":[{\"@type\":\"SearchAction\",\"target\":{\"@type\":\"EntryPoint\",\"urlTemplate\":\"https:\\\/\\\/azturismo.net\\\/?s={search_term_string}\"},\"query-input\":{\"@type\":\"PropertyValueSpecification\",\"valueRequired\":true,\"valueName\":\"search_term_string\"}}],\"inLanguage\":\"es\"},{\"@type\":\"Organization\",\"@id\":\"https:\\\/\\\/azturismo.net\\\/#organization\",\"name\":\"Azturismo\",\"url\":\"https:\\\/\\\/azturismo.net\\\/\",\"logo\":{\"@type\":\"ImageObject\",\"inLanguage\":\"es\",\"@id\":\"https:\\\/\\\/azturismo.net\\\/#\\\/schema\\\/logo\\\/image\\\/\",\"url\":\"https:\\\/\\\/i0.wp.com\\\/azturismo.net\\\/wp-content\\\/uploads\\\/2024\\\/03\\\/logo-el-bueno-.png?fit=294%2C69&ssl=1\",\"contentUrl\":\"https:\\\/\\\/i0.wp.com\\\/azturismo.net\\\/wp-content\\\/uploads\\\/2024\\\/03\\\/logo-el-bueno-.png?fit=294%2C69&ssl=1\",\"width\":294,\"height\":69,\"caption\":\"Azturismo\"},\"image\":{\"@id\":\"https:\\\/\\\/azturismo.net\\\/#\\\/schema\\\/logo\\\/image\\\/\"},\"sameAs\":[\"https:\\\/\\\/www.facebook.com\\\/AzturismoNoticias\",\"https:\\\/\\\/x.com\\\/AzTurismo\",\"https:\\\/\\\/www.instagram.com\\\/azturismo_noticias\\\/?fbclid=IwAR2xMiuoHbs6eLeIHKP8P5sSGa-xFrw7FfejscXO7kDghWa7wKLjGczKOwE\",\"https:\\\/\\\/www.tiktok.com\\\/@azturismo\"]},{\"@type\":\"Person\",\"@id\":\"https:\\\/\\\/azturismo.net\\\/#\\\/schema\\\/person\\\/4b56d87f51c4d1b518c650739ad3bbc1\",\"name\":\"Azturismo\",\"image\":{\"@type\":\"ImageObject\",\"inLanguage\":\"es\",\"@id\":\"https:\\\/\\\/azturismo.net\\\/wp-content\\\/litespeed\\\/avatar\\\/dfe28a31cdd68b788da48a316e50db10.jpg?ver=1777707566\",\"url\":\"https:\\\/\\\/azturismo.net\\\/wp-content\\\/litespeed\\\/avatar\\\/dfe28a31cdd68b788da48a316e50db10.jpg?ver=1777707566\",\"contentUrl\":\"https:\\\/\\\/azturismo.net\\\/wp-content\\\/litespeed\\\/avatar\\\/dfe28a31cdd68b788da48a316e50db10.jpg?ver=1777707566\",\"caption\":\"Azturismo\"},\"sameAs\":[\"https:\\\/\\\/azturismo.net\"],\"url\":\"https:\\\/\\\/azturismo.net\\\/?author=1\"}]}<\/script>\n<!-- \/ Yoast SEO plugin. -->","yoast_head_json":{"title":"Se une sector tur\u00edstico a la Marca \"Hecho en M\u00e9xico\" - Azturismo Noticias","description":"En el marco del Plan M\u00e9xico, impulsado por la presidenta Claudia Sheinbaum Pardo, el sector tur\u00edstico mexicano di\u00f3 su apoyo al relanzamiento de la marca \"Hecho en M\u00e9xico\".","robots":{"index":"index","follow":"follow","max-snippet":"max-snippet:-1","max-image-preview":"max-image-preview:large","max-video-preview":"max-video-preview:-1"},"canonical":"https:\/\/azturismo.net\/?p=3027","og_locale":"es_MX","og_type":"article","og_title":"Se une sector tur\u00edstico a la Marca \"Hecho en M\u00e9xico\" - Azturismo Noticias","og_description":"En el marco del Plan M\u00e9xico, impulsado por la presidenta Claudia Sheinbaum Pardo, el sector tur\u00edstico mexicano di\u00f3 su apoyo al relanzamiento de la marca \"Hecho en M\u00e9xico\".","og_url":"https:\/\/azturismo.net\/?p=3027","og_site_name":"Azturismo Noticias","article_publisher":"https:\/\/www.facebook.com\/AzturismoNoticias","article_published_time":"2025-02-19T20:48:32+00:00","article_modified_time":"2025-02-19T21:33:04+00:00","og_image":[{"width":600,"height":399,"url":"https:\/\/azturismo.net\/wp-content\/uploads\/2025\/02\/Comunicado-030-9.jpg","type":"image\/jpeg"}],"author":"Azturismo","twitter_card":"summary_large_image","twitter_creator":"@AzTurismo","twitter_site":"@AzTurismo","twitter_misc":{"Escrito por":"Azturismo","Tiempo de lectura":"3 minutos"},"schema":{"@context":"https:\/\/schema.org","@graph":[{"@type":"Article","@id":"https:\/\/azturismo.net\/?p=3027#article","isPartOf":{"@id":"https:\/\/azturismo.net\/?p=3027"},"author":{"name":"Azturismo","@id":"https:\/\/azturismo.net\/#\/schema\/person\/4b56d87f51c4d1b518c650739ad3bbc1"},"headline":"Se une sector tur\u00edstico a la Marca &#8220;Hecho en M\u00e9xico&#8221;","datePublished":"2025-02-19T20:48:32+00:00","dateModified":"2025-02-19T21:33:04+00:00","mainEntityOfPage":{"@id":"https:\/\/azturismo.net\/?p=3027"},"wordCount":376,"commentCount":0,"publisher":{"@id":"https:\/\/azturismo.net\/#organization"},"image":{"@id":"https:\/\/azturismo.net\/?p=3027#primaryimage"},"thumbnailUrl":"https:\/\/i0.wp.com\/azturismo.net\/wp-content\/uploads\/2025\/02\/Comunicado-030-9.jpg?fit=600%2C399&ssl=1","keywords":["azturismo","claudia sheinbaum","Hecho en M\u00e9xico","Josefina Rodr\u00edguez Zamora","Marca M\u00e9xico","Productos mexicanos","Sector tur\u00edstico mexicano","Sectur","Turismo","Turismo M\u00e9xico","Viajes"],"articleSection":["Destacadas","NACIONALES"],"inLanguage":"es","potentialAction":[{"@type":"CommentAction","name":"Comment","target":["https:\/\/azturismo.net\/?p=3027#respond"]}]},{"@type":"WebPage","@id":"https:\/\/azturismo.net\/?p=3027","url":"https:\/\/azturismo.net\/?p=3027","name":"Se une sector tur\u00edstico a la Marca \"Hecho en M\u00e9xico\" - Azturismo Noticias","isPartOf":{"@id":"https:\/\/azturismo.net\/#website"},"primaryImageOfPage":{"@id":"https:\/\/azturismo.net\/?p=3027#primaryimage"},"image":{"@id":"https:\/\/azturismo.net\/?p=3027#primaryimage"},"thumbnailUrl":"https:\/\/i0.wp.com\/azturismo.net\/wp-content\/uploads\/2025\/02\/Comunicado-030-9.jpg?fit=600%2C399&ssl=1","datePublished":"2025-02-19T20:48:32+00:00","dateModified":"2025-02-19T21:33:04+00:00","description":"En el marco del Plan M\u00e9xico, impulsado por la presidenta Claudia Sheinbaum Pardo, el sector tur\u00edstico mexicano di\u00f3 su apoyo al relanzamiento de la marca \"Hecho en M\u00e9xico\".","breadcrumb":{"@id":"https:\/\/azturismo.net\/?p=3027#breadcrumb"},"inLanguage":"es","potentialAction":[{"@type":"ReadAction","target":["https:\/\/azturismo.net\/?p=3027"]}]},{"@type":"ImageObject","inLanguage":"es","@id":"https:\/\/azturismo.net\/?p=3027#primaryimage","url":"https:\/\/i0.wp.com\/azturismo.net\/wp-content\/uploads\/2025\/02\/Comunicado-030-9.jpg?fit=600%2C399&ssl=1","contentUrl":"https:\/\/i0.wp.com\/azturismo.net\/wp-content\/uploads\/2025\/02\/Comunicado-030-9.jpg?fit=600%2C399&ssl=1","width":600,"height":399},{"@type":"BreadcrumbList","@id":"https:\/\/azturismo.net\/?p=3027#breadcrumb","itemListElement":[{"@type":"ListItem","position":1,"name":"Home","item":"https:\/\/azturismo.net\/"},{"@type":"ListItem","position":2,"name":"Se une sector tur\u00edstico a la Marca &#8220;Hecho en M\u00e9xico&#8221;"}]},{"@type":"WebSite","@id":"https:\/\/azturismo.net\/#website","url":"https:\/\/azturismo.net\/","name":"Azturismo","description":"Azturismo Noticias","publisher":{"@id":"https:\/\/azturismo.net\/#organization"},"potentialAction":[{"@type":"SearchAction","target":{"@type":"EntryPoint","urlTemplate":"https:\/\/azturismo.net\/?s={search_term_string}"},"query-input":{"@type":"PropertyValueSpecification","valueRequired":true,"valueName":"search_term_string"}}],"inLanguage":"es"},{"@type":"Organization","@id":"https:\/\/azturismo.net\/#organization","name":"Azturismo","url":"https:\/\/azturismo.net\/","logo":{"@type":"ImageObject","inLanguage":"es","@id":"https:\/\/azturismo.net\/#\/schema\/logo\/image\/","url":"https:\/\/i0.wp.com\/azturismo.net\/wp-content\/uploads\/2024\/03\/logo-el-bueno-.png?fit=294%2C69&ssl=1","contentUrl":"https:\/\/i0.wp.com\/azturismo.net\/wp-content\/uploads\/2024\/03\/logo-el-bueno-.png?fit=294%2C69&ssl=1","width":294,"height":69,"caption":"Azturismo"},"image":{"@id":"https:\/\/azturismo.net\/#\/schema\/logo\/image\/"},"sameAs":["https:\/\/www.facebook.com\/AzturismoNoticias","https:\/\/x.com\/AzTurismo","https:\/\/www.instagram.com\/azturismo_noticias\/?fbclid=IwAR2xMiuoHbs6eLeIHKP8P5sSGa-xFrw7FfejscXO7kDghWa7wKLjGczKOwE","https:\/\/www.tiktok.com\/@azturismo"]},{"@type":"Person","@id":"https:\/\/azturismo.net\/#\/schema\/person\/4b56d87f51c4d1b518c650739ad3bbc1","name":"Azturismo","image":{"@type":"ImageObject","inLanguage":"es","@id":"https:\/\/azturismo.net\/wp-content\/litespeed\/avatar\/dfe28a31cdd68b788da48a316e50db10.jpg?ver=1777707566","url":"https:\/\/azturismo.net\/wp-content\/litespeed\/avatar\/dfe28a31cdd68b788da48a316e50db10.jpg?ver=1777707566","contentUrl":"https:\/\/azturismo.net\/wp-content\/litespeed\/avatar\/dfe28a31cdd68b788da48a316e50db10.jpg?ver=1777707566","caption":"Azturismo"},"sameAs":["https:\/\/azturismo.net"],"url":"https:\/\/azturismo.net\/?author=1"}]}},"jetpack_publicize_connections":[],"jetpack_featured_media_url":"https:\/\/i0.wp.com\/azturismo.net\/wp-content\/uploads\/2025\/02\/Comunicado-030-9.jpg?fit=600%2C399&ssl=1","jetpack_sharing_enabled":true,"jetpack-related-posts":[{"id":5079,"url":"https:\/\/azturismo.net\/?p=5079","url_meta":{"origin":3027,"position":0},"title":"Mexicana refuerza conectividad CDMX-Tulum con un Embraer E-195","author":"Azturismo","date":"agosto 26, 2025","format":false,"excerpt":"Por Staff AzTurismo El turismo nacional vive un nuevo impulso con la incorporaci\u00f3n del EMBRAER E-195 a la flota de Mexicana de Aviaci\u00f3n, cuya primera ruta parti\u00f3 del Aeropuerto Internacional Felipe \u00c1ngeles (AIFA) hacia el Aeropuerto Internacional de Tulum. El vuelo inaugural fue encabezado por la secretaria de Turismo, Josefina\u2026","rel":"","context":"En &quot;Destacadas&quot;","block_context":{"text":"Destacadas","link":"https:\/\/azturismo.net\/?cat=30"},"img":{"alt_text":"","src":"https:\/\/i0.wp.com\/azturismo.net\/wp-content\/uploads\/2025\/08\/Comunicado-169-2.jpg?fit=832%2C554&ssl=1&resize=350%2C200","width":350,"height":200,"srcset":"https:\/\/i0.wp.com\/azturismo.net\/wp-content\/uploads\/2025\/08\/Comunicado-169-2.jpg?fit=832%2C554&ssl=1&resize=350%2C200 1x, https:\/\/i0.wp.com\/azturismo.net\/wp-content\/uploads\/2025\/08\/Comunicado-169-2.jpg?fit=832%2C554&ssl=1&resize=525%2C300 1.5x, https:\/\/i0.wp.com\/azturismo.net\/wp-content\/uploads\/2025\/08\/Comunicado-169-2.jpg?fit=832%2C554&ssl=1&resize=700%2C400 2x"},"classes":[]},{"id":5974,"url":"https:\/\/azturismo.net\/?p=5974","url_meta":{"origin":3027,"position":1},"title":"M\u00e9xico recibe m\u00e1s visitantes internacionales s","author":"Azturismo","date":"octubre 14, 2025","format":false,"excerpt":"Por Staff AzTurismo M\u00e9xico contin\u00faa su tendencia ascendente en el sector tur\u00edstico. Entre enero y agosto de 2025, el pa\u00eds recibi\u00f3 63.7 millones de visitantes internacionales, cifra que representa un crecimiento de 13.7% comparado con el mismo periodo de 2024, seg\u00fan inform\u00f3 Josefina Rodr\u00edguez Zamora, Secretaria de Turismo (Sectur). R\u00e9cord\u2026","rel":"","context":"En &quot;Destacadas&quot;","block_context":{"text":"Destacadas","link":"https:\/\/azturismo.net\/?cat=30"},"img":{"alt_text":"","src":"https:\/\/i0.wp.com\/azturismo.net\/wp-content\/uploads\/2025\/10\/Sectur-viajeros1.jpg?fit=600%2C377&ssl=1&resize=350%2C200","width":350,"height":200,"srcset":"https:\/\/i0.wp.com\/azturismo.net\/wp-content\/uploads\/2025\/10\/Sectur-viajeros1.jpg?fit=600%2C377&ssl=1&resize=350%2C200 1x, https:\/\/i0.wp.com\/azturismo.net\/wp-content\/uploads\/2025\/10\/Sectur-viajeros1.jpg?fit=600%2C377&ssl=1&resize=525%2C300 1.5x"},"classes":[]},{"id":5649,"url":"https:\/\/azturismo.net\/?p=5649","url_meta":{"origin":3027,"position":2},"title":"M\u00e9xico inaugura su primer Tianguis Tur\u00edstico en China","author":"Azturismo","date":"septiembre 25, 2025","format":false,"excerpt":"Por Staff AzTurismo Beijing, China,. \u2013 Con el objetivo de fortalecer la presencia de los destinos nacionales en Asia, la Secretar\u00eda de Turismo (Sectur) de M\u00e9xico inaugur\u00f3 por primera vez un Tianguis Tur\u00edstico en China, considerado un paso hist\u00f3rico para diversificar mercados y consolidar al pa\u00eds como potencia tur\u00edstica mundial.\u2026","rel":"","context":"En &quot;Destacadas&quot;","block_context":{"text":"Destacadas","link":"https:\/\/azturismo.net\/?cat=30"},"img":{"alt_text":"","src":"https:\/\/i0.wp.com\/azturismo.net\/wp-content\/uploads\/2025\/09\/China-Tianguis.jpeg?fit=600%2C399&ssl=1&resize=350%2C200","width":350,"height":200,"srcset":"https:\/\/i0.wp.com\/azturismo.net\/wp-content\/uploads\/2025\/09\/China-Tianguis.jpeg?fit=600%2C399&ssl=1&resize=350%2C200 1x, https:\/\/i0.wp.com\/azturismo.net\/wp-content\/uploads\/2025\/09\/China-Tianguis.jpeg?fit=600%2C399&ssl=1&resize=525%2C300 1.5x"},"classes":[]},{"id":5095,"url":"https:\/\/azturismo.net\/?p=5095","url_meta":{"origin":3027,"position":3},"title":"M\u00e9xico busca convertirse en el 5o pa\u00eds m\u00e1s visitado del mundo para 2030: Sectur","author":"Azturismo","date":"agosto 26, 2025","format":false,"excerpt":"Por Staff AzTurismo M\u00e9xico ya se posiciona como el sexto pa\u00eds m\u00e1s visitado del mundo, y la meta del Gobierno Federal es alcanzar el quinto lugar en el ranking internacional de turismo para el a\u00f1o 2030, afirm\u00f3 Josefina Rodr\u00edguez Zamora, secretaria de Turismo del Gobierno de M\u00e9xico, durante un encuentro\u2026","rel":"","context":"En &quot;Destacadas&quot;","block_context":{"text":"Destacadas","link":"https:\/\/azturismo.net\/?cat=30"},"img":{"alt_text":"","src":"https:\/\/i0.wp.com\/azturismo.net\/wp-content\/uploads\/2025\/08\/Comunicado-171-1.jpg?fit=600%2C400&ssl=1&resize=350%2C200","width":350,"height":200,"srcset":"https:\/\/i0.wp.com\/azturismo.net\/wp-content\/uploads\/2025\/08\/Comunicado-171-1.jpg?fit=600%2C400&ssl=1&resize=350%2C200 1x, https:\/\/i0.wp.com\/azturismo.net\/wp-content\/uploads\/2025\/08\/Comunicado-171-1.jpg?fit=600%2C400&ssl=1&resize=525%2C300 1.5x"},"classes":[]},{"id":5017,"url":"https:\/\/azturismo.net\/?p=5017","url_meta":{"origin":3027,"position":4},"title":"Sectur abre convocatoria para elegir sede del Tianguis Tur\u00edstico M\u00e9xico 2027","author":"Azturismo","date":"agosto 22, 2025","format":false,"excerpt":"Por Staff AzTurismo La Secretar\u00eda de Turismo (Sectur) public\u00f3 en el Diario Oficial de la Federaci\u00f3n la convocatoria dirigida a entidades federativas para competir por ser la sede del Tianguis Tur\u00edstico M\u00e9xico 2027, el evento de promoci\u00f3n tur\u00edstica m\u00e1s importante de Am\u00e9rica Latina. Requisitos Clave para Ser Sede del Tianguis\u2026","rel":"","context":"En &quot;NOTITUR&quot;","block_context":{"text":"NOTITUR","link":"https:\/\/azturismo.net\/?cat=25"},"img":{"alt_text":"","src":"https:\/\/i0.wp.com\/azturismo.net\/wp-content\/uploads\/2025\/08\/PSX_20250822_192612.jpg?fit=600%2C547&ssl=1&resize=350%2C200","width":350,"height":200,"srcset":"https:\/\/i0.wp.com\/azturismo.net\/wp-content\/uploads\/2025\/08\/PSX_20250822_192612.jpg?fit=600%2C547&ssl=1&resize=350%2C200 1x, https:\/\/i0.wp.com\/azturismo.net\/wp-content\/uploads\/2025\/08\/PSX_20250822_192612.jpg?fit=600%2C547&ssl=1&resize=525%2C300 1.5x"},"classes":[]},{"id":4075,"url":"https:\/\/azturismo.net\/?p=4075","url_meta":{"origin":3027,"position":5},"title":"Sectur presenta estrategia de promoci\u00f3n tur\u00edstica para el Mundial 2026 ante el CNET","author":"Azturismo","date":"junio 11, 2025","format":false,"excerpt":"Relanza Josefina Rodr\u00edguez la marca Grupo Mundo Maya Por Oscar V\u00e1zquez C. La Secretar\u00eda de Turismo del Gobierno de M\u00e9xico (Sectur), encabezada por Josefina Rodr\u00edguez Zamora, present\u00f3 ante el Consejo Nacional Empresarial Tur\u00edstico (CNET) la estrategia de promoci\u00f3n tur\u00edstica nacional e internacional con motivo de la Copa Mundial de F\u00fatbol\u2026","rel":"","context":"En &quot;Destacadas&quot;","block_context":{"text":"Destacadas","link":"https:\/\/azturismo.net\/?cat=30"},"img":{"alt_text":"","src":"https:\/\/i0.wp.com\/azturismo.net\/wp-content\/uploads\/2025\/06\/PSX_20250610_214149.jpg?fit=600%2C400&ssl=1&resize=350%2C200","width":350,"height":200,"srcset":"https:\/\/i0.wp.com\/azturismo.net\/wp-content\/uploads\/2025\/06\/PSX_20250610_214149.jpg?fit=600%2C400&ssl=1&resize=350%2C200 1x, https:\/\/i0.wp.com\/azturismo.net\/wp-content\/uploads\/2025\/06\/PSX_20250610_214149.jpg?fit=600%2C400&ssl=1&resize=525%2C300 1.5x"},"classes":[]}],"jetpack_shortlink":"https:\/\/wp.me\/pfqZGx-MP","amp_enabled":true,"_links":{"self":[{"href":"https:\/\/azturismo.net\/index.php?rest_route=\/wp\/v2\/posts\/3027","targetHints":{"allow":["GET"]}}],"collection":[{"href":"https:\/\/azturismo.net\/index.php?rest_route=\/wp\/v2\/posts"}],"about":[{"href":"https:\/\/azturismo.net\/index.php?rest_route=\/wp\/v2\/types\/post"}],"author":[{"embeddable":true,"href":"https:\/\/azturismo.net\/index.php?rest_route=\/wp\/v2\/users\/1"}],"replies":[{"embeddable":true,"href":"https:\/\/azturismo.net\/index.php?rest_route=%2Fwp%2Fv2%2Fcomments&post=3027"}],"version-history":[{"count":2,"href":"https:\/\/azturismo.net\/index.php?rest_route=\/wp\/v2\/posts\/3027\/revisions"}],"predecessor-version":[{"id":3033,"href":"https:\/\/azturismo.net\/index.php?rest_route=\/wp\/v2\/posts\/3027\/revisions\/3033"}],"wp:featuredmedia":[{"embeddable":true,"href":"https:\/\/azturismo.net\/index.php?rest_route=\/wp\/v2\/media\/3029"}],"wp:attachment":[{"href":"https:\/\/azturismo.net\/index.php?rest_route=%2Fwp%2Fv2%2Fmedia&parent=3027"}],"wp:term":[{"taxonomy":"category","embeddable":true,"href":"https:\/\/azturismo.net\/index.php?rest_route=%2Fwp%2Fv2%2Fcategories&post=3027"},{"taxonomy":"post_tag","embeddable":true,"href":"https:\/\/azturismo.net\/index.php?rest_route=%2Fwp%2Fv2%2Ftags&post=3027"}],"curies":[{"name":"wp","href":"https:\/\/api.w.org\/{rel}","templated":true}]}}