{"id":3002,"date":"2025-02-12T20:30:00","date_gmt":"2025-02-13T02:30:00","guid":{"rendered":"https:\/\/azturismo.net\/?p=3002"},"modified":"2025-02-12T19:49:59","modified_gmt":"2025-02-13T01:49:59","slug":"el-tianguis-turistico-2025-sera-binacional-mexico-eu-sectur","status":"publish","type":"post","link":"https:\/\/azturismo.net\/?p=3002","title":{"rendered":"El Tianguis Tur\u00edstico 2025 ser\u00e1 binacional, M\u00e9xico-EU: Sectur"},"content":{"rendered":"\n<p>Por Staff AzTurismo<\/p>\n\n\n\n<p>La <strong>secretaria de Turismo de M\u00e9xico<\/strong>, <strong>Josefina Rodr\u00edguez Zamora<\/strong>, anunci\u00f3 que la <strong>49\u00aa edici\u00f3n del Tianguis Tur\u00edstico 2025<\/strong> que se celebrar\u00e1 en <strong>Baja California<\/strong>, por primera vez, tendr\u00e1 un formato <strong>binacional<\/strong>. Este evento ser\u00e1 una plataforma \u00fanica donde la rica <strong>cultura, gastronom\u00eda, artesan\u00eda y turismo de M\u00e9xico<\/strong> se exhibir\u00e1n tanto en las calles de <strong>Tijuana<\/strong> como en <strong>San Diego, California<\/strong>, a trav\u00e9s de activaciones que fortalecer\u00e1n los lazos tur\u00edsticos entre ambos pa\u00edses.<\/p>\n\n\n\n<h3 class=\"wp-block-heading\">Tianguis Tur\u00edstico 2025: Un Evento Hist\u00f3ricamente Binacional<\/h3>\n\n\n<div class=\"wp-block-image\">\n<figure class=\"aligncenter size-full\"><img data-recalc-dims=\"1\" loading=\"lazy\" decoding=\"async\" width=\"600\" height=\"400\" data-attachment-id=\"3004\" data-permalink=\"https:\/\/azturismo.net\/?attachment_id=3004\" data-orig-file=\"https:\/\/i0.wp.com\/azturismo.net\/wp-content\/uploads\/2025\/02\/Sectur-senado2.jpg?fit=600%2C400&amp;ssl=1\" data-orig-size=\"600,400\" data-comments-opened=\"1\" data-image-meta=\"{&quot;aperture&quot;:&quot;0&quot;,&quot;credit&quot;:&quot;&quot;,&quot;camera&quot;:&quot;&quot;,&quot;caption&quot;:&quot;&quot;,&quot;created_timestamp&quot;:&quot;0&quot;,&quot;copyright&quot;:&quot;&quot;,&quot;focal_length&quot;:&quot;0&quot;,&quot;iso&quot;:&quot;0&quot;,&quot;shutter_speed&quot;:&quot;0&quot;,&quot;title&quot;:&quot;&quot;,&quot;orientation&quot;:&quot;1&quot;}\" data-image-title=\"Sectur-senado2\" data-image-description=\"\" data-image-caption=\"\" data-large-file=\"https:\/\/i0.wp.com\/azturismo.net\/wp-content\/uploads\/2025\/02\/Sectur-senado2.jpg?fit=600%2C400&amp;ssl=1\" src=\"https:\/\/i0.wp.com\/azturismo.net\/wp-content\/uploads\/2025\/02\/Sectur-senado2.jpg?resize=600%2C400&#038;ssl=1\" alt=\"\" class=\"wp-image-3004\" srcset=\"https:\/\/i0.wp.com\/azturismo.net\/wp-content\/uploads\/2025\/02\/Sectur-senado2.jpg?w=600&amp;ssl=1 600w, https:\/\/i0.wp.com\/azturismo.net\/wp-content\/uploads\/2025\/02\/Sectur-senado2.jpg?resize=300%2C200&amp;ssl=1 300w, https:\/\/i0.wp.com\/azturismo.net\/wp-content\/uploads\/2025\/02\/Sectur-senado2.jpg?resize=150%2C100&amp;ssl=1 150w\" sizes=\"auto, (max-width: 600px) 100vw, 600px\" \/><\/figure><\/div>\n\n\n<p>Este <strong>Tianguis Tur\u00edstico 2025<\/strong> ser\u00e1 un hito en la historia de la promoci\u00f3n del turismo mexicano. Las activaciones en <strong>San Diego, California<\/strong>, permitir\u00e1n a los visitantes internacionales conocer lo mejor de M\u00e9xico, mientras que en <strong>Tijuana<\/strong> se concentrar\u00e1 una gran parte de las negociaciones, paneles y exhibiciones.<\/p>\n\n\n\n<p>Rodr\u00edguez Zamora destac\u00f3 que, hasta el momento, ya se ha registrado un <strong>r\u00e9cord de participaci\u00f3n<\/strong> de <strong>756 compradores<\/strong> provenientes de <strong>22 pa\u00edses<\/strong>, lo que representa un <strong>10.3% m\u00e1s<\/strong> en comparaci\u00f3n con la edici\u00f3n de 2023, realizada en <strong>Ciudad de M\u00e9xico<\/strong>. Adem\u00e1s, el <strong>80% de los compradores provienen de Estados Unidos<\/strong>, lo que refleja la creciente relaci\u00f3n tur\u00edstica entre ambos pa\u00edses.<\/p>\n\n\n\n<h3 class=\"wp-block-heading\">Avances en la Estrategia Nacional de Turismo<\/h3>\n\n\n\n<p>En la reuni\u00f3n con integrantes del <strong>Senado de la Rep\u00fablica<\/strong> -celebrada en la sede la Sectur-, acompa\u00f1ada por el presidente de la <strong>Comisi\u00f3n de Turismo<\/strong>, <strong>Eugenio Segura V\u00e1zquez<\/strong>, la Secretaria present\u00f3 los avances de la <strong>estrategia nacional de turismo<\/strong>, que busca consolidar a M\u00e9xico como un referente global en turismo. Entre las acciones clave, destac\u00f3 la implementaci\u00f3n de una nueva normativa para los <strong>177 Pueblos M\u00e1gicos<\/strong>, que incluir\u00e1 una <strong>catalogaci\u00f3n basada en los servicios tur\u00edsticos<\/strong> de cada destino, garantizando <strong>mejores experiencias<\/strong> para los visitantes.<\/p>\n\n\n\n<h3 class=\"wp-block-heading\">Pueblos M\u00e1gicos y la Copa Mundial 2026: Un Gran A\u00f1o para el Turismo Mexicano<\/h3>\n\n\n\n<p>Rodr\u00edguez Zamora resalt\u00f3 el papel fundamental que tendr\u00e1n los <strong>Pueblos M\u00e1gicos<\/strong> durante la celebraci\u00f3n de la <strong>Copa Mundial de la FIFA 2026<\/strong>, que se celebrar\u00e1 en <strong>M\u00e9xico, Canad\u00e1 y Estados Unidos<\/strong>. En cada uno de estos destinos se instalar\u00e1n <strong>mega pantallas<\/strong> para la transmisi\u00f3n de los partidos, se realizar\u00e1n <strong>activaciones como los \u201cmundialitos\u201d<\/strong>, y se trabajar\u00e1 en el embellecimiento de los pueblos mediante la iniciativa <strong>Rutas M\u00e1gicas de Color<\/strong>.<\/p>\n\n\n\n<h3 class=\"wp-block-heading\">Impacto Econ\u00f3mico y Oportunidades de Crecimiento en el Turismo<\/h3>\n\n\n\n<p>La Secretaria tambi\u00e9n present\u00f3 los <strong>objetivos de crecimiento<\/strong> del sector tur\u00edstico, que incluyen una <strong>derrama econ\u00f3mica<\/strong> 33% mayor, un incremento del <strong>16% en empleos<\/strong> y un aumento del <strong>200% en pasajeros de Tren Maya<\/strong>. Estas acciones est\u00e1n orientadas a continuar el crecimiento sostenido del <strong>turismo mexicano<\/strong> y a generar <strong>bienestar<\/strong> para las comunidades locales.<\/p>\n\n\n\n<p>Rodr\u00edguez Zamora celebr\u00f3 que, de acuerdo con los \u00faltimos <strong>resultados de las Encuestas de Viajeros Internacionales<\/strong> del <strong>INEGI<\/strong>, <strong>45 millones de turistas internacionales<\/strong> visitaron M\u00e9xico en <strong>2024<\/strong>, superando los niveles de 2019, lo que significa que <strong>M\u00e9xico ya se ha recuperado al 100%<\/strong> respecto a los niveles de turistas previos a la pandemia.<\/p>\n\n\n\n<h3 class=\"wp-block-heading\">El Turismo Mexicano Crece y se Consolida<\/h3>\n\n\n\n<p>En cuanto al impacto econ\u00f3mico del turismo en M\u00e9xico, la Secretaria subray\u00f3 que el <strong>PIB tur\u00edstico<\/strong> de M\u00e9xico alcanz\u00f3 los <strong>2 billones 582 mil millones de pesos<\/strong> en 2023, representando el <strong>8.6% del PIB nacional<\/strong> y registrando un <strong>crecimiento de 4.4%<\/strong> respecto al a\u00f1o anterior. Esto subraya la importancia del <strong>sector tur\u00edstico<\/strong> como motor clave de la econom\u00eda nacional y un pilar en la generaci\u00f3n de empleos y desarrollo.<\/p>\n","protected":false},"excerpt":{"rendered":"<p>Por Staff AzTurismo La secretaria de Turismo de M\u00e9xico, Josefina Rodr\u00edguez Zamora, anunci\u00f3 que la 49\u00aa edici\u00f3n del Tianguis Tur\u00edstico 2025 que se celebrar\u00e1 en Baja California, por primera vez, tendr\u00e1 un formato binacional. Este evento ser\u00e1 una plataforma \u00fanica donde la rica cultura, gastronom\u00eda, artesan\u00eda y turismo de M\u00e9xico se exhibir\u00e1n tanto en las [&hellip;]<\/p>\n","protected":false},"author":1,"featured_media":3003,"comment_status":"open","ping_status":"open","sticky":false,"template":"","format":"standard","meta":{"jetpack_post_was_ever_published":false,"_jetpack_newsletter_access":"","_jetpack_dont_email_post_to_subs":false,"_jetpack_newsletter_tier_id":0,"_jetpack_memberships_contains_paywalled_content":false,"_jetpack_memberships_contains_paid_content":false,"footnotes":"","jetpack_publicize_message":"","jetpack_publicize_feature_enabled":true,"jetpack_social_post_already_shared":true,"jetpack_social_options":{"image_generator_settings":{"template":"highway","default_image_id":0,"font":"","enabled":false},"version":2}},"categories":[30,29],"tags":[99,1111,1108,313,1109,1110,481,116,572,39,420,38,1107],"class_list":{"0":"post-3002","1":"post","2":"type-post","3":"status-publish","4":"format-standard","5":"has-post-thumbnail","7":"category-e","8":"category-nacionales","9":"tag-azturismo","10":"tag-copa-mundial-2026","11":"tag-estrategia-nacional-de-turismo","12":"tag-josefina-rodriguez-zamora","13":"tag-mexico-y-estados-unidos","14":"tag-pib-turistico","15":"tag-pueblos-magicos","16":"tag-sectur","17":"tag-tianguis-turistico-2025","18":"tag-turismo","19":"tag-turismo-en-mexico","20":"tag-viajes","21":"tag-y-inegi-turismo"},"yoast_head":"<!-- This site is optimized with the Yoast SEO plugin v27.5 - https:\/\/yoast.com\/product\/yoast-seo-wordpress\/ -->\n<title>El Tianguis Tur\u00edstico 2025 ser\u00e1 binacional, M\u00e9xico-EU: Sectur - Azturismo Noticias<\/title>\n<meta name=\"description\" content=\"La secretaria de Turismo de M\u00e9xico, Josefina Rodr\u00edguez Zamora, anunci\u00f3 que la 49\u00aa edici\u00f3n del Tianguis Tur\u00edstico 2025 que se celebrar\u00e1 en Baja California, por primera vez, tendr\u00e1 un formato binacional. Este evento ser\u00e1 una plataforma \u00fanica donde la rica cultura, gastronom\u00eda, artesan\u00eda y turismo de M\u00e9xico se exhibir\u00e1n tanto en las calles de Tijuana como en San Diego, California, a trav\u00e9s de activaciones que fortalecer\u00e1n los lazos tur\u00edsticos entre ambos pa\u00edses.\" \/>\n<meta name=\"robots\" content=\"index, follow, max-snippet:-1, max-image-preview:large, max-video-preview:-1\" \/>\n<link rel=\"canonical\" href=\"https:\/\/azturismo.net\/?p=3002\" \/>\n<meta property=\"og:locale\" content=\"es_MX\" \/>\n<meta property=\"og:type\" content=\"article\" \/>\n<meta property=\"og:title\" content=\"El Tianguis Tur\u00edstico 2025 ser\u00e1 binacional, M\u00e9xico-EU: Sectur - Azturismo Noticias\" \/>\n<meta property=\"og:description\" content=\"La secretaria de Turismo de M\u00e9xico, Josefina Rodr\u00edguez Zamora, anunci\u00f3 que la 49\u00aa edici\u00f3n del Tianguis Tur\u00edstico 2025 que se celebrar\u00e1 en Baja California, por primera vez, tendr\u00e1 un formato binacional. Este evento ser\u00e1 una plataforma \u00fanica donde la rica cultura, gastronom\u00eda, artesan\u00eda y turismo de M\u00e9xico se exhibir\u00e1n tanto en las calles de Tijuana como en San Diego, California, a trav\u00e9s de activaciones que fortalecer\u00e1n los lazos tur\u00edsticos entre ambos pa\u00edses.\" \/>\n<meta property=\"og:url\" content=\"https:\/\/azturismo.net\/?p=3002\" \/>\n<meta property=\"og:site_name\" content=\"Azturismo Noticias\" \/>\n<meta property=\"article:publisher\" content=\"https:\/\/www.facebook.com\/AzturismoNoticias\" \/>\n<meta property=\"article:published_time\" content=\"2025-02-13T02:30:00+00:00\" \/>\n<meta property=\"og:image\" content=\"https:\/\/i0.wp.com\/azturismo.net\/wp-content\/uploads\/2025\/02\/Sectur-Senado.jpg?fit=600%2C400&ssl=1\" \/>\n\t<meta property=\"og:image:width\" content=\"600\" \/>\n\t<meta property=\"og:image:height\" content=\"400\" \/>\n\t<meta property=\"og:image:type\" content=\"image\/jpeg\" \/>\n<meta name=\"author\" content=\"Azturismo\" \/>\n<meta name=\"twitter:card\" content=\"summary_large_image\" \/>\n<meta name=\"twitter:creator\" content=\"@AzTurismo\" \/>\n<meta name=\"twitter:site\" content=\"@AzTurismo\" \/>\n<meta name=\"twitter:label1\" content=\"Escrito por\" \/>\n\t<meta name=\"twitter:data1\" content=\"Azturismo\" \/>\n\t<meta name=\"twitter:label2\" content=\"Tiempo de lectura\" \/>\n\t<meta name=\"twitter:data2\" content=\"3 minutos\" \/>\n<script type=\"application\/ld+json\" class=\"yoast-schema-graph\">{\"@context\":\"https:\\\/\\\/schema.org\",\"@graph\":[{\"@type\":\"Article\",\"@id\":\"https:\\\/\\\/azturismo.net\\\/?p=3002#article\",\"isPartOf\":{\"@id\":\"https:\\\/\\\/azturismo.net\\\/?p=3002\"},\"author\":{\"name\":\"Azturismo\",\"@id\":\"https:\\\/\\\/azturismo.net\\\/#\\\/schema\\\/person\\\/4b56d87f51c4d1b518c650739ad3bbc1\"},\"headline\":\"El Tianguis Tur\u00edstico 2025 ser\u00e1 binacional, M\u00e9xico-EU: Sectur\",\"datePublished\":\"2025-02-13T02:30:00+00:00\",\"mainEntityOfPage\":{\"@id\":\"https:\\\/\\\/azturismo.net\\\/?p=3002\"},\"wordCount\":607,\"commentCount\":0,\"publisher\":{\"@id\":\"https:\\\/\\\/azturismo.net\\\/#organization\"},\"image\":{\"@id\":\"https:\\\/\\\/azturismo.net\\\/?p=3002#primaryimage\"},\"thumbnailUrl\":\"https:\\\/\\\/i0.wp.com\\\/azturismo.net\\\/wp-content\\\/uploads\\\/2025\\\/02\\\/Sectur-Senado.jpg?fit=600%2C400&ssl=1\",\"keywords\":[\"azturismo\",\"Copa Mundial 2026\",\"estrategia nacional de turismo\",\"Josefina Rodr\u00edguez Zamora\",\"M\u00e9xico y Estados Unidos\",\"PIB tur\u00edstico\",\"pueblos m\u00e1gicos\",\"Sectur\",\"Tianguis Tur\u00edstico 2025\",\"Turismo\",\"turismo en M\u00e9xico\",\"Viajes\",\"y inegi turismo\"],\"articleSection\":[\"Destacadas\",\"NACIONALES\"],\"inLanguage\":\"es\",\"potentialAction\":[{\"@type\":\"CommentAction\",\"name\":\"Comment\",\"target\":[\"https:\\\/\\\/azturismo.net\\\/?p=3002#respond\"]}]},{\"@type\":\"WebPage\",\"@id\":\"https:\\\/\\\/azturismo.net\\\/?p=3002\",\"url\":\"https:\\\/\\\/azturismo.net\\\/?p=3002\",\"name\":\"El Tianguis Tur\u00edstico 2025 ser\u00e1 binacional, M\u00e9xico-EU: Sectur - Azturismo Noticias\",\"isPartOf\":{\"@id\":\"https:\\\/\\\/azturismo.net\\\/#website\"},\"primaryImageOfPage\":{\"@id\":\"https:\\\/\\\/azturismo.net\\\/?p=3002#primaryimage\"},\"image\":{\"@id\":\"https:\\\/\\\/azturismo.net\\\/?p=3002#primaryimage\"},\"thumbnailUrl\":\"https:\\\/\\\/i0.wp.com\\\/azturismo.net\\\/wp-content\\\/uploads\\\/2025\\\/02\\\/Sectur-Senado.jpg?fit=600%2C400&ssl=1\",\"datePublished\":\"2025-02-13T02:30:00+00:00\",\"description\":\"La secretaria de Turismo de M\u00e9xico, Josefina Rodr\u00edguez Zamora, anunci\u00f3 que la 49\u00aa edici\u00f3n del Tianguis Tur\u00edstico 2025 que se celebrar\u00e1 en Baja California, por primera vez, tendr\u00e1 un formato binacional. Este evento ser\u00e1 una plataforma \u00fanica donde la rica cultura, gastronom\u00eda, artesan\u00eda y turismo de M\u00e9xico se exhibir\u00e1n tanto en las calles de Tijuana como en San Diego, California, a trav\u00e9s de activaciones que fortalecer\u00e1n los lazos tur\u00edsticos entre ambos pa\u00edses.\",\"breadcrumb\":{\"@id\":\"https:\\\/\\\/azturismo.net\\\/?p=3002#breadcrumb\"},\"inLanguage\":\"es\",\"potentialAction\":[{\"@type\":\"ReadAction\",\"target\":[\"https:\\\/\\\/azturismo.net\\\/?p=3002\"]}]},{\"@type\":\"ImageObject\",\"inLanguage\":\"es\",\"@id\":\"https:\\\/\\\/azturismo.net\\\/?p=3002#primaryimage\",\"url\":\"https:\\\/\\\/i0.wp.com\\\/azturismo.net\\\/wp-content\\\/uploads\\\/2025\\\/02\\\/Sectur-Senado.jpg?fit=600%2C400&ssl=1\",\"contentUrl\":\"https:\\\/\\\/i0.wp.com\\\/azturismo.net\\\/wp-content\\\/uploads\\\/2025\\\/02\\\/Sectur-Senado.jpg?fit=600%2C400&ssl=1\",\"width\":600,\"height\":400},{\"@type\":\"BreadcrumbList\",\"@id\":\"https:\\\/\\\/azturismo.net\\\/?p=3002#breadcrumb\",\"itemListElement\":[{\"@type\":\"ListItem\",\"position\":1,\"name\":\"Home\",\"item\":\"https:\\\/\\\/azturismo.net\\\/\"},{\"@type\":\"ListItem\",\"position\":2,\"name\":\"El Tianguis Tur\u00edstico 2025 ser\u00e1 binacional, M\u00e9xico-EU: Sectur\"}]},{\"@type\":\"WebSite\",\"@id\":\"https:\\\/\\\/azturismo.net\\\/#website\",\"url\":\"https:\\\/\\\/azturismo.net\\\/\",\"name\":\"Azturismo\",\"description\":\"Azturismo Noticias\",\"publisher\":{\"@id\":\"https:\\\/\\\/azturismo.net\\\/#organization\"},\"potentialAction\":[{\"@type\":\"SearchAction\",\"target\":{\"@type\":\"EntryPoint\",\"urlTemplate\":\"https:\\\/\\\/azturismo.net\\\/?s={search_term_string}\"},\"query-input\":{\"@type\":\"PropertyValueSpecification\",\"valueRequired\":true,\"valueName\":\"search_term_string\"}}],\"inLanguage\":\"es\"},{\"@type\":\"Organization\",\"@id\":\"https:\\\/\\\/azturismo.net\\\/#organization\",\"name\":\"Azturismo\",\"url\":\"https:\\\/\\\/azturismo.net\\\/\",\"logo\":{\"@type\":\"ImageObject\",\"inLanguage\":\"es\",\"@id\":\"https:\\\/\\\/azturismo.net\\\/#\\\/schema\\\/logo\\\/image\\\/\",\"url\":\"https:\\\/\\\/i0.wp.com\\\/azturismo.net\\\/wp-content\\\/uploads\\\/2024\\\/03\\\/logo-el-bueno-.png?fit=294%2C69&ssl=1\",\"contentUrl\":\"https:\\\/\\\/i0.wp.com\\\/azturismo.net\\\/wp-content\\\/uploads\\\/2024\\\/03\\\/logo-el-bueno-.png?fit=294%2C69&ssl=1\",\"width\":294,\"height\":69,\"caption\":\"Azturismo\"},\"image\":{\"@id\":\"https:\\\/\\\/azturismo.net\\\/#\\\/schema\\\/logo\\\/image\\\/\"},\"sameAs\":[\"https:\\\/\\\/www.facebook.com\\\/AzturismoNoticias\",\"https:\\\/\\\/x.com\\\/AzTurismo\",\"https:\\\/\\\/www.instagram.com\\\/azturismo_noticias\\\/?fbclid=IwAR2xMiuoHbs6eLeIHKP8P5sSGa-xFrw7FfejscXO7kDghWa7wKLjGczKOwE\",\"https:\\\/\\\/www.tiktok.com\\\/@azturismo\"]},{\"@type\":\"Person\",\"@id\":\"https:\\\/\\\/azturismo.net\\\/#\\\/schema\\\/person\\\/4b56d87f51c4d1b518c650739ad3bbc1\",\"name\":\"Azturismo\",\"image\":{\"@type\":\"ImageObject\",\"inLanguage\":\"es\",\"@id\":\"https:\\\/\\\/azturismo.net\\\/wp-content\\\/litespeed\\\/avatar\\\/dfe28a31cdd68b788da48a316e50db10.jpg?ver=1777707566\",\"url\":\"https:\\\/\\\/azturismo.net\\\/wp-content\\\/litespeed\\\/avatar\\\/dfe28a31cdd68b788da48a316e50db10.jpg?ver=1777707566\",\"contentUrl\":\"https:\\\/\\\/azturismo.net\\\/wp-content\\\/litespeed\\\/avatar\\\/dfe28a31cdd68b788da48a316e50db10.jpg?ver=1777707566\",\"caption\":\"Azturismo\"},\"sameAs\":[\"https:\\\/\\\/azturismo.net\"],\"url\":\"https:\\\/\\\/azturismo.net\\\/?author=1\"}]}<\/script>\n<!-- \/ Yoast SEO plugin. -->","yoast_head_json":{"title":"El Tianguis Tur\u00edstico 2025 ser\u00e1 binacional, M\u00e9xico-EU: Sectur - Azturismo Noticias","description":"La secretaria de Turismo de M\u00e9xico, Josefina Rodr\u00edguez Zamora, anunci\u00f3 que la 49\u00aa edici\u00f3n del Tianguis Tur\u00edstico 2025 que se celebrar\u00e1 en Baja California, por primera vez, tendr\u00e1 un formato binacional. Este evento ser\u00e1 una plataforma \u00fanica donde la rica cultura, gastronom\u00eda, artesan\u00eda y turismo de M\u00e9xico se exhibir\u00e1n tanto en las calles de Tijuana como en San Diego, California, a trav\u00e9s de activaciones que fortalecer\u00e1n los lazos tur\u00edsticos entre ambos pa\u00edses.","robots":{"index":"index","follow":"follow","max-snippet":"max-snippet:-1","max-image-preview":"max-image-preview:large","max-video-preview":"max-video-preview:-1"},"canonical":"https:\/\/azturismo.net\/?p=3002","og_locale":"es_MX","og_type":"article","og_title":"El Tianguis Tur\u00edstico 2025 ser\u00e1 binacional, M\u00e9xico-EU: Sectur - Azturismo Noticias","og_description":"La secretaria de Turismo de M\u00e9xico, Josefina Rodr\u00edguez Zamora, anunci\u00f3 que la 49\u00aa edici\u00f3n del Tianguis Tur\u00edstico 2025 que se celebrar\u00e1 en Baja California, por primera vez, tendr\u00e1 un formato binacional. Este evento ser\u00e1 una plataforma \u00fanica donde la rica cultura, gastronom\u00eda, artesan\u00eda y turismo de M\u00e9xico se exhibir\u00e1n tanto en las calles de Tijuana como en San Diego, California, a trav\u00e9s de activaciones que fortalecer\u00e1n los lazos tur\u00edsticos entre ambos pa\u00edses.","og_url":"https:\/\/azturismo.net\/?p=3002","og_site_name":"Azturismo Noticias","article_publisher":"https:\/\/www.facebook.com\/AzturismoNoticias","article_published_time":"2025-02-13T02:30:00+00:00","og_image":[{"width":600,"height":400,"url":"https:\/\/i0.wp.com\/azturismo.net\/wp-content\/uploads\/2025\/02\/Sectur-Senado.jpg?fit=600%2C400&ssl=1","type":"image\/jpeg"}],"author":"Azturismo","twitter_card":"summary_large_image","twitter_creator":"@AzTurismo","twitter_site":"@AzTurismo","twitter_misc":{"Escrito por":"Azturismo","Tiempo de lectura":"3 minutos"},"schema":{"@context":"https:\/\/schema.org","@graph":[{"@type":"Article","@id":"https:\/\/azturismo.net\/?p=3002#article","isPartOf":{"@id":"https:\/\/azturismo.net\/?p=3002"},"author":{"name":"Azturismo","@id":"https:\/\/azturismo.net\/#\/schema\/person\/4b56d87f51c4d1b518c650739ad3bbc1"},"headline":"El Tianguis Tur\u00edstico 2025 ser\u00e1 binacional, M\u00e9xico-EU: Sectur","datePublished":"2025-02-13T02:30:00+00:00","mainEntityOfPage":{"@id":"https:\/\/azturismo.net\/?p=3002"},"wordCount":607,"commentCount":0,"publisher":{"@id":"https:\/\/azturismo.net\/#organization"},"image":{"@id":"https:\/\/azturismo.net\/?p=3002#primaryimage"},"thumbnailUrl":"https:\/\/i0.wp.com\/azturismo.net\/wp-content\/uploads\/2025\/02\/Sectur-Senado.jpg?fit=600%2C400&ssl=1","keywords":["azturismo","Copa Mundial 2026","estrategia nacional de turismo","Josefina Rodr\u00edguez Zamora","M\u00e9xico y Estados Unidos","PIB tur\u00edstico","pueblos m\u00e1gicos","Sectur","Tianguis Tur\u00edstico 2025","Turismo","turismo en M\u00e9xico","Viajes","y inegi turismo"],"articleSection":["Destacadas","NACIONALES"],"inLanguage":"es","potentialAction":[{"@type":"CommentAction","name":"Comment","target":["https:\/\/azturismo.net\/?p=3002#respond"]}]},{"@type":"WebPage","@id":"https:\/\/azturismo.net\/?p=3002","url":"https:\/\/azturismo.net\/?p=3002","name":"El Tianguis Tur\u00edstico 2025 ser\u00e1 binacional, M\u00e9xico-EU: Sectur - Azturismo Noticias","isPartOf":{"@id":"https:\/\/azturismo.net\/#website"},"primaryImageOfPage":{"@id":"https:\/\/azturismo.net\/?p=3002#primaryimage"},"image":{"@id":"https:\/\/azturismo.net\/?p=3002#primaryimage"},"thumbnailUrl":"https:\/\/i0.wp.com\/azturismo.net\/wp-content\/uploads\/2025\/02\/Sectur-Senado.jpg?fit=600%2C400&ssl=1","datePublished":"2025-02-13T02:30:00+00:00","description":"La secretaria de Turismo de M\u00e9xico, Josefina Rodr\u00edguez Zamora, anunci\u00f3 que la 49\u00aa edici\u00f3n del Tianguis Tur\u00edstico 2025 que se celebrar\u00e1 en Baja California, por primera vez, tendr\u00e1 un formato binacional. Este evento ser\u00e1 una plataforma \u00fanica donde la rica cultura, gastronom\u00eda, artesan\u00eda y turismo de M\u00e9xico se exhibir\u00e1n tanto en las calles de Tijuana como en San Diego, California, a trav\u00e9s de activaciones que fortalecer\u00e1n los lazos tur\u00edsticos entre ambos pa\u00edses.","breadcrumb":{"@id":"https:\/\/azturismo.net\/?p=3002#breadcrumb"},"inLanguage":"es","potentialAction":[{"@type":"ReadAction","target":["https:\/\/azturismo.net\/?p=3002"]}]},{"@type":"ImageObject","inLanguage":"es","@id":"https:\/\/azturismo.net\/?p=3002#primaryimage","url":"https:\/\/i0.wp.com\/azturismo.net\/wp-content\/uploads\/2025\/02\/Sectur-Senado.jpg?fit=600%2C400&ssl=1","contentUrl":"https:\/\/i0.wp.com\/azturismo.net\/wp-content\/uploads\/2025\/02\/Sectur-Senado.jpg?fit=600%2C400&ssl=1","width":600,"height":400},{"@type":"BreadcrumbList","@id":"https:\/\/azturismo.net\/?p=3002#breadcrumb","itemListElement":[{"@type":"ListItem","position":1,"name":"Home","item":"https:\/\/azturismo.net\/"},{"@type":"ListItem","position":2,"name":"El Tianguis Tur\u00edstico 2025 ser\u00e1 binacional, M\u00e9xico-EU: Sectur"}]},{"@type":"WebSite","@id":"https:\/\/azturismo.net\/#website","url":"https:\/\/azturismo.net\/","name":"Azturismo","description":"Azturismo Noticias","publisher":{"@id":"https:\/\/azturismo.net\/#organization"},"potentialAction":[{"@type":"SearchAction","target":{"@type":"EntryPoint","urlTemplate":"https:\/\/azturismo.net\/?s={search_term_string}"},"query-input":{"@type":"PropertyValueSpecification","valueRequired":true,"valueName":"search_term_string"}}],"inLanguage":"es"},{"@type":"Organization","@id":"https:\/\/azturismo.net\/#organization","name":"Azturismo","url":"https:\/\/azturismo.net\/","logo":{"@type":"ImageObject","inLanguage":"es","@id":"https:\/\/azturismo.net\/#\/schema\/logo\/image\/","url":"https:\/\/i0.wp.com\/azturismo.net\/wp-content\/uploads\/2024\/03\/logo-el-bueno-.png?fit=294%2C69&ssl=1","contentUrl":"https:\/\/i0.wp.com\/azturismo.net\/wp-content\/uploads\/2024\/03\/logo-el-bueno-.png?fit=294%2C69&ssl=1","width":294,"height":69,"caption":"Azturismo"},"image":{"@id":"https:\/\/azturismo.net\/#\/schema\/logo\/image\/"},"sameAs":["https:\/\/www.facebook.com\/AzturismoNoticias","https:\/\/x.com\/AzTurismo","https:\/\/www.instagram.com\/azturismo_noticias\/?fbclid=IwAR2xMiuoHbs6eLeIHKP8P5sSGa-xFrw7FfejscXO7kDghWa7wKLjGczKOwE","https:\/\/www.tiktok.com\/@azturismo"]},{"@type":"Person","@id":"https:\/\/azturismo.net\/#\/schema\/person\/4b56d87f51c4d1b518c650739ad3bbc1","name":"Azturismo","image":{"@type":"ImageObject","inLanguage":"es","@id":"https:\/\/azturismo.net\/wp-content\/litespeed\/avatar\/dfe28a31cdd68b788da48a316e50db10.jpg?ver=1777707566","url":"https:\/\/azturismo.net\/wp-content\/litespeed\/avatar\/dfe28a31cdd68b788da48a316e50db10.jpg?ver=1777707566","contentUrl":"https:\/\/azturismo.net\/wp-content\/litespeed\/avatar\/dfe28a31cdd68b788da48a316e50db10.jpg?ver=1777707566","caption":"Azturismo"},"sameAs":["https:\/\/azturismo.net"],"url":"https:\/\/azturismo.net\/?author=1"}]}},"jetpack_publicize_connections":[],"jetpack_featured_media_url":"https:\/\/i0.wp.com\/azturismo.net\/wp-content\/uploads\/2025\/02\/Sectur-Senado.jpg?fit=600%2C400&ssl=1","jetpack_sharing_enabled":true,"jetpack-related-posts":[{"id":5649,"url":"https:\/\/azturismo.net\/?p=5649","url_meta":{"origin":3002,"position":0},"title":"M\u00e9xico inaugura su primer Tianguis Tur\u00edstico en China","author":"Azturismo","date":"septiembre 25, 2025","format":false,"excerpt":"Por Staff AzTurismo Beijing, China,. \u2013 Con el objetivo de fortalecer la presencia de los destinos nacionales en Asia, la Secretar\u00eda de Turismo (Sectur) de M\u00e9xico inaugur\u00f3 por primera vez un Tianguis Tur\u00edstico en China, considerado un paso hist\u00f3rico para diversificar mercados y consolidar al pa\u00eds como potencia tur\u00edstica mundial.\u2026","rel":"","context":"En &quot;Destacadas&quot;","block_context":{"text":"Destacadas","link":"https:\/\/azturismo.net\/?cat=30"},"img":{"alt_text":"","src":"https:\/\/i0.wp.com\/azturismo.net\/wp-content\/uploads\/2025\/09\/China-Tianguis.jpeg?fit=600%2C399&ssl=1&resize=350%2C200","width":350,"height":200,"srcset":"https:\/\/i0.wp.com\/azturismo.net\/wp-content\/uploads\/2025\/09\/China-Tianguis.jpeg?fit=600%2C399&ssl=1&resize=350%2C200 1x, https:\/\/i0.wp.com\/azturismo.net\/wp-content\/uploads\/2025\/09\/China-Tianguis.jpeg?fit=600%2C399&ssl=1&resize=525%2C300 1.5x"},"classes":[]},{"id":3724,"url":"https:\/\/azturismo.net\/?p=3724","url_meta":{"origin":3002,"position":1},"title":"Se consolida Tianguis Tur\u00edstico M\u00e9xico 2025 como el m\u00e1s importante de AL","author":"Azturismo","date":"mayo 2, 2025","format":false,"excerpt":"Rompe R\u00e9cord Guinness con 71,882 citas de negocios Por Oscar V\u00e1zquez C. El Tianguis Tur\u00edstico M\u00e9xico 2025 ha marcado un hito en la historia tur\u00edstica de M\u00e9xico al ser reconocido con un R\u00e9cord Guinness por la mayor asistencia a una feria tur\u00edstica en el pa\u00eds, inform\u00f3 la secretaria de Turismo\u2026","rel":"","context":"En &quot;Destacadas&quot;","block_context":{"text":"Destacadas","link":"https:\/\/azturismo.net\/?cat=30"},"img":{"alt_text":"","src":"https:\/\/i0.wp.com\/azturismo.net\/wp-content\/uploads\/2025\/05\/Comunicado-084-1.jpg?fit=600%2C385&ssl=1&resize=350%2C200","width":350,"height":200,"srcset":"https:\/\/i0.wp.com\/azturismo.net\/wp-content\/uploads\/2025\/05\/Comunicado-084-1.jpg?fit=600%2C385&ssl=1&resize=350%2C200 1x, https:\/\/i0.wp.com\/azturismo.net\/wp-content\/uploads\/2025\/05\/Comunicado-084-1.jpg?fit=600%2C385&ssl=1&resize=525%2C300 1.5x"},"classes":[]},{"id":3228,"url":"https:\/\/azturismo.net\/?p=3228","url_meta":{"origin":3002,"position":2},"title":"Augura Josefina Rodr\u00edguez \u00e9xito rotundo del Tianguis Tur\u00edstico 2025","author":"Azturismo","date":"marzo 4, 2025","format":false,"excerpt":"Por Oscar V\u00e1zquez C. La secretaria de Turismo del Gobierno de M\u00e9xico, Josefina Rodr\u00edguez Zamora, destac\u00f3 que el Tianguis Tur\u00edstico 2025, que se realizar\u00e1 del 28 de abril al 1 de mayo en el Baja California Center, en Playas de Rosarito, est\u00e1 rompiendo r\u00e9cord ya que hasta el momento se\u2026","rel":"","context":"En &quot;Destacadas&quot;","block_context":{"text":"Destacadas","link":"https:\/\/azturismo.net\/?cat=30"},"img":{"alt_text":"","src":"https:\/\/i0.wp.com\/azturismo.net\/wp-content\/uploads\/2025\/03\/Tiaguis-Sectur-Presentacion.jpg?fit=600%2C399&ssl=1&resize=350%2C200","width":350,"height":200,"srcset":"https:\/\/i0.wp.com\/azturismo.net\/wp-content\/uploads\/2025\/03\/Tiaguis-Sectur-Presentacion.jpg?fit=600%2C399&ssl=1&resize=350%2C200 1x, https:\/\/i0.wp.com\/azturismo.net\/wp-content\/uploads\/2025\/03\/Tiaguis-Sectur-Presentacion.jpg?fit=600%2C399&ssl=1&resize=525%2C300 1.5x"},"classes":[]},{"id":3719,"url":"https:\/\/azturismo.net\/?p=3719","url_meta":{"origin":3002,"position":3},"title":"Morelos presenta su diversa oferta en el Tianguis Tur\u00edstico M\u00e9xico 2025","author":"Azturismo","date":"abril 29, 2025","format":false,"excerpt":"Por Staff AzTurismo En la inauguraci\u00f3n del Tianguis Tur\u00edstico M\u00e9xico 2025, la gobernadora de Morelos, Margarita Gonz\u00e1lez Saravia y la secretar\u00eda de Turismo, Josefina Rodr\u00edguez Zamora, presentaron el stand del estado, acompa\u00f1adas por el secretario Daniel Altafi. En el evento destacaron que \"Morelos brilla con su cultura, naturaleza y turismo\u2026","rel":"","context":"En &quot;Destacadas&quot;","block_context":{"text":"Destacadas","link":"https:\/\/azturismo.net\/?cat=30"},"img":{"alt_text":"","src":"https:\/\/i0.wp.com\/azturismo.net\/wp-content\/uploads\/2025\/04\/morelos-inauguracion-stand-tianguis.jpg?fit=600%2C337&ssl=1&resize=350%2C200","width":350,"height":200,"srcset":"https:\/\/i0.wp.com\/azturismo.net\/wp-content\/uploads\/2025\/04\/morelos-inauguracion-stand-tianguis.jpg?fit=600%2C337&ssl=1&resize=350%2C200 1x, https:\/\/i0.wp.com\/azturismo.net\/wp-content\/uploads\/2025\/04\/morelos-inauguracion-stand-tianguis.jpg?fit=600%2C337&ssl=1&resize=525%2C300 1.5x"},"classes":[]},{"id":5017,"url":"https:\/\/azturismo.net\/?p=5017","url_meta":{"origin":3002,"position":4},"title":"Sectur abre convocatoria para elegir sede del Tianguis Tur\u00edstico M\u00e9xico 2027","author":"Azturismo","date":"agosto 22, 2025","format":false,"excerpt":"Por Staff AzTurismo La Secretar\u00eda de Turismo (Sectur) public\u00f3 en el Diario Oficial de la Federaci\u00f3n la convocatoria dirigida a entidades federativas para competir por ser la sede del Tianguis Tur\u00edstico M\u00e9xico 2027, el evento de promoci\u00f3n tur\u00edstica m\u00e1s importante de Am\u00e9rica Latina. Requisitos Clave para Ser Sede del Tianguis\u2026","rel":"","context":"En &quot;NOTITUR&quot;","block_context":{"text":"NOTITUR","link":"https:\/\/azturismo.net\/?cat=25"},"img":{"alt_text":"","src":"https:\/\/i0.wp.com\/azturismo.net\/wp-content\/uploads\/2025\/08\/PSX_20250822_192612.jpg?fit=600%2C547&ssl=1&resize=350%2C200","width":350,"height":200,"srcset":"https:\/\/i0.wp.com\/azturismo.net\/wp-content\/uploads\/2025\/08\/PSX_20250822_192612.jpg?fit=600%2C547&ssl=1&resize=350%2C200 1x, https:\/\/i0.wp.com\/azturismo.net\/wp-content\/uploads\/2025\/08\/PSX_20250822_192612.jpg?fit=600%2C547&ssl=1&resize=525%2C300 1.5x"},"classes":[]},{"id":6434,"url":"https:\/\/azturismo.net\/?p=6434","url_meta":{"origin":3002,"position":5},"title":"Arranca en Hidalgo, el Tianguis Nacional de Pueblos M\u00e1gicos 2025","author":"Azturismo","date":"noviembre 14, 2025","format":false,"excerpt":"Por Oscar V\u00e1zquez C. Hidalgo se convirti\u00f3 hoy en el coraz\u00f3n del turismo nacional con el arranque oficial del Tianguis Nacional de Pueblos M\u00e1gicos 2025, un encuentro hist\u00f3rico que re\u00fane \u2014como nunca antes\u2014 a los 32 estados de la Rep\u00fablica y a las 177 localidades que dan vida a este\u2026","rel":"","context":"En &quot;Destacadas&quot;","block_context":{"text":"Destacadas","link":"https:\/\/azturismo.net\/?cat=30"},"img":{"alt_text":"","src":"https:\/\/i0.wp.com\/azturismo.net\/wp-content\/uploads\/2025\/11\/Sectur-TianguisPueblosMagicos2025-.jpg?fit=600%2C400&ssl=1&resize=350%2C200","width":350,"height":200,"srcset":"https:\/\/i0.wp.com\/azturismo.net\/wp-content\/uploads\/2025\/11\/Sectur-TianguisPueblosMagicos2025-.jpg?fit=600%2C400&ssl=1&resize=350%2C200 1x, https:\/\/i0.wp.com\/azturismo.net\/wp-content\/uploads\/2025\/11\/Sectur-TianguisPueblosMagicos2025-.jpg?fit=600%2C400&ssl=1&resize=525%2C300 1.5x"},"classes":[]}],"jetpack_shortlink":"https:\/\/wp.me\/pfqZGx-Mq","amp_enabled":true,"_links":{"self":[{"href":"https:\/\/azturismo.net\/index.php?rest_route=\/wp\/v2\/posts\/3002","targetHints":{"allow":["GET"]}}],"collection":[{"href":"https:\/\/azturismo.net\/index.php?rest_route=\/wp\/v2\/posts"}],"about":[{"href":"https:\/\/azturismo.net\/index.php?rest_route=\/wp\/v2\/types\/post"}],"author":[{"embeddable":true,"href":"https:\/\/azturismo.net\/index.php?rest_route=\/wp\/v2\/users\/1"}],"replies":[{"embeddable":true,"href":"https:\/\/azturismo.net\/index.php?rest_route=%2Fwp%2Fv2%2Fcomments&post=3002"}],"version-history":[{"count":1,"href":"https:\/\/azturismo.net\/index.php?rest_route=\/wp\/v2\/posts\/3002\/revisions"}],"predecessor-version":[{"id":3005,"href":"https:\/\/azturismo.net\/index.php?rest_route=\/wp\/v2\/posts\/3002\/revisions\/3005"}],"wp:featuredmedia":[{"embeddable":true,"href":"https:\/\/azturismo.net\/index.php?rest_route=\/wp\/v2\/media\/3003"}],"wp:attachment":[{"href":"https:\/\/azturismo.net\/index.php?rest_route=%2Fwp%2Fv2%2Fmedia&parent=3002"}],"wp:term":[{"taxonomy":"category","embeddable":true,"href":"https:\/\/azturismo.net\/index.php?rest_route=%2Fwp%2Fv2%2Fcategories&post=3002"},{"taxonomy":"post_tag","embeddable":true,"href":"https:\/\/azturismo.net\/index.php?rest_route=%2Fwp%2Fv2%2Ftags&post=3002"}],"curies":[{"name":"wp","href":"https:\/\/api.w.org\/{rel}","templated":true}]}}