{"id":2888,"date":"2025-02-07T19:19:50","date_gmt":"2025-02-08T01:19:50","guid":{"rendered":"https:\/\/azturismo.net\/?p=2888"},"modified":"2025-02-07T19:19:52","modified_gmt":"2025-02-08T01:19:52","slug":"hablemos-del-tlatoani-mexica-cuauhtemoc","status":"publish","type":"post","link":"https:\/\/azturismo.net\/?p=2888","title":{"rendered":"Hablemos del tlatoani mexica     Cuauht\u00e9moc"},"content":{"rendered":"\n<p>Por Satff Azurismo<\/p>\n\n\n\n<p>La <strong>Secretar\u00eda de Cultura del Gobierno de M\u00e9xico<\/strong> y el <strong>Instituto Nacional de Antropolog\u00eda e Historia (INAH)<\/strong> celebrar\u00e1n el <strong>500 aniversario luctuoso de Cuauht\u00e9moc<\/strong>, el \u00faltimo <strong>tlatoani mexica<\/strong>, con un ciclo de <strong>11 conferencias<\/strong> dedicadas a su vida, legado y los mitos que rodean su figura. Las conferencias, que se realizar\u00e1n de <strong>febrero a abril de 2025<\/strong>, ser\u00e1n de acceso gratuito y tendr\u00e1n lugar en el <strong>Museo del Templo Mayor (MTM)<\/strong>.<\/p>\n\n\n\n<p>Este ciclo de conferencias busca ahondar en la <strong>historia de Cuauht\u00e9moc<\/strong> y su papel crucial durante la <strong>defensa de Tenochtitlan<\/strong> frente a la invasi\u00f3n espa\u00f1ola en 1521, as\u00ed como su legado cultural y pol\u00edtico. La primera conferencia, titulada <em>Cuauht\u00e9moc. Vida y muerte de un guerrero indomable<\/em>, ser\u00e1 impartida por la <strong>UNAM<\/strong> el 8 de febrero. Otros temas incluir\u00e1n el an\u00e1lisis de su <strong>genealog\u00eda<\/strong>, su construcci\u00f3n como <strong>h\u00e9roe nacional<\/strong> y el <strong>destino final de sus restos<\/strong>.<\/p>\n\n\n<div class=\"wp-block-image\">\n<figure class=\"alignleft size-full is-resized\"><img data-recalc-dims=\"1\" loading=\"lazy\" decoding=\"async\" width=\"600\" height=\"872\" data-attachment-id=\"2890\" data-permalink=\"https:\/\/azturismo.net\/?attachment_id=2890\" data-orig-file=\"https:\/\/i0.wp.com\/azturismo.net\/wp-content\/uploads\/2025\/02\/Especialistas-del-INAH-y-otras-instituciones-academicas-analizaran-la-vida-y-obra-del-jerarca-tenochca.-Foto-Mauricio-Marat-INAH-1.jpg?fit=600%2C872&amp;ssl=1\" data-orig-size=\"600,872\" data-comments-opened=\"1\" data-image-meta=\"{&quot;aperture&quot;:&quot;0&quot;,&quot;credit&quot;:&quot;&quot;,&quot;camera&quot;:&quot;&quot;,&quot;caption&quot;:&quot;&quot;,&quot;created_timestamp&quot;:&quot;1734028483&quot;,&quot;copyright&quot;:&quot;&quot;,&quot;focal_length&quot;:&quot;0&quot;,&quot;iso&quot;:&quot;0&quot;,&quot;shutter_speed&quot;:&quot;0&quot;,&quot;title&quot;:&quot;&quot;,&quot;orientation&quot;:&quot;1&quot;}\" data-image-title=\"Especialistas del INAH y otras instituciones acad\u00e9micas analizar\u00e1n la vida y obra del jerarca tenochca. Foto Mauricio Marat, INAH (1)\" data-image-description=\"&lt;p&gt;Foto: Mauricio Marat, INAH.&lt;\/p&gt;\n\" data-image-caption=\"&lt;p&gt;Especialistas del INAH y otras instituciones acad\u00e9micas analizar\u00e1n la vida y obra del jerarca tenochca. Foto: Mauricio Marat, INAH&lt;\/p&gt;\n\" data-large-file=\"https:\/\/i0.wp.com\/azturismo.net\/wp-content\/uploads\/2025\/02\/Especialistas-del-INAH-y-otras-instituciones-academicas-analizaran-la-vida-y-obra-del-jerarca-tenochca.-Foto-Mauricio-Marat-INAH-1.jpg?fit=600%2C872&amp;ssl=1\" src=\"https:\/\/i0.wp.com\/azturismo.net\/wp-content\/uploads\/2025\/02\/Especialistas-del-INAH-y-otras-instituciones-academicas-analizaran-la-vida-y-obra-del-jerarca-tenochca.-Foto-Mauricio-Marat-INAH-1.jpg?resize=600%2C872&#038;ssl=1\" alt=\"\" class=\"wp-image-2890\" style=\"width:210px;height:auto\" srcset=\"https:\/\/i0.wp.com\/azturismo.net\/wp-content\/uploads\/2025\/02\/Especialistas-del-INAH-y-otras-instituciones-academicas-analizaran-la-vida-y-obra-del-jerarca-tenochca.-Foto-Mauricio-Marat-INAH-1.jpg?w=600&amp;ssl=1 600w, https:\/\/i0.wp.com\/azturismo.net\/wp-content\/uploads\/2025\/02\/Especialistas-del-INAH-y-otras-instituciones-academicas-analizaran-la-vida-y-obra-del-jerarca-tenochca.-Foto-Mauricio-Marat-INAH-1.jpg?resize=206%2C300&amp;ssl=1 206w, https:\/\/i0.wp.com\/azturismo.net\/wp-content\/uploads\/2025\/02\/Especialistas-del-INAH-y-otras-instituciones-academicas-analizaran-la-vida-y-obra-del-jerarca-tenochca.-Foto-Mauricio-Marat-INAH-1.jpg?resize=150%2C218&amp;ssl=1 150w, https:\/\/i0.wp.com\/azturismo.net\/wp-content\/uploads\/2025\/02\/Especialistas-del-INAH-y-otras-instituciones-academicas-analizaran-la-vida-y-obra-del-jerarca-tenochca.-Foto-Mauricio-Marat-INAH-1.jpg?resize=300%2C436&amp;ssl=1 300w\" sizes=\"auto, (max-width: 600px) 100vw, 600px\" \/><figcaption class=\"wp-element-caption\">Foto: Mauricio Marat, INAH<\/figcaption><\/figure><\/div>\n\n\n<p>Entre los ponentes destacados se encuentran <strong>Eduardo Matos Moctezuma<\/strong>, <strong>Antonio Saborit Garc\u00eda-Pe\u00f1a<\/strong>, y <strong>Patricia Ledesma Bouchan<\/strong>, quienes explorar\u00e1n aspectos fundamentales de su vida, el contexto hist\u00f3rico y la construcci\u00f3n de su imagen a lo largo de los siglos. El ciclo culminar\u00e1 el <strong>26 de abril de 2025<\/strong> con una conferencia sobre las <strong>danzas de Conquista<\/strong>, relacionadas con los eventos que marcaron la historia de Cuauht\u00e9moc.<\/p>\n\n\n\n<p>Este evento ser\u00e1 una oportunidad \u00fanica para profundizar en la <strong>memoria hist\u00f3rica<\/strong> del l\u00edder mexica, a trav\u00e9s de diversas perspectivas acad\u00e9micas y culturales. <strong>Entrada gratuita<\/strong> con cupo limitado.<\/p>\n\n\n\n<p><\/p>\n","protected":false},"excerpt":{"rendered":"<p>Por Satff Azurismo La Secretar\u00eda de Cultura del Gobierno de M\u00e9xico y el Instituto Nacional de Antropolog\u00eda e Historia (INAH) celebrar\u00e1n el 500 aniversario luctuoso de Cuauht\u00e9moc, el \u00faltimo tlatoani mexica, con un ciclo de 11 conferencias dedicadas a su vida, legado y los mitos que rodean su figura. Las conferencias, que se realizar\u00e1n de [&hellip;]<\/p>\n","protected":false},"author":1,"featured_media":2889,"comment_status":"open","ping_status":"open","sticky":false,"template":"","format":"standard","meta":{"jetpack_post_was_ever_published":false,"_jetpack_newsletter_access":"","_jetpack_dont_email_post_to_subs":false,"_jetpack_newsletter_tier_id":0,"_jetpack_memberships_contains_paywalled_content":false,"_jetpack_memberships_contains_paid_content":false,"footnotes":"","jetpack_publicize_message":"","jetpack_publicize_feature_enabled":true,"jetpack_social_post_already_shared":true,"jetpack_social_options":{"image_generator_settings":{"template":"highway","default_image_id":0,"font":"","enabled":false},"version":2}},"categories":[28],"tags":[99,1009,1010,192,39],"class_list":{"0":"post-2888","1":"post","2":"type-post","3":"status-publish","4":"format-standard","5":"has-post-thumbnail","7":"category-tendencias","8":"tag-azturismo","9":"tag-cuauhtemoc","10":"tag-historia-de-mexico","11":"tag-inah","12":"tag-turismo"},"yoast_head":"<!-- This site is optimized with the Yoast SEO plugin v27.5 - https:\/\/yoast.com\/product\/yoast-seo-wordpress\/ -->\n<title>Hablemos del tlatoani mexica   Cuauht\u00e9moc - Azturismo Noticias<\/title>\n<meta name=\"description\" content=\"La Secretar\u00eda de Cultura del Gobierno de M\u00e9xico y el Instituto Nacional de Antropolog\u00eda e Historia (INAH) celebrar\u00e1n el 500 aniversario luctuoso de Cuauht\u00e9moc, el \u00faltimo tlatoani mexica, con un ciclo de 11 conferencias dedicadas a su vida, legado y los mitos que rodean su figura. Las conferencias, que se realizar\u00e1n de febrero a abril de 2025, ser\u00e1n de acceso gratuito y tendr\u00e1n lugar en el Museo del Templo Mayor (MTM).\" \/>\n<meta name=\"robots\" content=\"index, follow, max-snippet:-1, max-image-preview:large, max-video-preview:-1\" \/>\n<link rel=\"canonical\" href=\"https:\/\/azturismo.net\/?p=2888\" \/>\n<meta property=\"og:locale\" content=\"es_MX\" \/>\n<meta property=\"og:type\" content=\"article\" \/>\n<meta property=\"og:title\" content=\"Hablemos del tlatoani mexica   Cuauht\u00e9moc - Azturismo Noticias\" \/>\n<meta property=\"og:description\" content=\"La Secretar\u00eda de Cultura del Gobierno de M\u00e9xico y el Instituto Nacional de Antropolog\u00eda e Historia (INAH) celebrar\u00e1n el 500 aniversario luctuoso de Cuauht\u00e9moc, el \u00faltimo tlatoani mexica, con un ciclo de 11 conferencias dedicadas a su vida, legado y los mitos que rodean su figura. Las conferencias, que se realizar\u00e1n de febrero a abril de 2025, ser\u00e1n de acceso gratuito y tendr\u00e1n lugar en el Museo del Templo Mayor (MTM).\" \/>\n<meta property=\"og:url\" content=\"https:\/\/azturismo.net\/?p=2888\" \/>\n<meta property=\"og:site_name\" content=\"Azturismo Noticias\" \/>\n<meta property=\"article:publisher\" content=\"https:\/\/www.facebook.com\/AzturismoNoticias\" \/>\n<meta property=\"article:published_time\" content=\"2025-02-08T01:19:50+00:00\" \/>\n<meta property=\"article:modified_time\" content=\"2025-02-08T01:19:52+00:00\" \/>\n<meta property=\"og:image\" content=\"https:\/\/azturismo.net\/wp-content\/uploads\/2025\/02\/Conmemoran-el-quinto-centenario-del-aniversario-luctuoso-de-Cuauhtemoc-con-ciclo-de-conferencias.-Foto-Gerardo-Pena-INAH-2.jpg\" \/>\n\t<meta property=\"og:image:width\" content=\"600\" \/>\n\t<meta property=\"og:image:height\" content=\"335\" \/>\n\t<meta property=\"og:image:type\" content=\"image\/jpeg\" \/>\n<meta name=\"author\" content=\"Azturismo\" \/>\n<meta name=\"twitter:card\" content=\"summary_large_image\" \/>\n<meta name=\"twitter:creator\" content=\"@AzTurismo\" \/>\n<meta name=\"twitter:site\" content=\"@AzTurismo\" \/>\n<meta name=\"twitter:label1\" content=\"Escrito por\" \/>\n\t<meta name=\"twitter:data1\" content=\"Azturismo\" \/>\n\t<meta name=\"twitter:label2\" content=\"Tiempo de lectura\" \/>\n\t<meta name=\"twitter:data2\" content=\"2 minutos\" \/>\n<script type=\"application\/ld+json\" class=\"yoast-schema-graph\">{\"@context\":\"https:\\\/\\\/schema.org\",\"@graph\":[{\"@type\":\"Article\",\"@id\":\"https:\\\/\\\/azturismo.net\\\/?p=2888#article\",\"isPartOf\":{\"@id\":\"https:\\\/\\\/azturismo.net\\\/?p=2888\"},\"author\":{\"name\":\"Azturismo\",\"@id\":\"https:\\\/\\\/azturismo.net\\\/#\\\/schema\\\/person\\\/4b56d87f51c4d1b518c650739ad3bbc1\"},\"headline\":\"Hablemos del tlatoani mexica Cuauht\u00e9moc\",\"datePublished\":\"2025-02-08T01:19:50+00:00\",\"dateModified\":\"2025-02-08T01:19:52+00:00\",\"mainEntityOfPage\":{\"@id\":\"https:\\\/\\\/azturismo.net\\\/?p=2888\"},\"wordCount\":273,\"commentCount\":0,\"publisher\":{\"@id\":\"https:\\\/\\\/azturismo.net\\\/#organization\"},\"image\":{\"@id\":\"https:\\\/\\\/azturismo.net\\\/?p=2888#primaryimage\"},\"thumbnailUrl\":\"https:\\\/\\\/i0.wp.com\\\/azturismo.net\\\/wp-content\\\/uploads\\\/2025\\\/02\\\/Conmemoran-el-quinto-centenario-del-aniversario-luctuoso-de-Cuauhtemoc-con-ciclo-de-conferencias.-Foto-Gerardo-Pena-INAH-2.jpg?fit=600%2C335&ssl=1\",\"keywords\":[\"azturismo\",\"cuauht\u00e9moc\",\"historia de mexico\",\"INAH\",\"Turismo\"],\"articleSection\":[\"TENDENCIAS\"],\"inLanguage\":\"es\",\"potentialAction\":[{\"@type\":\"CommentAction\",\"name\":\"Comment\",\"target\":[\"https:\\\/\\\/azturismo.net\\\/?p=2888#respond\"]}]},{\"@type\":\"WebPage\",\"@id\":\"https:\\\/\\\/azturismo.net\\\/?p=2888\",\"url\":\"https:\\\/\\\/azturismo.net\\\/?p=2888\",\"name\":\"Hablemos del tlatoani mexica Cuauht\u00e9moc - Azturismo Noticias\",\"isPartOf\":{\"@id\":\"https:\\\/\\\/azturismo.net\\\/#website\"},\"primaryImageOfPage\":{\"@id\":\"https:\\\/\\\/azturismo.net\\\/?p=2888#primaryimage\"},\"image\":{\"@id\":\"https:\\\/\\\/azturismo.net\\\/?p=2888#primaryimage\"},\"thumbnailUrl\":\"https:\\\/\\\/i0.wp.com\\\/azturismo.net\\\/wp-content\\\/uploads\\\/2025\\\/02\\\/Conmemoran-el-quinto-centenario-del-aniversario-luctuoso-de-Cuauhtemoc-con-ciclo-de-conferencias.-Foto-Gerardo-Pena-INAH-2.jpg?fit=600%2C335&ssl=1\",\"datePublished\":\"2025-02-08T01:19:50+00:00\",\"dateModified\":\"2025-02-08T01:19:52+00:00\",\"description\":\"La Secretar\u00eda de Cultura del Gobierno de M\u00e9xico y el Instituto Nacional de Antropolog\u00eda e Historia (INAH) celebrar\u00e1n el 500 aniversario luctuoso de Cuauht\u00e9moc, el \u00faltimo tlatoani mexica, con un ciclo de 11 conferencias dedicadas a su vida, legado y los mitos que rodean su figura. Las conferencias, que se realizar\u00e1n de febrero a abril de 2025, ser\u00e1n de acceso gratuito y tendr\u00e1n lugar en el Museo del Templo Mayor (MTM).\",\"breadcrumb\":{\"@id\":\"https:\\\/\\\/azturismo.net\\\/?p=2888#breadcrumb\"},\"inLanguage\":\"es\",\"potentialAction\":[{\"@type\":\"ReadAction\",\"target\":[\"https:\\\/\\\/azturismo.net\\\/?p=2888\"]}]},{\"@type\":\"ImageObject\",\"inLanguage\":\"es\",\"@id\":\"https:\\\/\\\/azturismo.net\\\/?p=2888#primaryimage\",\"url\":\"https:\\\/\\\/i0.wp.com\\\/azturismo.net\\\/wp-content\\\/uploads\\\/2025\\\/02\\\/Conmemoran-el-quinto-centenario-del-aniversario-luctuoso-de-Cuauhtemoc-con-ciclo-de-conferencias.-Foto-Gerardo-Pena-INAH-2.jpg?fit=600%2C335&ssl=1\",\"contentUrl\":\"https:\\\/\\\/i0.wp.com\\\/azturismo.net\\\/wp-content\\\/uploads\\\/2025\\\/02\\\/Conmemoran-el-quinto-centenario-del-aniversario-luctuoso-de-Cuauhtemoc-con-ciclo-de-conferencias.-Foto-Gerardo-Pena-INAH-2.jpg?fit=600%2C335&ssl=1\",\"width\":600,\"height\":335,\"caption\":\"Conmemoran el quinto centenario del aniversario luctuoso de Cuauht\u00e9moc con ciclo de conferencias. Foto: Gerardo Pe\u00f1a, INAH\"},{\"@type\":\"BreadcrumbList\",\"@id\":\"https:\\\/\\\/azturismo.net\\\/?p=2888#breadcrumb\",\"itemListElement\":[{\"@type\":\"ListItem\",\"position\":1,\"name\":\"Home\",\"item\":\"https:\\\/\\\/azturismo.net\\\/\"},{\"@type\":\"ListItem\",\"position\":2,\"name\":\"Hablemos del tlatoani mexica Cuauht\u00e9moc\"}]},{\"@type\":\"WebSite\",\"@id\":\"https:\\\/\\\/azturismo.net\\\/#website\",\"url\":\"https:\\\/\\\/azturismo.net\\\/\",\"name\":\"Azturismo\",\"description\":\"Azturismo Noticias\",\"publisher\":{\"@id\":\"https:\\\/\\\/azturismo.net\\\/#organization\"},\"potentialAction\":[{\"@type\":\"SearchAction\",\"target\":{\"@type\":\"EntryPoint\",\"urlTemplate\":\"https:\\\/\\\/azturismo.net\\\/?s={search_term_string}\"},\"query-input\":{\"@type\":\"PropertyValueSpecification\",\"valueRequired\":true,\"valueName\":\"search_term_string\"}}],\"inLanguage\":\"es\"},{\"@type\":\"Organization\",\"@id\":\"https:\\\/\\\/azturismo.net\\\/#organization\",\"name\":\"Azturismo\",\"url\":\"https:\\\/\\\/azturismo.net\\\/\",\"logo\":{\"@type\":\"ImageObject\",\"inLanguage\":\"es\",\"@id\":\"https:\\\/\\\/azturismo.net\\\/#\\\/schema\\\/logo\\\/image\\\/\",\"url\":\"https:\\\/\\\/i0.wp.com\\\/azturismo.net\\\/wp-content\\\/uploads\\\/2024\\\/03\\\/logo-el-bueno-.png?fit=294%2C69&ssl=1\",\"contentUrl\":\"https:\\\/\\\/i0.wp.com\\\/azturismo.net\\\/wp-content\\\/uploads\\\/2024\\\/03\\\/logo-el-bueno-.png?fit=294%2C69&ssl=1\",\"width\":294,\"height\":69,\"caption\":\"Azturismo\"},\"image\":{\"@id\":\"https:\\\/\\\/azturismo.net\\\/#\\\/schema\\\/logo\\\/image\\\/\"},\"sameAs\":[\"https:\\\/\\\/www.facebook.com\\\/AzturismoNoticias\",\"https:\\\/\\\/x.com\\\/AzTurismo\",\"https:\\\/\\\/www.instagram.com\\\/azturismo_noticias\\\/?fbclid=IwAR2xMiuoHbs6eLeIHKP8P5sSGa-xFrw7FfejscXO7kDghWa7wKLjGczKOwE\",\"https:\\\/\\\/www.tiktok.com\\\/@azturismo\"]},{\"@type\":\"Person\",\"@id\":\"https:\\\/\\\/azturismo.net\\\/#\\\/schema\\\/person\\\/4b56d87f51c4d1b518c650739ad3bbc1\",\"name\":\"Azturismo\",\"image\":{\"@type\":\"ImageObject\",\"inLanguage\":\"es\",\"@id\":\"https:\\\/\\\/azturismo.net\\\/wp-content\\\/litespeed\\\/avatar\\\/dfe28a31cdd68b788da48a316e50db10.jpg?ver=1777707566\",\"url\":\"https:\\\/\\\/azturismo.net\\\/wp-content\\\/litespeed\\\/avatar\\\/dfe28a31cdd68b788da48a316e50db10.jpg?ver=1777707566\",\"contentUrl\":\"https:\\\/\\\/azturismo.net\\\/wp-content\\\/litespeed\\\/avatar\\\/dfe28a31cdd68b788da48a316e50db10.jpg?ver=1777707566\",\"caption\":\"Azturismo\"},\"sameAs\":[\"https:\\\/\\\/azturismo.net\"],\"url\":\"https:\\\/\\\/azturismo.net\\\/?author=1\"}]}<\/script>\n<!-- \/ Yoast SEO plugin. -->","yoast_head_json":{"title":"Hablemos del tlatoani mexica   Cuauht\u00e9moc - Azturismo Noticias","description":"La Secretar\u00eda de Cultura del Gobierno de M\u00e9xico y el Instituto Nacional de Antropolog\u00eda e Historia (INAH) celebrar\u00e1n el 500 aniversario luctuoso de Cuauht\u00e9moc, el \u00faltimo tlatoani mexica, con un ciclo de 11 conferencias dedicadas a su vida, legado y los mitos que rodean su figura. Las conferencias, que se realizar\u00e1n de febrero a abril de 2025, ser\u00e1n de acceso gratuito y tendr\u00e1n lugar en el Museo del Templo Mayor (MTM).","robots":{"index":"index","follow":"follow","max-snippet":"max-snippet:-1","max-image-preview":"max-image-preview:large","max-video-preview":"max-video-preview:-1"},"canonical":"https:\/\/azturismo.net\/?p=2888","og_locale":"es_MX","og_type":"article","og_title":"Hablemos del tlatoani mexica   Cuauht\u00e9moc - Azturismo Noticias","og_description":"La Secretar\u00eda de Cultura del Gobierno de M\u00e9xico y el Instituto Nacional de Antropolog\u00eda e Historia (INAH) celebrar\u00e1n el 500 aniversario luctuoso de Cuauht\u00e9moc, el \u00faltimo tlatoani mexica, con un ciclo de 11 conferencias dedicadas a su vida, legado y los mitos que rodean su figura. Las conferencias, que se realizar\u00e1n de febrero a abril de 2025, ser\u00e1n de acceso gratuito y tendr\u00e1n lugar en el Museo del Templo Mayor (MTM).","og_url":"https:\/\/azturismo.net\/?p=2888","og_site_name":"Azturismo Noticias","article_publisher":"https:\/\/www.facebook.com\/AzturismoNoticias","article_published_time":"2025-02-08T01:19:50+00:00","article_modified_time":"2025-02-08T01:19:52+00:00","og_image":[{"width":600,"height":335,"url":"https:\/\/azturismo.net\/wp-content\/uploads\/2025\/02\/Conmemoran-el-quinto-centenario-del-aniversario-luctuoso-de-Cuauhtemoc-con-ciclo-de-conferencias.-Foto-Gerardo-Pena-INAH-2.jpg","type":"image\/jpeg"}],"author":"Azturismo","twitter_card":"summary_large_image","twitter_creator":"@AzTurismo","twitter_site":"@AzTurismo","twitter_misc":{"Escrito por":"Azturismo","Tiempo de lectura":"2 minutos"},"schema":{"@context":"https:\/\/schema.org","@graph":[{"@type":"Article","@id":"https:\/\/azturismo.net\/?p=2888#article","isPartOf":{"@id":"https:\/\/azturismo.net\/?p=2888"},"author":{"name":"Azturismo","@id":"https:\/\/azturismo.net\/#\/schema\/person\/4b56d87f51c4d1b518c650739ad3bbc1"},"headline":"Hablemos del tlatoani mexica Cuauht\u00e9moc","datePublished":"2025-02-08T01:19:50+00:00","dateModified":"2025-02-08T01:19:52+00:00","mainEntityOfPage":{"@id":"https:\/\/azturismo.net\/?p=2888"},"wordCount":273,"commentCount":0,"publisher":{"@id":"https:\/\/azturismo.net\/#organization"},"image":{"@id":"https:\/\/azturismo.net\/?p=2888#primaryimage"},"thumbnailUrl":"https:\/\/i0.wp.com\/azturismo.net\/wp-content\/uploads\/2025\/02\/Conmemoran-el-quinto-centenario-del-aniversario-luctuoso-de-Cuauhtemoc-con-ciclo-de-conferencias.-Foto-Gerardo-Pena-INAH-2.jpg?fit=600%2C335&ssl=1","keywords":["azturismo","cuauht\u00e9moc","historia de mexico","INAH","Turismo"],"articleSection":["TENDENCIAS"],"inLanguage":"es","potentialAction":[{"@type":"CommentAction","name":"Comment","target":["https:\/\/azturismo.net\/?p=2888#respond"]}]},{"@type":"WebPage","@id":"https:\/\/azturismo.net\/?p=2888","url":"https:\/\/azturismo.net\/?p=2888","name":"Hablemos del tlatoani mexica Cuauht\u00e9moc - Azturismo Noticias","isPartOf":{"@id":"https:\/\/azturismo.net\/#website"},"primaryImageOfPage":{"@id":"https:\/\/azturismo.net\/?p=2888#primaryimage"},"image":{"@id":"https:\/\/azturismo.net\/?p=2888#primaryimage"},"thumbnailUrl":"https:\/\/i0.wp.com\/azturismo.net\/wp-content\/uploads\/2025\/02\/Conmemoran-el-quinto-centenario-del-aniversario-luctuoso-de-Cuauhtemoc-con-ciclo-de-conferencias.-Foto-Gerardo-Pena-INAH-2.jpg?fit=600%2C335&ssl=1","datePublished":"2025-02-08T01:19:50+00:00","dateModified":"2025-02-08T01:19:52+00:00","description":"La Secretar\u00eda de Cultura del Gobierno de M\u00e9xico y el Instituto Nacional de Antropolog\u00eda e Historia (INAH) celebrar\u00e1n el 500 aniversario luctuoso de Cuauht\u00e9moc, el \u00faltimo tlatoani mexica, con un ciclo de 11 conferencias dedicadas a su vida, legado y los mitos que rodean su figura. Las conferencias, que se realizar\u00e1n de febrero a abril de 2025, ser\u00e1n de acceso gratuito y tendr\u00e1n lugar en el Museo del Templo Mayor (MTM).","breadcrumb":{"@id":"https:\/\/azturismo.net\/?p=2888#breadcrumb"},"inLanguage":"es","potentialAction":[{"@type":"ReadAction","target":["https:\/\/azturismo.net\/?p=2888"]}]},{"@type":"ImageObject","inLanguage":"es","@id":"https:\/\/azturismo.net\/?p=2888#primaryimage","url":"https:\/\/i0.wp.com\/azturismo.net\/wp-content\/uploads\/2025\/02\/Conmemoran-el-quinto-centenario-del-aniversario-luctuoso-de-Cuauhtemoc-con-ciclo-de-conferencias.-Foto-Gerardo-Pena-INAH-2.jpg?fit=600%2C335&ssl=1","contentUrl":"https:\/\/i0.wp.com\/azturismo.net\/wp-content\/uploads\/2025\/02\/Conmemoran-el-quinto-centenario-del-aniversario-luctuoso-de-Cuauhtemoc-con-ciclo-de-conferencias.-Foto-Gerardo-Pena-INAH-2.jpg?fit=600%2C335&ssl=1","width":600,"height":335,"caption":"Conmemoran el quinto centenario del aniversario luctuoso de Cuauht\u00e9moc con ciclo de conferencias. Foto: Gerardo Pe\u00f1a, INAH"},{"@type":"BreadcrumbList","@id":"https:\/\/azturismo.net\/?p=2888#breadcrumb","itemListElement":[{"@type":"ListItem","position":1,"name":"Home","item":"https:\/\/azturismo.net\/"},{"@type":"ListItem","position":2,"name":"Hablemos del tlatoani mexica Cuauht\u00e9moc"}]},{"@type":"WebSite","@id":"https:\/\/azturismo.net\/#website","url":"https:\/\/azturismo.net\/","name":"Azturismo","description":"Azturismo Noticias","publisher":{"@id":"https:\/\/azturismo.net\/#organization"},"potentialAction":[{"@type":"SearchAction","target":{"@type":"EntryPoint","urlTemplate":"https:\/\/azturismo.net\/?s={search_term_string}"},"query-input":{"@type":"PropertyValueSpecification","valueRequired":true,"valueName":"search_term_string"}}],"inLanguage":"es"},{"@type":"Organization","@id":"https:\/\/azturismo.net\/#organization","name":"Azturismo","url":"https:\/\/azturismo.net\/","logo":{"@type":"ImageObject","inLanguage":"es","@id":"https:\/\/azturismo.net\/#\/schema\/logo\/image\/","url":"https:\/\/i0.wp.com\/azturismo.net\/wp-content\/uploads\/2024\/03\/logo-el-bueno-.png?fit=294%2C69&ssl=1","contentUrl":"https:\/\/i0.wp.com\/azturismo.net\/wp-content\/uploads\/2024\/03\/logo-el-bueno-.png?fit=294%2C69&ssl=1","width":294,"height":69,"caption":"Azturismo"},"image":{"@id":"https:\/\/azturismo.net\/#\/schema\/logo\/image\/"},"sameAs":["https:\/\/www.facebook.com\/AzturismoNoticias","https:\/\/x.com\/AzTurismo","https:\/\/www.instagram.com\/azturismo_noticias\/?fbclid=IwAR2xMiuoHbs6eLeIHKP8P5sSGa-xFrw7FfejscXO7kDghWa7wKLjGczKOwE","https:\/\/www.tiktok.com\/@azturismo"]},{"@type":"Person","@id":"https:\/\/azturismo.net\/#\/schema\/person\/4b56d87f51c4d1b518c650739ad3bbc1","name":"Azturismo","image":{"@type":"ImageObject","inLanguage":"es","@id":"https:\/\/azturismo.net\/wp-content\/litespeed\/avatar\/dfe28a31cdd68b788da48a316e50db10.jpg?ver=1777707566","url":"https:\/\/azturismo.net\/wp-content\/litespeed\/avatar\/dfe28a31cdd68b788da48a316e50db10.jpg?ver=1777707566","contentUrl":"https:\/\/azturismo.net\/wp-content\/litespeed\/avatar\/dfe28a31cdd68b788da48a316e50db10.jpg?ver=1777707566","caption":"Azturismo"},"sameAs":["https:\/\/azturismo.net"],"url":"https:\/\/azturismo.net\/?author=1"}]}},"jetpack_publicize_connections":[],"jetpack_featured_media_url":"https:\/\/i0.wp.com\/azturismo.net\/wp-content\/uploads\/2025\/02\/Conmemoran-el-quinto-centenario-del-aniversario-luctuoso-de-Cuauhtemoc-con-ciclo-de-conferencias.-Foto-Gerardo-Pena-INAH-2.jpg?fit=600%2C335&ssl=1","jetpack_sharing_enabled":true,"jetpack-related-posts":[{"id":4656,"url":"https:\/\/azturismo.net\/?p=4656","url_meta":{"origin":2888,"position":0},"title":"\u00a1Agosto te ofrece 13 recorridos imperdibles por la CDMX!","author":"Azturismo","date":"agosto 1, 2025","format":false,"excerpt":"Paseos Culturales INAH Por Staff AzTurismo El Instituto Nacional de Antropolog\u00eda e Historia (INAH) presenta su agenda de Paseos Culturales para agosto 2025, con 13 recorridos \u00fanicos que combinan historia, arte, arqueolog\u00eda y cultura en los destinos m\u00e1s emblem\u00e1ticos de la Ciudad de M\u00e9xico. \u00bfQu\u00e9 son los Paseos Culturales INAH?\u2026","rel":"","context":"En &quot;Destacadas&quot;","block_context":{"text":"Destacadas","link":"https:\/\/azturismo.net\/?cat=30"},"img":{"alt_text":"","src":"https:\/\/i0.wp.com\/azturismo.net\/wp-content\/uploads\/2025\/08\/La-vida-del-tlatoani-Cuauhtemoc-sera-el-eje-de-un-paseo-cultural-por-el-Centro-Historico-de-la-Ciudad-de-Mexico-y-Tlatelolco.-Foto-Eduardo-Suarez-INAH.jpg?fit=600%2C400&ssl=1&resize=350%2C200","width":350,"height":200,"srcset":"https:\/\/i0.wp.com\/azturismo.net\/wp-content\/uploads\/2025\/08\/La-vida-del-tlatoani-Cuauhtemoc-sera-el-eje-de-un-paseo-cultural-por-el-Centro-Historico-de-la-Ciudad-de-Mexico-y-Tlatelolco.-Foto-Eduardo-Suarez-INAH.jpg?fit=600%2C400&ssl=1&resize=350%2C200 1x, https:\/\/i0.wp.com\/azturismo.net\/wp-content\/uploads\/2025\/08\/La-vida-del-tlatoani-Cuauhtemoc-sera-el-eje-de-un-paseo-cultural-por-el-Centro-Historico-de-la-Ciudad-de-Mexico-y-Tlatelolco.-Foto-Eduardo-Suarez-INAH.jpg?fit=600%2C400&ssl=1&resize=525%2C300 1.5x"},"classes":[]},{"id":5303,"url":"https:\/\/azturismo.net\/?p=5303","url_meta":{"origin":2888,"position":1},"title":"\u201cLos 3 M\u00e9xico\u201d: Ixcateopan, Taxco e Iguala se unen para impulsar el turismo: Sectur","author":"Azturismo","date":"septiembre 10, 2025","format":false,"excerpt":"Por Staff AzTurismo La secretaria de Turismo del Gobierno de M\u00e9xico, Josefina Rodr\u00edguez Zamora, firm\u00f3 el convenio de colaboraci\u00f3n \u201cLos 3 M\u00e9xicos\u201d, que une a los municipios de Ixcateopan, Taxco e Iguala en una estrategia conjunta de promoci\u00f3n tur\u00edstica, cultural e hist\u00f3rica. Esta alianza busca consolidar a Guerrero como un\u2026","rel":"","context":"En &quot;Destacadas&quot;","block_context":{"text":"Destacadas","link":"https:\/\/azturismo.net\/?cat=30"},"img":{"alt_text":"","src":"https:\/\/i0.wp.com\/azturismo.net\/wp-content\/uploads\/2025\/09\/TresMexicos-Sectur.jpg?fit=600%2C400&ssl=1&resize=350%2C200","width":350,"height":200,"srcset":"https:\/\/i0.wp.com\/azturismo.net\/wp-content\/uploads\/2025\/09\/TresMexicos-Sectur.jpg?fit=600%2C400&ssl=1&resize=350%2C200 1x, https:\/\/i0.wp.com\/azturismo.net\/wp-content\/uploads\/2025\/09\/TresMexicos-Sectur.jpg?fit=600%2C400&ssl=1&resize=525%2C300 1.5x"},"classes":[]},{"id":6498,"url":"https:\/\/azturismo.net\/?p=6498","url_meta":{"origin":2888,"position":2},"title":"\ud83d\ude80 Cuauht\u00e9moc, Chihuahua, estrena Centro de Convenciones","author":"Azturismo","date":"noviembre 15, 2025","format":false,"excerpt":"Por Staff AzTurismo La ciudad de Cuauht\u00e9moc, considerada la puerta de entrada a la majestuosa Sierra Tarahumara, se prepara para dar un salto en su desarrollo econ\u00f3mico y tur\u00edstico con la pr\u00f3xima inauguraci\u00f3n de su nuevo Centro de Convenciones. Este moderno recinto busca activamente atraer el turismo de negocios y\u2026","rel":"","context":"En &quot;NOTITUR&quot;","block_context":{"text":"NOTITUR","link":"https:\/\/azturismo.net\/?cat=25"},"img":{"alt_text":"","src":"https:\/\/i0.wp.com\/azturismo.net\/wp-content\/uploads\/2025\/11\/Centro-de-convenciones-1.jpeg?fit=1200%2C800&ssl=1&resize=350%2C200","width":350,"height":200,"srcset":"https:\/\/i0.wp.com\/azturismo.net\/wp-content\/uploads\/2025\/11\/Centro-de-convenciones-1.jpeg?fit=1200%2C800&ssl=1&resize=350%2C200 1x, https:\/\/i0.wp.com\/azturismo.net\/wp-content\/uploads\/2025\/11\/Centro-de-convenciones-1.jpeg?fit=1200%2C800&ssl=1&resize=525%2C300 1.5x, https:\/\/i0.wp.com\/azturismo.net\/wp-content\/uploads\/2025\/11\/Centro-de-convenciones-1.jpeg?fit=1200%2C800&ssl=1&resize=700%2C400 2x, https:\/\/i0.wp.com\/azturismo.net\/wp-content\/uploads\/2025\/11\/Centro-de-convenciones-1.jpeg?fit=1200%2C800&ssl=1&resize=1050%2C600 3x"},"classes":[]},{"id":4732,"url":"https:\/\/azturismo.net\/?p=4732","url_meta":{"origin":2888,"position":3},"title":"La comunidad Menonita de Chihuahua: un viaje al M\u00e9xico que nunca imaginaste:","author":"Azturismo","date":"agosto 7, 2025","format":false,"excerpt":"Por Staff AzTurismo Si est\u00e1s buscando una experiencia de viaje aut\u00e9ntica y diferente, donde puedas descubrir una faceta completamente \u00fanica de M\u00e9xico, tenemos el destino perfecto para ti. En las tierras \u00e1ridas de Chihuahua vive una de las comunidades m\u00e1s fascinantes del pa\u00eds: los menonitas, un grupo que ha preservado\u2026","rel":"","context":"En &quot;Destacadas&quot;","block_context":{"text":"Destacadas","link":"https:\/\/azturismo.net\/?cat=30"},"img":{"alt_text":"","src":"https:\/\/i0.wp.com\/azturismo.net\/wp-content\/uploads\/2025\/08\/Museo-Menonita-2.jpg?fit=600%2C399&ssl=1&resize=350%2C200","width":350,"height":200,"srcset":"https:\/\/i0.wp.com\/azturismo.net\/wp-content\/uploads\/2025\/08\/Museo-Menonita-2.jpg?fit=600%2C399&ssl=1&resize=350%2C200 1x, https:\/\/i0.wp.com\/azturismo.net\/wp-content\/uploads\/2025\/08\/Museo-Menonita-2.jpg?fit=600%2C399&ssl=1&resize=525%2C300 1.5x"},"classes":[]},{"id":3039,"url":"https:\/\/azturismo.net\/?p=3039","url_meta":{"origin":2888,"position":4},"title":"Quer\u00e9taro presenta su riqueza tur\u00edstica en el Senado de la Rep\u00fablica","author":"Azturismo","date":"febrero 19, 2025","format":false,"excerpt":"Por Ricardo Aguirre Del 18 al 20 de febrero, Quer\u00e9taro brilla en el Senado de la Rep\u00fablica con una muestra \u00fanica de su riqueza cultural, gastron\u00f3mica y tur\u00edstica. En la Semana de Quer\u00e9taro, el estado destaca lo mejor de su patrimonio, su artesan\u00edas, su vinicultura, y la gastronom\u00eda que lo\u2026","rel":"","context":"En &quot;NOTITUR&quot;","block_context":{"text":"NOTITUR","link":"https:\/\/azturismo.net\/?cat=25"},"img":{"alt_text":"","src":"https:\/\/i0.wp.com\/azturismo.net\/wp-content\/uploads\/2025\/02\/Sectur-Queretaro-Senado01.jpeg?fit=600%2C422&ssl=1&resize=350%2C200","width":350,"height":200,"srcset":"https:\/\/i0.wp.com\/azturismo.net\/wp-content\/uploads\/2025\/02\/Sectur-Queretaro-Senado01.jpeg?fit=600%2C422&ssl=1&resize=350%2C200 1x, https:\/\/i0.wp.com\/azturismo.net\/wp-content\/uploads\/2025\/02\/Sectur-Queretaro-Senado01.jpeg?fit=600%2C422&ssl=1&resize=525%2C300 1.5x"},"classes":[]},{"id":6153,"url":"https:\/\/azturismo.net\/?p=6153","url_meta":{"origin":2888,"position":5},"title":"Arranca el INAHfest Morelos con la exposici\u00f3n \u201cMemorias de M\u00e9xico\u201d en el Jard\u00edn Borda","author":"Azturismo","date":"octubre 24, 2025","format":false,"excerpt":"Por Gabriela Flores \ud83d\udcf8 Entre im\u00e1genes que parecen detener el tiempo, el INAHfest Morelos 2025 abri\u00f3 sus puertas con la exposici\u00f3n \u201cMemorias de M\u00e9xico\u201d, una muestra fotogr\u00e1fica que transporta a los visitantes a finales del siglo XIX y principios del XX, a trav\u00e9s de 32 im\u00e1genes en blanco y negro\u2026","rel":"","context":"En &quot;NOTITUR&quot;","block_context":{"text":"NOTITUR","link":"https:\/\/azturismo.net\/?cat=25"},"img":{"alt_text":"","src":"https:\/\/i0.wp.com\/azturismo.net\/wp-content\/uploads\/2025\/10\/Con-esta-exposicion-iniciaron-las-actividades-del-INAHfest-en-Morelos-Credito-Fototeca-Nacional-INAH-3.jpg?fit=600%2C542&ssl=1&resize=350%2C200","width":350,"height":200,"srcset":"https:\/\/i0.wp.com\/azturismo.net\/wp-content\/uploads\/2025\/10\/Con-esta-exposicion-iniciaron-las-actividades-del-INAHfest-en-Morelos-Credito-Fototeca-Nacional-INAH-3.jpg?fit=600%2C542&ssl=1&resize=350%2C200 1x, https:\/\/i0.wp.com\/azturismo.net\/wp-content\/uploads\/2025\/10\/Con-esta-exposicion-iniciaron-las-actividades-del-INAHfest-en-Morelos-Credito-Fototeca-Nacional-INAH-3.jpg?fit=600%2C542&ssl=1&resize=525%2C300 1.5x"},"classes":[]}],"jetpack_shortlink":"https:\/\/wp.me\/pfqZGx-KA","amp_enabled":true,"_links":{"self":[{"href":"https:\/\/azturismo.net\/index.php?rest_route=\/wp\/v2\/posts\/2888","targetHints":{"allow":["GET"]}}],"collection":[{"href":"https:\/\/azturismo.net\/index.php?rest_route=\/wp\/v2\/posts"}],"about":[{"href":"https:\/\/azturismo.net\/index.php?rest_route=\/wp\/v2\/types\/post"}],"author":[{"embeddable":true,"href":"https:\/\/azturismo.net\/index.php?rest_route=\/wp\/v2\/users\/1"}],"replies":[{"embeddable":true,"href":"https:\/\/azturismo.net\/index.php?rest_route=%2Fwp%2Fv2%2Fcomments&post=2888"}],"version-history":[{"count":2,"href":"https:\/\/azturismo.net\/index.php?rest_route=\/wp\/v2\/posts\/2888\/revisions"}],"predecessor-version":[{"id":2892,"href":"https:\/\/azturismo.net\/index.php?rest_route=\/wp\/v2\/posts\/2888\/revisions\/2892"}],"wp:featuredmedia":[{"embeddable":true,"href":"https:\/\/azturismo.net\/index.php?rest_route=\/wp\/v2\/media\/2889"}],"wp:attachment":[{"href":"https:\/\/azturismo.net\/index.php?rest_route=%2Fwp%2Fv2%2Fmedia&parent=2888"}],"wp:term":[{"taxonomy":"category","embeddable":true,"href":"https:\/\/azturismo.net\/index.php?rest_route=%2Fwp%2Fv2%2Fcategories&post=2888"},{"taxonomy":"post_tag","embeddable":true,"href":"https:\/\/azturismo.net\/index.php?rest_route=%2Fwp%2Fv2%2Ftags&post=2888"}],"curies":[{"name":"wp","href":"https:\/\/api.w.org\/{rel}","templated":true}]}}